{"id":24644,"date":"2025-10-23T09:40:50","date_gmt":"2025-10-23T07:40:50","guid":{"rendered":"https:\/\/news.save.ch\/?p=24644"},"modified":"2025-10-23T09:41:04","modified_gmt":"2025-10-23T07:41:04","slug":"bundesrat-modernisiert-alarmierung-der-bevoelkerung-vernehmlassung-der-multikanalstrategie","status":null,"type":"post","link":"https:\/\/news.save.ch\/en\/bundesrat-modernisiert-alarmierung-der-bevoelkerung-vernehmlassung-der-multikanalstrategie\/","title":{"rendered":"Federal Council modernizes alerting of the population - consultation on multi-channel strategy"},"content":{"rendered":"<figure id=\"attachment_24645\" aria-describedby=\"caption-attachment-24645\" style=\"width: 1200px\" class=\"wp-caption alignnone\"><a href=\"https:\/\/news.save.ch\/en\/bundesrat-modernisiert-alarmierung-der-bevoelkerung-vernehmlassung-der-multikanalstrategie\/alertswiss-applikation\/\" rel=\"attachment wp-att-24645\"><img loading=\"lazy\" decoding=\"async\" class=\"size-full wp-image-24645\" src=\"https:\/\/news.save.ch\/wp-content\/uploads\/2025\/10\/7821_045-scaled.jpg\" alt=\"\" width=\"1200\" height=\"800\" srcset=\"https:\/\/news.save.ch\/wp-content\/uploads\/2025\/10\/7821_045-scaled.jpg 1200w, https:\/\/news.save.ch\/wp-content\/uploads\/2025\/10\/7821_045-680x453.jpg 680w, https:\/\/news.save.ch\/wp-content\/uploads\/2025\/10\/7821_045-1024x683.jpg 1024w, https:\/\/news.save.ch\/wp-content\/uploads\/2025\/10\/7821_045-768x512.jpg 768w, https:\/\/news.save.ch\/wp-content\/uploads\/2025\/10\/7821_045-1536x1024.jpg 1536w, https:\/\/news.save.ch\/wp-content\/uploads\/2025\/10\/7821_045-2048x1365.jpg 2048w, https:\/\/news.save.ch\/wp-content\/uploads\/2025\/10\/7821_045-18x12.jpg 18w, https:\/\/news.save.ch\/wp-content\/uploads\/2025\/10\/7821_045-375x250.jpg 375w, https:\/\/news.save.ch\/wp-content\/uploads\/2025\/10\/7821_045-525x350.jpg 525w, https:\/\/news.save.ch\/wp-content\/uploads\/2025\/10\/7821_045-1000x667.jpg 1000w\" sizes=\"auto, (max-width: 1200px) 100vw, 1200px\" \/><\/a><figcaption id=\"caption-attachment-24645\" class=\"wp-caption-text\">Photo: VBS\/DDPS\/Joshua Kropf<\/figcaption><\/figure>\n<p>&nbsp;<\/p>\n<p id=\"doc-1j7j810j90\" class=\"font--regular\">Back in November 2024, the Federal Council endorsed the thrust of the strategy developed by the Federal Office for Civil Protection (FOCP).\u00a0<a class=\"link--external\" href=\"https:\/\/www.newsd.admin.ch\/newsd\/message\/attachments\/90796.pdf\" target=\"_blank\" rel=\"external noopener\" aria-label=\"www.newsd.admin.ch\/newsd\/message\/attachments\/90796.pdf Open link in a new tab\">\u00abMulti-channel strategy for informing, warning and alerting the population\u00bb<\/a>\u00a0pronounced. It aims to ensure that the population is comprehensively informed, warned and alerted in crisis situations. Among other things, the central core system through which the Confederation and cantons record and disseminate information, warnings and alerts must be renewed. The Federal Council is now creating the legal basis for this and opening the consultation process for amendments to the Federal Civil Protection Act (FCA). Important changes are planned in three areas:<\/p>\n<h3 id=\"doc-1j7j812ti0\" class=\"h2\">Cell phone alerting: introduction of a new far-reaching alerting channel<\/h3>\n<p id=\"doc-1j7j812tk0\" class=\"font--regular\">The expansion of the use of digital channels is at the forefront of the multi-channel strategy. The newly introduced cell broadcast channel is able to send a short text message to all smartphones in an affected area. This option will be used for urgent warnings and alerts. For this purpose, all mobile networks in Switzerland must be technically upgraded, in particular by creating a high-availability \u00abCell Broadcast Center (CBC)\u00bb for each mobile network, which receives the messages and ensures their distribution in the affected regions. \u00abCell Broadcast\u00bb has already been introduced in several of Switzerland's neighboring countries. In addition, the Alertswiss website and app, which have been in use since 2018, are to be further developed to ensure accessibility and the availability of content on cell phones even without network reception; however, this does not require any changes to the legal basis.<\/p>\n<h3 id=\"doc-1j7j812tl0\" class=\"h2\">Cantons responsible for sirens, federal government for the remote triggering system<\/h3>\n<p id=\"doc-1j7j812tm0\" class=\"font--regular\">The second change concerns responsibility for sirens. Before 2021, responsibility for sirens was divided between the Confederation and the cantons. With the Civil Protection Act of 2021, all tasks were to be taken over by the federal government after a transitional period. However, it has been shown that centralization cannot achieve the desired effects. The management of the sirens over the entire life cycle (alerting and site planning, site preparation, provision, maintenance, servicing, dismantling, etc.) takes place locally. The most efficient way of performing these tasks is therefore to have them performed by the cantonal authority. The Federal Council therefore proposes that responsibility and funding for the maintenance and operation of sirens be transferred entirely to the cantons. The Confederation will continue to ensure uniform, secure remote siren control and will provide a new remote siren triggering system for this purpose, which will replace the current system by 2035. The Federal Council is requesting amendments to the Civil Protection Act for the new regulation of responsibilities.<\/p>\n<h3 id=\"doc-1j7j812tm1\" class=\"h2\">Focus on the channels that bring the greatest added value<\/h3>\n<p id=\"doc-1j7j812tn0\" class=\"font--regular\">The third measure concerns the discontinuation of the FM-based emergency radio system. The Federal Council considers the benefits of this system to be too small to justify the high operating costs of around CHF 20 million per year required for continued operation. Even if Parliament were to decide at a later date to extend the FM licenses of private radio stations, emergency radio is no longer appropriate for the protection of the population. The scenario in which the population remains in shelters for days and weeks without interruption and the emergency radio remains undamaged so that the population can be informed with a program broadcast via FM is considered unlikely.<\/p>\n<p id=\"doc-1j7j812tn1\" class=\"font--regular\">Current armed conflicts, such as in Ukraine, show that rapid, local alerting with sirens and cell phones and the provision of information to contact points of the authorities play a central role. With the introduction of local, high-reach channels such as cell broadcasting, mandatory broadcasting via all radio stations (FM, DAB+, satellite and web radio) and the strengthening of information dissemination at emergency meeting points, information, warning and alerting can be ensured across a broad spectrum of events, even in the event of individual system failures. The emergency radio system is therefore to be dismantled.<\/p>\n<h3 id=\"doc-1j7j812tn2\" class=\"h2\">Investment and operating costs of over 400 million francs<\/h3>\n<p id=\"doc-1j7j812to0\" class=\"font--regular\">For the maintenance and further development of the systems for informing, warning and alerting the population, i.e. the core system, siren remote triggering system, cell broadcast, the further development of the Alertswiss app and website and the dismantling of the emergency radio, the Confederation expects investment and operating costs of CHF 410.9 million by 2035, of which CHF 269.4 million are newly required funds. The Federal Council will apply to Parliament for commitment credits to implement the multi-channel strategy.<\/p>\n<p id=\"doc-1j7j812to1\" class=\"font--regular\">The consultation will last until February 2, 2026.<\/p>\n<p>&nbsp;<\/p>\n<p><em>Source: FOCP<\/em><\/p>","protected":false},"excerpt":{"rendered":"<p>&nbsp; Bereits im November 2024 hat sich der Bundesrat f\u00fcr die Stossrichtung der vom Bundesamt f\u00fcr Bev\u00f6lkerungsschutz (BABS) erarbeiteten\u00a0\u00abMultikanalstrategie zur Information, Warnung und Alarmierung der Bev\u00f6lkerung\u00bb\u00a0ausgesprochen. Sie zielt auf die Sicherstellung der umfassenden Information, Warnung und Alarmierung der Bev\u00f6lkerung in Krisensituationen ab. Daf\u00fcr muss unter anderem das zentrale Kernsystem erneuert werden, \u00fcber das Bund und [&hellip;]<\/p>\n","protected":false},"author":31,"featured_media":0,"comment_status":"closed","ping_status":"closed","sticky":false,"template":"","format":"standard","meta":{"_acf_changed":false,"pgc_sgb_lightbox_settings":"","footnotes":""},"categories":[3312],"tags":[5153,73,371,6545,74,1074],"class_list":["post-24644","post","type-post","status-publish","format-standard","hentry","category-sicherheit","tag-alert-swiss","tag-babs","tag-bevoelkerungsschutz","tag-handyalarmierung","tag-sirenen","tag-zivilschutz"],"acf":[],"hkrextid":null,"publication":null,"issue":null,"workflow":null,"startPage":null,"spitzmarke":null,"_posts_by_tag_page_fields":null,"_at_widget":null,"_yoast_wpseo_primary_category":"3312","_yoast_wpseo_focuskw_text_input":null,"_yoast_wpseo_opengraph-image":null,"_yoast_wpseo_opengraph-description":null,"_yoast_wpseo_opengraph-title":null,"enclosure":null,"_yoast_wpseo_twitter-title":null,"_yoast_wpseo_twitter-description":null,"_yoast_wpseo_twitter-image":null,"_wp_old_slug":null,"_yoast_wpseo_title":null,"_yoast_wpseo_canonical":null,"yoast_head":"<!-- This site is optimized with the Yoast SEO plugin v27.4 - https:\/\/yoast.com\/product\/yoast-seo-wordpress\/ -->\n<title>Bundesrat modernisiert Alarmierung der Bev\u00f6lkerung \u2013 Vernehmlassung der Multikanalstrategie - Save<\/title>\n<meta name=\"description\" content=\"Der Bundesrat will die Bev\u00f6lkerung bei Ereignisf\u00e4llen mit modernen Kan\u00e4len informieren, warnen und alarmieren.\" \/>\n<meta name=\"robots\" content=\"index, follow, max-snippet:-1, max-image-preview:large, max-video-preview:-1\" \/>\n<link rel=\"canonical\" href=\"https:\/\/news.save.ch\/en\/bundesrat-modernisiert-alarmierung-der-bevoelkerung-vernehmlassung-der-multikanalstrategie\/\" \/>\n<meta property=\"og:locale\" content=\"en_US\" \/>\n<meta property=\"og:type\" content=\"article\" \/>\n<meta property=\"og:title\" content=\"Bundesrat modernisiert Alarmierung der Bev\u00f6lkerung \u2013 Vernehmlassung der Multikanalstrategie - Save\" \/>\n<meta property=\"og:description\" content=\"Der Bundesrat will die Bev\u00f6lkerung bei Ereignisf\u00e4llen mit modernen Kan\u00e4len informieren, warnen und alarmieren.\" \/>\n<meta property=\"og:url\" content=\"https:\/\/news.save.ch\/en\/bundesrat-modernisiert-alarmierung-der-bevoelkerung-vernehmlassung-der-multikanalstrategie\/\" \/>\n<meta property=\"og:site_name\" content=\"Save\" \/>\n<meta property=\"article:published_time\" content=\"2025-10-23T07:40:50+00:00\" \/>\n<meta property=\"article:modified_time\" content=\"2025-10-23T07:41:04+00:00\" \/>\n<meta property=\"og:image\" content=\"https:\/\/news.save.ch\/wp-content\/uploads\/2025\/10\/7821_045-scaled.jpg\" \/>\n\t<meta property=\"og:image:width\" content=\"1200\" \/>\n\t<meta property=\"og:image:height\" content=\"800\" \/>\n\t<meta property=\"og:image:type\" content=\"image\/jpeg\" \/>\n<meta name=\"author\" content=\"stefanie Zeng\" \/>\n<meta name=\"twitter:card\" content=\"summary_large_image\" \/>\n<meta name=\"twitter:label1\" content=\"Written by\" \/>\n\t<meta name=\"twitter:data1\" content=\"stefanie Zeng\" \/>\n\t<meta name=\"twitter:label2\" content=\"Est. reading time\" \/>\n\t<meta name=\"twitter:data2\" content=\"4 minutes\" \/>\n<script type=\"application\/ld+json\" class=\"yoast-schema-graph\">{\"@context\":\"https:\\\/\\\/schema.org\",\"@graph\":[{\"@type\":\"Article\",\"@id\":\"https:\\\/\\\/news.save.ch\\\/bundesrat-modernisiert-alarmierung-der-bevoelkerung-vernehmlassung-der-multikanalstrategie\\\/#article\",\"isPartOf\":{\"@id\":\"https:\\\/\\\/news.save.ch\\\/bundesrat-modernisiert-alarmierung-der-bevoelkerung-vernehmlassung-der-multikanalstrategie\\\/\"},\"author\":{\"name\":\"stefanie Zeng\",\"@id\":\"https:\\\/\\\/news.save.ch\\\/de\\\/#\\\/schema\\\/person\\\/10917387362b3961e882740f6cf6f2a2\"},\"headline\":\"Bundesrat modernisiert Alarmierung der Bev\u00f6lkerung \u2013 Vernehmlassung der Multikanalstrategie\",\"datePublished\":\"2025-10-23T07:40:50+00:00\",\"dateModified\":\"2025-10-23T07:41:04+00:00\",\"mainEntityOfPage\":{\"@id\":\"https:\\\/\\\/news.save.ch\\\/bundesrat-modernisiert-alarmierung-der-bevoelkerung-vernehmlassung-der-multikanalstrategie\\\/\"},\"wordCount\":732,\"publisher\":{\"@id\":\"https:\\\/\\\/news.save.ch\\\/de\\\/#organization\"},\"image\":{\"@id\":\"https:\\\/\\\/news.save.ch\\\/bundesrat-modernisiert-alarmierung-der-bevoelkerung-vernehmlassung-der-multikanalstrategie\\\/#primaryimage\"},\"thumbnailUrl\":\"https:\\\/\\\/news.save.ch\\\/wp-content\\\/uploads\\\/2025\\\/10\\\/7821_045-scaled.jpg\",\"keywords\":[\"Alert Swiss\",\"BABS\",\"Bev\u00f6lkerungsschutz\",\"Handyalarmierung\",\"Sirenen\",\"Zivilschutz\"],\"articleSection\":[\"SICHERHEIT\"],\"inLanguage\":\"en-US\"},{\"@type\":\"WebPage\",\"@id\":\"https:\\\/\\\/news.save.ch\\\/bundesrat-modernisiert-alarmierung-der-bevoelkerung-vernehmlassung-der-multikanalstrategie\\\/\",\"url\":\"https:\\\/\\\/news.save.ch\\\/bundesrat-modernisiert-alarmierung-der-bevoelkerung-vernehmlassung-der-multikanalstrategie\\\/\",\"name\":\"Bundesrat modernisiert Alarmierung der Bev\u00f6lkerung \u2013 Vernehmlassung der Multikanalstrategie - Save\",\"isPartOf\":{\"@id\":\"https:\\\/\\\/news.save.ch\\\/de\\\/#website\"},\"primaryImageOfPage\":{\"@id\":\"https:\\\/\\\/news.save.ch\\\/bundesrat-modernisiert-alarmierung-der-bevoelkerung-vernehmlassung-der-multikanalstrategie\\\/#primaryimage\"},\"image\":{\"@id\":\"https:\\\/\\\/news.save.ch\\\/bundesrat-modernisiert-alarmierung-der-bevoelkerung-vernehmlassung-der-multikanalstrategie\\\/#primaryimage\"},\"thumbnailUrl\":\"https:\\\/\\\/news.save.ch\\\/wp-content\\\/uploads\\\/2025\\\/10\\\/7821_045-scaled.jpg\",\"datePublished\":\"2025-10-23T07:40:50+00:00\",\"dateModified\":\"2025-10-23T07:41:04+00:00\",\"description\":\"Der Bundesrat will die Bev\u00f6lkerung bei Ereignisf\u00e4llen mit modernen Kan\u00e4len informieren, warnen und alarmieren.\",\"breadcrumb\":{\"@id\":\"https:\\\/\\\/news.save.ch\\\/bundesrat-modernisiert-alarmierung-der-bevoelkerung-vernehmlassung-der-multikanalstrategie\\\/#breadcrumb\"},\"inLanguage\":\"en-US\",\"potentialAction\":[{\"@type\":\"ReadAction\",\"target\":[\"https:\\\/\\\/news.save.ch\\\/bundesrat-modernisiert-alarmierung-der-bevoelkerung-vernehmlassung-der-multikanalstrategie\\\/\"]}]},{\"@type\":\"ImageObject\",\"inLanguage\":\"en-US\",\"@id\":\"https:\\\/\\\/news.save.ch\\\/bundesrat-modernisiert-alarmierung-der-bevoelkerung-vernehmlassung-der-multikanalstrategie\\\/#primaryimage\",\"url\":\"https:\\\/\\\/news.save.ch\\\/wp-content\\\/uploads\\\/2025\\\/10\\\/7821_045-scaled.jpg\",\"contentUrl\":\"https:\\\/\\\/news.save.ch\\\/wp-content\\\/uploads\\\/2025\\\/10\\\/7821_045-scaled.jpg\"},{\"@type\":\"BreadcrumbList\",\"@id\":\"https:\\\/\\\/news.save.ch\\\/bundesrat-modernisiert-alarmierung-der-bevoelkerung-vernehmlassung-der-multikanalstrategie\\\/#breadcrumb\",\"itemListElement\":[{\"@type\":\"ListItem\",\"position\":1,\"name\":\"Home\",\"item\":\"https:\\\/\\\/news.save.ch\\\/de\\\/\"},{\"@type\":\"ListItem\",\"position\":2,\"name\":\"Bundesrat modernisiert Alarmierung der Bev\u00f6lkerung \u2013 Vernehmlassung der Multikanalstrategie\"}]},{\"@type\":\"WebSite\",\"@id\":\"https:\\\/\\\/news.save.ch\\\/de\\\/#website\",\"url\":\"https:\\\/\\\/news.save.ch\\\/de\\\/\",\"name\":\"Save\",\"description\":\"Schweizer Fachzeitschrift f\u00fcr Sicherheit\",\"publisher\":{\"@id\":\"https:\\\/\\\/news.save.ch\\\/de\\\/#organization\"},\"potentialAction\":[{\"@type\":\"SearchAction\",\"target\":{\"@type\":\"EntryPoint\",\"urlTemplate\":\"https:\\\/\\\/news.save.ch\\\/de\\\/?s={search_term_string}\"},\"query-input\":{\"@type\":\"PropertyValueSpecification\",\"valueRequired\":true,\"valueName\":\"search_term_string\"}}],\"inLanguage\":\"en-US\"},{\"@type\":\"Organization\",\"@id\":\"https:\\\/\\\/news.save.ch\\\/de\\\/#organization\",\"name\":\"Sicherheitsforum\",\"url\":\"https:\\\/\\\/news.save.ch\\\/de\\\/\",\"logo\":{\"@type\":\"ImageObject\",\"inLanguage\":\"en-US\",\"@id\":\"https:\\\/\\\/news.save.ch\\\/de\\\/#\\\/schema\\\/logo\\\/image\\\/\",\"url\":\"https:\\\/\\\/news.save.ch\\\/wp-content\\\/uploads\\\/2022\\\/06\\\/Logo_SF_2012.png\",\"contentUrl\":\"https:\\\/\\\/news.save.ch\\\/wp-content\\\/uploads\\\/2022\\\/06\\\/Logo_SF_2012.png\",\"width\":1100,\"height\":91,\"caption\":\"Sicherheitsforum\"},\"image\":{\"@id\":\"https:\\\/\\\/news.save.ch\\\/de\\\/#\\\/schema\\\/logo\\\/image\\\/\"}},{\"@type\":\"Person\",\"@id\":\"https:\\\/\\\/news.save.ch\\\/de\\\/#\\\/schema\\\/person\\\/10917387362b3961e882740f6cf6f2a2\",\"name\":\"stefanie Zeng\",\"image\":{\"@type\":\"ImageObject\",\"inLanguage\":\"en-US\",\"@id\":\"https:\\\/\\\/secure.gravatar.com\\\/avatar\\\/eac43faa6e40bb2c41068c95c9d78bbd94c476d5efdff7abaab80bb3ea681e06?s=96&d=mm&r=g\",\"url\":\"https:\\\/\\\/secure.gravatar.com\\\/avatar\\\/eac43faa6e40bb2c41068c95c9d78bbd94c476d5efdff7abaab80bb3ea681e06?s=96&d=mm&r=g\",\"contentUrl\":\"https:\\\/\\\/secure.gravatar.com\\\/avatar\\\/eac43faa6e40bb2c41068c95c9d78bbd94c476d5efdff7abaab80bb3ea681e06?s=96&d=mm&r=g\",\"caption\":\"stefanie Zeng\"},\"url\":\"https:\\\/\\\/news.save.ch\\\/en\\\/author\\\/stefanie-zeng\\\/\"}]}<\/script>\n<!-- \/ Yoast SEO plugin. -->","yoast_head_json":{"title":"Federal Council modernizes alerting of the population - Consultation on multi-channel strategy - Save","description":"The Federal Council wants to use modern channels to inform, warn and alert the population in the event of an incident.","robots":{"index":"index","follow":"follow","max-snippet":"max-snippet:-1","max-image-preview":"max-image-preview:large","max-video-preview":"max-video-preview:-1"},"canonical":"https:\/\/news.save.ch\/en\/bundesrat-modernisiert-alarmierung-der-bevoelkerung-vernehmlassung-der-multikanalstrategie\/","og_locale":"en_US","og_type":"article","og_title":"Bundesrat modernisiert Alarmierung der Bev\u00f6lkerung \u2013 Vernehmlassung der Multikanalstrategie - Save","og_description":"Der Bundesrat will die Bev\u00f6lkerung bei Ereignisf\u00e4llen mit modernen Kan\u00e4len informieren, warnen und alarmieren.","og_url":"https:\/\/news.save.ch\/en\/bundesrat-modernisiert-alarmierung-der-bevoelkerung-vernehmlassung-der-multikanalstrategie\/","og_site_name":"Save","article_published_time":"2025-10-23T07:40:50+00:00","article_modified_time":"2025-10-23T07:41:04+00:00","og_image":[{"width":1200,"height":800,"url":"https:\/\/news.save.ch\/wp-content\/uploads\/2025\/10\/7821_045-scaled.jpg","type":"image\/jpeg"}],"author":"stefanie Zeng","twitter_card":"summary_large_image","twitter_misc":{"Written by":"stefanie Zeng","Est. reading time":"4 minutes"},"schema":{"@context":"https:\/\/schema.org","@graph":[{"@type":"Article","@id":"https:\/\/news.save.ch\/bundesrat-modernisiert-alarmierung-der-bevoelkerung-vernehmlassung-der-multikanalstrategie\/#article","isPartOf":{"@id":"https:\/\/news.save.ch\/bundesrat-modernisiert-alarmierung-der-bevoelkerung-vernehmlassung-der-multikanalstrategie\/"},"author":{"name":"stefanie Zeng","@id":"https:\/\/news.save.ch\/de\/#\/schema\/person\/10917387362b3961e882740f6cf6f2a2"},"headline":"Bundesrat modernisiert Alarmierung der Bev\u00f6lkerung \u2013 Vernehmlassung der Multikanalstrategie","datePublished":"2025-10-23T07:40:50+00:00","dateModified":"2025-10-23T07:41:04+00:00","mainEntityOfPage":{"@id":"https:\/\/news.save.ch\/bundesrat-modernisiert-alarmierung-der-bevoelkerung-vernehmlassung-der-multikanalstrategie\/"},"wordCount":732,"publisher":{"@id":"https:\/\/news.save.ch\/de\/#organization"},"image":{"@id":"https:\/\/news.save.ch\/bundesrat-modernisiert-alarmierung-der-bevoelkerung-vernehmlassung-der-multikanalstrategie\/#primaryimage"},"thumbnailUrl":"https:\/\/news.save.ch\/wp-content\/uploads\/2025\/10\/7821_045-scaled.jpg","keywords":["Alert Swiss","BABS","Bev\u00f6lkerungsschutz","Handyalarmierung","Sirenen","Zivilschutz"],"articleSection":["SICHERHEIT"],"inLanguage":"en-US"},{"@type":"WebPage","@id":"https:\/\/news.save.ch\/bundesrat-modernisiert-alarmierung-der-bevoelkerung-vernehmlassung-der-multikanalstrategie\/","url":"https:\/\/news.save.ch\/bundesrat-modernisiert-alarmierung-der-bevoelkerung-vernehmlassung-der-multikanalstrategie\/","name":"Federal Council modernizes alerting of the population - Consultation on multi-channel strategy - Save","isPartOf":{"@id":"https:\/\/news.save.ch\/de\/#website"},"primaryImageOfPage":{"@id":"https:\/\/news.save.ch\/bundesrat-modernisiert-alarmierung-der-bevoelkerung-vernehmlassung-der-multikanalstrategie\/#primaryimage"},"image":{"@id":"https:\/\/news.save.ch\/bundesrat-modernisiert-alarmierung-der-bevoelkerung-vernehmlassung-der-multikanalstrategie\/#primaryimage"},"thumbnailUrl":"https:\/\/news.save.ch\/wp-content\/uploads\/2025\/10\/7821_045-scaled.jpg","datePublished":"2025-10-23T07:40:50+00:00","dateModified":"2025-10-23T07:41:04+00:00","description":"The Federal Council wants to use modern channels to inform, warn and alert the population in the event of an incident.","breadcrumb":{"@id":"https:\/\/news.save.ch\/bundesrat-modernisiert-alarmierung-der-bevoelkerung-vernehmlassung-der-multikanalstrategie\/#breadcrumb"},"inLanguage":"en-US","potentialAction":[{"@type":"ReadAction","target":["https:\/\/news.save.ch\/bundesrat-modernisiert-alarmierung-der-bevoelkerung-vernehmlassung-der-multikanalstrategie\/"]}]},{"@type":"ImageObject","inLanguage":"en-US","@id":"https:\/\/news.save.ch\/bundesrat-modernisiert-alarmierung-der-bevoelkerung-vernehmlassung-der-multikanalstrategie\/#primaryimage","url":"https:\/\/news.save.ch\/wp-content\/uploads\/2025\/10\/7821_045-scaled.jpg","contentUrl":"https:\/\/news.save.ch\/wp-content\/uploads\/2025\/10\/7821_045-scaled.jpg"},{"@type":"BreadcrumbList","@id":"https:\/\/news.save.ch\/bundesrat-modernisiert-alarmierung-der-bevoelkerung-vernehmlassung-der-multikanalstrategie\/#breadcrumb","itemListElement":[{"@type":"ListItem","position":1,"name":"Home","item":"https:\/\/news.save.ch\/de\/"},{"@type":"ListItem","position":2,"name":"Bundesrat modernisiert Alarmierung der Bev\u00f6lkerung \u2013 Vernehmlassung der Multikanalstrategie"}]},{"@type":"WebSite","@id":"https:\/\/news.save.ch\/de\/#website","url":"https:\/\/news.save.ch\/de\/","name":"Save","description":"Swiss trade journal for safety","publisher":{"@id":"https:\/\/news.save.ch\/de\/#organization"},"potentialAction":[{"@type":"SearchAction","target":{"@type":"EntryPoint","urlTemplate":"https:\/\/news.save.ch\/de\/?s={search_term_string}"},"query-input":{"@type":"PropertyValueSpecification","valueRequired":true,"valueName":"search_term_string"}}],"inLanguage":"en-US"},{"@type":"Organization","@id":"https:\/\/news.save.ch\/de\/#organization","name":"Security Forum","url":"https:\/\/news.save.ch\/de\/","logo":{"@type":"ImageObject","inLanguage":"en-US","@id":"https:\/\/news.save.ch\/de\/#\/schema\/logo\/image\/","url":"https:\/\/news.save.ch\/wp-content\/uploads\/2022\/06\/Logo_SF_2012.png","contentUrl":"https:\/\/news.save.ch\/wp-content\/uploads\/2022\/06\/Logo_SF_2012.png","width":1100,"height":91,"caption":"Sicherheitsforum"},"image":{"@id":"https:\/\/news.save.ch\/de\/#\/schema\/logo\/image\/"}},{"@type":"Person","@id":"https:\/\/news.save.ch\/de\/#\/schema\/person\/10917387362b3961e882740f6cf6f2a2","name":"Stefanie Zeng","image":{"@type":"ImageObject","inLanguage":"en-US","@id":"https:\/\/secure.gravatar.com\/avatar\/eac43faa6e40bb2c41068c95c9d78bbd94c476d5efdff7abaab80bb3ea681e06?s=96&d=mm&r=g","url":"https:\/\/secure.gravatar.com\/avatar\/eac43faa6e40bb2c41068c95c9d78bbd94c476d5efdff7abaab80bb3ea681e06?s=96&d=mm&r=g","contentUrl":"https:\/\/secure.gravatar.com\/avatar\/eac43faa6e40bb2c41068c95c9d78bbd94c476d5efdff7abaab80bb3ea681e06?s=96&d=mm&r=g","caption":"stefanie Zeng"},"url":"https:\/\/news.save.ch\/en\/author\/stefanie-zeng\/"}]}},"_links":{"self":[{"href":"https:\/\/news.save.ch\/en\/wp-json\/wp\/v2\/posts\/24644","targetHints":{"allow":["GET"]}}],"collection":[{"href":"https:\/\/news.save.ch\/en\/wp-json\/wp\/v2\/posts"}],"about":[{"href":"https:\/\/news.save.ch\/en\/wp-json\/wp\/v2\/types\/post"}],"author":[{"embeddable":true,"href":"https:\/\/news.save.ch\/en\/wp-json\/wp\/v2\/users\/31"}],"replies":[{"embeddable":true,"href":"https:\/\/news.save.ch\/en\/wp-json\/wp\/v2\/comments?post=24644"}],"version-history":[{"count":3,"href":"https:\/\/news.save.ch\/en\/wp-json\/wp\/v2\/posts\/24644\/revisions"}],"predecessor-version":[{"id":24648,"href":"https:\/\/news.save.ch\/en\/wp-json\/wp\/v2\/posts\/24644\/revisions\/24648"}],"wp:attachment":[{"href":"https:\/\/news.save.ch\/en\/wp-json\/wp\/v2\/media?parent=24644"}],"wp:term":[{"taxonomy":"category","embeddable":true,"href":"https:\/\/news.save.ch\/en\/wp-json\/wp\/v2\/categories?post=24644"},{"taxonomy":"post_tag","embeddable":true,"href":"https:\/\/news.save.ch\/en\/wp-json\/wp\/v2\/tags?post=24644"}],"curies":[{"name":"wp","href":"https:\/\/api.w.org\/{rel}","templated":true}]}}