{"id":24694,"date":"2025-11-04T14:06:57","date_gmt":"2025-11-04T13:06:57","guid":{"rendered":"https:\/\/news.save.ch\/?p=24694"},"modified":"2025-11-04T14:06:57","modified_gmt":"2025-11-04T13:06:57","slug":"konzept-fuer-die-koordinierte-bewaeltigung-von-cybervorfaellen","status":null,"type":"post","link":"https:\/\/news.save.ch\/en\/konzept-fuer-die-koordinierte-bewaeltigung-von-cybervorfaellen\/","title":{"rendered":"Concept for the coordinated management of cyber incidents"},"content":{"rendered":"<figure id=\"attachment_24695\" aria-describedby=\"caption-attachment-24695\" style=\"width: 680px\" class=\"wp-caption alignnone\"><img loading=\"lazy\" decoding=\"async\" class=\"size-medium wp-image-24695\" src=\"https:\/\/news.save.ch\/wp-content\/uploads\/2025\/11\/Depositphotos_100700990_S-680x447.jpg\" alt=\"\" width=\"680\" height=\"447\" srcset=\"https:\/\/news.save.ch\/wp-content\/uploads\/2025\/11\/Depositphotos_100700990_S-680x447.jpg 680w, https:\/\/news.save.ch\/wp-content\/uploads\/2025\/11\/Depositphotos_100700990_S-768x505.jpg 768w, https:\/\/news.save.ch\/wp-content\/uploads\/2025\/11\/Depositphotos_100700990_S-18x12.jpg 18w, https:\/\/news.save.ch\/wp-content\/uploads\/2025\/11\/Depositphotos_100700990_S-375x246.jpg 375w, https:\/\/news.save.ch\/wp-content\/uploads\/2025\/11\/Depositphotos_100700990_S-533x350.jpg 533w, https:\/\/news.save.ch\/wp-content\/uploads\/2025\/11\/Depositphotos_100700990_S.jpg 1000w\" sizes=\"auto, (max-width: 680px) 100vw, 680px\" \/><figcaption id=\"caption-attachment-24695\" class=\"wp-caption-text\">Photo: Depositphotos\/Rawpixel<\/figcaption><\/figure>\n<p id=\"doc-1j6a8j74p1\" class=\"font--regular\">Cyber incidents can have far-reaching consequences. In addition to the immediate consequences of functional failures and operational disruptions for the affected parties themselves, they can also jeopardize the cyber security of third parties. This is the case when data or IT resources are affected that are used by multiple stakeholders. In such cases, it is crucial that all affected parties are involved in incident management. Companies, the federal government and the cantons must work together quickly and in a coordinated manner. Clear responsibilities and a transparent approach play a key role here, because the sooner it is clear who is responsible for which tasks, the better the damage can be limited. With the entry into force of the Information Security Act (ISG) in 2024 and the Cybersecurity Ordinance (CSV) and the Ordinance on the Crisis Organization of the Federal Administration (KOBV) in 2025, a legal basis for clarifying tasks and responsibilities has been created.<\/p>\n<h3 id=\"doc-1j8ig0ie40\" class=\"h2\">Four-stage evaluation model provides clarity<\/h3>\n<p id=\"doc-1j8ig0ie50\" class=\"font--regular\">Based on these legal foundations, the BACS has developed a concept that shows how coordinated incident management is structured. The core element of the concept is a four-stage model for classifying cyber incidents: low, moderate, significant and critical. The assessment is made from the perspective of society as a whole. The decisive factor is how many organizations in Switzerland are affected and what impact the cyber incident has on the economy and the population. Depending on the classification, different coordination processes are activated and specific organizations are involved in incident management. No coordination by the BACS is planned for incidents at the \u00ablow\u00bb level. In the case of \u00abmoderate\u00bb level incidents, the BACS provides subsidiary support to the organizations concerned and in the case of \u00abmajor\u00bb level incidents, it takes on an active role in coordination. In the case of incidents that reach the \u00abcritical\u00bb level, a request is finally made to the Federal Council to set up a crisis unit in accordance with the processes provided for in the CCO. The system for classifying cyber incidents ensures that the measures are appropriate to the actual extent of the incident and that resources are deployed in a targeted manner. The classification remains flexible and can change during the course of an incident, as the extent of cyberattacks often only becomes fully apparent during the analysis.<\/p>\n<h3 id=\"doc-1j8ig0ie51\" class=\"h2\">Implementation of coordinated incident management<\/h3>\n<p id=\"doc-1j8ig0ie60\" class=\"font--regular\">The processes for coordinated incident management are already in place. Incidents of the \u00abminor\u00bb and \u00abmoderate\u00bb levels are part of everyday life and the cooperation between the BACS and operators of critical infrastructure and federal and cantonal authorities is well established. The processes for incidents at the \u00abmajor\u00bb and \u00abcritical\u00bb levels are defined thanks to the existing legal basis. However, the responsibilities and tasks are not known to all players to the same extent and the processes still need to be better established. The present concept is intended to contribute to this. The BACS will use it to provide transparent information about the tasks and responsibilities involved in coordinated incident management.<\/p>\n<p class=\"h1 hero__title\"><a href=\"https:\/\/cms.news.admin.ch\/dam\/de\/bacs\/ASmAlkScj6Xb\/Prozesse-des-Bundes-zur-koordinierten-Cybervorfallbewaeltigung_DE.pdf\">Concept for the coordinated management of cyber incidents<\/a><\/p>\n<p>&nbsp;<\/p>","protected":false},"excerpt":{"rendered":"<p>Cybervorf\u00e4lle k\u00f6nnen weitreichende Folgen haben. Neben den unmittelbaren Folgen der Funktionsausf\u00e4lle und Betriebsst\u00f6rungen bei den Betroffenen selbst, k\u00f6nnen sie auch die Cybersicherheit von Dritten gef\u00e4hrden. Dies ist dann der Fall, wenn Daten oder Informatikmittel betroffen sind, welche von mehreren Akteuren genutzt werden. In solchen F\u00e4llen ist es entscheidend, dass alle betroffenen Stellen in die Vorfallbew\u00e4ltigung [&hellip;]<\/p>\n","protected":false},"author":31,"featured_media":24695,"comment_status":"closed","ping_status":"closed","sticky":false,"template":"","format":"standard","meta":{"_acf_changed":false,"pgc_sgb_lightbox_settings":"","footnotes":""},"categories":[3313],"tags":[3338,670],"class_list":["post-24694","post","type-post","status-publish","format-standard","has-post-thumbnail","hentry","category-digitalisierung","tag-bundesamt-fuer-cybersicherheit","tag-cybersicherheit"],"acf":[],"hkrextid":null,"publication":null,"issue":null,"workflow":null,"startPage":null,"spitzmarke":null,"_posts_by_tag_page_fields":null,"_at_widget":null,"_yoast_wpseo_primary_category":"3313","_yoast_wpseo_focuskw_text_input":null,"_yoast_wpseo_opengraph-image":null,"_yoast_wpseo_opengraph-description":null,"_yoast_wpseo_opengraph-title":null,"enclosure":null,"_yoast_wpseo_twitter-title":null,"_yoast_wpseo_twitter-description":null,"_yoast_wpseo_twitter-image":null,"_wp_old_slug":null,"_yoast_wpseo_title":null,"_yoast_wpseo_canonical":null,"yoast_head":"<!-- This site is optimized with the Yoast SEO plugin v27.4 - https:\/\/yoast.com\/product\/yoast-seo-wordpress\/ -->\n<title>Konzept f\u00fcr die koordinierte Bew\u00e4ltigung von Cybervorf\u00e4llen - Save<\/title>\n<meta name=\"description\" content=\"Das Bundesamt f\u00fcr Cybersicherheit (BACS) hat ein Konzept erarbeitet, welches aufzeigt, wie sich der Bund organisiert, um die koordinierte Vorfallbew\u00e4ltigung sicherzustellen.\" \/>\n<meta name=\"robots\" content=\"index, follow, max-snippet:-1, max-image-preview:large, max-video-preview:-1\" \/>\n<link rel=\"canonical\" href=\"https:\/\/news.save.ch\/en\/konzept-fuer-die-koordinierte-bewaeltigung-von-cybervorfaellen\/\" \/>\n<meta property=\"og:locale\" content=\"en_US\" \/>\n<meta property=\"og:type\" content=\"article\" \/>\n<meta property=\"og:title\" content=\"Konzept f\u00fcr die koordinierte Bew\u00e4ltigung von Cybervorf\u00e4llen - Save\" \/>\n<meta property=\"og:description\" content=\"Das Bundesamt f\u00fcr Cybersicherheit (BACS) hat ein Konzept erarbeitet, welches aufzeigt, wie sich der Bund organisiert, um die koordinierte Vorfallbew\u00e4ltigung sicherzustellen.\" \/>\n<meta property=\"og:url\" content=\"https:\/\/news.save.ch\/en\/konzept-fuer-die-koordinierte-bewaeltigung-von-cybervorfaellen\/\" \/>\n<meta property=\"og:site_name\" content=\"Save\" \/>\n<meta property=\"article:published_time\" content=\"2025-11-04T13:06:57+00:00\" \/>\n<meta property=\"og:image\" content=\"https:\/\/news.save.ch\/wp-content\/uploads\/2025\/11\/Depositphotos_100700990_S.jpg\" \/>\n\t<meta property=\"og:image:width\" content=\"1000\" \/>\n\t<meta property=\"og:image:height\" content=\"657\" \/>\n\t<meta property=\"og:image:type\" content=\"image\/jpeg\" \/>\n<meta name=\"author\" content=\"stefanie Zeng\" \/>\n<meta name=\"twitter:card\" content=\"summary_large_image\" \/>\n<meta name=\"twitter:label1\" content=\"Written by\" \/>\n\t<meta name=\"twitter:data1\" content=\"stefanie Zeng\" \/>\n\t<meta name=\"twitter:label2\" content=\"Est. reading time\" \/>\n\t<meta name=\"twitter:data2\" content=\"3 minutes\" \/>\n<script type=\"application\/ld+json\" class=\"yoast-schema-graph\">{\"@context\":\"https:\\\/\\\/schema.org\",\"@graph\":[{\"@type\":\"Article\",\"@id\":\"https:\\\/\\\/news.save.ch\\\/konzept-fuer-die-koordinierte-bewaeltigung-von-cybervorfaellen\\\/#article\",\"isPartOf\":{\"@id\":\"https:\\\/\\\/news.save.ch\\\/konzept-fuer-die-koordinierte-bewaeltigung-von-cybervorfaellen\\\/\"},\"author\":{\"name\":\"stefanie Zeng\",\"@id\":\"https:\\\/\\\/news.save.ch\\\/de\\\/#\\\/schema\\\/person\\\/10917387362b3961e882740f6cf6f2a2\"},\"headline\":\"Konzept f\u00fcr die koordinierte Bew\u00e4ltigung von Cybervorf\u00e4llen\",\"datePublished\":\"2025-11-04T13:06:57+00:00\",\"mainEntityOfPage\":{\"@id\":\"https:\\\/\\\/news.save.ch\\\/konzept-fuer-die-koordinierte-bewaeltigung-von-cybervorfaellen\\\/\"},\"wordCount\":494,\"publisher\":{\"@id\":\"https:\\\/\\\/news.save.ch\\\/de\\\/#organization\"},\"image\":{\"@id\":\"https:\\\/\\\/news.save.ch\\\/konzept-fuer-die-koordinierte-bewaeltigung-von-cybervorfaellen\\\/#primaryimage\"},\"thumbnailUrl\":\"https:\\\/\\\/news.save.ch\\\/wp-content\\\/uploads\\\/2025\\\/11\\\/Depositphotos_100700990_S.jpg\",\"keywords\":[\"Bundesamt f\u00fcr Cybersicherheit\",\"Cybersicherheit\"],\"articleSection\":[\"DIGITALISIERUNG\"],\"inLanguage\":\"en-US\"},{\"@type\":\"WebPage\",\"@id\":\"https:\\\/\\\/news.save.ch\\\/konzept-fuer-die-koordinierte-bewaeltigung-von-cybervorfaellen\\\/\",\"url\":\"https:\\\/\\\/news.save.ch\\\/konzept-fuer-die-koordinierte-bewaeltigung-von-cybervorfaellen\\\/\",\"name\":\"Konzept f\u00fcr die koordinierte Bew\u00e4ltigung von Cybervorf\u00e4llen - Save\",\"isPartOf\":{\"@id\":\"https:\\\/\\\/news.save.ch\\\/de\\\/#website\"},\"primaryImageOfPage\":{\"@id\":\"https:\\\/\\\/news.save.ch\\\/konzept-fuer-die-koordinierte-bewaeltigung-von-cybervorfaellen\\\/#primaryimage\"},\"image\":{\"@id\":\"https:\\\/\\\/news.save.ch\\\/konzept-fuer-die-koordinierte-bewaeltigung-von-cybervorfaellen\\\/#primaryimage\"},\"thumbnailUrl\":\"https:\\\/\\\/news.save.ch\\\/wp-content\\\/uploads\\\/2025\\\/11\\\/Depositphotos_100700990_S.jpg\",\"datePublished\":\"2025-11-04T13:06:57+00:00\",\"description\":\"Das Bundesamt f\u00fcr Cybersicherheit (BACS) hat ein Konzept erarbeitet, welches aufzeigt, wie sich der Bund organisiert, um die koordinierte Vorfallbew\u00e4ltigung sicherzustellen.\",\"breadcrumb\":{\"@id\":\"https:\\\/\\\/news.save.ch\\\/konzept-fuer-die-koordinierte-bewaeltigung-von-cybervorfaellen\\\/#breadcrumb\"},\"inLanguage\":\"en-US\",\"potentialAction\":[{\"@type\":\"ReadAction\",\"target\":[\"https:\\\/\\\/news.save.ch\\\/konzept-fuer-die-koordinierte-bewaeltigung-von-cybervorfaellen\\\/\"]}]},{\"@type\":\"ImageObject\",\"inLanguage\":\"en-US\",\"@id\":\"https:\\\/\\\/news.save.ch\\\/konzept-fuer-die-koordinierte-bewaeltigung-von-cybervorfaellen\\\/#primaryimage\",\"url\":\"https:\\\/\\\/news.save.ch\\\/wp-content\\\/uploads\\\/2025\\\/11\\\/Depositphotos_100700990_S.jpg\",\"contentUrl\":\"https:\\\/\\\/news.save.ch\\\/wp-content\\\/uploads\\\/2025\\\/11\\\/Depositphotos_100700990_S.jpg\",\"width\":1000,\"height\":657,\"caption\":\"Foto: Depositphotos\\\/Rawpixel\"},{\"@type\":\"BreadcrumbList\",\"@id\":\"https:\\\/\\\/news.save.ch\\\/konzept-fuer-die-koordinierte-bewaeltigung-von-cybervorfaellen\\\/#breadcrumb\",\"itemListElement\":[{\"@type\":\"ListItem\",\"position\":1,\"name\":\"Home\",\"item\":\"https:\\\/\\\/news.save.ch\\\/de\\\/\"},{\"@type\":\"ListItem\",\"position\":2,\"name\":\"Konzept f\u00fcr die koordinierte Bew\u00e4ltigung von Cybervorf\u00e4llen\"}]},{\"@type\":\"WebSite\",\"@id\":\"https:\\\/\\\/news.save.ch\\\/de\\\/#website\",\"url\":\"https:\\\/\\\/news.save.ch\\\/de\\\/\",\"name\":\"Save\",\"description\":\"Schweizer Fachzeitschrift f\u00fcr Sicherheit\",\"publisher\":{\"@id\":\"https:\\\/\\\/news.save.ch\\\/de\\\/#organization\"},\"potentialAction\":[{\"@type\":\"SearchAction\",\"target\":{\"@type\":\"EntryPoint\",\"urlTemplate\":\"https:\\\/\\\/news.save.ch\\\/de\\\/?s={search_term_string}\"},\"query-input\":{\"@type\":\"PropertyValueSpecification\",\"valueRequired\":true,\"valueName\":\"search_term_string\"}}],\"inLanguage\":\"en-US\"},{\"@type\":\"Organization\",\"@id\":\"https:\\\/\\\/news.save.ch\\\/de\\\/#organization\",\"name\":\"Sicherheitsforum\",\"url\":\"https:\\\/\\\/news.save.ch\\\/de\\\/\",\"logo\":{\"@type\":\"ImageObject\",\"inLanguage\":\"en-US\",\"@id\":\"https:\\\/\\\/news.save.ch\\\/de\\\/#\\\/schema\\\/logo\\\/image\\\/\",\"url\":\"https:\\\/\\\/news.save.ch\\\/wp-content\\\/uploads\\\/2022\\\/06\\\/Logo_SF_2012.png\",\"contentUrl\":\"https:\\\/\\\/news.save.ch\\\/wp-content\\\/uploads\\\/2022\\\/06\\\/Logo_SF_2012.png\",\"width\":1100,\"height\":91,\"caption\":\"Sicherheitsforum\"},\"image\":{\"@id\":\"https:\\\/\\\/news.save.ch\\\/de\\\/#\\\/schema\\\/logo\\\/image\\\/\"}},{\"@type\":\"Person\",\"@id\":\"https:\\\/\\\/news.save.ch\\\/de\\\/#\\\/schema\\\/person\\\/10917387362b3961e882740f6cf6f2a2\",\"name\":\"stefanie Zeng\",\"image\":{\"@type\":\"ImageObject\",\"inLanguage\":\"en-US\",\"@id\":\"https:\\\/\\\/secure.gravatar.com\\\/avatar\\\/eac43faa6e40bb2c41068c95c9d78bbd94c476d5efdff7abaab80bb3ea681e06?s=96&d=mm&r=g\",\"url\":\"https:\\\/\\\/secure.gravatar.com\\\/avatar\\\/eac43faa6e40bb2c41068c95c9d78bbd94c476d5efdff7abaab80bb3ea681e06?s=96&d=mm&r=g\",\"contentUrl\":\"https:\\\/\\\/secure.gravatar.com\\\/avatar\\\/eac43faa6e40bb2c41068c95c9d78bbd94c476d5efdff7abaab80bb3ea681e06?s=96&d=mm&r=g\",\"caption\":\"stefanie Zeng\"},\"url\":\"https:\\\/\\\/news.save.ch\\\/en\\\/author\\\/stefanie-zeng\\\/\"}]}<\/script>\n<!-- \/ Yoast SEO plugin. -->","yoast_head_json":{"title":"Concept for the coordinated management of cyber incidents - Save","description":"The Federal Office for Cybersecurity (BACS) has developed a concept that shows how the Confederation organizes itself to ensure coordinated incident management.","robots":{"index":"index","follow":"follow","max-snippet":"max-snippet:-1","max-image-preview":"max-image-preview:large","max-video-preview":"max-video-preview:-1"},"canonical":"https:\/\/news.save.ch\/en\/konzept-fuer-die-koordinierte-bewaeltigung-von-cybervorfaellen\/","og_locale":"en_US","og_type":"article","og_title":"Konzept f\u00fcr die koordinierte Bew\u00e4ltigung von Cybervorf\u00e4llen - Save","og_description":"Das Bundesamt f\u00fcr Cybersicherheit (BACS) hat ein Konzept erarbeitet, welches aufzeigt, wie sich der Bund organisiert, um die koordinierte Vorfallbew\u00e4ltigung sicherzustellen.","og_url":"https:\/\/news.save.ch\/en\/konzept-fuer-die-koordinierte-bewaeltigung-von-cybervorfaellen\/","og_site_name":"Save","article_published_time":"2025-11-04T13:06:57+00:00","og_image":[{"width":1000,"height":657,"url":"https:\/\/news.save.ch\/wp-content\/uploads\/2025\/11\/Depositphotos_100700990_S.jpg","type":"image\/jpeg"}],"author":"stefanie Zeng","twitter_card":"summary_large_image","twitter_misc":{"Written by":"stefanie Zeng","Est. reading time":"3 minutes"},"schema":{"@context":"https:\/\/schema.org","@graph":[{"@type":"Article","@id":"https:\/\/news.save.ch\/konzept-fuer-die-koordinierte-bewaeltigung-von-cybervorfaellen\/#article","isPartOf":{"@id":"https:\/\/news.save.ch\/konzept-fuer-die-koordinierte-bewaeltigung-von-cybervorfaellen\/"},"author":{"name":"stefanie Zeng","@id":"https:\/\/news.save.ch\/de\/#\/schema\/person\/10917387362b3961e882740f6cf6f2a2"},"headline":"Konzept f\u00fcr die koordinierte Bew\u00e4ltigung von Cybervorf\u00e4llen","datePublished":"2025-11-04T13:06:57+00:00","mainEntityOfPage":{"@id":"https:\/\/news.save.ch\/konzept-fuer-die-koordinierte-bewaeltigung-von-cybervorfaellen\/"},"wordCount":494,"publisher":{"@id":"https:\/\/news.save.ch\/de\/#organization"},"image":{"@id":"https:\/\/news.save.ch\/konzept-fuer-die-koordinierte-bewaeltigung-von-cybervorfaellen\/#primaryimage"},"thumbnailUrl":"https:\/\/news.save.ch\/wp-content\/uploads\/2025\/11\/Depositphotos_100700990_S.jpg","keywords":["Bundesamt f\u00fcr Cybersicherheit","Cybersicherheit"],"articleSection":["DIGITALISIERUNG"],"inLanguage":"en-US"},{"@type":"WebPage","@id":"https:\/\/news.save.ch\/konzept-fuer-die-koordinierte-bewaeltigung-von-cybervorfaellen\/","url":"https:\/\/news.save.ch\/konzept-fuer-die-koordinierte-bewaeltigung-von-cybervorfaellen\/","name":"Concept for the coordinated management of cyber incidents - Save","isPartOf":{"@id":"https:\/\/news.save.ch\/de\/#website"},"primaryImageOfPage":{"@id":"https:\/\/news.save.ch\/konzept-fuer-die-koordinierte-bewaeltigung-von-cybervorfaellen\/#primaryimage"},"image":{"@id":"https:\/\/news.save.ch\/konzept-fuer-die-koordinierte-bewaeltigung-von-cybervorfaellen\/#primaryimage"},"thumbnailUrl":"https:\/\/news.save.ch\/wp-content\/uploads\/2025\/11\/Depositphotos_100700990_S.jpg","datePublished":"2025-11-04T13:06:57+00:00","description":"The Federal Office for Cybersecurity (BACS) has developed a concept that shows how the Confederation organizes itself to ensure coordinated incident management.","breadcrumb":{"@id":"https:\/\/news.save.ch\/konzept-fuer-die-koordinierte-bewaeltigung-von-cybervorfaellen\/#breadcrumb"},"inLanguage":"en-US","potentialAction":[{"@type":"ReadAction","target":["https:\/\/news.save.ch\/konzept-fuer-die-koordinierte-bewaeltigung-von-cybervorfaellen\/"]}]},{"@type":"ImageObject","inLanguage":"en-US","@id":"https:\/\/news.save.ch\/konzept-fuer-die-koordinierte-bewaeltigung-von-cybervorfaellen\/#primaryimage","url":"https:\/\/news.save.ch\/wp-content\/uploads\/2025\/11\/Depositphotos_100700990_S.jpg","contentUrl":"https:\/\/news.save.ch\/wp-content\/uploads\/2025\/11\/Depositphotos_100700990_S.jpg","width":1000,"height":657,"caption":"Foto: Depositphotos\/Rawpixel"},{"@type":"BreadcrumbList","@id":"https:\/\/news.save.ch\/konzept-fuer-die-koordinierte-bewaeltigung-von-cybervorfaellen\/#breadcrumb","itemListElement":[{"@type":"ListItem","position":1,"name":"Home","item":"https:\/\/news.save.ch\/de\/"},{"@type":"ListItem","position":2,"name":"Konzept f\u00fcr die koordinierte Bew\u00e4ltigung von Cybervorf\u00e4llen"}]},{"@type":"WebSite","@id":"https:\/\/news.save.ch\/de\/#website","url":"https:\/\/news.save.ch\/de\/","name":"Save","description":"Swiss trade journal for safety","publisher":{"@id":"https:\/\/news.save.ch\/de\/#organization"},"potentialAction":[{"@type":"SearchAction","target":{"@type":"EntryPoint","urlTemplate":"https:\/\/news.save.ch\/de\/?s={search_term_string}"},"query-input":{"@type":"PropertyValueSpecification","valueRequired":true,"valueName":"search_term_string"}}],"inLanguage":"en-US"},{"@type":"Organization","@id":"https:\/\/news.save.ch\/de\/#organization","name":"Security Forum","url":"https:\/\/news.save.ch\/de\/","logo":{"@type":"ImageObject","inLanguage":"en-US","@id":"https:\/\/news.save.ch\/de\/#\/schema\/logo\/image\/","url":"https:\/\/news.save.ch\/wp-content\/uploads\/2022\/06\/Logo_SF_2012.png","contentUrl":"https:\/\/news.save.ch\/wp-content\/uploads\/2022\/06\/Logo_SF_2012.png","width":1100,"height":91,"caption":"Sicherheitsforum"},"image":{"@id":"https:\/\/news.save.ch\/de\/#\/schema\/logo\/image\/"}},{"@type":"Person","@id":"https:\/\/news.save.ch\/de\/#\/schema\/person\/10917387362b3961e882740f6cf6f2a2","name":"Stefanie Zeng","image":{"@type":"ImageObject","inLanguage":"en-US","@id":"https:\/\/secure.gravatar.com\/avatar\/eac43faa6e40bb2c41068c95c9d78bbd94c476d5efdff7abaab80bb3ea681e06?s=96&d=mm&r=g","url":"https:\/\/secure.gravatar.com\/avatar\/eac43faa6e40bb2c41068c95c9d78bbd94c476d5efdff7abaab80bb3ea681e06?s=96&d=mm&r=g","contentUrl":"https:\/\/secure.gravatar.com\/avatar\/eac43faa6e40bb2c41068c95c9d78bbd94c476d5efdff7abaab80bb3ea681e06?s=96&d=mm&r=g","caption":"stefanie Zeng"},"url":"https:\/\/news.save.ch\/en\/author\/stefanie-zeng\/"}]}},"_links":{"self":[{"href":"https:\/\/news.save.ch\/en\/wp-json\/wp\/v2\/posts\/24694","targetHints":{"allow":["GET"]}}],"collection":[{"href":"https:\/\/news.save.ch\/en\/wp-json\/wp\/v2\/posts"}],"about":[{"href":"https:\/\/news.save.ch\/en\/wp-json\/wp\/v2\/types\/post"}],"author":[{"embeddable":true,"href":"https:\/\/news.save.ch\/en\/wp-json\/wp\/v2\/users\/31"}],"replies":[{"embeddable":true,"href":"https:\/\/news.save.ch\/en\/wp-json\/wp\/v2\/comments?post=24694"}],"version-history":[{"count":1,"href":"https:\/\/news.save.ch\/en\/wp-json\/wp\/v2\/posts\/24694\/revisions"}],"predecessor-version":[{"id":24696,"href":"https:\/\/news.save.ch\/en\/wp-json\/wp\/v2\/posts\/24694\/revisions\/24696"}],"wp:featuredmedia":[{"embeddable":true,"href":"https:\/\/news.save.ch\/en\/wp-json\/wp\/v2\/media\/24695"}],"wp:attachment":[{"href":"https:\/\/news.save.ch\/en\/wp-json\/wp\/v2\/media?parent=24694"}],"wp:term":[{"taxonomy":"category","embeddable":true,"href":"https:\/\/news.save.ch\/en\/wp-json\/wp\/v2\/categories?post=24694"},{"taxonomy":"post_tag","embeddable":true,"href":"https:\/\/news.save.ch\/en\/wp-json\/wp\/v2\/tags?post=24694"}],"curies":[{"name":"wp","href":"https:\/\/api.w.org\/{rel}","templated":true}]}}