{"id":24697,"date":"2025-11-04T14:53:36","date_gmt":"2025-11-04T13:53:36","guid":{"rendered":"https:\/\/news.save.ch\/?p=24697"},"modified":"2025-11-04T14:53:36","modified_gmt":"2025-11-04T13:53:36","slug":"klimawandel-in-der-schweiz-besonders-ausgepraegt","status":null,"type":"post","link":"https:\/\/news.save.ch\/en\/klimawandel-in-der-schweiz-besonders-ausgepraegt\/","title":{"rendered":"Climate change particularly pronounced in Switzerland"},"content":{"rendered":"<figure id=\"attachment_24698\" aria-describedby=\"caption-attachment-24698\" style=\"width: 680px\" class=\"wp-caption alignnone\"><img loading=\"lazy\" decoding=\"async\" class=\"size-medium wp-image-24698\" src=\"https:\/\/news.save.ch\/wp-content\/uploads\/2025\/11\/Depositphotos_309500944_S-680x453.jpg\" alt=\"\" width=\"680\" height=\"453\" srcset=\"https:\/\/news.save.ch\/wp-content\/uploads\/2025\/11\/Depositphotos_309500944_S-680x453.jpg 680w, https:\/\/news.save.ch\/wp-content\/uploads\/2025\/11\/Depositphotos_309500944_S-768x511.jpg 768w, https:\/\/news.save.ch\/wp-content\/uploads\/2025\/11\/Depositphotos_309500944_S-18x12.jpg 18w, https:\/\/news.save.ch\/wp-content\/uploads\/2025\/11\/Depositphotos_309500944_S-375x250.jpg 375w, https:\/\/news.save.ch\/wp-content\/uploads\/2025\/11\/Depositphotos_309500944_S-526x350.jpg 526w, https:\/\/news.save.ch\/wp-content\/uploads\/2025\/11\/Depositphotos_309500944_S.jpg 1000w\" sizes=\"auto, (max-width: 680px) 100vw, 680px\" \/><figcaption id=\"caption-attachment-24698\" class=\"wp-caption-text\">Photo: Depositphotos\/rebaisilvano<\/figcaption><\/figure>\n<p>Tropical nights are making it difficult for people in cities to sleep, vegetable farmers are struggling with excessively dry soils and homeowners are preparing for the threat of flooding - a future that is foreseeable if climate change continues unabated, according to the results of the new Swiss climate scenarios. Many of the effects can already be measured and felt today. \u00abThe new climate scenarios give us a more concrete picture of climate change in Switzerland over the coming decades. They help us to assess developments and plan suitable measures - to protect our environment, our cities and our agriculture,\u00bb said Federal Councillor Elisabeth Baume-Schneider during the presentation.<\/p>\n<h3>The four main changes in the climate scenarios<\/h3>\n<p>The new scenarios drawn up by MeteoSwiss on behalf of the federal government build on the results of the 2018 climate scenarios. They confirm and expand the previously known picture of climate change in Switzerland. The current warming in Switzerland (2024: +2.9\u00b0C since pre-industrial levels) is higher than the global average (2024: +1.3\u00b0C). Aspects of climate change are more pronounced in Switzerland than the global average, partly due to its geographical location. For example, with global warming totaling 3 degrees, the temperature in Switzerland will rise significantly more, namely by around 4.9\u00b0C.<\/p>\n<p>Such warming has countless effects. The climate scenarios describe four main changes that will shape the climate in Switzerland in a world that is 3 degrees warmer globally:<\/p>\n<ol>\n<li><b>More extreme heat<br \/>\n<\/b>Heat events particularly affect regions at low altitudes and especially urban areas. However, they may also occur increasingly in regions in the Alps and Alpine foothills in the future. The hottest day of the year will be around 4.4\u00b0C hotter on average (compared to 1991-2020). Hot days and tropical nights will also occur much more frequently. In the city of Zurich, for example, an average of around five times more tropical nights per year are expected.<\/p>\n<p><b><\/b><\/li>\n<li><b>Drier summers<br \/>\n<\/b>Soils in Switzerland will increasingly dry out in summer. This is due to higher temperatures, greater evaporation and less summer precipitation. Summer drought has already increased over the past 40 years or so. A typical summer drought will be 44% more intense in the future. Droughts and the risk of forest fires will increase.<\/li>\n<li><b>Heavy and more frequent heavy precipitation<br \/>\n<\/b>Heavy precipitation will increase in all seasons in the long term. The highest increases are expected above all for heavy thunderstorm precipitation that falls in a very short time. In summer, more intensive precipitation does not rule out a simultaneous decrease in the total amount of precipitation: Although it rains less frequently, larger amounts of rain fall in a short period of time during individual events.<\/li>\n<li><b>Rise in the zero degree limit and less snow<br \/>\n<\/b>Precipitation will increase slightly in winter, but will fall more as rain rather than snow. The average zero degree line in winter will rise by 550 meters to around 1450 meters. The natural snow cover will continue to decrease in the future, especially at low altitudes, as a result of increasing warming and the resulting rise in the zero degree line.<\/li>\n<\/ol>\n<h3>Adaptation to climate change is becoming more important<\/h3>\n<p>Measures to reduce emissions mitigate the consequences of climate change. The federal government also supports the Swiss population in adapting to extreme events with measures that are decided on the basis of climate scenarios. These include increasing heat, drier summers, more intense precipitation and less snow. The 2025 climate scenarios use global warming levels to show what global climate targets mean for Switzerland. In the Paris Agreement, Switzerland made a commitment to the international community to limit global warming to well below 2\u00b0C - ideally to 1.5\u00b0C - compared to pre-industrial levels. Reducing emissions worldwide is essential to limit the consequences of climate change. The climate scenarios show the impact of climate protection measures on climate change - every tenth of a degree saved can reduce the impact on Swiss nature, society and the economy.  \u00abWith ambitious climate protection and net zero emissions globally by 2050, most of the future long-term warming and thus many of the resulting further effects could be avoided,\u00bb said Reto Knutti, climate researcher at ETH Zurich.<\/p>\n<p>With all efforts, global warming can at best be limited, but not reversed. The 2025 climate scenarios are a central and regularly updated service and form the planning basis for the Federal Council's strategy for adapting to climate change. Any avoided warming makes a measurable contribution to climate protection and reduces the cost of adaptation. Nevertheless, adaptation to climate change is becoming increasingly important.<\/p>\n<p>&nbsp;<\/p>\n<p><em>Source: ETH Zurich<\/em><\/p>\n<p>&nbsp;<\/p>\n<p>&nbsp;<\/p>","protected":false},"excerpt":{"rendered":"<p>Tropenn\u00e4chte erschweren Menschen in den St\u00e4dten den Schlaf, Gem\u00fcseb\u00e4uerinnen k\u00e4mpfen mit zu trockenen B\u00f6den und Hausbesitzer stellen sich auf drohende \u00dcberschwemmungen ein \u2013 eine Zukunft, die gem\u00e4ss den Resultaten der neuen Schweizer Klimaszenarien bei ungebremstem Klimawandel absehbar ist. Bereits heute sind viele Auswirkungen messbar und sp\u00fcrbar. \u00abDie neuen Klimaszenarien verschaffen uns ein konkreteres Bild der [&hellip;]<\/p>\n","protected":false},"author":31,"featured_media":24698,"comment_status":"closed","ping_status":"closed","sticky":false,"template":"","format":"standard","meta":{"_acf_changed":false,"pgc_sgb_lightbox_settings":"","footnotes":""},"categories":[3314],"tags":[3582,6619,2001,794,1491,6620,6621],"class_list":["post-24697","post","type-post","status-publish","format-standard","has-post-thumbnail","hentry","category-health-safety","tag-co2-emissionen","tag-erderwaermung","tag-eth","tag-klimawandel","tag-klimaziele","tag-nullgradgrenze","tag-tropennaechte"],"acf":[],"hkrextid":null,"publication":null,"issue":null,"workflow":null,"startPage":null,"spitzmarke":null,"_posts_by_tag_page_fields":null,"_at_widget":null,"_yoast_wpseo_primary_category":"3314","_yoast_wpseo_focuskw_text_input":null,"_yoast_wpseo_opengraph-image":null,"_yoast_wpseo_opengraph-description":null,"_yoast_wpseo_opengraph-title":null,"enclosure":null,"_yoast_wpseo_twitter-title":null,"_yoast_wpseo_twitter-description":null,"_yoast_wpseo_twitter-image":null,"_wp_old_slug":null,"_yoast_wpseo_title":null,"_yoast_wpseo_canonical":null,"yoast_head":"<!-- This site is optimized with the Yoast SEO plugin v27.4 - https:\/\/yoast.com\/product\/yoast-seo-wordpress\/ -->\n<title>Klimawandel in der Schweiz besonders ausgepr\u00e4gt - Save<\/title>\n<meta name=\"description\" content=\"Klimaforschende des Bundesamtes f\u00fcr Meteorologie und Klimatologie MeteoSchweiz und der ETH Z\u00fcrich haben die neuen Klimaszenarien f\u00fcr die Schweiz pr\u00e4sentiert.\" \/>\n<meta name=\"robots\" content=\"index, follow, max-snippet:-1, max-image-preview:large, max-video-preview:-1\" \/>\n<link rel=\"canonical\" href=\"https:\/\/news.save.ch\/en\/klimawandel-in-der-schweiz-besonders-ausgepraegt\/\" \/>\n<meta property=\"og:locale\" content=\"en_US\" \/>\n<meta property=\"og:type\" content=\"article\" \/>\n<meta property=\"og:title\" content=\"Klimawandel in der Schweiz besonders ausgepr\u00e4gt - Save\" \/>\n<meta property=\"og:description\" content=\"Klimaforschende des Bundesamtes f\u00fcr Meteorologie und Klimatologie MeteoSchweiz und der ETH Z\u00fcrich haben die neuen Klimaszenarien f\u00fcr die Schweiz pr\u00e4sentiert.\" \/>\n<meta property=\"og:url\" content=\"https:\/\/news.save.ch\/en\/klimawandel-in-der-schweiz-besonders-ausgepraegt\/\" \/>\n<meta property=\"og:site_name\" content=\"Save\" \/>\n<meta property=\"article:published_time\" content=\"2025-11-04T13:53:36+00:00\" \/>\n<meta property=\"og:image\" content=\"https:\/\/news.save.ch\/wp-content\/uploads\/2025\/11\/Depositphotos_309500944_S.jpg\" \/>\n\t<meta property=\"og:image:width\" content=\"1000\" \/>\n\t<meta property=\"og:image:height\" content=\"666\" \/>\n\t<meta property=\"og:image:type\" content=\"image\/jpeg\" \/>\n<meta name=\"author\" content=\"stefanie Zeng\" \/>\n<meta name=\"twitter:card\" content=\"summary_large_image\" \/>\n<meta name=\"twitter:label1\" content=\"Written by\" \/>\n\t<meta name=\"twitter:data1\" content=\"stefanie Zeng\" \/>\n\t<meta name=\"twitter:label2\" content=\"Est. reading time\" \/>\n\t<meta name=\"twitter:data2\" content=\"5 minutes\" \/>\n<script type=\"application\/ld+json\" class=\"yoast-schema-graph\">{\"@context\":\"https:\\\/\\\/schema.org\",\"@graph\":[{\"@type\":\"Article\",\"@id\":\"https:\\\/\\\/news.save.ch\\\/klimawandel-in-der-schweiz-besonders-ausgepraegt\\\/#article\",\"isPartOf\":{\"@id\":\"https:\\\/\\\/news.save.ch\\\/klimawandel-in-der-schweiz-besonders-ausgepraegt\\\/\"},\"author\":{\"name\":\"stefanie Zeng\",\"@id\":\"https:\\\/\\\/news.save.ch\\\/de\\\/#\\\/schema\\\/person\\\/10917387362b3961e882740f6cf6f2a2\"},\"headline\":\"Klimawandel in der Schweiz besonders ausgepr\u00e4gt\",\"datePublished\":\"2025-11-04T13:53:36+00:00\",\"mainEntityOfPage\":{\"@id\":\"https:\\\/\\\/news.save.ch\\\/klimawandel-in-der-schweiz-besonders-ausgepraegt\\\/\"},\"wordCount\":760,\"publisher\":{\"@id\":\"https:\\\/\\\/news.save.ch\\\/de\\\/#organization\"},\"image\":{\"@id\":\"https:\\\/\\\/news.save.ch\\\/klimawandel-in-der-schweiz-besonders-ausgepraegt\\\/#primaryimage\"},\"thumbnailUrl\":\"https:\\\/\\\/news.save.ch\\\/wp-content\\\/uploads\\\/2025\\\/11\\\/Depositphotos_309500944_S.jpg\",\"keywords\":[\"CO2-Emissionen\",\"Erderw\u00e4rmung\",\"ETH\",\"Klimawandel\",\"Klimaziele\",\"Nullgradgrenze\",\"Tropenn\u00e4chte\"],\"articleSection\":[\"HEALTH &amp; SAFETY\"],\"inLanguage\":\"en-US\"},{\"@type\":\"WebPage\",\"@id\":\"https:\\\/\\\/news.save.ch\\\/klimawandel-in-der-schweiz-besonders-ausgepraegt\\\/\",\"url\":\"https:\\\/\\\/news.save.ch\\\/klimawandel-in-der-schweiz-besonders-ausgepraegt\\\/\",\"name\":\"Klimawandel in der Schweiz besonders ausgepr\u00e4gt - Save\",\"isPartOf\":{\"@id\":\"https:\\\/\\\/news.save.ch\\\/de\\\/#website\"},\"primaryImageOfPage\":{\"@id\":\"https:\\\/\\\/news.save.ch\\\/klimawandel-in-der-schweiz-besonders-ausgepraegt\\\/#primaryimage\"},\"image\":{\"@id\":\"https:\\\/\\\/news.save.ch\\\/klimawandel-in-der-schweiz-besonders-ausgepraegt\\\/#primaryimage\"},\"thumbnailUrl\":\"https:\\\/\\\/news.save.ch\\\/wp-content\\\/uploads\\\/2025\\\/11\\\/Depositphotos_309500944_S.jpg\",\"datePublished\":\"2025-11-04T13:53:36+00:00\",\"description\":\"Klimaforschende des Bundesamtes f\u00fcr Meteorologie und Klimatologie MeteoSchweiz und der ETH Z\u00fcrich haben die neuen Klimaszenarien f\u00fcr die Schweiz pr\u00e4sentiert.\",\"breadcrumb\":{\"@id\":\"https:\\\/\\\/news.save.ch\\\/klimawandel-in-der-schweiz-besonders-ausgepraegt\\\/#breadcrumb\"},\"inLanguage\":\"en-US\",\"potentialAction\":[{\"@type\":\"ReadAction\",\"target\":[\"https:\\\/\\\/news.save.ch\\\/klimawandel-in-der-schweiz-besonders-ausgepraegt\\\/\"]}]},{\"@type\":\"ImageObject\",\"inLanguage\":\"en-US\",\"@id\":\"https:\\\/\\\/news.save.ch\\\/klimawandel-in-der-schweiz-besonders-ausgepraegt\\\/#primaryimage\",\"url\":\"https:\\\/\\\/news.save.ch\\\/wp-content\\\/uploads\\\/2025\\\/11\\\/Depositphotos_309500944_S.jpg\",\"contentUrl\":\"https:\\\/\\\/news.save.ch\\\/wp-content\\\/uploads\\\/2025\\\/11\\\/Depositphotos_309500944_S.jpg\",\"width\":1000,\"height\":666,\"caption\":\"Foto: Depositphotos\\\/rebaisilvano\"},{\"@type\":\"BreadcrumbList\",\"@id\":\"https:\\\/\\\/news.save.ch\\\/klimawandel-in-der-schweiz-besonders-ausgepraegt\\\/#breadcrumb\",\"itemListElement\":[{\"@type\":\"ListItem\",\"position\":1,\"name\":\"Home\",\"item\":\"https:\\\/\\\/news.save.ch\\\/de\\\/\"},{\"@type\":\"ListItem\",\"position\":2,\"name\":\"Klimawandel in der Schweiz besonders ausgepr\u00e4gt\"}]},{\"@type\":\"WebSite\",\"@id\":\"https:\\\/\\\/news.save.ch\\\/de\\\/#website\",\"url\":\"https:\\\/\\\/news.save.ch\\\/de\\\/\",\"name\":\"Save\",\"description\":\"Schweizer Fachzeitschrift f\u00fcr Sicherheit\",\"publisher\":{\"@id\":\"https:\\\/\\\/news.save.ch\\\/de\\\/#organization\"},\"potentialAction\":[{\"@type\":\"SearchAction\",\"target\":{\"@type\":\"EntryPoint\",\"urlTemplate\":\"https:\\\/\\\/news.save.ch\\\/de\\\/?s={search_term_string}\"},\"query-input\":{\"@type\":\"PropertyValueSpecification\",\"valueRequired\":true,\"valueName\":\"search_term_string\"}}],\"inLanguage\":\"en-US\"},{\"@type\":\"Organization\",\"@id\":\"https:\\\/\\\/news.save.ch\\\/de\\\/#organization\",\"name\":\"Sicherheitsforum\",\"url\":\"https:\\\/\\\/news.save.ch\\\/de\\\/\",\"logo\":{\"@type\":\"ImageObject\",\"inLanguage\":\"en-US\",\"@id\":\"https:\\\/\\\/news.save.ch\\\/de\\\/#\\\/schema\\\/logo\\\/image\\\/\",\"url\":\"https:\\\/\\\/news.save.ch\\\/wp-content\\\/uploads\\\/2022\\\/06\\\/Logo_SF_2012.png\",\"contentUrl\":\"https:\\\/\\\/news.save.ch\\\/wp-content\\\/uploads\\\/2022\\\/06\\\/Logo_SF_2012.png\",\"width\":1100,\"height\":91,\"caption\":\"Sicherheitsforum\"},\"image\":{\"@id\":\"https:\\\/\\\/news.save.ch\\\/de\\\/#\\\/schema\\\/logo\\\/image\\\/\"}},{\"@type\":\"Person\",\"@id\":\"https:\\\/\\\/news.save.ch\\\/de\\\/#\\\/schema\\\/person\\\/10917387362b3961e882740f6cf6f2a2\",\"name\":\"stefanie Zeng\",\"image\":{\"@type\":\"ImageObject\",\"inLanguage\":\"en-US\",\"@id\":\"https:\\\/\\\/secure.gravatar.com\\\/avatar\\\/eac43faa6e40bb2c41068c95c9d78bbd94c476d5efdff7abaab80bb3ea681e06?s=96&d=mm&r=g\",\"url\":\"https:\\\/\\\/secure.gravatar.com\\\/avatar\\\/eac43faa6e40bb2c41068c95c9d78bbd94c476d5efdff7abaab80bb3ea681e06?s=96&d=mm&r=g\",\"contentUrl\":\"https:\\\/\\\/secure.gravatar.com\\\/avatar\\\/eac43faa6e40bb2c41068c95c9d78bbd94c476d5efdff7abaab80bb3ea681e06?s=96&d=mm&r=g\",\"caption\":\"stefanie Zeng\"},\"url\":\"https:\\\/\\\/news.save.ch\\\/en\\\/author\\\/stefanie-zeng\\\/\"}]}<\/script>\n<!-- \/ Yoast SEO plugin. -->","yoast_head_json":{"title":"Climate change particularly pronounced in Switzerland - Save","description":"Climate researchers from the Federal Office of Meteorology and Climatology MeteoSwiss and ETH Zurich have presented the new climate scenarios for Switzerland.","robots":{"index":"index","follow":"follow","max-snippet":"max-snippet:-1","max-image-preview":"max-image-preview:large","max-video-preview":"max-video-preview:-1"},"canonical":"https:\/\/news.save.ch\/en\/klimawandel-in-der-schweiz-besonders-ausgepraegt\/","og_locale":"en_US","og_type":"article","og_title":"Klimawandel in der Schweiz besonders ausgepr\u00e4gt - Save","og_description":"Klimaforschende des Bundesamtes f\u00fcr Meteorologie und Klimatologie MeteoSchweiz und der ETH Z\u00fcrich haben die neuen Klimaszenarien f\u00fcr die Schweiz pr\u00e4sentiert.","og_url":"https:\/\/news.save.ch\/en\/klimawandel-in-der-schweiz-besonders-ausgepraegt\/","og_site_name":"Save","article_published_time":"2025-11-04T13:53:36+00:00","og_image":[{"width":1000,"height":666,"url":"https:\/\/news.save.ch\/wp-content\/uploads\/2025\/11\/Depositphotos_309500944_S.jpg","type":"image\/jpeg"}],"author":"stefanie Zeng","twitter_card":"summary_large_image","twitter_misc":{"Written by":"stefanie Zeng","Est. reading time":"5 minutes"},"schema":{"@context":"https:\/\/schema.org","@graph":[{"@type":"Article","@id":"https:\/\/news.save.ch\/klimawandel-in-der-schweiz-besonders-ausgepraegt\/#article","isPartOf":{"@id":"https:\/\/news.save.ch\/klimawandel-in-der-schweiz-besonders-ausgepraegt\/"},"author":{"name":"stefanie Zeng","@id":"https:\/\/news.save.ch\/de\/#\/schema\/person\/10917387362b3961e882740f6cf6f2a2"},"headline":"Klimawandel in der Schweiz besonders ausgepr\u00e4gt","datePublished":"2025-11-04T13:53:36+00:00","mainEntityOfPage":{"@id":"https:\/\/news.save.ch\/klimawandel-in-der-schweiz-besonders-ausgepraegt\/"},"wordCount":760,"publisher":{"@id":"https:\/\/news.save.ch\/de\/#organization"},"image":{"@id":"https:\/\/news.save.ch\/klimawandel-in-der-schweiz-besonders-ausgepraegt\/#primaryimage"},"thumbnailUrl":"https:\/\/news.save.ch\/wp-content\/uploads\/2025\/11\/Depositphotos_309500944_S.jpg","keywords":["CO2-Emissionen","Erderw\u00e4rmung","ETH","Klimawandel","Klimaziele","Nullgradgrenze","Tropenn\u00e4chte"],"articleSection":["HEALTH &amp; SAFETY"],"inLanguage":"en-US"},{"@type":"WebPage","@id":"https:\/\/news.save.ch\/klimawandel-in-der-schweiz-besonders-ausgepraegt\/","url":"https:\/\/news.save.ch\/klimawandel-in-der-schweiz-besonders-ausgepraegt\/","name":"Climate change particularly pronounced in Switzerland - Save","isPartOf":{"@id":"https:\/\/news.save.ch\/de\/#website"},"primaryImageOfPage":{"@id":"https:\/\/news.save.ch\/klimawandel-in-der-schweiz-besonders-ausgepraegt\/#primaryimage"},"image":{"@id":"https:\/\/news.save.ch\/klimawandel-in-der-schweiz-besonders-ausgepraegt\/#primaryimage"},"thumbnailUrl":"https:\/\/news.save.ch\/wp-content\/uploads\/2025\/11\/Depositphotos_309500944_S.jpg","datePublished":"2025-11-04T13:53:36+00:00","description":"Climate researchers from the Federal Office of Meteorology and Climatology MeteoSwiss and ETH Zurich have presented the new climate scenarios for Switzerland.","breadcrumb":{"@id":"https:\/\/news.save.ch\/klimawandel-in-der-schweiz-besonders-ausgepraegt\/#breadcrumb"},"inLanguage":"en-US","potentialAction":[{"@type":"ReadAction","target":["https:\/\/news.save.ch\/klimawandel-in-der-schweiz-besonders-ausgepraegt\/"]}]},{"@type":"ImageObject","inLanguage":"en-US","@id":"https:\/\/news.save.ch\/klimawandel-in-der-schweiz-besonders-ausgepraegt\/#primaryimage","url":"https:\/\/news.save.ch\/wp-content\/uploads\/2025\/11\/Depositphotos_309500944_S.jpg","contentUrl":"https:\/\/news.save.ch\/wp-content\/uploads\/2025\/11\/Depositphotos_309500944_S.jpg","width":1000,"height":666,"caption":"Foto: Depositphotos\/rebaisilvano"},{"@type":"BreadcrumbList","@id":"https:\/\/news.save.ch\/klimawandel-in-der-schweiz-besonders-ausgepraegt\/#breadcrumb","itemListElement":[{"@type":"ListItem","position":1,"name":"Home","item":"https:\/\/news.save.ch\/de\/"},{"@type":"ListItem","position":2,"name":"Klimawandel in der Schweiz besonders ausgepr\u00e4gt"}]},{"@type":"WebSite","@id":"https:\/\/news.save.ch\/de\/#website","url":"https:\/\/news.save.ch\/de\/","name":"Save","description":"Swiss trade journal for safety","publisher":{"@id":"https:\/\/news.save.ch\/de\/#organization"},"potentialAction":[{"@type":"SearchAction","target":{"@type":"EntryPoint","urlTemplate":"https:\/\/news.save.ch\/de\/?s={search_term_string}"},"query-input":{"@type":"PropertyValueSpecification","valueRequired":true,"valueName":"search_term_string"}}],"inLanguage":"en-US"},{"@type":"Organization","@id":"https:\/\/news.save.ch\/de\/#organization","name":"Security Forum","url":"https:\/\/news.save.ch\/de\/","logo":{"@type":"ImageObject","inLanguage":"en-US","@id":"https:\/\/news.save.ch\/de\/#\/schema\/logo\/image\/","url":"https:\/\/news.save.ch\/wp-content\/uploads\/2022\/06\/Logo_SF_2012.png","contentUrl":"https:\/\/news.save.ch\/wp-content\/uploads\/2022\/06\/Logo_SF_2012.png","width":1100,"height":91,"caption":"Sicherheitsforum"},"image":{"@id":"https:\/\/news.save.ch\/de\/#\/schema\/logo\/image\/"}},{"@type":"Person","@id":"https:\/\/news.save.ch\/de\/#\/schema\/person\/10917387362b3961e882740f6cf6f2a2","name":"Stefanie Zeng","image":{"@type":"ImageObject","inLanguage":"en-US","@id":"https:\/\/secure.gravatar.com\/avatar\/eac43faa6e40bb2c41068c95c9d78bbd94c476d5efdff7abaab80bb3ea681e06?s=96&d=mm&r=g","url":"https:\/\/secure.gravatar.com\/avatar\/eac43faa6e40bb2c41068c95c9d78bbd94c476d5efdff7abaab80bb3ea681e06?s=96&d=mm&r=g","contentUrl":"https:\/\/secure.gravatar.com\/avatar\/eac43faa6e40bb2c41068c95c9d78bbd94c476d5efdff7abaab80bb3ea681e06?s=96&d=mm&r=g","caption":"stefanie Zeng"},"url":"https:\/\/news.save.ch\/en\/author\/stefanie-zeng\/"}]}},"_links":{"self":[{"href":"https:\/\/news.save.ch\/en\/wp-json\/wp\/v2\/posts\/24697","targetHints":{"allow":["GET"]}}],"collection":[{"href":"https:\/\/news.save.ch\/en\/wp-json\/wp\/v2\/posts"}],"about":[{"href":"https:\/\/news.save.ch\/en\/wp-json\/wp\/v2\/types\/post"}],"author":[{"embeddable":true,"href":"https:\/\/news.save.ch\/en\/wp-json\/wp\/v2\/users\/31"}],"replies":[{"embeddable":true,"href":"https:\/\/news.save.ch\/en\/wp-json\/wp\/v2\/comments?post=24697"}],"version-history":[{"count":1,"href":"https:\/\/news.save.ch\/en\/wp-json\/wp\/v2\/posts\/24697\/revisions"}],"predecessor-version":[{"id":24699,"href":"https:\/\/news.save.ch\/en\/wp-json\/wp\/v2\/posts\/24697\/revisions\/24699"}],"wp:featuredmedia":[{"embeddable":true,"href":"https:\/\/news.save.ch\/en\/wp-json\/wp\/v2\/media\/24698"}],"wp:attachment":[{"href":"https:\/\/news.save.ch\/en\/wp-json\/wp\/v2\/media?parent=24697"}],"wp:term":[{"taxonomy":"category","embeddable":true,"href":"https:\/\/news.save.ch\/en\/wp-json\/wp\/v2\/categories?post=24697"},{"taxonomy":"post_tag","embeddable":true,"href":"https:\/\/news.save.ch\/en\/wp-json\/wp\/v2\/tags?post=24697"}],"curies":[{"name":"wp","href":"https:\/\/api.w.org\/{rel}","templated":true}]}}