{"id":24701,"date":"2025-11-11T14:48:49","date_gmt":"2025-11-11T13:48:49","guid":{"rendered":"https:\/\/news.save.ch\/?p=24701"},"modified":"2025-11-11T14:49:40","modified_gmt":"2025-11-11T13:49:40","slug":"sicherheit-der-bevoelkerung-verbessern-bundesrat-will-luecken-bei-der-planung-von-grossraeumigen-evakuierungen-schliessen","status":null,"type":"post","link":"https:\/\/news.save.ch\/en\/sicherheit-der-bevoelkerung-verbessern-bundesrat-will-luecken-bei-der-planung-von-grossraeumigen-evakuierungen-schliessen\/","title":{"rendered":"Improving the safety of the population: Federal Council wants to close gaps in the planning of large-scale evacuations"},"content":{"rendered":"<figure id=\"attachment_24702\" aria-describedby=\"caption-attachment-24702\" style=\"width: 680px\" class=\"wp-caption alignnone\"><img loading=\"lazy\" decoding=\"async\" class=\"size-medium wp-image-24702\" src=\"https:\/\/news.save.ch\/wp-content\/uploads\/2025\/11\/Depositphotos_599616798_S-680x454.jpg\" alt=\"\" width=\"680\" height=\"454\" srcset=\"https:\/\/news.save.ch\/wp-content\/uploads\/2025\/11\/Depositphotos_599616798_S-680x454.jpg 680w, https:\/\/news.save.ch\/wp-content\/uploads\/2025\/11\/Depositphotos_599616798_S-768x512.jpg 768w, https:\/\/news.save.ch\/wp-content\/uploads\/2025\/11\/Depositphotos_599616798_S-18x12.jpg 18w, https:\/\/news.save.ch\/wp-content\/uploads\/2025\/11\/Depositphotos_599616798_S-375x250.jpg 375w, https:\/\/news.save.ch\/wp-content\/uploads\/2025\/11\/Depositphotos_599616798_S-525x350.jpg 525w, https:\/\/news.save.ch\/wp-content\/uploads\/2025\/11\/Depositphotos_599616798_S.jpg 1000w\" sizes=\"auto, (max-width: 680px) 100vw, 680px\" \/><figcaption id=\"caption-attachment-24702\" class=\"wp-caption-text\">Photo: Depositphotos\/surachetsh<\/figcaption><\/figure>\n<p id=\"doc-1j981uaqa0\" class=\"font--regular\">Evacuation - especially of a large area - is one of the most important and at the same time most challenging civil protection measures to limit the impact of an incident. In such cases, authorities and emergency organizations are under particularly high time pressure, must guarantee the availability of the necessary transport infrastructure and ensure that the traffic situation is regulated under difficult conditions.<\/p>\n<p id=\"doc-1j981ucel0\" class=\"font--regular\">The current principles established throughout Switzerland for large-scale evacuation are based on planning initiated by the cantons, the Federal Office for Civil Protection (FOCP) and the responsible authorities in the transport sector (including SBB and PostBus) following the nuclear power plant accident in Fukushima in 2011. The resulting evacuation model is mainly geared towards the scenario of a nuclear power plant accident. Thanks to its simple core idea and its modular structure with the three elements \u00abemergency meeting points\u00bb, \u00abreception points\u00bb and \u00absupport points\u00bb, the model can also be used for a variety of other scenarios.<\/p>\n<h3 id=\"doc-1j981ucem0\" class=\"h2\">Emergency meeting point set up throughout Switzerland<\/h3>\n<p id=\"doc-1j981ucem1\" class=\"font--regular\">Emergency meeting points in particular have now been set up almost everywhere in Switzerland. They serve as central points of contact for the population in the event of disasters and emergencies, where they can obtain information, make emergency calls and receive further support if required.<\/p>\n<p id=\"doc-1j981ucem2\" class=\"font--regular\">In addition, the Coordination of Traffic in Exceptional Situations (KOVE) is a crisis organization that is also deployed in the event of precautionary large-scale evacuations.<\/p>\n<h3 id=\"doc-1j981ucen0\" class=\"h2\">Targeted further development of evacuation concepts<\/h3>\n<p id=\"doc-1j981ucen1\" class=\"font--regular\">However, exercises at cantonal and federal level in recent years have shown that there are still conceptual gaps in the planning of large-scale evacuations, such as for the evacuation of so-called special facilities, including hospitals. Against this background and due to the changing security policy environment, various projects have been initiated with the involvement of the federal government, cantons and the armed forces to address the issue of evacuations in the context of civilian incidents or in the event of armed conflict. These include, for example, the \u00abCivil Protection Capability Analysis\u00bb, which deals with the challenges of evacuations in the event of a direct military threat against Switzerland.<\/p>\n<p id=\"doc-1j981uceo0\" class=\"font--regular\">The <a href=\"https:\/\/cms.news.admin.ch\/dam\/de\/der-schweizerische-bundesrat\/NEknqZNFvBej\/Bericht_Bundesrat_Postulat_Riniker_23.3740.pdf\">Report of the Federal Council in response to postulate 23.3740 Riniker<\/a> serves as the basis for the necessary follow-up work to close the gaps in the area of evacuation planning. In particular, it is also about improving and further developing the existing foundations. The overarching goal is to bundle and utilize the capabilities available in Switzerland in such a way that evacuation can be carried out as a measure with the greatest possible protection for the population in the event of an incident.<\/p>\n<p><em>Source: babs.admin.ch<\/em><\/p>","protected":false},"excerpt":{"rendered":"<p>Die Evakuierung \u2013 insbesondere eines umfangreichen Gebiets \u2013 ist eine der wichtigsten und zugleich herausforderndsten Massnahmen des Bev\u00f6lkerungsschutzes, um die Auswirkungen eines Ereignisses zu begrenzen. Beh\u00f6rden und Einsatzorganisationen stehen in einem solchen Fall unter besonders hohem Zeitdruck, m\u00fcssen die Verf\u00fcgbarkeit der notwendigen Transportinfrastruktur gew\u00e4hrleisten und die Regelung der Verkehrslage unter erschwerten Bedingungen sicherstellen. Die aktuellen [&hellip;]<\/p>\n","protected":false},"author":31,"featured_media":0,"comment_status":"closed","ping_status":"closed","sticky":false,"template":"","format":"standard","meta":{"_acf_changed":false,"pgc_sgb_lightbox_settings":"","footnotes":""},"categories":[3312],"tags":[73,302,303,6557],"class_list":["post-24701","post","type-post","status-publish","format-standard","hentry","category-sicherheit","tag-babs","tag-evakuierung","tag-notfall","tag-notfalltreffpunkte"],"acf":[],"hkrextid":null,"publication":null,"issue":null,"workflow":null,"startPage":null,"spitzmarke":null,"_posts_by_tag_page_fields":null,"_at_widget":null,"_yoast_wpseo_primary_category":"3312","_yoast_wpseo_focuskw_text_input":null,"_yoast_wpseo_opengraph-image":null,"_yoast_wpseo_opengraph-description":null,"_yoast_wpseo_opengraph-title":null,"enclosure":null,"_yoast_wpseo_twitter-title":null,"_yoast_wpseo_twitter-description":null,"_yoast_wpseo_twitter-image":null,"_wp_old_slug":null,"_yoast_wpseo_title":null,"_yoast_wpseo_canonical":null,"yoast_head":"<!-- This site is optimized with the Yoast SEO plugin v27.4 - https:\/\/yoast.com\/product\/yoast-seo-wordpress\/ -->\n<title>Sicherheit der Bev\u00f6lkerung verbessern: Bundesrat will L\u00fccken bei der Planung von grossr\u00e4umigen Evakuierungen schliessen - Save<\/title>\n<meta name=\"description\" content=\"In der Planung grossr\u00e4umiger Evakuierungen zeigen sich L\u00fccken, beispielsweise bei der Evakuierung von besonderen Einrichtungen wie Spit\u00e4ler. Der Bundesrat will die Sicherheit der Bev\u00f6lkerung gew\u00e4hrleisten und deshalb die Grundlagen verbessern.\" \/>\n<meta name=\"robots\" content=\"index, follow, max-snippet:-1, max-image-preview:large, max-video-preview:-1\" \/>\n<link rel=\"canonical\" href=\"https:\/\/news.save.ch\/en\/sicherheit-der-bevoelkerung-verbessern-bundesrat-will-luecken-bei-der-planung-von-grossraeumigen-evakuierungen-schliessen\/\" \/>\n<meta property=\"og:locale\" content=\"en_US\" \/>\n<meta property=\"og:type\" content=\"article\" \/>\n<meta property=\"og:title\" content=\"Sicherheit der Bev\u00f6lkerung verbessern: Bundesrat will L\u00fccken bei der Planung von grossr\u00e4umigen Evakuierungen schliessen - Save\" \/>\n<meta property=\"og:description\" content=\"In der Planung grossr\u00e4umiger Evakuierungen zeigen sich L\u00fccken, beispielsweise bei der Evakuierung von besonderen Einrichtungen wie Spit\u00e4ler. Der Bundesrat will die Sicherheit der Bev\u00f6lkerung gew\u00e4hrleisten und deshalb die Grundlagen verbessern.\" \/>\n<meta property=\"og:url\" content=\"https:\/\/news.save.ch\/en\/sicherheit-der-bevoelkerung-verbessern-bundesrat-will-luecken-bei-der-planung-von-grossraeumigen-evakuierungen-schliessen\/\" \/>\n<meta property=\"og:site_name\" content=\"Save\" \/>\n<meta property=\"article:published_time\" content=\"2025-11-11T13:48:49+00:00\" \/>\n<meta property=\"article:modified_time\" content=\"2025-11-11T13:49:40+00:00\" \/>\n<meta property=\"og:image\" content=\"https:\/\/news.save.ch\/wp-content\/uploads\/2025\/11\/Depositphotos_599616798_S.jpg\" \/>\n\t<meta property=\"og:image:width\" content=\"1000\" \/>\n\t<meta property=\"og:image:height\" content=\"667\" \/>\n\t<meta property=\"og:image:type\" content=\"image\/jpeg\" \/>\n<meta name=\"author\" content=\"stefanie Zeng\" \/>\n<meta name=\"twitter:card\" content=\"summary_large_image\" \/>\n<meta name=\"twitter:label1\" content=\"Written by\" \/>\n\t<meta name=\"twitter:data1\" content=\"stefanie Zeng\" \/>\n\t<meta name=\"twitter:label2\" content=\"Est. reading time\" \/>\n\t<meta name=\"twitter:data2\" content=\"3 minutes\" \/>\n<script type=\"application\/ld+json\" class=\"yoast-schema-graph\">{\"@context\":\"https:\\\/\\\/schema.org\",\"@graph\":[{\"@type\":\"Article\",\"@id\":\"https:\\\/\\\/news.save.ch\\\/sicherheit-der-bevoelkerung-verbessern-bundesrat-will-luecken-bei-der-planung-von-grossraeumigen-evakuierungen-schliessen\\\/#article\",\"isPartOf\":{\"@id\":\"https:\\\/\\\/news.save.ch\\\/sicherheit-der-bevoelkerung-verbessern-bundesrat-will-luecken-bei-der-planung-von-grossraeumigen-evakuierungen-schliessen\\\/\"},\"author\":{\"name\":\"stefanie Zeng\",\"@id\":\"https:\\\/\\\/news.save.ch\\\/de\\\/#\\\/schema\\\/person\\\/10917387362b3961e882740f6cf6f2a2\"},\"headline\":\"Sicherheit der Bev\u00f6lkerung verbessern: Bundesrat will L\u00fccken bei der Planung von grossr\u00e4umigen Evakuierungen schliessen\",\"datePublished\":\"2025-11-11T13:48:49+00:00\",\"dateModified\":\"2025-11-11T13:49:40+00:00\",\"mainEntityOfPage\":{\"@id\":\"https:\\\/\\\/news.save.ch\\\/sicherheit-der-bevoelkerung-verbessern-bundesrat-will-luecken-bei-der-planung-von-grossraeumigen-evakuierungen-schliessen\\\/\"},\"wordCount\":441,\"publisher\":{\"@id\":\"https:\\\/\\\/news.save.ch\\\/de\\\/#organization\"},\"image\":{\"@id\":\"https:\\\/\\\/news.save.ch\\\/sicherheit-der-bevoelkerung-verbessern-bundesrat-will-luecken-bei-der-planung-von-grossraeumigen-evakuierungen-schliessen\\\/#primaryimage\"},\"thumbnailUrl\":\"https:\\\/\\\/news.save.ch\\\/wp-content\\\/uploads\\\/2025\\\/11\\\/Depositphotos_599616798_S-680x454.jpg\",\"keywords\":[\"BABS\",\"Evakuierung\",\"Notfall\",\"Notfalltreffpunkte\"],\"articleSection\":[\"SICHERHEIT\"],\"inLanguage\":\"en-US\"},{\"@type\":\"WebPage\",\"@id\":\"https:\\\/\\\/news.save.ch\\\/sicherheit-der-bevoelkerung-verbessern-bundesrat-will-luecken-bei-der-planung-von-grossraeumigen-evakuierungen-schliessen\\\/\",\"url\":\"https:\\\/\\\/news.save.ch\\\/sicherheit-der-bevoelkerung-verbessern-bundesrat-will-luecken-bei-der-planung-von-grossraeumigen-evakuierungen-schliessen\\\/\",\"name\":\"Sicherheit der Bev\u00f6lkerung verbessern: Bundesrat will L\u00fccken bei der Planung von grossr\u00e4umigen Evakuierungen schliessen - Save\",\"isPartOf\":{\"@id\":\"https:\\\/\\\/news.save.ch\\\/de\\\/#website\"},\"primaryImageOfPage\":{\"@id\":\"https:\\\/\\\/news.save.ch\\\/sicherheit-der-bevoelkerung-verbessern-bundesrat-will-luecken-bei-der-planung-von-grossraeumigen-evakuierungen-schliessen\\\/#primaryimage\"},\"image\":{\"@id\":\"https:\\\/\\\/news.save.ch\\\/sicherheit-der-bevoelkerung-verbessern-bundesrat-will-luecken-bei-der-planung-von-grossraeumigen-evakuierungen-schliessen\\\/#primaryimage\"},\"thumbnailUrl\":\"https:\\\/\\\/news.save.ch\\\/wp-content\\\/uploads\\\/2025\\\/11\\\/Depositphotos_599616798_S-680x454.jpg\",\"datePublished\":\"2025-11-11T13:48:49+00:00\",\"dateModified\":\"2025-11-11T13:49:40+00:00\",\"description\":\"In der Planung grossr\u00e4umiger Evakuierungen zeigen sich L\u00fccken, beispielsweise bei der Evakuierung von besonderen Einrichtungen wie Spit\u00e4ler. Der Bundesrat will die Sicherheit der Bev\u00f6lkerung gew\u00e4hrleisten und deshalb die Grundlagen verbessern.\",\"breadcrumb\":{\"@id\":\"https:\\\/\\\/news.save.ch\\\/sicherheit-der-bevoelkerung-verbessern-bundesrat-will-luecken-bei-der-planung-von-grossraeumigen-evakuierungen-schliessen\\\/#breadcrumb\"},\"inLanguage\":\"en-US\",\"potentialAction\":[{\"@type\":\"ReadAction\",\"target\":[\"https:\\\/\\\/news.save.ch\\\/sicherheit-der-bevoelkerung-verbessern-bundesrat-will-luecken-bei-der-planung-von-grossraeumigen-evakuierungen-schliessen\\\/\"]}]},{\"@type\":\"ImageObject\",\"inLanguage\":\"en-US\",\"@id\":\"https:\\\/\\\/news.save.ch\\\/sicherheit-der-bevoelkerung-verbessern-bundesrat-will-luecken-bei-der-planung-von-grossraeumigen-evakuierungen-schliessen\\\/#primaryimage\",\"url\":\"https:\\\/\\\/news.save.ch\\\/wp-content\\\/uploads\\\/2025\\\/11\\\/Depositphotos_599616798_S-680x454.jpg\",\"contentUrl\":\"https:\\\/\\\/news.save.ch\\\/wp-content\\\/uploads\\\/2025\\\/11\\\/Depositphotos_599616798_S-680x454.jpg\"},{\"@type\":\"BreadcrumbList\",\"@id\":\"https:\\\/\\\/news.save.ch\\\/sicherheit-der-bevoelkerung-verbessern-bundesrat-will-luecken-bei-der-planung-von-grossraeumigen-evakuierungen-schliessen\\\/#breadcrumb\",\"itemListElement\":[{\"@type\":\"ListItem\",\"position\":1,\"name\":\"Home\",\"item\":\"https:\\\/\\\/news.save.ch\\\/de\\\/\"},{\"@type\":\"ListItem\",\"position\":2,\"name\":\"Sicherheit der Bev\u00f6lkerung verbessern: Bundesrat will L\u00fccken bei der Planung von grossr\u00e4umigen Evakuierungen schliessen\"}]},{\"@type\":\"WebSite\",\"@id\":\"https:\\\/\\\/news.save.ch\\\/de\\\/#website\",\"url\":\"https:\\\/\\\/news.save.ch\\\/de\\\/\",\"name\":\"Save\",\"description\":\"Schweizer Fachzeitschrift f\u00fcr Sicherheit\",\"publisher\":{\"@id\":\"https:\\\/\\\/news.save.ch\\\/de\\\/#organization\"},\"potentialAction\":[{\"@type\":\"SearchAction\",\"target\":{\"@type\":\"EntryPoint\",\"urlTemplate\":\"https:\\\/\\\/news.save.ch\\\/de\\\/?s={search_term_string}\"},\"query-input\":{\"@type\":\"PropertyValueSpecification\",\"valueRequired\":true,\"valueName\":\"search_term_string\"}}],\"inLanguage\":\"en-US\"},{\"@type\":\"Organization\",\"@id\":\"https:\\\/\\\/news.save.ch\\\/de\\\/#organization\",\"name\":\"Sicherheitsforum\",\"url\":\"https:\\\/\\\/news.save.ch\\\/de\\\/\",\"logo\":{\"@type\":\"ImageObject\",\"inLanguage\":\"en-US\",\"@id\":\"https:\\\/\\\/news.save.ch\\\/de\\\/#\\\/schema\\\/logo\\\/image\\\/\",\"url\":\"https:\\\/\\\/news.save.ch\\\/wp-content\\\/uploads\\\/2022\\\/06\\\/Logo_SF_2012.png\",\"contentUrl\":\"https:\\\/\\\/news.save.ch\\\/wp-content\\\/uploads\\\/2022\\\/06\\\/Logo_SF_2012.png\",\"width\":1100,\"height\":91,\"caption\":\"Sicherheitsforum\"},\"image\":{\"@id\":\"https:\\\/\\\/news.save.ch\\\/de\\\/#\\\/schema\\\/logo\\\/image\\\/\"}},{\"@type\":\"Person\",\"@id\":\"https:\\\/\\\/news.save.ch\\\/de\\\/#\\\/schema\\\/person\\\/10917387362b3961e882740f6cf6f2a2\",\"name\":\"stefanie Zeng\",\"image\":{\"@type\":\"ImageObject\",\"inLanguage\":\"en-US\",\"@id\":\"https:\\\/\\\/secure.gravatar.com\\\/avatar\\\/eac43faa6e40bb2c41068c95c9d78bbd94c476d5efdff7abaab80bb3ea681e06?s=96&d=mm&r=g\",\"url\":\"https:\\\/\\\/secure.gravatar.com\\\/avatar\\\/eac43faa6e40bb2c41068c95c9d78bbd94c476d5efdff7abaab80bb3ea681e06?s=96&d=mm&r=g\",\"contentUrl\":\"https:\\\/\\\/secure.gravatar.com\\\/avatar\\\/eac43faa6e40bb2c41068c95c9d78bbd94c476d5efdff7abaab80bb3ea681e06?s=96&d=mm&r=g\",\"caption\":\"stefanie Zeng\"},\"url\":\"https:\\\/\\\/news.save.ch\\\/en\\\/author\\\/stefanie-zeng\\\/\"}]}<\/script>\n<!-- \/ Yoast SEO plugin. -->","yoast_head_json":{"title":"Improving the safety of the population: Federal Council wants to close gaps in the planning of large-scale evacuations - Save","description":"There are gaps in the planning of large-scale evacuations, for example in the evacuation of special facilities such as hospitals. The Federal Council wants to ensure the safety of the population and therefore improve the basic principles.","robots":{"index":"index","follow":"follow","max-snippet":"max-snippet:-1","max-image-preview":"max-image-preview:large","max-video-preview":"max-video-preview:-1"},"canonical":"https:\/\/news.save.ch\/en\/sicherheit-der-bevoelkerung-verbessern-bundesrat-will-luecken-bei-der-planung-von-grossraeumigen-evakuierungen-schliessen\/","og_locale":"en_US","og_type":"article","og_title":"Sicherheit der Bev\u00f6lkerung verbessern: Bundesrat will L\u00fccken bei der Planung von grossr\u00e4umigen Evakuierungen schliessen - Save","og_description":"In der Planung grossr\u00e4umiger Evakuierungen zeigen sich L\u00fccken, beispielsweise bei der Evakuierung von besonderen Einrichtungen wie Spit\u00e4ler. Der Bundesrat will die Sicherheit der Bev\u00f6lkerung gew\u00e4hrleisten und deshalb die Grundlagen verbessern.","og_url":"https:\/\/news.save.ch\/en\/sicherheit-der-bevoelkerung-verbessern-bundesrat-will-luecken-bei-der-planung-von-grossraeumigen-evakuierungen-schliessen\/","og_site_name":"Save","article_published_time":"2025-11-11T13:48:49+00:00","article_modified_time":"2025-11-11T13:49:40+00:00","og_image":[{"width":1000,"height":667,"url":"https:\/\/news.save.ch\/wp-content\/uploads\/2025\/11\/Depositphotos_599616798_S.jpg","type":"image\/jpeg"}],"author":"stefanie Zeng","twitter_card":"summary_large_image","twitter_misc":{"Written by":"stefanie Zeng","Est. reading time":"3 minutes"},"schema":{"@context":"https:\/\/schema.org","@graph":[{"@type":"Article","@id":"https:\/\/news.save.ch\/sicherheit-der-bevoelkerung-verbessern-bundesrat-will-luecken-bei-der-planung-von-grossraeumigen-evakuierungen-schliessen\/#article","isPartOf":{"@id":"https:\/\/news.save.ch\/sicherheit-der-bevoelkerung-verbessern-bundesrat-will-luecken-bei-der-planung-von-grossraeumigen-evakuierungen-schliessen\/"},"author":{"name":"stefanie Zeng","@id":"https:\/\/news.save.ch\/de\/#\/schema\/person\/10917387362b3961e882740f6cf6f2a2"},"headline":"Sicherheit der Bev\u00f6lkerung verbessern: Bundesrat will L\u00fccken bei der Planung von grossr\u00e4umigen Evakuierungen schliessen","datePublished":"2025-11-11T13:48:49+00:00","dateModified":"2025-11-11T13:49:40+00:00","mainEntityOfPage":{"@id":"https:\/\/news.save.ch\/sicherheit-der-bevoelkerung-verbessern-bundesrat-will-luecken-bei-der-planung-von-grossraeumigen-evakuierungen-schliessen\/"},"wordCount":441,"publisher":{"@id":"https:\/\/news.save.ch\/de\/#organization"},"image":{"@id":"https:\/\/news.save.ch\/sicherheit-der-bevoelkerung-verbessern-bundesrat-will-luecken-bei-der-planung-von-grossraeumigen-evakuierungen-schliessen\/#primaryimage"},"thumbnailUrl":"https:\/\/news.save.ch\/wp-content\/uploads\/2025\/11\/Depositphotos_599616798_S-680x454.jpg","keywords":["BABS","Evakuierung","Notfall","Notfalltreffpunkte"],"articleSection":["SICHERHEIT"],"inLanguage":"en-US"},{"@type":"WebPage","@id":"https:\/\/news.save.ch\/sicherheit-der-bevoelkerung-verbessern-bundesrat-will-luecken-bei-der-planung-von-grossraeumigen-evakuierungen-schliessen\/","url":"https:\/\/news.save.ch\/sicherheit-der-bevoelkerung-verbessern-bundesrat-will-luecken-bei-der-planung-von-grossraeumigen-evakuierungen-schliessen\/","name":"Improving the safety of the population: Federal Council wants to close gaps in the planning of large-scale evacuations - Save","isPartOf":{"@id":"https:\/\/news.save.ch\/de\/#website"},"primaryImageOfPage":{"@id":"https:\/\/news.save.ch\/sicherheit-der-bevoelkerung-verbessern-bundesrat-will-luecken-bei-der-planung-von-grossraeumigen-evakuierungen-schliessen\/#primaryimage"},"image":{"@id":"https:\/\/news.save.ch\/sicherheit-der-bevoelkerung-verbessern-bundesrat-will-luecken-bei-der-planung-von-grossraeumigen-evakuierungen-schliessen\/#primaryimage"},"thumbnailUrl":"https:\/\/news.save.ch\/wp-content\/uploads\/2025\/11\/Depositphotos_599616798_S-680x454.jpg","datePublished":"2025-11-11T13:48:49+00:00","dateModified":"2025-11-11T13:49:40+00:00","description":"There are gaps in the planning of large-scale evacuations, for example in the evacuation of special facilities such as hospitals. The Federal Council wants to ensure the safety of the population and therefore improve the basic principles.","breadcrumb":{"@id":"https:\/\/news.save.ch\/sicherheit-der-bevoelkerung-verbessern-bundesrat-will-luecken-bei-der-planung-von-grossraeumigen-evakuierungen-schliessen\/#breadcrumb"},"inLanguage":"en-US","potentialAction":[{"@type":"ReadAction","target":["https:\/\/news.save.ch\/sicherheit-der-bevoelkerung-verbessern-bundesrat-will-luecken-bei-der-planung-von-grossraeumigen-evakuierungen-schliessen\/"]}]},{"@type":"ImageObject","inLanguage":"en-US","@id":"https:\/\/news.save.ch\/sicherheit-der-bevoelkerung-verbessern-bundesrat-will-luecken-bei-der-planung-von-grossraeumigen-evakuierungen-schliessen\/#primaryimage","url":"https:\/\/news.save.ch\/wp-content\/uploads\/2025\/11\/Depositphotos_599616798_S-680x454.jpg","contentUrl":"https:\/\/news.save.ch\/wp-content\/uploads\/2025\/11\/Depositphotos_599616798_S-680x454.jpg"},{"@type":"BreadcrumbList","@id":"https:\/\/news.save.ch\/sicherheit-der-bevoelkerung-verbessern-bundesrat-will-luecken-bei-der-planung-von-grossraeumigen-evakuierungen-schliessen\/#breadcrumb","itemListElement":[{"@type":"ListItem","position":1,"name":"Home","item":"https:\/\/news.save.ch\/de\/"},{"@type":"ListItem","position":2,"name":"Sicherheit der Bev\u00f6lkerung verbessern: Bundesrat will L\u00fccken bei der Planung von grossr\u00e4umigen Evakuierungen schliessen"}]},{"@type":"WebSite","@id":"https:\/\/news.save.ch\/de\/#website","url":"https:\/\/news.save.ch\/de\/","name":"Save","description":"Swiss trade journal for safety","publisher":{"@id":"https:\/\/news.save.ch\/de\/#organization"},"potentialAction":[{"@type":"SearchAction","target":{"@type":"EntryPoint","urlTemplate":"https:\/\/news.save.ch\/de\/?s={search_term_string}"},"query-input":{"@type":"PropertyValueSpecification","valueRequired":true,"valueName":"search_term_string"}}],"inLanguage":"en-US"},{"@type":"Organization","@id":"https:\/\/news.save.ch\/de\/#organization","name":"Security Forum","url":"https:\/\/news.save.ch\/de\/","logo":{"@type":"ImageObject","inLanguage":"en-US","@id":"https:\/\/news.save.ch\/de\/#\/schema\/logo\/image\/","url":"https:\/\/news.save.ch\/wp-content\/uploads\/2022\/06\/Logo_SF_2012.png","contentUrl":"https:\/\/news.save.ch\/wp-content\/uploads\/2022\/06\/Logo_SF_2012.png","width":1100,"height":91,"caption":"Sicherheitsforum"},"image":{"@id":"https:\/\/news.save.ch\/de\/#\/schema\/logo\/image\/"}},{"@type":"Person","@id":"https:\/\/news.save.ch\/de\/#\/schema\/person\/10917387362b3961e882740f6cf6f2a2","name":"Stefanie Zeng","image":{"@type":"ImageObject","inLanguage":"en-US","@id":"https:\/\/secure.gravatar.com\/avatar\/eac43faa6e40bb2c41068c95c9d78bbd94c476d5efdff7abaab80bb3ea681e06?s=96&d=mm&r=g","url":"https:\/\/secure.gravatar.com\/avatar\/eac43faa6e40bb2c41068c95c9d78bbd94c476d5efdff7abaab80bb3ea681e06?s=96&d=mm&r=g","contentUrl":"https:\/\/secure.gravatar.com\/avatar\/eac43faa6e40bb2c41068c95c9d78bbd94c476d5efdff7abaab80bb3ea681e06?s=96&d=mm&r=g","caption":"stefanie Zeng"},"url":"https:\/\/news.save.ch\/en\/author\/stefanie-zeng\/"}]}},"_links":{"self":[{"href":"https:\/\/news.save.ch\/en\/wp-json\/wp\/v2\/posts\/24701","targetHints":{"allow":["GET"]}}],"collection":[{"href":"https:\/\/news.save.ch\/en\/wp-json\/wp\/v2\/posts"}],"about":[{"href":"https:\/\/news.save.ch\/en\/wp-json\/wp\/v2\/types\/post"}],"author":[{"embeddable":true,"href":"https:\/\/news.save.ch\/en\/wp-json\/wp\/v2\/users\/31"}],"replies":[{"embeddable":true,"href":"https:\/\/news.save.ch\/en\/wp-json\/wp\/v2\/comments?post=24701"}],"version-history":[{"count":2,"href":"https:\/\/news.save.ch\/en\/wp-json\/wp\/v2\/posts\/24701\/revisions"}],"predecessor-version":[{"id":24704,"href":"https:\/\/news.save.ch\/en\/wp-json\/wp\/v2\/posts\/24701\/revisions\/24704"}],"wp:attachment":[{"href":"https:\/\/news.save.ch\/en\/wp-json\/wp\/v2\/media?parent=24701"}],"wp:term":[{"taxonomy":"category","embeddable":true,"href":"https:\/\/news.save.ch\/en\/wp-json\/wp\/v2\/categories?post=24701"},{"taxonomy":"post_tag","embeddable":true,"href":"https:\/\/news.save.ch\/en\/wp-json\/wp\/v2\/tags?post=24701"}],"curies":[{"name":"wp","href":"https:\/\/api.w.org\/{rel}","templated":true}]}}