{"id":24746,"date":"2025-11-26T09:25:14","date_gmt":"2025-11-26T08:25:14","guid":{"rendered":"https:\/\/news.save.ch\/?p=24746"},"modified":"2025-11-26T09:30:18","modified_gmt":"2025-11-26T08:30:18","slug":"megatrends-und-erdbebenresilienz-im-fokus-der-bevoelkerungsschutzkonferenz","status":null,"type":"post","link":"https:\/\/news.save.ch\/en\/megatrends-und-erdbebenresilienz-im-fokus-der-bevoelkerungsschutzkonferenz\/","title":{"rendered":"Megatrends and earthquake resilience in the focus of the Civil Protection Conference"},"content":{"rendered":"<figure id=\"attachment_24757\" aria-describedby=\"caption-attachment-24757\" style=\"width: 680px\" class=\"wp-caption alignnone\"><img loading=\"lazy\" decoding=\"async\" class=\"size-medium wp-image-24757\" src=\"https:\/\/news.save.ch\/wp-content\/uploads\/2025\/11\/Depositphotos_639034164_S-680x383.jpg\" alt=\"\" width=\"680\" height=\"383\" srcset=\"https:\/\/news.save.ch\/wp-content\/uploads\/2025\/11\/Depositphotos_639034164_S-680x383.jpg 680w, https:\/\/news.save.ch\/wp-content\/uploads\/2025\/11\/Depositphotos_639034164_S-768x432.jpg 768w, https:\/\/news.save.ch\/wp-content\/uploads\/2025\/11\/Depositphotos_639034164_S-18x10.jpg 18w, https:\/\/news.save.ch\/wp-content\/uploads\/2025\/11\/Depositphotos_639034164_S-375x211.jpg 375w, https:\/\/news.save.ch\/wp-content\/uploads\/2025\/11\/Depositphotos_639034164_S-622x350.jpg 622w, https:\/\/news.save.ch\/wp-content\/uploads\/2025\/11\/Depositphotos_639034164_S.jpg 1000w\" sizes=\"auto, (max-width: 680px) 100vw, 680px\" \/><figcaption id=\"caption-attachment-24757\" class=\"wp-caption-text\">Photo: Depositphotos\/destinacigdem<\/figcaption><\/figure>\n<p id=\"doc-1jat3buge0\" class=\"font--regular\">The Civil Protection Conference 2025 (BSK25) organized by the Federal Office for Civil Protection (FOCP) took place in the Volkshaus in Biel\/Bienne. The event serves not only to impart knowledge on a specific topic, but also to promote networking among the participants, who are mainly civil protection actors (police, fire department, emergency medical services, technical services and civil defense).<\/p>\n<p id=\"doc-1jat3c0n20\" class=\"font--regular\">The BSK25 began with welcoming addresses from Martin Pfister, Federal Councillor and Head of the Federal Department of Defense, Civil Protection and Sport (DDPS), and Philippe M\u00fcller, Member of the Cantonal Government and Director of Security of the Canton of Bern. In his speech, Federal Councillor Martin Pfister noted that in times of a rapidly deteriorating security policy situation, civil protection in Switzerland remains a central element of our security architecture and our protection system.<\/p>\n<p id=\"doc-1jat3c0n30\" class=\"font--regular\">The first conference presentations were dedicated to megatrends, their relevance for civil protection and their impact on risk management, and included an overview of earthquake preparedness in Switzerland. The response of the federal government and the cantons to an earthquake was also the subject of a presentation.<\/p>\n<p id=\"doc-1jat3c0n40\" class=\"font--regular\">The risk of earthquakes was chosen as one of the two central topics of the conference because this natural disaster requires civil protection organizations to deploy most of the skills they need to cope with major events and because its damage potential is particularly high.<\/p>\n<h3 id=\"doc-1jat3c0n41\" class=\"h2\">Robotics for locating earthquake victims<\/h3>\n<p id=\"doc-1jat3c0n50\" class=\"font--regular\">The topic was explored in greater depth in further presentations. Big data and AI tools can be used to identify imminent earthquakes in advance, enabling early warning. Another megatrend, robotics, can in turn help to locate victims and people trapped in rubble, while digitalization can contribute to a better assessment of the condition of buildings after an earthquake.<\/p>\n<p id=\"doc-1jat3c0n51\" class=\"font--regular\">Towards the end of the conference, the analysis of extensive anonymized cell phone data was discussed. This would make it possible to better understand the behavior of the population affected by a disaster and improve their protection. However, before such a tool can be introduced, the high data protection requirements need to be overcome. In the second-last conference presentation, a project was presented that aims to increase the population's ability to cope with crises by strengthening social and individual resilience. The topic of the last presentation was the coordination of international aid.<\/p>\n<p id=\"doc-1jat3c0n60\" class=\"font--regular\">Following the presentations, participants had the opportunity to network over a small aperitif: If the key players already know each other, a crisis can be managed more effectively. In her closing remarks, Michaela Sch\u00e4rer, Director of the FOCP, emphasized the importance of good cooperation between the various partners, particularly between the federal government and the cantons, so that innovations can be implemented quickly for the benefit of civil protection.<\/p>\n<p><em>Source: <a href=\"mailto:media@babs.admin.ch\">babs.admin.ch<\/a><\/em><\/p>","protected":false},"excerpt":{"rendered":"<p>Die vom Bundesamt f\u00fcr Bev\u00f6lkerungsschutz (BABS) organisierte Bev\u00f6lkerungsschutzkonferenz 2025 (BSK25) fand im Bieler Volkshaus statt. Die Veranstaltung dient nicht nur der Vermittlung von Wissen zu einem bestimmten Thema, sondern auch der Vernetzung unter den Teilnehmenden, bei denen es sich \u00fcberwiegend um Akteure aus dem Bev\u00f6lkerungsschutz handelt (Polizei, Feuerwehr, sanit\u00e4tsdienstliches Rettungswesen, technische Dienste und Zivilschutz). Die [&hellip;]<\/p>\n","protected":false},"author":31,"featured_media":0,"comment_status":"closed","ping_status":"closed","sticky":false,"template":"","format":"standard","meta":{"_acf_changed":false,"pgc_sgb_lightbox_settings":"","footnotes":""},"categories":[3315],"tags":[73,371,6360],"class_list":["post-24746","post","type-post","status-publish","format-standard","hentry","category-infrastruktur","tag-babs","tag-bevoelkerungsschutz","tag-erdbeben"],"acf":[],"hkrextid":null,"publication":null,"issue":null,"workflow":null,"startPage":null,"spitzmarke":null,"_posts_by_tag_page_fields":null,"_at_widget":null,"_yoast_wpseo_primary_category":"3315","_yoast_wpseo_focuskw_text_input":null,"_yoast_wpseo_opengraph-image":null,"_yoast_wpseo_opengraph-description":null,"_yoast_wpseo_opengraph-title":null,"enclosure":null,"_yoast_wpseo_twitter-title":null,"_yoast_wpseo_twitter-description":null,"_yoast_wpseo_twitter-image":null,"_wp_old_slug":null,"_yoast_wpseo_title":null,"_yoast_wpseo_canonical":null,"yoast_head":"<!-- This site is optimized with the Yoast SEO plugin v27.4 - https:\/\/yoast.com\/product\/yoast-seo-wordpress\/ -->\n<title>Megatrends und Erdbebenresilienz im Fokus der Bev\u00f6lkerungsschutzkonferenz - Save<\/title>\n<meta name=\"description\" content=\"Bev\u00f6lkerungsschutzkonferenz 2025: Die Veranstaltung widmete sich zw\u00f6lf globalen Megatrends \u2013 darunter die k\u00fcnstliche Intelligenz, Big Data und Drohnen \u2013 sowie deren potenzieller Nutzung bei der Erdbebenvorsorge und -bew\u00e4ltigung in der Schweiz.\" \/>\n<meta name=\"robots\" content=\"index, follow, max-snippet:-1, max-image-preview:large, max-video-preview:-1\" \/>\n<link rel=\"canonical\" href=\"https:\/\/news.save.ch\/en\/megatrends-und-erdbebenresilienz-im-fokus-der-bevoelkerungsschutzkonferenz\/\" \/>\n<meta property=\"og:locale\" content=\"en_US\" \/>\n<meta property=\"og:type\" content=\"article\" \/>\n<meta property=\"og:title\" content=\"Megatrends und Erdbebenresilienz im Fokus der Bev\u00f6lkerungsschutzkonferenz - Save\" \/>\n<meta property=\"og:description\" content=\"Bev\u00f6lkerungsschutzkonferenz 2025: Die Veranstaltung widmete sich zw\u00f6lf globalen Megatrends \u2013 darunter die k\u00fcnstliche Intelligenz, Big Data und Drohnen \u2013 sowie deren potenzieller Nutzung bei der Erdbebenvorsorge und -bew\u00e4ltigung in der Schweiz.\" \/>\n<meta property=\"og:url\" content=\"https:\/\/news.save.ch\/en\/megatrends-und-erdbebenresilienz-im-fokus-der-bevoelkerungsschutzkonferenz\/\" \/>\n<meta property=\"og:site_name\" content=\"Save\" \/>\n<meta property=\"article:published_time\" content=\"2025-11-26T08:25:14+00:00\" \/>\n<meta property=\"article:modified_time\" content=\"2025-11-26T08:30:18+00:00\" \/>\n<meta property=\"og:image\" content=\"https:\/\/news.save.ch\/wp-content\/uploads\/2025\/11\/Depositphotos_639034164_S.jpg\" \/>\n\t<meta property=\"og:image:width\" content=\"1000\" \/>\n\t<meta property=\"og:image:height\" content=\"563\" \/>\n\t<meta property=\"og:image:type\" content=\"image\/jpeg\" \/>\n<meta name=\"author\" content=\"stefanie Zeng\" \/>\n<meta name=\"twitter:card\" content=\"summary_large_image\" \/>\n<meta name=\"twitter:label1\" content=\"Written by\" \/>\n\t<meta name=\"twitter:data1\" content=\"stefanie Zeng\" \/>\n\t<meta name=\"twitter:label2\" content=\"Est. reading time\" \/>\n\t<meta name=\"twitter:data2\" content=\"3 minutes\" \/>\n<script type=\"application\/ld+json\" class=\"yoast-schema-graph\">{\"@context\":\"https:\\\/\\\/schema.org\",\"@graph\":[{\"@type\":\"Article\",\"@id\":\"https:\\\/\\\/news.save.ch\\\/megatrends-und-erdbebenresilienz-im-fokus-der-bevoelkerungsschutzkonferenz\\\/#article\",\"isPartOf\":{\"@id\":\"https:\\\/\\\/news.save.ch\\\/megatrends-und-erdbebenresilienz-im-fokus-der-bevoelkerungsschutzkonferenz\\\/\"},\"author\":{\"name\":\"stefanie Zeng\",\"@id\":\"https:\\\/\\\/news.save.ch\\\/de\\\/#\\\/schema\\\/person\\\/10917387362b3961e882740f6cf6f2a2\"},\"headline\":\"Megatrends und Erdbebenresilienz im Fokus der Bev\u00f6lkerungsschutzkonferenz\",\"datePublished\":\"2025-11-26T08:25:14+00:00\",\"dateModified\":\"2025-11-26T08:30:18+00:00\",\"mainEntityOfPage\":{\"@id\":\"https:\\\/\\\/news.save.ch\\\/megatrends-und-erdbebenresilienz-im-fokus-der-bevoelkerungsschutzkonferenz\\\/\"},\"wordCount\":459,\"publisher\":{\"@id\":\"https:\\\/\\\/news.save.ch\\\/de\\\/#organization\"},\"image\":{\"@id\":\"https:\\\/\\\/news.save.ch\\\/megatrends-und-erdbebenresilienz-im-fokus-der-bevoelkerungsschutzkonferenz\\\/#primaryimage\"},\"thumbnailUrl\":\"https:\\\/\\\/news.save.ch\\\/wp-content\\\/uploads\\\/2025\\\/11\\\/Depositphotos_639034164_S-680x383.jpg\",\"keywords\":[\"BABS\",\"Bev\u00f6lkerungsschutz\",\"Erdbeben\"],\"articleSection\":[\"INFRASTRUKTUREN\"],\"inLanguage\":\"en-US\"},{\"@type\":\"WebPage\",\"@id\":\"https:\\\/\\\/news.save.ch\\\/megatrends-und-erdbebenresilienz-im-fokus-der-bevoelkerungsschutzkonferenz\\\/\",\"url\":\"https:\\\/\\\/news.save.ch\\\/megatrends-und-erdbebenresilienz-im-fokus-der-bevoelkerungsschutzkonferenz\\\/\",\"name\":\"Megatrends und Erdbebenresilienz im Fokus der Bev\u00f6lkerungsschutzkonferenz - Save\",\"isPartOf\":{\"@id\":\"https:\\\/\\\/news.save.ch\\\/de\\\/#website\"},\"primaryImageOfPage\":{\"@id\":\"https:\\\/\\\/news.save.ch\\\/megatrends-und-erdbebenresilienz-im-fokus-der-bevoelkerungsschutzkonferenz\\\/#primaryimage\"},\"image\":{\"@id\":\"https:\\\/\\\/news.save.ch\\\/megatrends-und-erdbebenresilienz-im-fokus-der-bevoelkerungsschutzkonferenz\\\/#primaryimage\"},\"thumbnailUrl\":\"https:\\\/\\\/news.save.ch\\\/wp-content\\\/uploads\\\/2025\\\/11\\\/Depositphotos_639034164_S-680x383.jpg\",\"datePublished\":\"2025-11-26T08:25:14+00:00\",\"dateModified\":\"2025-11-26T08:30:18+00:00\",\"description\":\"Bev\u00f6lkerungsschutzkonferenz 2025: Die Veranstaltung widmete sich zw\u00f6lf globalen Megatrends \u2013 darunter die k\u00fcnstliche Intelligenz, Big Data und Drohnen \u2013 sowie deren potenzieller Nutzung bei der Erdbebenvorsorge und -bew\u00e4ltigung in der Schweiz.\",\"breadcrumb\":{\"@id\":\"https:\\\/\\\/news.save.ch\\\/megatrends-und-erdbebenresilienz-im-fokus-der-bevoelkerungsschutzkonferenz\\\/#breadcrumb\"},\"inLanguage\":\"en-US\",\"potentialAction\":[{\"@type\":\"ReadAction\",\"target\":[\"https:\\\/\\\/news.save.ch\\\/megatrends-und-erdbebenresilienz-im-fokus-der-bevoelkerungsschutzkonferenz\\\/\"]}]},{\"@type\":\"ImageObject\",\"inLanguage\":\"en-US\",\"@id\":\"https:\\\/\\\/news.save.ch\\\/megatrends-und-erdbebenresilienz-im-fokus-der-bevoelkerungsschutzkonferenz\\\/#primaryimage\",\"url\":\"https:\\\/\\\/news.save.ch\\\/wp-content\\\/uploads\\\/2025\\\/11\\\/Depositphotos_639034164_S-680x383.jpg\",\"contentUrl\":\"https:\\\/\\\/news.save.ch\\\/wp-content\\\/uploads\\\/2025\\\/11\\\/Depositphotos_639034164_S-680x383.jpg\"},{\"@type\":\"BreadcrumbList\",\"@id\":\"https:\\\/\\\/news.save.ch\\\/megatrends-und-erdbebenresilienz-im-fokus-der-bevoelkerungsschutzkonferenz\\\/#breadcrumb\",\"itemListElement\":[{\"@type\":\"ListItem\",\"position\":1,\"name\":\"Home\",\"item\":\"https:\\\/\\\/news.save.ch\\\/de\\\/\"},{\"@type\":\"ListItem\",\"position\":2,\"name\":\"Megatrends und Erdbebenresilienz im Fokus der Bev\u00f6lkerungsschutzkonferenz\"}]},{\"@type\":\"WebSite\",\"@id\":\"https:\\\/\\\/news.save.ch\\\/de\\\/#website\",\"url\":\"https:\\\/\\\/news.save.ch\\\/de\\\/\",\"name\":\"Save\",\"description\":\"Schweizer Fachzeitschrift f\u00fcr Sicherheit\",\"publisher\":{\"@id\":\"https:\\\/\\\/news.save.ch\\\/de\\\/#organization\"},\"potentialAction\":[{\"@type\":\"SearchAction\",\"target\":{\"@type\":\"EntryPoint\",\"urlTemplate\":\"https:\\\/\\\/news.save.ch\\\/de\\\/?s={search_term_string}\"},\"query-input\":{\"@type\":\"PropertyValueSpecification\",\"valueRequired\":true,\"valueName\":\"search_term_string\"}}],\"inLanguage\":\"en-US\"},{\"@type\":\"Organization\",\"@id\":\"https:\\\/\\\/news.save.ch\\\/de\\\/#organization\",\"name\":\"Sicherheitsforum\",\"url\":\"https:\\\/\\\/news.save.ch\\\/de\\\/\",\"logo\":{\"@type\":\"ImageObject\",\"inLanguage\":\"en-US\",\"@id\":\"https:\\\/\\\/news.save.ch\\\/de\\\/#\\\/schema\\\/logo\\\/image\\\/\",\"url\":\"https:\\\/\\\/news.save.ch\\\/wp-content\\\/uploads\\\/2022\\\/06\\\/Logo_SF_2012.png\",\"contentUrl\":\"https:\\\/\\\/news.save.ch\\\/wp-content\\\/uploads\\\/2022\\\/06\\\/Logo_SF_2012.png\",\"width\":1100,\"height\":91,\"caption\":\"Sicherheitsforum\"},\"image\":{\"@id\":\"https:\\\/\\\/news.save.ch\\\/de\\\/#\\\/schema\\\/logo\\\/image\\\/\"}},{\"@type\":\"Person\",\"@id\":\"https:\\\/\\\/news.save.ch\\\/de\\\/#\\\/schema\\\/person\\\/10917387362b3961e882740f6cf6f2a2\",\"name\":\"stefanie Zeng\",\"image\":{\"@type\":\"ImageObject\",\"inLanguage\":\"en-US\",\"@id\":\"https:\\\/\\\/secure.gravatar.com\\\/avatar\\\/eac43faa6e40bb2c41068c95c9d78bbd94c476d5efdff7abaab80bb3ea681e06?s=96&d=mm&r=g\",\"url\":\"https:\\\/\\\/secure.gravatar.com\\\/avatar\\\/eac43faa6e40bb2c41068c95c9d78bbd94c476d5efdff7abaab80bb3ea681e06?s=96&d=mm&r=g\",\"contentUrl\":\"https:\\\/\\\/secure.gravatar.com\\\/avatar\\\/eac43faa6e40bb2c41068c95c9d78bbd94c476d5efdff7abaab80bb3ea681e06?s=96&d=mm&r=g\",\"caption\":\"stefanie Zeng\"},\"url\":\"https:\\\/\\\/news.save.ch\\\/en\\\/author\\\/stefanie-zeng\\\/\"}]}<\/script>\n<!-- \/ Yoast SEO plugin. -->","yoast_head_json":{"title":"Megatrends and earthquake resilience in the focus of the Civil Protection Conference - Save","description":"Civil Protection Conference 2025: The event focused on twelve global megatrends - including artificial intelligence, big data and drones - and their potential use in earthquake preparedness and response in Switzerland.","robots":{"index":"index","follow":"follow","max-snippet":"max-snippet:-1","max-image-preview":"max-image-preview:large","max-video-preview":"max-video-preview:-1"},"canonical":"https:\/\/news.save.ch\/en\/megatrends-und-erdbebenresilienz-im-fokus-der-bevoelkerungsschutzkonferenz\/","og_locale":"en_US","og_type":"article","og_title":"Megatrends und Erdbebenresilienz im Fokus der Bev\u00f6lkerungsschutzkonferenz - Save","og_description":"Bev\u00f6lkerungsschutzkonferenz 2025: Die Veranstaltung widmete sich zw\u00f6lf globalen Megatrends \u2013 darunter die k\u00fcnstliche Intelligenz, Big Data und Drohnen \u2013 sowie deren potenzieller Nutzung bei der Erdbebenvorsorge und -bew\u00e4ltigung in der Schweiz.","og_url":"https:\/\/news.save.ch\/en\/megatrends-und-erdbebenresilienz-im-fokus-der-bevoelkerungsschutzkonferenz\/","og_site_name":"Save","article_published_time":"2025-11-26T08:25:14+00:00","article_modified_time":"2025-11-26T08:30:18+00:00","og_image":[{"width":1000,"height":563,"url":"https:\/\/news.save.ch\/wp-content\/uploads\/2025\/11\/Depositphotos_639034164_S.jpg","type":"image\/jpeg"}],"author":"stefanie Zeng","twitter_card":"summary_large_image","twitter_misc":{"Written by":"stefanie Zeng","Est. reading time":"3 minutes"},"schema":{"@context":"https:\/\/schema.org","@graph":[{"@type":"Article","@id":"https:\/\/news.save.ch\/megatrends-und-erdbebenresilienz-im-fokus-der-bevoelkerungsschutzkonferenz\/#article","isPartOf":{"@id":"https:\/\/news.save.ch\/megatrends-und-erdbebenresilienz-im-fokus-der-bevoelkerungsschutzkonferenz\/"},"author":{"name":"stefanie Zeng","@id":"https:\/\/news.save.ch\/de\/#\/schema\/person\/10917387362b3961e882740f6cf6f2a2"},"headline":"Megatrends und Erdbebenresilienz im Fokus der Bev\u00f6lkerungsschutzkonferenz","datePublished":"2025-11-26T08:25:14+00:00","dateModified":"2025-11-26T08:30:18+00:00","mainEntityOfPage":{"@id":"https:\/\/news.save.ch\/megatrends-und-erdbebenresilienz-im-fokus-der-bevoelkerungsschutzkonferenz\/"},"wordCount":459,"publisher":{"@id":"https:\/\/news.save.ch\/de\/#organization"},"image":{"@id":"https:\/\/news.save.ch\/megatrends-und-erdbebenresilienz-im-fokus-der-bevoelkerungsschutzkonferenz\/#primaryimage"},"thumbnailUrl":"https:\/\/news.save.ch\/wp-content\/uploads\/2025\/11\/Depositphotos_639034164_S-680x383.jpg","keywords":["BABS","Bev\u00f6lkerungsschutz","Erdbeben"],"articleSection":["INFRASTRUKTUREN"],"inLanguage":"en-US"},{"@type":"WebPage","@id":"https:\/\/news.save.ch\/megatrends-und-erdbebenresilienz-im-fokus-der-bevoelkerungsschutzkonferenz\/","url":"https:\/\/news.save.ch\/megatrends-und-erdbebenresilienz-im-fokus-der-bevoelkerungsschutzkonferenz\/","name":"Megatrends and earthquake resilience in the focus of the Civil Protection Conference - Save","isPartOf":{"@id":"https:\/\/news.save.ch\/de\/#website"},"primaryImageOfPage":{"@id":"https:\/\/news.save.ch\/megatrends-und-erdbebenresilienz-im-fokus-der-bevoelkerungsschutzkonferenz\/#primaryimage"},"image":{"@id":"https:\/\/news.save.ch\/megatrends-und-erdbebenresilienz-im-fokus-der-bevoelkerungsschutzkonferenz\/#primaryimage"},"thumbnailUrl":"https:\/\/news.save.ch\/wp-content\/uploads\/2025\/11\/Depositphotos_639034164_S-680x383.jpg","datePublished":"2025-11-26T08:25:14+00:00","dateModified":"2025-11-26T08:30:18+00:00","description":"Civil Protection Conference 2025: The event focused on twelve global megatrends - including artificial intelligence, big data and drones - and their potential use in earthquake preparedness and response in Switzerland.","breadcrumb":{"@id":"https:\/\/news.save.ch\/megatrends-und-erdbebenresilienz-im-fokus-der-bevoelkerungsschutzkonferenz\/#breadcrumb"},"inLanguage":"en-US","potentialAction":[{"@type":"ReadAction","target":["https:\/\/news.save.ch\/megatrends-und-erdbebenresilienz-im-fokus-der-bevoelkerungsschutzkonferenz\/"]}]},{"@type":"ImageObject","inLanguage":"en-US","@id":"https:\/\/news.save.ch\/megatrends-und-erdbebenresilienz-im-fokus-der-bevoelkerungsschutzkonferenz\/#primaryimage","url":"https:\/\/news.save.ch\/wp-content\/uploads\/2025\/11\/Depositphotos_639034164_S-680x383.jpg","contentUrl":"https:\/\/news.save.ch\/wp-content\/uploads\/2025\/11\/Depositphotos_639034164_S-680x383.jpg"},{"@type":"BreadcrumbList","@id":"https:\/\/news.save.ch\/megatrends-und-erdbebenresilienz-im-fokus-der-bevoelkerungsschutzkonferenz\/#breadcrumb","itemListElement":[{"@type":"ListItem","position":1,"name":"Home","item":"https:\/\/news.save.ch\/de\/"},{"@type":"ListItem","position":2,"name":"Megatrends und Erdbebenresilienz im Fokus der Bev\u00f6lkerungsschutzkonferenz"}]},{"@type":"WebSite","@id":"https:\/\/news.save.ch\/de\/#website","url":"https:\/\/news.save.ch\/de\/","name":"Save","description":"Swiss trade journal for safety","publisher":{"@id":"https:\/\/news.save.ch\/de\/#organization"},"potentialAction":[{"@type":"SearchAction","target":{"@type":"EntryPoint","urlTemplate":"https:\/\/news.save.ch\/de\/?s={search_term_string}"},"query-input":{"@type":"PropertyValueSpecification","valueRequired":true,"valueName":"search_term_string"}}],"inLanguage":"en-US"},{"@type":"Organization","@id":"https:\/\/news.save.ch\/de\/#organization","name":"Security Forum","url":"https:\/\/news.save.ch\/de\/","logo":{"@type":"ImageObject","inLanguage":"en-US","@id":"https:\/\/news.save.ch\/de\/#\/schema\/logo\/image\/","url":"https:\/\/news.save.ch\/wp-content\/uploads\/2022\/06\/Logo_SF_2012.png","contentUrl":"https:\/\/news.save.ch\/wp-content\/uploads\/2022\/06\/Logo_SF_2012.png","width":1100,"height":91,"caption":"Sicherheitsforum"},"image":{"@id":"https:\/\/news.save.ch\/de\/#\/schema\/logo\/image\/"}},{"@type":"Person","@id":"https:\/\/news.save.ch\/de\/#\/schema\/person\/10917387362b3961e882740f6cf6f2a2","name":"Stefanie Zeng","image":{"@type":"ImageObject","inLanguage":"en-US","@id":"https:\/\/secure.gravatar.com\/avatar\/eac43faa6e40bb2c41068c95c9d78bbd94c476d5efdff7abaab80bb3ea681e06?s=96&d=mm&r=g","url":"https:\/\/secure.gravatar.com\/avatar\/eac43faa6e40bb2c41068c95c9d78bbd94c476d5efdff7abaab80bb3ea681e06?s=96&d=mm&r=g","contentUrl":"https:\/\/secure.gravatar.com\/avatar\/eac43faa6e40bb2c41068c95c9d78bbd94c476d5efdff7abaab80bb3ea681e06?s=96&d=mm&r=g","caption":"stefanie Zeng"},"url":"https:\/\/news.save.ch\/en\/author\/stefanie-zeng\/"}]}},"_links":{"self":[{"href":"https:\/\/news.save.ch\/en\/wp-json\/wp\/v2\/posts\/24746","targetHints":{"allow":["GET"]}}],"collection":[{"href":"https:\/\/news.save.ch\/en\/wp-json\/wp\/v2\/posts"}],"about":[{"href":"https:\/\/news.save.ch\/en\/wp-json\/wp\/v2\/types\/post"}],"author":[{"embeddable":true,"href":"https:\/\/news.save.ch\/en\/wp-json\/wp\/v2\/users\/31"}],"replies":[{"embeddable":true,"href":"https:\/\/news.save.ch\/en\/wp-json\/wp\/v2\/comments?post=24746"}],"version-history":[{"count":2,"href":"https:\/\/news.save.ch\/en\/wp-json\/wp\/v2\/posts\/24746\/revisions"}],"predecessor-version":[{"id":24758,"href":"https:\/\/news.save.ch\/en\/wp-json\/wp\/v2\/posts\/24746\/revisions\/24758"}],"wp:attachment":[{"href":"https:\/\/news.save.ch\/en\/wp-json\/wp\/v2\/media?parent=24746"}],"wp:term":[{"taxonomy":"category","embeddable":true,"href":"https:\/\/news.save.ch\/en\/wp-json\/wp\/v2\/categories?post=24746"},{"taxonomy":"post_tag","embeddable":true,"href":"https:\/\/news.save.ch\/en\/wp-json\/wp\/v2\/tags?post=24746"}],"curies":[{"name":"wp","href":"https:\/\/api.w.org\/{rel}","templated":true}]}}