{"id":24781,"date":"2025-12-01T18:15:05","date_gmt":"2025-12-01T17:15:05","guid":{"rendered":"https:\/\/news.save.ch\/?p=24781"},"modified":"2025-12-01T18:20:06","modified_gmt":"2025-12-01T17:20:06","slug":"das-schweizer-tiefenlager-heisst-terradura","status":null,"type":"post","link":"https:\/\/news.save.ch\/en\/das-schweizer-tiefenlager-heisst-terradura\/","title":{"rendered":"The Swiss repository is called \u00abTerradura\u00bb"},"content":{"rendered":"<section id=\"\" class=\"hero donthyphenate hyphens-Manual\">\n<div class=\"hero-content\">\n<div class=\"container h-100\">\n<div class=\"row h-100 hero-content-row\">\n<div class=\"col-12 col-md-4 col-lg-5\">\n<div class=\"text-end fw-bold small pt-3\">\n<figure id=\"attachment_24783\" aria-describedby=\"caption-attachment-24783\" style=\"width: 680px\" class=\"wp-caption alignnone\"><img loading=\"lazy\" decoding=\"async\" class=\"size-medium wp-image-24783\" src=\"https:\/\/news.save.ch\/wp-content\/uploads\/2025\/12\/Bildschirmfoto-2025-12-01-um-18.18.03-680x447.png\" alt=\"\" width=\"680\" height=\"447\" srcset=\"https:\/\/news.save.ch\/wp-content\/uploads\/2025\/12\/Bildschirmfoto-2025-12-01-um-18.18.03-680x447.png 680w, https:\/\/news.save.ch\/wp-content\/uploads\/2025\/12\/Bildschirmfoto-2025-12-01-um-18.18.03-1024x673.png 1024w, https:\/\/news.save.ch\/wp-content\/uploads\/2025\/12\/Bildschirmfoto-2025-12-01-um-18.18.03-768x505.png 768w, https:\/\/news.save.ch\/wp-content\/uploads\/2025\/12\/Bildschirmfoto-2025-12-01-um-18.18.03-1536x1010.png 1536w, https:\/\/news.save.ch\/wp-content\/uploads\/2025\/12\/Bildschirmfoto-2025-12-01-um-18.18.03-18x12.png 18w, https:\/\/news.save.ch\/wp-content\/uploads\/2025\/12\/Bildschirmfoto-2025-12-01-um-18.18.03-375x247.png 375w, https:\/\/news.save.ch\/wp-content\/uploads\/2025\/12\/Bildschirmfoto-2025-12-01-um-18.18.03-532x350.png 532w, https:\/\/news.save.ch\/wp-content\/uploads\/2025\/12\/Bildschirmfoto-2025-12-01-um-18.18.03-1000x657.png 1000w, https:\/\/news.save.ch\/wp-content\/uploads\/2025\/12\/Bildschirmfoto-2025-12-01-um-18.18.03-scaled.png 1200w\" sizes=\"auto, (max-width: 680px) 100vw, 680px\" \/><figcaption id=\"caption-attachment-24783\" class=\"wp-caption-text\">ensi.admin.ch<\/figcaption><\/figure>\n<p>\u00abTerradura - Swiss Deep Geological Repository\u00bb: This is the name of the repository project of the century as of today. The term prevailed in the online vote against four other name suggestions. Originally, over 3,000 name suggestions were submitted by the Swiss population.<\/p>\n<\/div>\n<\/div>\n<\/div>\n<\/div>\n<\/div>\n<\/section>\n<section class=\"text-image-post darker\">\n<div class=\"container\">\n<div class=\"row align-items-center\">\n<div class=\"offset-lg-1 col-md-10 col-lg-7 col-xl-6\">\n<h3><strong>National participation process<\/strong><\/h3>\n<p>In recent weeks, Switzerland has voted on the name that will characterize future communication on the Swiss deep geological repository. The \u00abSwiss Deep Geological Repository Naming Forum\u00bb organized this national participation process.<\/p>\n<p>Interested parties from all parts of the country were able to submit their ideas online. The Name Forum jury selected five of the more than 3,000 suggestions submitted for the final online vote.<\/p>\n<p>The candidates were: ATLASuisse, Peradina, Stadelnova, Soluterra and Terradura.<\/p>\n<\/div>\n<\/div>\n<\/div>\n<\/section>\n<section class=\"highlight Red aos-init aos-animate\" data-aos=\"fade\" data-aos-duration=\"1000\">\n<div class=\"container\">\n<div class=\"row overflow-hidden\">\n<div class=\"highlight-image darken\"><\/div>\n<div class=\"col-lg-9 offset-lg-1 offset-xl-2 col-xxl-7 highlight-content\">\n<div class=\"greybox\">\n<h3 class=\"tagline Light aos-init aos-animate\" data-aos=\"fade-down\">Voting results<\/h3>\n<ul>\n<li class=\"tagline Light aos-init aos-animate\" data-aos=\"fade-down\"><strong>Terradura 39.4 %<\/strong><\/li>\n<li class=\"tagline Light aos-init aos-animate\" data-aos=\"fade-down\"><strong>ATLASuisse 23.4 %<\/strong><\/li>\n<li class=\"tagline Light aos-init aos-animate\" data-aos=\"fade-down\"><strong>Soluterra 17.8 %<\/strong><\/li>\n<li class=\"tagline Light aos-init aos-animate\" data-aos=\"fade-down\"><strong>Peradina 12.5 %<\/strong><\/li>\n<li class=\"tagline Light aos-init aos-animate\" data-aos=\"fade-down\"><strong>Stadelnova 6.9 %<\/strong><\/li>\n<\/ul>\n<p>The term terradura comes from \u00abterra dura\u00bb, which means \u00absolid earth\u00bb.<\/p>\n<\/div>\n<\/div>\n<div class=\"col-11 offset-sm-1 col-lg-8 offset-lg-2 offset-xl-3 col-xxl-6 highlight-content Light aos-init aos-animate\" data-aos=\"fade-left\">\n<p>It had already been decided that the chosen name would bear the descriptive addition \u00abDeep Geological Repository Switzerland\u00bb.<\/p>\n<\/div>\n<\/div>\n<\/div>\n<\/section>\n<section class=\"text-image-post darker\">\n<div class=\"container\">\n<div class=\"row align-items-center\">\n<div class=\"offset-lg-1 col-md-10 col-lg-7 col-xl-6\">\n<h3><strong>Easy access to a challenging project<\/strong><\/h3>\n<p>The deep geological repository for radioactive waste is a project of the century and affects the region around Stadel in the Zurich Unterland, Switzerland as a whole and, in the long term, future generations.<\/p>\n<p>A name is an intuitive entry point - easy access to a challenging project long before technical or political details take center stage. \u00abThe process shows that participation is successful when access is easy,\u00bb says Martin K\u00fcnzi, representing the naming forum. \u00abA name creates an initial point of contact with a topic that is otherwise difficult to access.\u00bb<\/p>\n<\/div>\n<\/div>\n<\/div>\n<\/section>\n<section class=\"text-image-post default\">\n<div class=\"container\">\n<div class=\"row align-items-center\">\n<div class=\"offset-lg-1 col-md-10 col-lg-7 col-xl-6\">\n<h3><strong>How the repository got its name<\/strong><\/h3>\n<p>Between August and September, 3,395 name suggestions were received. The Swiss Repository Names Forum acted as a jury and examined all ideas on the basis of the criteria published in advance: Comprehensibility, conciseness, depth of meaning and viability in several national languages. The jury members also provided feedback from their respective networks. In a consensus-oriented process, five names emerged as having the greatest potential to provide appropriate support for the project in Switzerland: ATLASuisse, Peradina, Soluterra, Stadelnova and \u2019Terradura\u00ab.<\/p>\n<p>The subsequent voting phase was used throughout Switzerland - with greater participation from German-speaking Switzerland (85 %), but noticeable votes from French-speaking Switzerland and Ticino (15 %). The most popular proposal \u00abTerradura\u00bb will be used in future communications, supplemented by the descriptive addition \u00abSwiss deep geological repository\u00bb.<\/p>\n<p>The name Terradura will be gradually introduced into communication over the coming weeks and months. The naming process is now complete - the public, technical and social discourse on the Swiss deep geological repository continues.<\/p>\n<p><em>Source: nagra.ch<\/em><\/p>\n<\/div>\n<\/div>\n<\/div>\n<\/section>","protected":false},"excerpt":{"rendered":"<p>\u00abTerradura \u2013 Geologisches Tiefenlager Schweiz\u00bb: Diesen Namen tr\u00e4gt das Jahrhundertprojekt Tiefenlager seit heute. Der Begriff setzte sich in der Online-\u200bAbstimmung gegen vier andere Namensvorschl\u00e4ge durch. Urspr\u00fcnglich wurden \u00fcber 3000 Namensvorschl\u00e4ge aus der Schweizer Bev\u00f6lkerung eingereicht. Nationaler Beteiligungsprozess In den vergangenen Wochen hat die Schweiz \u00fcber den Namen abgestimmt, der k\u00fcnftig die Kommunikation zum geologischen Tiefenlager [&hellip;]<\/p>\n","protected":false},"author":31,"featured_media":0,"comment_status":"closed","ping_status":"closed","sticky":false,"template":"","format":"standard","meta":{"_acf_changed":false,"pgc_sgb_lightbox_settings":"","footnotes":""},"categories":[3315,3312],"tags":[1495,6541,6629,4563],"class_list":["post-24781","post","type-post","status-publish","format-standard","hentry","category-infrastruktur","category-sicherheit","tag-atommuell","tag-endlager","tag-terradura","tag-tiefenlagerstandorte"],"acf":[],"hkrextid":null,"publication":null,"issue":null,"workflow":null,"startPage":null,"spitzmarke":null,"_posts_by_tag_page_fields":null,"_at_widget":null,"_yoast_wpseo_primary_category":"3312","_yoast_wpseo_focuskw_text_input":null,"_yoast_wpseo_opengraph-image":null,"_yoast_wpseo_opengraph-description":null,"_yoast_wpseo_opengraph-title":null,"enclosure":null,"_yoast_wpseo_twitter-title":null,"_yoast_wpseo_twitter-description":null,"_yoast_wpseo_twitter-image":null,"_wp_old_slug":null,"_yoast_wpseo_title":null,"_yoast_wpseo_canonical":null,"yoast_head":"<!-- This site is optimized with the Yoast SEO plugin v27.4 - https:\/\/yoast.com\/product\/yoast-seo-wordpress\/ -->\n<title>Das Schweizer Tiefenlager heisst \u00abTerradura\u00bb - Save<\/title>\n<meta name=\"description\" content=\"Im Online-Voting sprachen sich fast 40 Prozent daf\u00fcr aus, das geologische Tiefenlager der Schweiz \u00abTerradura\u00bb zu nennen.\" \/>\n<meta name=\"robots\" content=\"index, follow, max-snippet:-1, max-image-preview:large, max-video-preview:-1\" \/>\n<link rel=\"canonical\" href=\"https:\/\/news.save.ch\/en\/das-schweizer-tiefenlager-heisst-terradura\/\" \/>\n<meta property=\"og:locale\" content=\"en_US\" \/>\n<meta property=\"og:type\" content=\"article\" \/>\n<meta property=\"og:title\" content=\"Das Schweizer Tiefenlager heisst \u00abTerradura\u00bb - Save\" \/>\n<meta property=\"og:description\" content=\"Im Online-Voting sprachen sich fast 40 Prozent daf\u00fcr aus, das geologische Tiefenlager der Schweiz \u00abTerradura\u00bb zu nennen.\" \/>\n<meta property=\"og:url\" content=\"https:\/\/news.save.ch\/en\/das-schweizer-tiefenlager-heisst-terradura\/\" \/>\n<meta property=\"og:site_name\" content=\"Save\" \/>\n<meta property=\"article:published_time\" content=\"2025-12-01T17:15:05+00:00\" \/>\n<meta property=\"article:modified_time\" content=\"2025-12-01T17:20:06+00:00\" \/>\n<meta property=\"og:image\" content=\"https:\/\/news.save.ch\/wp-content\/uploads\/2025\/12\/Bildschirmfoto-2025-12-01-um-18.18.03-scaled.png\" \/>\n\t<meta property=\"og:image:width\" content=\"1200\" \/>\n\t<meta property=\"og:image:height\" content=\"789\" \/>\n\t<meta property=\"og:image:type\" content=\"image\/png\" \/>\n<meta name=\"author\" content=\"stefanie Zeng\" \/>\n<meta name=\"twitter:card\" content=\"summary_large_image\" \/>\n<meta name=\"twitter:label1\" content=\"Written by\" \/>\n\t<meta name=\"twitter:data1\" content=\"stefanie Zeng\" \/>\n\t<meta name=\"twitter:label2\" content=\"Est. reading time\" \/>\n\t<meta name=\"twitter:data2\" content=\"3 minutes\" \/>\n<script type=\"application\/ld+json\" class=\"yoast-schema-graph\">{\"@context\":\"https:\\\/\\\/schema.org\",\"@graph\":[{\"@type\":\"Article\",\"@id\":\"https:\\\/\\\/news.save.ch\\\/das-schweizer-tiefenlager-heisst-terradura\\\/#article\",\"isPartOf\":{\"@id\":\"https:\\\/\\\/news.save.ch\\\/das-schweizer-tiefenlager-heisst-terradura\\\/\"},\"author\":{\"name\":\"stefanie Zeng\",\"@id\":\"https:\\\/\\\/news.save.ch\\\/de\\\/#\\\/schema\\\/person\\\/10917387362b3961e882740f6cf6f2a2\"},\"headline\":\"Das Schweizer Tiefenlager heisst \u00abTerradura\u00bb\",\"datePublished\":\"2025-12-01T17:15:05+00:00\",\"dateModified\":\"2025-12-01T17:20:06+00:00\",\"mainEntityOfPage\":{\"@id\":\"https:\\\/\\\/news.save.ch\\\/das-schweizer-tiefenlager-heisst-terradura\\\/\"},\"wordCount\":421,\"publisher\":{\"@id\":\"https:\\\/\\\/news.save.ch\\\/de\\\/#organization\"},\"image\":{\"@id\":\"https:\\\/\\\/news.save.ch\\\/das-schweizer-tiefenlager-heisst-terradura\\\/#primaryimage\"},\"thumbnailUrl\":\"https:\\\/\\\/news.save.ch\\\/wp-content\\\/uploads\\\/2025\\\/12\\\/Bildschirmfoto-2025-12-01-um-18.18.03-680x447.png\",\"keywords\":[\"Atomm\u00fcll\",\"Endlager\",\"Terradura\",\"Tiefenlagerstandorte\"],\"articleSection\":[\"INFRASTRUKTUREN\",\"SICHERHEIT\"],\"inLanguage\":\"en-US\"},{\"@type\":\"WebPage\",\"@id\":\"https:\\\/\\\/news.save.ch\\\/das-schweizer-tiefenlager-heisst-terradura\\\/\",\"url\":\"https:\\\/\\\/news.save.ch\\\/das-schweizer-tiefenlager-heisst-terradura\\\/\",\"name\":\"Das Schweizer Tiefenlager heisst \u00abTerradura\u00bb - Save\",\"isPartOf\":{\"@id\":\"https:\\\/\\\/news.save.ch\\\/de\\\/#website\"},\"primaryImageOfPage\":{\"@id\":\"https:\\\/\\\/news.save.ch\\\/das-schweizer-tiefenlager-heisst-terradura\\\/#primaryimage\"},\"image\":{\"@id\":\"https:\\\/\\\/news.save.ch\\\/das-schweizer-tiefenlager-heisst-terradura\\\/#primaryimage\"},\"thumbnailUrl\":\"https:\\\/\\\/news.save.ch\\\/wp-content\\\/uploads\\\/2025\\\/12\\\/Bildschirmfoto-2025-12-01-um-18.18.03-680x447.png\",\"datePublished\":\"2025-12-01T17:15:05+00:00\",\"dateModified\":\"2025-12-01T17:20:06+00:00\",\"description\":\"Im Online-Voting sprachen sich fast 40 Prozent daf\u00fcr aus, das geologische Tiefenlager der Schweiz \u00abTerradura\u00bb zu nennen.\",\"breadcrumb\":{\"@id\":\"https:\\\/\\\/news.save.ch\\\/das-schweizer-tiefenlager-heisst-terradura\\\/#breadcrumb\"},\"inLanguage\":\"en-US\",\"potentialAction\":[{\"@type\":\"ReadAction\",\"target\":[\"https:\\\/\\\/news.save.ch\\\/das-schweizer-tiefenlager-heisst-terradura\\\/\"]}]},{\"@type\":\"ImageObject\",\"inLanguage\":\"en-US\",\"@id\":\"https:\\\/\\\/news.save.ch\\\/das-schweizer-tiefenlager-heisst-terradura\\\/#primaryimage\",\"url\":\"https:\\\/\\\/news.save.ch\\\/wp-content\\\/uploads\\\/2025\\\/12\\\/Bildschirmfoto-2025-12-01-um-18.18.03-680x447.png\",\"contentUrl\":\"https:\\\/\\\/news.save.ch\\\/wp-content\\\/uploads\\\/2025\\\/12\\\/Bildschirmfoto-2025-12-01-um-18.18.03-680x447.png\"},{\"@type\":\"BreadcrumbList\",\"@id\":\"https:\\\/\\\/news.save.ch\\\/das-schweizer-tiefenlager-heisst-terradura\\\/#breadcrumb\",\"itemListElement\":[{\"@type\":\"ListItem\",\"position\":1,\"name\":\"Home\",\"item\":\"https:\\\/\\\/news.save.ch\\\/de\\\/\"},{\"@type\":\"ListItem\",\"position\":2,\"name\":\"Das Schweizer Tiefenlager heisst \u00abTerradura\u00bb\"}]},{\"@type\":\"WebSite\",\"@id\":\"https:\\\/\\\/news.save.ch\\\/de\\\/#website\",\"url\":\"https:\\\/\\\/news.save.ch\\\/de\\\/\",\"name\":\"Save\",\"description\":\"Schweizer Fachzeitschrift f\u00fcr Sicherheit\",\"publisher\":{\"@id\":\"https:\\\/\\\/news.save.ch\\\/de\\\/#organization\"},\"potentialAction\":[{\"@type\":\"SearchAction\",\"target\":{\"@type\":\"EntryPoint\",\"urlTemplate\":\"https:\\\/\\\/news.save.ch\\\/de\\\/?s={search_term_string}\"},\"query-input\":{\"@type\":\"PropertyValueSpecification\",\"valueRequired\":true,\"valueName\":\"search_term_string\"}}],\"inLanguage\":\"en-US\"},{\"@type\":\"Organization\",\"@id\":\"https:\\\/\\\/news.save.ch\\\/de\\\/#organization\",\"name\":\"Sicherheitsforum\",\"url\":\"https:\\\/\\\/news.save.ch\\\/de\\\/\",\"logo\":{\"@type\":\"ImageObject\",\"inLanguage\":\"en-US\",\"@id\":\"https:\\\/\\\/news.save.ch\\\/de\\\/#\\\/schema\\\/logo\\\/image\\\/\",\"url\":\"https:\\\/\\\/news.save.ch\\\/wp-content\\\/uploads\\\/2022\\\/06\\\/Logo_SF_2012.png\",\"contentUrl\":\"https:\\\/\\\/news.save.ch\\\/wp-content\\\/uploads\\\/2022\\\/06\\\/Logo_SF_2012.png\",\"width\":1100,\"height\":91,\"caption\":\"Sicherheitsforum\"},\"image\":{\"@id\":\"https:\\\/\\\/news.save.ch\\\/de\\\/#\\\/schema\\\/logo\\\/image\\\/\"}},{\"@type\":\"Person\",\"@id\":\"https:\\\/\\\/news.save.ch\\\/de\\\/#\\\/schema\\\/person\\\/10917387362b3961e882740f6cf6f2a2\",\"name\":\"stefanie Zeng\",\"image\":{\"@type\":\"ImageObject\",\"inLanguage\":\"en-US\",\"@id\":\"https:\\\/\\\/secure.gravatar.com\\\/avatar\\\/eac43faa6e40bb2c41068c95c9d78bbd94c476d5efdff7abaab80bb3ea681e06?s=96&d=mm&r=g\",\"url\":\"https:\\\/\\\/secure.gravatar.com\\\/avatar\\\/eac43faa6e40bb2c41068c95c9d78bbd94c476d5efdff7abaab80bb3ea681e06?s=96&d=mm&r=g\",\"contentUrl\":\"https:\\\/\\\/secure.gravatar.com\\\/avatar\\\/eac43faa6e40bb2c41068c95c9d78bbd94c476d5efdff7abaab80bb3ea681e06?s=96&d=mm&r=g\",\"caption\":\"stefanie Zeng\"},\"url\":\"https:\\\/\\\/news.save.ch\\\/en\\\/author\\\/stefanie-zeng\\\/\"}]}<\/script>\n<!-- \/ Yoast SEO plugin. -->","yoast_head_json":{"title":"The Swiss repository is called \u00abTerradura\u00bb - Save","description":"In the online vote, almost 40 percent were in favor of calling Switzerland's deep geological repository \u00abTerradura\u00bb.","robots":{"index":"index","follow":"follow","max-snippet":"max-snippet:-1","max-image-preview":"max-image-preview:large","max-video-preview":"max-video-preview:-1"},"canonical":"https:\/\/news.save.ch\/en\/das-schweizer-tiefenlager-heisst-terradura\/","og_locale":"en_US","og_type":"article","og_title":"Das Schweizer Tiefenlager heisst \u00abTerradura\u00bb - Save","og_description":"Im Online-Voting sprachen sich fast 40 Prozent daf\u00fcr aus, das geologische Tiefenlager der Schweiz \u00abTerradura\u00bb zu nennen.","og_url":"https:\/\/news.save.ch\/en\/das-schweizer-tiefenlager-heisst-terradura\/","og_site_name":"Save","article_published_time":"2025-12-01T17:15:05+00:00","article_modified_time":"2025-12-01T17:20:06+00:00","og_image":[{"width":1200,"height":789,"url":"https:\/\/news.save.ch\/wp-content\/uploads\/2025\/12\/Bildschirmfoto-2025-12-01-um-18.18.03-scaled.png","type":"image\/png"}],"author":"stefanie Zeng","twitter_card":"summary_large_image","twitter_misc":{"Written by":"stefanie Zeng","Est. reading time":"3 minutes"},"schema":{"@context":"https:\/\/schema.org","@graph":[{"@type":"Article","@id":"https:\/\/news.save.ch\/das-schweizer-tiefenlager-heisst-terradura\/#article","isPartOf":{"@id":"https:\/\/news.save.ch\/das-schweizer-tiefenlager-heisst-terradura\/"},"author":{"name":"stefanie Zeng","@id":"https:\/\/news.save.ch\/de\/#\/schema\/person\/10917387362b3961e882740f6cf6f2a2"},"headline":"Das Schweizer Tiefenlager heisst \u00abTerradura\u00bb","datePublished":"2025-12-01T17:15:05+00:00","dateModified":"2025-12-01T17:20:06+00:00","mainEntityOfPage":{"@id":"https:\/\/news.save.ch\/das-schweizer-tiefenlager-heisst-terradura\/"},"wordCount":421,"publisher":{"@id":"https:\/\/news.save.ch\/de\/#organization"},"image":{"@id":"https:\/\/news.save.ch\/das-schweizer-tiefenlager-heisst-terradura\/#primaryimage"},"thumbnailUrl":"https:\/\/news.save.ch\/wp-content\/uploads\/2025\/12\/Bildschirmfoto-2025-12-01-um-18.18.03-680x447.png","keywords":["Atomm\u00fcll","Endlager","Terradura","Tiefenlagerstandorte"],"articleSection":["INFRASTRUKTUREN","SICHERHEIT"],"inLanguage":"en-US"},{"@type":"WebPage","@id":"https:\/\/news.save.ch\/das-schweizer-tiefenlager-heisst-terradura\/","url":"https:\/\/news.save.ch\/das-schweizer-tiefenlager-heisst-terradura\/","name":"The Swiss repository is called \u00abTerradura\u00bb - Save","isPartOf":{"@id":"https:\/\/news.save.ch\/de\/#website"},"primaryImageOfPage":{"@id":"https:\/\/news.save.ch\/das-schweizer-tiefenlager-heisst-terradura\/#primaryimage"},"image":{"@id":"https:\/\/news.save.ch\/das-schweizer-tiefenlager-heisst-terradura\/#primaryimage"},"thumbnailUrl":"https:\/\/news.save.ch\/wp-content\/uploads\/2025\/12\/Bildschirmfoto-2025-12-01-um-18.18.03-680x447.png","datePublished":"2025-12-01T17:15:05+00:00","dateModified":"2025-12-01T17:20:06+00:00","description":"In the online vote, almost 40 percent were in favor of calling Switzerland's deep geological repository \u00abTerradura\u00bb.","breadcrumb":{"@id":"https:\/\/news.save.ch\/das-schweizer-tiefenlager-heisst-terradura\/#breadcrumb"},"inLanguage":"en-US","potentialAction":[{"@type":"ReadAction","target":["https:\/\/news.save.ch\/das-schweizer-tiefenlager-heisst-terradura\/"]}]},{"@type":"ImageObject","inLanguage":"en-US","@id":"https:\/\/news.save.ch\/das-schweizer-tiefenlager-heisst-terradura\/#primaryimage","url":"https:\/\/news.save.ch\/wp-content\/uploads\/2025\/12\/Bildschirmfoto-2025-12-01-um-18.18.03-680x447.png","contentUrl":"https:\/\/news.save.ch\/wp-content\/uploads\/2025\/12\/Bildschirmfoto-2025-12-01-um-18.18.03-680x447.png"},{"@type":"BreadcrumbList","@id":"https:\/\/news.save.ch\/das-schweizer-tiefenlager-heisst-terradura\/#breadcrumb","itemListElement":[{"@type":"ListItem","position":1,"name":"Home","item":"https:\/\/news.save.ch\/de\/"},{"@type":"ListItem","position":2,"name":"Das Schweizer Tiefenlager heisst \u00abTerradura\u00bb"}]},{"@type":"WebSite","@id":"https:\/\/news.save.ch\/de\/#website","url":"https:\/\/news.save.ch\/de\/","name":"Save","description":"Swiss trade journal for safety","publisher":{"@id":"https:\/\/news.save.ch\/de\/#organization"},"potentialAction":[{"@type":"SearchAction","target":{"@type":"EntryPoint","urlTemplate":"https:\/\/news.save.ch\/de\/?s={search_term_string}"},"query-input":{"@type":"PropertyValueSpecification","valueRequired":true,"valueName":"search_term_string"}}],"inLanguage":"en-US"},{"@type":"Organization","@id":"https:\/\/news.save.ch\/de\/#organization","name":"Security Forum","url":"https:\/\/news.save.ch\/de\/","logo":{"@type":"ImageObject","inLanguage":"en-US","@id":"https:\/\/news.save.ch\/de\/#\/schema\/logo\/image\/","url":"https:\/\/news.save.ch\/wp-content\/uploads\/2022\/06\/Logo_SF_2012.png","contentUrl":"https:\/\/news.save.ch\/wp-content\/uploads\/2022\/06\/Logo_SF_2012.png","width":1100,"height":91,"caption":"Sicherheitsforum"},"image":{"@id":"https:\/\/news.save.ch\/de\/#\/schema\/logo\/image\/"}},{"@type":"Person","@id":"https:\/\/news.save.ch\/de\/#\/schema\/person\/10917387362b3961e882740f6cf6f2a2","name":"Stefanie Zeng","image":{"@type":"ImageObject","inLanguage":"en-US","@id":"https:\/\/secure.gravatar.com\/avatar\/eac43faa6e40bb2c41068c95c9d78bbd94c476d5efdff7abaab80bb3ea681e06?s=96&d=mm&r=g","url":"https:\/\/secure.gravatar.com\/avatar\/eac43faa6e40bb2c41068c95c9d78bbd94c476d5efdff7abaab80bb3ea681e06?s=96&d=mm&r=g","contentUrl":"https:\/\/secure.gravatar.com\/avatar\/eac43faa6e40bb2c41068c95c9d78bbd94c476d5efdff7abaab80bb3ea681e06?s=96&d=mm&r=g","caption":"stefanie Zeng"},"url":"https:\/\/news.save.ch\/en\/author\/stefanie-zeng\/"}]}},"_links":{"self":[{"href":"https:\/\/news.save.ch\/en\/wp-json\/wp\/v2\/posts\/24781","targetHints":{"allow":["GET"]}}],"collection":[{"href":"https:\/\/news.save.ch\/en\/wp-json\/wp\/v2\/posts"}],"about":[{"href":"https:\/\/news.save.ch\/en\/wp-json\/wp\/v2\/types\/post"}],"author":[{"embeddable":true,"href":"https:\/\/news.save.ch\/en\/wp-json\/wp\/v2\/users\/31"}],"replies":[{"embeddable":true,"href":"https:\/\/news.save.ch\/en\/wp-json\/wp\/v2\/comments?post=24781"}],"version-history":[{"count":3,"href":"https:\/\/news.save.ch\/en\/wp-json\/wp\/v2\/posts\/24781\/revisions"}],"predecessor-version":[{"id":24786,"href":"https:\/\/news.save.ch\/en\/wp-json\/wp\/v2\/posts\/24781\/revisions\/24786"}],"wp:attachment":[{"href":"https:\/\/news.save.ch\/en\/wp-json\/wp\/v2\/media?parent=24781"}],"wp:term":[{"taxonomy":"category","embeddable":true,"href":"https:\/\/news.save.ch\/en\/wp-json\/wp\/v2\/categories?post=24781"},{"taxonomy":"post_tag","embeddable":true,"href":"https:\/\/news.save.ch\/en\/wp-json\/wp\/v2\/tags?post=24781"}],"curies":[{"name":"wp","href":"https:\/\/api.w.org\/{rel}","templated":true}]}}