{"id":24791,"date":"2025-12-03T07:27:53","date_gmt":"2025-12-03T06:27:53","guid":{"rendered":"https:\/\/news.save.ch\/?p=24791"},"modified":"2025-12-03T07:27:53","modified_gmt":"2025-12-03T06:27:53","slug":"bundesrat-setzt-interdepartementale-arbeitsgruppe-gegen-beeinflussungsaktivitaeten-und-desinformation-ein","status":null,"type":"post","link":"https:\/\/news.save.ch\/en\/bundesrat-setzt-interdepartementale-arbeitsgruppe-gegen-beeinflussungsaktivitaeten-und-desinformation-ein\/","title":{"rendered":"Federal Council sets up interdepartmental working group to combat influence operations and disinformation"},"content":{"rendered":"<figure id=\"attachment_24792\" aria-describedby=\"caption-attachment-24792\" style=\"width: 680px\" class=\"wp-caption alignnone\"><img loading=\"lazy\" decoding=\"async\" class=\"size-medium wp-image-24792\" src=\"https:\/\/news.save.ch\/wp-content\/uploads\/2025\/12\/Depositphotos_10171240_S-680x510.jpg\" alt=\"\" width=\"680\" height=\"510\" srcset=\"https:\/\/news.save.ch\/wp-content\/uploads\/2025\/12\/Depositphotos_10171240_S-680x510.jpg 680w, https:\/\/news.save.ch\/wp-content\/uploads\/2025\/12\/Depositphotos_10171240_S-768x576.jpg 768w, https:\/\/news.save.ch\/wp-content\/uploads\/2025\/12\/Depositphotos_10171240_S-16x12.jpg 16w, https:\/\/news.save.ch\/wp-content\/uploads\/2025\/12\/Depositphotos_10171240_S-375x281.jpg 375w, https:\/\/news.save.ch\/wp-content\/uploads\/2025\/12\/Depositphotos_10171240_S-467x350.jpg 467w, https:\/\/news.save.ch\/wp-content\/uploads\/2025\/12\/Depositphotos_10171240_S.jpg 1000w\" sizes=\"auto, (max-width: 680px) 100vw, 680px\" \/><figcaption id=\"caption-attachment-24792\" class=\"wp-caption-text\">Photo: Depositphotos\/Andreus<\/figcaption><\/figure>\n<p id=\"doc-1javi93cq0\" class=\"font--regular\">Influence operations aim to manipulate the perception, thoughts and actions of individuals and societies. Certain states use influence operations against Switzerland. These include, for example, disinformation, propaganda and transnational repression aimed at portraying Swiss institutions as dysfunctional, weakening confidence in democracy or intimidating people. Such activities are part of hybrid conflict management.<\/p>\n<p id=\"doc-1javi9trd0\" class=\"font--regular\">With growing geopolitical tensions, influencing activities against Switzerland are also likely to increase. The Federal Council wants to take action against this and has therefore set up the Interdepartmental Working Group on Influence Activities and Disinformation (IDWG). The aim is to strengthen work within the Federal Administration on the topic of influence operations and disinformation.<\/p>\n<p id=\"doc-1javi9tre0\" class=\"font--regular\">The IDWG is based in particular on the Federal Council's report \u00abInfluencing activities and disinformation\u00bb of 19 June 2024 in response to postulate 22.3006 of the National Council's Security Policy Committee, but also on the report \u00abSituation of Tibetan and Uyghur persons in Switzerland\u00bb of 12 February 2025 in response to postulate 20.4333. In these reports, the Federal Council decided on measures to counter these threats.<\/p>\n<h3 id=\"doc-1javi9tre1\" class=\"h2\">Develop further measures against influence operations and disinformation<\/h3>\n<p id=\"doc-1javi9trf0\" class=\"font--regular\">The IDWG coordinates the work of the Federal Administration on this topic and will also strengthen national and international cooperation in order to counter influence operations and disinformation. It will also develop an understanding of the situation in Switzerland and current developments in the area of influence operations and disinformation. Based on this, it can, if necessary, propose measures to political decision-makers to prevent, strengthen resilience or defend against attacks. It also helps to raise awareness among the authorities and the general public.<\/p>\n<p class=\"font--regular\">The IDWG is headed by the State Secretariat for Security Policy (SEPOS) and comprises the offices most affected by the threat from the DDPS, the FDFA, the EAER, the DETEC, the FDJP, the Federal Chancellery and the delegates of the Swiss Security Network (SSN). Experts from academia, civil society and abroad are involved on a case-by-case basis.<\/p>\n<p><em>Source: State Secretariat for Security Policy SEPOS<\/em><\/p>","protected":false},"excerpt":{"rendered":"<p>Beeinflussungsaktivit\u00e4ten wollen die Wahrnehmung, das Denken und das Handeln von Personen und Gesellschaften manipulieren. Gewisse Staaten setzen Beeinflussungsaktivit\u00e4ten gegen die Schweiz ein. Dazu geh\u00f6ren beispielsweise Desinformation, Propaganda und transnationale Repression, die darauf abzielen, Schweizer Institutionen als dysfunktional darzustellen, das Vertrauen in die Demokratie zu schw\u00e4chen oder Menschen einzusch\u00fcchtern. Solche Aktivit\u00e4ten sind Teil der hybriden Konfliktf\u00fchrung. [&hellip;]<\/p>\n","protected":false},"author":31,"featured_media":0,"comment_status":"closed","ping_status":"closed","sticky":false,"template":"","format":"standard","meta":{"_acf_changed":false,"pgc_sgb_lightbox_settings":"","footnotes":""},"categories":[3312],"tags":[6631,922],"class_list":["post-24791","post","type-post","status-publish","format-standard","hentry","category-sicherheit","tag-sepos","tag-vbs"],"acf":[],"hkrextid":null,"publication":null,"issue":null,"workflow":null,"startPage":null,"spitzmarke":null,"_posts_by_tag_page_fields":null,"_at_widget":null,"_yoast_wpseo_primary_category":"3312","_yoast_wpseo_focuskw_text_input":null,"_yoast_wpseo_opengraph-image":null,"_yoast_wpseo_opengraph-description":null,"_yoast_wpseo_opengraph-title":null,"enclosure":null,"_yoast_wpseo_twitter-title":null,"_yoast_wpseo_twitter-description":null,"_yoast_wpseo_twitter-image":null,"_wp_old_slug":null,"_yoast_wpseo_title":null,"_yoast_wpseo_canonical":null,"yoast_head":"<!-- This site is optimized with the Yoast SEO plugin v27.4 - https:\/\/yoast.com\/product\/yoast-seo-wordpress\/ -->\n<title>Bundesrat setzt interdepartementale Arbeitsgruppe gegen Beeinflussungsaktivit\u00e4ten und Desinformation ein - Save<\/title>\n<meta name=\"description\" content=\"Der Bundesrat hat das VBS beauftragt, die Interdepartementale Arbeitsgruppe Beeinflussungsaktivit\u00e4ten und Desinformation einzusetzen.\" \/>\n<meta name=\"robots\" content=\"index, follow, max-snippet:-1, max-image-preview:large, max-video-preview:-1\" \/>\n<link rel=\"canonical\" href=\"https:\/\/news.save.ch\/en\/bundesrat-setzt-interdepartementale-arbeitsgruppe-gegen-beeinflussungsaktivitaeten-und-desinformation-ein\/\" \/>\n<meta property=\"og:locale\" content=\"en_US\" \/>\n<meta property=\"og:type\" content=\"article\" \/>\n<meta property=\"og:title\" content=\"Bundesrat setzt interdepartementale Arbeitsgruppe gegen Beeinflussungsaktivit\u00e4ten und Desinformation ein - Save\" \/>\n<meta property=\"og:description\" content=\"Der Bundesrat hat das VBS beauftragt, die Interdepartementale Arbeitsgruppe Beeinflussungsaktivit\u00e4ten und Desinformation einzusetzen.\" \/>\n<meta property=\"og:url\" content=\"https:\/\/news.save.ch\/en\/bundesrat-setzt-interdepartementale-arbeitsgruppe-gegen-beeinflussungsaktivitaeten-und-desinformation-ein\/\" \/>\n<meta property=\"og:site_name\" content=\"Save\" \/>\n<meta property=\"article:published_time\" content=\"2025-12-03T06:27:53+00:00\" \/>\n<meta property=\"og:image\" content=\"https:\/\/news.save.ch\/wp-content\/uploads\/2025\/12\/Depositphotos_10171240_S.jpg\" \/>\n\t<meta property=\"og:image:width\" content=\"1000\" \/>\n\t<meta property=\"og:image:height\" content=\"750\" \/>\n\t<meta property=\"og:image:type\" content=\"image\/jpeg\" \/>\n<meta name=\"author\" content=\"stefanie Zeng\" \/>\n<meta name=\"twitter:card\" content=\"summary_large_image\" \/>\n<meta name=\"twitter:label1\" content=\"Written by\" \/>\n\t<meta name=\"twitter:data1\" content=\"stefanie Zeng\" \/>\n\t<meta name=\"twitter:label2\" content=\"Est. reading time\" \/>\n\t<meta name=\"twitter:data2\" content=\"2 minutes\" \/>\n<script type=\"application\/ld+json\" class=\"yoast-schema-graph\">{\"@context\":\"https:\\\/\\\/schema.org\",\"@graph\":[{\"@type\":\"Article\",\"@id\":\"https:\\\/\\\/news.save.ch\\\/bundesrat-setzt-interdepartementale-arbeitsgruppe-gegen-beeinflussungsaktivitaeten-und-desinformation-ein\\\/#article\",\"isPartOf\":{\"@id\":\"https:\\\/\\\/news.save.ch\\\/bundesrat-setzt-interdepartementale-arbeitsgruppe-gegen-beeinflussungsaktivitaeten-und-desinformation-ein\\\/\"},\"author\":{\"name\":\"stefanie Zeng\",\"@id\":\"https:\\\/\\\/news.save.ch\\\/de\\\/#\\\/schema\\\/person\\\/10917387362b3961e882740f6cf6f2a2\"},\"headline\":\"Bundesrat setzt interdepartementale Arbeitsgruppe gegen Beeinflussungsaktivit\u00e4ten und Desinformation ein\",\"datePublished\":\"2025-12-03T06:27:53+00:00\",\"mainEntityOfPage\":{\"@id\":\"https:\\\/\\\/news.save.ch\\\/bundesrat-setzt-interdepartementale-arbeitsgruppe-gegen-beeinflussungsaktivitaeten-und-desinformation-ein\\\/\"},\"wordCount\":339,\"publisher\":{\"@id\":\"https:\\\/\\\/news.save.ch\\\/de\\\/#organization\"},\"image\":{\"@id\":\"https:\\\/\\\/news.save.ch\\\/bundesrat-setzt-interdepartementale-arbeitsgruppe-gegen-beeinflussungsaktivitaeten-und-desinformation-ein\\\/#primaryimage\"},\"thumbnailUrl\":\"https:\\\/\\\/news.save.ch\\\/wp-content\\\/uploads\\\/2025\\\/12\\\/Depositphotos_10171240_S-680x510.jpg\",\"keywords\":[\"SEPOS\",\"VBS\"],\"articleSection\":[\"SICHERHEIT\"],\"inLanguage\":\"en-US\"},{\"@type\":\"WebPage\",\"@id\":\"https:\\\/\\\/news.save.ch\\\/bundesrat-setzt-interdepartementale-arbeitsgruppe-gegen-beeinflussungsaktivitaeten-und-desinformation-ein\\\/\",\"url\":\"https:\\\/\\\/news.save.ch\\\/bundesrat-setzt-interdepartementale-arbeitsgruppe-gegen-beeinflussungsaktivitaeten-und-desinformation-ein\\\/\",\"name\":\"Bundesrat setzt interdepartementale Arbeitsgruppe gegen Beeinflussungsaktivit\u00e4ten und Desinformation ein - Save\",\"isPartOf\":{\"@id\":\"https:\\\/\\\/news.save.ch\\\/de\\\/#website\"},\"primaryImageOfPage\":{\"@id\":\"https:\\\/\\\/news.save.ch\\\/bundesrat-setzt-interdepartementale-arbeitsgruppe-gegen-beeinflussungsaktivitaeten-und-desinformation-ein\\\/#primaryimage\"},\"image\":{\"@id\":\"https:\\\/\\\/news.save.ch\\\/bundesrat-setzt-interdepartementale-arbeitsgruppe-gegen-beeinflussungsaktivitaeten-und-desinformation-ein\\\/#primaryimage\"},\"thumbnailUrl\":\"https:\\\/\\\/news.save.ch\\\/wp-content\\\/uploads\\\/2025\\\/12\\\/Depositphotos_10171240_S-680x510.jpg\",\"datePublished\":\"2025-12-03T06:27:53+00:00\",\"description\":\"Der Bundesrat hat das VBS beauftragt, die Interdepartementale Arbeitsgruppe Beeinflussungsaktivit\u00e4ten und Desinformation einzusetzen.\",\"breadcrumb\":{\"@id\":\"https:\\\/\\\/news.save.ch\\\/bundesrat-setzt-interdepartementale-arbeitsgruppe-gegen-beeinflussungsaktivitaeten-und-desinformation-ein\\\/#breadcrumb\"},\"inLanguage\":\"en-US\",\"potentialAction\":[{\"@type\":\"ReadAction\",\"target\":[\"https:\\\/\\\/news.save.ch\\\/bundesrat-setzt-interdepartementale-arbeitsgruppe-gegen-beeinflussungsaktivitaeten-und-desinformation-ein\\\/\"]}]},{\"@type\":\"ImageObject\",\"inLanguage\":\"en-US\",\"@id\":\"https:\\\/\\\/news.save.ch\\\/bundesrat-setzt-interdepartementale-arbeitsgruppe-gegen-beeinflussungsaktivitaeten-und-desinformation-ein\\\/#primaryimage\",\"url\":\"https:\\\/\\\/news.save.ch\\\/wp-content\\\/uploads\\\/2025\\\/12\\\/Depositphotos_10171240_S-680x510.jpg\",\"contentUrl\":\"https:\\\/\\\/news.save.ch\\\/wp-content\\\/uploads\\\/2025\\\/12\\\/Depositphotos_10171240_S-680x510.jpg\"},{\"@type\":\"BreadcrumbList\",\"@id\":\"https:\\\/\\\/news.save.ch\\\/bundesrat-setzt-interdepartementale-arbeitsgruppe-gegen-beeinflussungsaktivitaeten-und-desinformation-ein\\\/#breadcrumb\",\"itemListElement\":[{\"@type\":\"ListItem\",\"position\":1,\"name\":\"Home\",\"item\":\"https:\\\/\\\/news.save.ch\\\/de\\\/\"},{\"@type\":\"ListItem\",\"position\":2,\"name\":\"Bundesrat setzt interdepartementale Arbeitsgruppe gegen Beeinflussungsaktivit\u00e4ten und Desinformation ein\"}]},{\"@type\":\"WebSite\",\"@id\":\"https:\\\/\\\/news.save.ch\\\/de\\\/#website\",\"url\":\"https:\\\/\\\/news.save.ch\\\/de\\\/\",\"name\":\"Save\",\"description\":\"Schweizer Fachzeitschrift f\u00fcr Sicherheit\",\"publisher\":{\"@id\":\"https:\\\/\\\/news.save.ch\\\/de\\\/#organization\"},\"potentialAction\":[{\"@type\":\"SearchAction\",\"target\":{\"@type\":\"EntryPoint\",\"urlTemplate\":\"https:\\\/\\\/news.save.ch\\\/de\\\/?s={search_term_string}\"},\"query-input\":{\"@type\":\"PropertyValueSpecification\",\"valueRequired\":true,\"valueName\":\"search_term_string\"}}],\"inLanguage\":\"en-US\"},{\"@type\":\"Organization\",\"@id\":\"https:\\\/\\\/news.save.ch\\\/de\\\/#organization\",\"name\":\"Sicherheitsforum\",\"url\":\"https:\\\/\\\/news.save.ch\\\/de\\\/\",\"logo\":{\"@type\":\"ImageObject\",\"inLanguage\":\"en-US\",\"@id\":\"https:\\\/\\\/news.save.ch\\\/de\\\/#\\\/schema\\\/logo\\\/image\\\/\",\"url\":\"https:\\\/\\\/news.save.ch\\\/wp-content\\\/uploads\\\/2022\\\/06\\\/Logo_SF_2012.png\",\"contentUrl\":\"https:\\\/\\\/news.save.ch\\\/wp-content\\\/uploads\\\/2022\\\/06\\\/Logo_SF_2012.png\",\"width\":1100,\"height\":91,\"caption\":\"Sicherheitsforum\"},\"image\":{\"@id\":\"https:\\\/\\\/news.save.ch\\\/de\\\/#\\\/schema\\\/logo\\\/image\\\/\"}},{\"@type\":\"Person\",\"@id\":\"https:\\\/\\\/news.save.ch\\\/de\\\/#\\\/schema\\\/person\\\/10917387362b3961e882740f6cf6f2a2\",\"name\":\"stefanie Zeng\",\"image\":{\"@type\":\"ImageObject\",\"inLanguage\":\"en-US\",\"@id\":\"https:\\\/\\\/secure.gravatar.com\\\/avatar\\\/eac43faa6e40bb2c41068c95c9d78bbd94c476d5efdff7abaab80bb3ea681e06?s=96&d=mm&r=g\",\"url\":\"https:\\\/\\\/secure.gravatar.com\\\/avatar\\\/eac43faa6e40bb2c41068c95c9d78bbd94c476d5efdff7abaab80bb3ea681e06?s=96&d=mm&r=g\",\"contentUrl\":\"https:\\\/\\\/secure.gravatar.com\\\/avatar\\\/eac43faa6e40bb2c41068c95c9d78bbd94c476d5efdff7abaab80bb3ea681e06?s=96&d=mm&r=g\",\"caption\":\"stefanie Zeng\"},\"url\":\"https:\\\/\\\/news.save.ch\\\/en\\\/author\\\/stefanie-zeng\\\/\"}]}<\/script>\n<!-- \/ Yoast SEO plugin. -->","yoast_head_json":{"title":"Federal Council sets up interdepartmental working group to combat influence operations and disinformation - Save","description":"The Federal Council has instructed the DDPS to set up the Interdepartmental Working Group on Influencing Activities and Disinformation.","robots":{"index":"index","follow":"follow","max-snippet":"max-snippet:-1","max-image-preview":"max-image-preview:large","max-video-preview":"max-video-preview:-1"},"canonical":"https:\/\/news.save.ch\/en\/bundesrat-setzt-interdepartementale-arbeitsgruppe-gegen-beeinflussungsaktivitaeten-und-desinformation-ein\/","og_locale":"en_US","og_type":"article","og_title":"Bundesrat setzt interdepartementale Arbeitsgruppe gegen Beeinflussungsaktivit\u00e4ten und Desinformation ein - Save","og_description":"Der Bundesrat hat das VBS beauftragt, die Interdepartementale Arbeitsgruppe Beeinflussungsaktivit\u00e4ten und Desinformation einzusetzen.","og_url":"https:\/\/news.save.ch\/en\/bundesrat-setzt-interdepartementale-arbeitsgruppe-gegen-beeinflussungsaktivitaeten-und-desinformation-ein\/","og_site_name":"Save","article_published_time":"2025-12-03T06:27:53+00:00","og_image":[{"width":1000,"height":750,"url":"https:\/\/news.save.ch\/wp-content\/uploads\/2025\/12\/Depositphotos_10171240_S.jpg","type":"image\/jpeg"}],"author":"stefanie Zeng","twitter_card":"summary_large_image","twitter_misc":{"Written by":"stefanie Zeng","Est. reading time":"2 minutes"},"schema":{"@context":"https:\/\/schema.org","@graph":[{"@type":"Article","@id":"https:\/\/news.save.ch\/bundesrat-setzt-interdepartementale-arbeitsgruppe-gegen-beeinflussungsaktivitaeten-und-desinformation-ein\/#article","isPartOf":{"@id":"https:\/\/news.save.ch\/bundesrat-setzt-interdepartementale-arbeitsgruppe-gegen-beeinflussungsaktivitaeten-und-desinformation-ein\/"},"author":{"name":"stefanie Zeng","@id":"https:\/\/news.save.ch\/de\/#\/schema\/person\/10917387362b3961e882740f6cf6f2a2"},"headline":"Bundesrat setzt interdepartementale Arbeitsgruppe gegen Beeinflussungsaktivit\u00e4ten und Desinformation ein","datePublished":"2025-12-03T06:27:53+00:00","mainEntityOfPage":{"@id":"https:\/\/news.save.ch\/bundesrat-setzt-interdepartementale-arbeitsgruppe-gegen-beeinflussungsaktivitaeten-und-desinformation-ein\/"},"wordCount":339,"publisher":{"@id":"https:\/\/news.save.ch\/de\/#organization"},"image":{"@id":"https:\/\/news.save.ch\/bundesrat-setzt-interdepartementale-arbeitsgruppe-gegen-beeinflussungsaktivitaeten-und-desinformation-ein\/#primaryimage"},"thumbnailUrl":"https:\/\/news.save.ch\/wp-content\/uploads\/2025\/12\/Depositphotos_10171240_S-680x510.jpg","keywords":["SEPOS","VBS"],"articleSection":["SICHERHEIT"],"inLanguage":"en-US"},{"@type":"WebPage","@id":"https:\/\/news.save.ch\/bundesrat-setzt-interdepartementale-arbeitsgruppe-gegen-beeinflussungsaktivitaeten-und-desinformation-ein\/","url":"https:\/\/news.save.ch\/bundesrat-setzt-interdepartementale-arbeitsgruppe-gegen-beeinflussungsaktivitaeten-und-desinformation-ein\/","name":"Federal Council sets up interdepartmental working group to combat influence operations and disinformation - Save","isPartOf":{"@id":"https:\/\/news.save.ch\/de\/#website"},"primaryImageOfPage":{"@id":"https:\/\/news.save.ch\/bundesrat-setzt-interdepartementale-arbeitsgruppe-gegen-beeinflussungsaktivitaeten-und-desinformation-ein\/#primaryimage"},"image":{"@id":"https:\/\/news.save.ch\/bundesrat-setzt-interdepartementale-arbeitsgruppe-gegen-beeinflussungsaktivitaeten-und-desinformation-ein\/#primaryimage"},"thumbnailUrl":"https:\/\/news.save.ch\/wp-content\/uploads\/2025\/12\/Depositphotos_10171240_S-680x510.jpg","datePublished":"2025-12-03T06:27:53+00:00","description":"The Federal Council has instructed the DDPS to set up the Interdepartmental Working Group on Influencing Activities and Disinformation.","breadcrumb":{"@id":"https:\/\/news.save.ch\/bundesrat-setzt-interdepartementale-arbeitsgruppe-gegen-beeinflussungsaktivitaeten-und-desinformation-ein\/#breadcrumb"},"inLanguage":"en-US","potentialAction":[{"@type":"ReadAction","target":["https:\/\/news.save.ch\/bundesrat-setzt-interdepartementale-arbeitsgruppe-gegen-beeinflussungsaktivitaeten-und-desinformation-ein\/"]}]},{"@type":"ImageObject","inLanguage":"en-US","@id":"https:\/\/news.save.ch\/bundesrat-setzt-interdepartementale-arbeitsgruppe-gegen-beeinflussungsaktivitaeten-und-desinformation-ein\/#primaryimage","url":"https:\/\/news.save.ch\/wp-content\/uploads\/2025\/12\/Depositphotos_10171240_S-680x510.jpg","contentUrl":"https:\/\/news.save.ch\/wp-content\/uploads\/2025\/12\/Depositphotos_10171240_S-680x510.jpg"},{"@type":"BreadcrumbList","@id":"https:\/\/news.save.ch\/bundesrat-setzt-interdepartementale-arbeitsgruppe-gegen-beeinflussungsaktivitaeten-und-desinformation-ein\/#breadcrumb","itemListElement":[{"@type":"ListItem","position":1,"name":"Home","item":"https:\/\/news.save.ch\/de\/"},{"@type":"ListItem","position":2,"name":"Bundesrat setzt interdepartementale Arbeitsgruppe gegen Beeinflussungsaktivit\u00e4ten und Desinformation ein"}]},{"@type":"WebSite","@id":"https:\/\/news.save.ch\/de\/#website","url":"https:\/\/news.save.ch\/de\/","name":"Save","description":"Swiss trade journal for safety","publisher":{"@id":"https:\/\/news.save.ch\/de\/#organization"},"potentialAction":[{"@type":"SearchAction","target":{"@type":"EntryPoint","urlTemplate":"https:\/\/news.save.ch\/de\/?s={search_term_string}"},"query-input":{"@type":"PropertyValueSpecification","valueRequired":true,"valueName":"search_term_string"}}],"inLanguage":"en-US"},{"@type":"Organization","@id":"https:\/\/news.save.ch\/de\/#organization","name":"Security Forum","url":"https:\/\/news.save.ch\/de\/","logo":{"@type":"ImageObject","inLanguage":"en-US","@id":"https:\/\/news.save.ch\/de\/#\/schema\/logo\/image\/","url":"https:\/\/news.save.ch\/wp-content\/uploads\/2022\/06\/Logo_SF_2012.png","contentUrl":"https:\/\/news.save.ch\/wp-content\/uploads\/2022\/06\/Logo_SF_2012.png","width":1100,"height":91,"caption":"Sicherheitsforum"},"image":{"@id":"https:\/\/news.save.ch\/de\/#\/schema\/logo\/image\/"}},{"@type":"Person","@id":"https:\/\/news.save.ch\/de\/#\/schema\/person\/10917387362b3961e882740f6cf6f2a2","name":"Stefanie Zeng","image":{"@type":"ImageObject","inLanguage":"en-US","@id":"https:\/\/secure.gravatar.com\/avatar\/eac43faa6e40bb2c41068c95c9d78bbd94c476d5efdff7abaab80bb3ea681e06?s=96&d=mm&r=g","url":"https:\/\/secure.gravatar.com\/avatar\/eac43faa6e40bb2c41068c95c9d78bbd94c476d5efdff7abaab80bb3ea681e06?s=96&d=mm&r=g","contentUrl":"https:\/\/secure.gravatar.com\/avatar\/eac43faa6e40bb2c41068c95c9d78bbd94c476d5efdff7abaab80bb3ea681e06?s=96&d=mm&r=g","caption":"stefanie Zeng"},"url":"https:\/\/news.save.ch\/en\/author\/stefanie-zeng\/"}]}},"_links":{"self":[{"href":"https:\/\/news.save.ch\/en\/wp-json\/wp\/v2\/posts\/24791","targetHints":{"allow":["GET"]}}],"collection":[{"href":"https:\/\/news.save.ch\/en\/wp-json\/wp\/v2\/posts"}],"about":[{"href":"https:\/\/news.save.ch\/en\/wp-json\/wp\/v2\/types\/post"}],"author":[{"embeddable":true,"href":"https:\/\/news.save.ch\/en\/wp-json\/wp\/v2\/users\/31"}],"replies":[{"embeddable":true,"href":"https:\/\/news.save.ch\/en\/wp-json\/wp\/v2\/comments?post=24791"}],"version-history":[{"count":2,"href":"https:\/\/news.save.ch\/en\/wp-json\/wp\/v2\/posts\/24791\/revisions"}],"predecessor-version":[{"id":24794,"href":"https:\/\/news.save.ch\/en\/wp-json\/wp\/v2\/posts\/24791\/revisions\/24794"}],"wp:attachment":[{"href":"https:\/\/news.save.ch\/en\/wp-json\/wp\/v2\/media?parent=24791"}],"wp:term":[{"taxonomy":"category","embeddable":true,"href":"https:\/\/news.save.ch\/en\/wp-json\/wp\/v2\/categories?post=24791"},{"taxonomy":"post_tag","embeddable":true,"href":"https:\/\/news.save.ch\/en\/wp-json\/wp\/v2\/tags?post=24791"}],"curies":[{"name":"wp","href":"https:\/\/api.w.org\/{rel}","templated":true}]}}