{"id":24795,"date":"2025-12-08T19:32:15","date_gmt":"2025-12-08T18:32:15","guid":{"rendered":"https:\/\/news.save.ch\/?p=24795"},"modified":"2025-12-08T19:32:15","modified_gmt":"2025-12-08T18:32:15","slug":"fokus-bevoelkerungsschutz-zuercher-feuerwehrleute-trainieren-fuer-ein-grossflaechiges-elementarereignis","status":null,"type":"post","link":"https:\/\/news.save.ch\/en\/fokus-bevoelkerungsschutz-zuercher-feuerwehrleute-trainieren-fuer-ein-grossflaechiges-elementarereignis\/","title":{"rendered":"Focus on civil protection: Zurich firefighters train for a large-scale natural disaster"},"content":{"rendered":"<figure id=\"attachment_24796\" aria-describedby=\"caption-attachment-24796\" style=\"width: 680px\" class=\"wp-caption alignnone\"><img loading=\"lazy\" decoding=\"async\" class=\"size-medium wp-image-24796\" src=\"https:\/\/news.save.ch\/wp-content\/uploads\/2025\/12\/Bildschirmfoto-2025-12-08-um-19.30.48-680x381.png\" alt=\"\" width=\"680\" height=\"381\" srcset=\"https:\/\/news.save.ch\/wp-content\/uploads\/2025\/12\/Bildschirmfoto-2025-12-08-um-19.30.48-680x381.png 680w, https:\/\/news.save.ch\/wp-content\/uploads\/2025\/12\/Bildschirmfoto-2025-12-08-um-19.30.48-1024x573.png 1024w, https:\/\/news.save.ch\/wp-content\/uploads\/2025\/12\/Bildschirmfoto-2025-12-08-um-19.30.48-768x430.png 768w, https:\/\/news.save.ch\/wp-content\/uploads\/2025\/12\/Bildschirmfoto-2025-12-08-um-19.30.48-18x10.png 18w, https:\/\/news.save.ch\/wp-content\/uploads\/2025\/12\/Bildschirmfoto-2025-12-08-um-19.30.48-375x210.png 375w, https:\/\/news.save.ch\/wp-content\/uploads\/2025\/12\/Bildschirmfoto-2025-12-08-um-19.30.48-625x350.png 625w, https:\/\/news.save.ch\/wp-content\/uploads\/2025\/12\/Bildschirmfoto-2025-12-08-um-19.30.48-1000x560.png 1000w, https:\/\/news.save.ch\/wp-content\/uploads\/2025\/12\/Bildschirmfoto-2025-12-08-um-19.30.48.png 1200w\" sizes=\"auto, (max-width: 680px) 100vw, 680px\" \/><figcaption id=\"caption-attachment-24796\" class=\"wp-caption-text\">Photo: zVg<\/figcaption><\/figure>\n<p>Civil protection organizations, and fire departments in particular, face the challenge of adapting their management and coordination of both human and material resources to major incidents. Statistics show that large-scale natural and elemental events such as floods, storms, and earthquakes are likely to increase. Among other things, climate change in Switzerland is expected to lead to more frequent and intense natural events\u2014even in areas that have been spared until now.<\/p>\n<p>As part of its statutory training mandate, the GVZ has developed a training concept specifically aimed at successfully managing an elementary event lasting several days. This concept is aimed in particular at the senior management of the Zurich fire departments. It will be implemented as part of a long-term exercise in the week of January 19, 2026.<\/p>\n<h3><strong>Ideal training ground<\/strong><\/h3>\n<p>The former British air base in Weeze (Germany), with around 60 hectares of training area, offers unique conditions for this. Residential and industrial wastelands, infrastructure buildings such as railways and shops provide ideal training grounds for fire departments. There is currently no comparable site available in Switzerland for such large-scale exercises.<\/p>\n<p>Renato Mathys, Head of Firefighting, GVZ, explains: \u00abFire departments constantly face new challenges. To meet these challenges, they need skills that cannot be learned from textbooks, but rather through practical experience. In Weeze, firefighters learn how to correctly assess critical situations and hazards under pressure and gain important insights into the further development of firefighting work.\u00bb<\/p>\n<p>The long-term exercise will primarily be led by the participants themselves. The use and handling of available resources are key elements of the experience and learning process, which will subsequently be incorporated into the training of Zurich's fire departments.<\/p>\n<p>Various Zurich fire trucks and some of the department's own training equipment will be used in the long-term exercise. To ensure maximum effectiveness for participants, no details of the training content will be disclosed in advance. The GVZ will cover the costs of this exercise, which will be financed by fire protection fees.<\/p>\n<h3><strong>In close cooperation with civil protection organizations<\/strong><\/h3>\n<p>In addition to the commanders and training officers, support staff and a team of GVZ instructors are also on site. In the spirit of regional and cross-cantonal cooperation, members of partner organizations such as the Zurich cantonal police, civil defense and rescue services, as well as other experts from various cantons, are participating as observers. A total of around 300 people are involved in the training program.<\/p>\n<div id=\"\">\n<div class=\"greybox\">\n<p>GVZ Geb\u00e4udeversicherung Kanton Z\u00fcrich insures buildings in the canton of Zurich against fire and natural hazards and is committed to protecting people and property through prevention. It fulfills its legal mandate to provide fire protection and fire departments in close cooperation with the municipalities. GVZ is an independent public company and employs around 140 full-time and 250 part-time staff.<\/p>\n<\/div>\n<\/div>\n<div id=\"\"><\/div>\n<div id=\"\"><\/div>\n<div><em>Source: GVZ<\/em><\/div>","protected":false},"excerpt":{"rendered":"<p>Bev\u00f6lkerungsschutzorganisationen und insbesondere die Feuerwehren stehen vor der Herausforderung, ihre F\u00fchrung und Koordination, sowohl von personellen als auch materiellen Ressourcen, auf Grossereignisse auszurichten. Statistiken zeigen, dass grossfl\u00e4chige Natur- und Elementarereignisse wie \u00dcberschwemmung, Sturm oder Erdbeben aller Voraussicht nach zunehmen werden. Unter anderem ist zu erwarten, dass der Klimawandel in der Schweiz zu h\u00e4ufigeren und intensiveren [&hellip;]<\/p>\n","protected":false},"author":31,"featured_media":0,"comment_status":"closed","ping_status":"closed","sticky":false,"template":"","format":"standard","meta":{"_acf_changed":false,"pgc_sgb_lightbox_settings":"","footnotes":""},"categories":[67],"tags":[],"class_list":["post-24795","post","type-post","status-publish","format-standard","hentry","category-brandschutz"],"acf":[],"hkrextid":null,"publication":null,"issue":null,"workflow":null,"startPage":null,"spitzmarke":null,"_posts_by_tag_page_fields":null,"_at_widget":null,"_yoast_wpseo_primary_category":"67","_yoast_wpseo_focuskw_text_input":null,"_yoast_wpseo_opengraph-image":null,"_yoast_wpseo_opengraph-description":null,"_yoast_wpseo_opengraph-title":null,"enclosure":null,"_yoast_wpseo_twitter-title":null,"_yoast_wpseo_twitter-description":null,"_yoast_wpseo_twitter-image":null,"_wp_old_slug":null,"_yoast_wpseo_title":null,"_yoast_wpseo_canonical":null,"yoast_head":"<!-- This site is optimized with the Yoast SEO plugin v27.4 - https:\/\/yoast.com\/product\/yoast-seo-wordpress\/ -->\n<title>Fokus Bev\u00f6lkerungsschutz: Z\u00fcrcher Feuerwehrleute trainieren f\u00fcr ein grossfl\u00e4chiges Elementarereignis - Save<\/title>\n<meta name=\"description\" content=\"Ende Januar 2026 nehmen 200 Kommandantinnen und Kommandanten sowie Ausbildungsverantwortliche der Z\u00fcrcher Feuerwehren auf Europas gr\u00f6sster Trainingsbasis an einer dreit\u00e4gigen Ernstfall\u00fcbung teil.\" \/>\n<meta name=\"robots\" content=\"index, follow, max-snippet:-1, max-image-preview:large, max-video-preview:-1\" \/>\n<link rel=\"canonical\" href=\"https:\/\/news.save.ch\/en\/fokus-bevoelkerungsschutz-zuercher-feuerwehrleute-trainieren-fuer-ein-grossflaechiges-elementarereignis\/\" \/>\n<meta property=\"og:locale\" content=\"en_US\" \/>\n<meta property=\"og:type\" content=\"article\" \/>\n<meta property=\"og:title\" content=\"Fokus Bev\u00f6lkerungsschutz: Z\u00fcrcher Feuerwehrleute trainieren f\u00fcr ein grossfl\u00e4chiges Elementarereignis - Save\" \/>\n<meta property=\"og:description\" content=\"Ende Januar 2026 nehmen 200 Kommandantinnen und Kommandanten sowie Ausbildungsverantwortliche der Z\u00fcrcher Feuerwehren auf Europas gr\u00f6sster Trainingsbasis an einer dreit\u00e4gigen Ernstfall\u00fcbung teil.\" \/>\n<meta property=\"og:url\" content=\"https:\/\/news.save.ch\/en\/fokus-bevoelkerungsschutz-zuercher-feuerwehrleute-trainieren-fuer-ein-grossflaechiges-elementarereignis\/\" \/>\n<meta property=\"og:site_name\" content=\"Save\" \/>\n<meta property=\"article:published_time\" content=\"2025-12-08T18:32:15+00:00\" \/>\n<meta property=\"og:image\" content=\"https:\/\/news.save.ch\/wp-content\/uploads\/2025\/12\/Bildschirmfoto-2025-12-08-um-19.30.48.png\" \/>\n\t<meta property=\"og:image:width\" content=\"1200\" \/>\n\t<meta property=\"og:image:height\" content=\"672\" \/>\n\t<meta property=\"og:image:type\" content=\"image\/png\" \/>\n<meta name=\"author\" content=\"stefanie Zeng\" \/>\n<meta name=\"twitter:card\" content=\"summary_large_image\" \/>\n<meta name=\"twitter:label1\" content=\"Written by\" \/>\n\t<meta name=\"twitter:data1\" content=\"stefanie Zeng\" \/>\n\t<meta name=\"twitter:label2\" content=\"Est. reading time\" \/>\n\t<meta name=\"twitter:data2\" content=\"3 minutes\" \/>\n<script type=\"application\/ld+json\" class=\"yoast-schema-graph\">{\"@context\":\"https:\\\/\\\/schema.org\",\"@graph\":[{\"@type\":\"Article\",\"@id\":\"https:\\\/\\\/news.save.ch\\\/fokus-bevoelkerungsschutz-zuercher-feuerwehrleute-trainieren-fuer-ein-grossflaechiges-elementarereignis\\\/#article\",\"isPartOf\":{\"@id\":\"https:\\\/\\\/news.save.ch\\\/fokus-bevoelkerungsschutz-zuercher-feuerwehrleute-trainieren-fuer-ein-grossflaechiges-elementarereignis\\\/\"},\"author\":{\"name\":\"stefanie Zeng\",\"@id\":\"https:\\\/\\\/news.save.ch\\\/de\\\/#\\\/schema\\\/person\\\/10917387362b3961e882740f6cf6f2a2\"},\"headline\":\"Fokus Bev\u00f6lkerungsschutz: Z\u00fcrcher Feuerwehrleute trainieren f\u00fcr ein grossfl\u00e4chiges Elementarereignis\",\"datePublished\":\"2025-12-08T18:32:15+00:00\",\"mainEntityOfPage\":{\"@id\":\"https:\\\/\\\/news.save.ch\\\/fokus-bevoelkerungsschutz-zuercher-feuerwehrleute-trainieren-fuer-ein-grossflaechiges-elementarereignis\\\/\"},\"wordCount\":461,\"publisher\":{\"@id\":\"https:\\\/\\\/news.save.ch\\\/de\\\/#organization\"},\"image\":{\"@id\":\"https:\\\/\\\/news.save.ch\\\/fokus-bevoelkerungsschutz-zuercher-feuerwehrleute-trainieren-fuer-ein-grossflaechiges-elementarereignis\\\/#primaryimage\"},\"thumbnailUrl\":\"https:\\\/\\\/news.save.ch\\\/wp-content\\\/uploads\\\/2025\\\/12\\\/Bildschirmfoto-2025-12-08-um-19.30.48-680x381.png\",\"articleSection\":[\"BRANDSCHUTZ\"],\"inLanguage\":\"en-US\"},{\"@type\":\"WebPage\",\"@id\":\"https:\\\/\\\/news.save.ch\\\/fokus-bevoelkerungsschutz-zuercher-feuerwehrleute-trainieren-fuer-ein-grossflaechiges-elementarereignis\\\/\",\"url\":\"https:\\\/\\\/news.save.ch\\\/fokus-bevoelkerungsschutz-zuercher-feuerwehrleute-trainieren-fuer-ein-grossflaechiges-elementarereignis\\\/\",\"name\":\"Fokus Bev\u00f6lkerungsschutz: Z\u00fcrcher Feuerwehrleute trainieren f\u00fcr ein grossfl\u00e4chiges Elementarereignis - Save\",\"isPartOf\":{\"@id\":\"https:\\\/\\\/news.save.ch\\\/de\\\/#website\"},\"primaryImageOfPage\":{\"@id\":\"https:\\\/\\\/news.save.ch\\\/fokus-bevoelkerungsschutz-zuercher-feuerwehrleute-trainieren-fuer-ein-grossflaechiges-elementarereignis\\\/#primaryimage\"},\"image\":{\"@id\":\"https:\\\/\\\/news.save.ch\\\/fokus-bevoelkerungsschutz-zuercher-feuerwehrleute-trainieren-fuer-ein-grossflaechiges-elementarereignis\\\/#primaryimage\"},\"thumbnailUrl\":\"https:\\\/\\\/news.save.ch\\\/wp-content\\\/uploads\\\/2025\\\/12\\\/Bildschirmfoto-2025-12-08-um-19.30.48-680x381.png\",\"datePublished\":\"2025-12-08T18:32:15+00:00\",\"description\":\"Ende Januar 2026 nehmen 200 Kommandantinnen und Kommandanten sowie Ausbildungsverantwortliche der Z\u00fcrcher Feuerwehren auf Europas gr\u00f6sster Trainingsbasis an einer dreit\u00e4gigen Ernstfall\u00fcbung teil.\",\"breadcrumb\":{\"@id\":\"https:\\\/\\\/news.save.ch\\\/fokus-bevoelkerungsschutz-zuercher-feuerwehrleute-trainieren-fuer-ein-grossflaechiges-elementarereignis\\\/#breadcrumb\"},\"inLanguage\":\"en-US\",\"potentialAction\":[{\"@type\":\"ReadAction\",\"target\":[\"https:\\\/\\\/news.save.ch\\\/fokus-bevoelkerungsschutz-zuercher-feuerwehrleute-trainieren-fuer-ein-grossflaechiges-elementarereignis\\\/\"]}]},{\"@type\":\"ImageObject\",\"inLanguage\":\"en-US\",\"@id\":\"https:\\\/\\\/news.save.ch\\\/fokus-bevoelkerungsschutz-zuercher-feuerwehrleute-trainieren-fuer-ein-grossflaechiges-elementarereignis\\\/#primaryimage\",\"url\":\"https:\\\/\\\/news.save.ch\\\/wp-content\\\/uploads\\\/2025\\\/12\\\/Bildschirmfoto-2025-12-08-um-19.30.48-680x381.png\",\"contentUrl\":\"https:\\\/\\\/news.save.ch\\\/wp-content\\\/uploads\\\/2025\\\/12\\\/Bildschirmfoto-2025-12-08-um-19.30.48-680x381.png\"},{\"@type\":\"BreadcrumbList\",\"@id\":\"https:\\\/\\\/news.save.ch\\\/fokus-bevoelkerungsschutz-zuercher-feuerwehrleute-trainieren-fuer-ein-grossflaechiges-elementarereignis\\\/#breadcrumb\",\"itemListElement\":[{\"@type\":\"ListItem\",\"position\":1,\"name\":\"Home\",\"item\":\"https:\\\/\\\/news.save.ch\\\/de\\\/\"},{\"@type\":\"ListItem\",\"position\":2,\"name\":\"Fokus Bev\u00f6lkerungsschutz: Z\u00fcrcher Feuerwehrleute trainieren f\u00fcr ein grossfl\u00e4chiges Elementarereignis\"}]},{\"@type\":\"WebSite\",\"@id\":\"https:\\\/\\\/news.save.ch\\\/de\\\/#website\",\"url\":\"https:\\\/\\\/news.save.ch\\\/de\\\/\",\"name\":\"Save\",\"description\":\"Schweizer Fachzeitschrift f\u00fcr Sicherheit\",\"publisher\":{\"@id\":\"https:\\\/\\\/news.save.ch\\\/de\\\/#organization\"},\"potentialAction\":[{\"@type\":\"SearchAction\",\"target\":{\"@type\":\"EntryPoint\",\"urlTemplate\":\"https:\\\/\\\/news.save.ch\\\/de\\\/?s={search_term_string}\"},\"query-input\":{\"@type\":\"PropertyValueSpecification\",\"valueRequired\":true,\"valueName\":\"search_term_string\"}}],\"inLanguage\":\"en-US\"},{\"@type\":\"Organization\",\"@id\":\"https:\\\/\\\/news.save.ch\\\/de\\\/#organization\",\"name\":\"Sicherheitsforum\",\"url\":\"https:\\\/\\\/news.save.ch\\\/de\\\/\",\"logo\":{\"@type\":\"ImageObject\",\"inLanguage\":\"en-US\",\"@id\":\"https:\\\/\\\/news.save.ch\\\/de\\\/#\\\/schema\\\/logo\\\/image\\\/\",\"url\":\"https:\\\/\\\/news.save.ch\\\/wp-content\\\/uploads\\\/2022\\\/06\\\/Logo_SF_2012.png\",\"contentUrl\":\"https:\\\/\\\/news.save.ch\\\/wp-content\\\/uploads\\\/2022\\\/06\\\/Logo_SF_2012.png\",\"width\":1100,\"height\":91,\"caption\":\"Sicherheitsforum\"},\"image\":{\"@id\":\"https:\\\/\\\/news.save.ch\\\/de\\\/#\\\/schema\\\/logo\\\/image\\\/\"}},{\"@type\":\"Person\",\"@id\":\"https:\\\/\\\/news.save.ch\\\/de\\\/#\\\/schema\\\/person\\\/10917387362b3961e882740f6cf6f2a2\",\"name\":\"stefanie Zeng\",\"image\":{\"@type\":\"ImageObject\",\"inLanguage\":\"en-US\",\"@id\":\"https:\\\/\\\/secure.gravatar.com\\\/avatar\\\/eac43faa6e40bb2c41068c95c9d78bbd94c476d5efdff7abaab80bb3ea681e06?s=96&d=mm&r=g\",\"url\":\"https:\\\/\\\/secure.gravatar.com\\\/avatar\\\/eac43faa6e40bb2c41068c95c9d78bbd94c476d5efdff7abaab80bb3ea681e06?s=96&d=mm&r=g\",\"contentUrl\":\"https:\\\/\\\/secure.gravatar.com\\\/avatar\\\/eac43faa6e40bb2c41068c95c9d78bbd94c476d5efdff7abaab80bb3ea681e06?s=96&d=mm&r=g\",\"caption\":\"stefanie Zeng\"},\"url\":\"https:\\\/\\\/news.save.ch\\\/en\\\/author\\\/stefanie-zeng\\\/\"}]}<\/script>\n<!-- \/ Yoast SEO plugin. -->","yoast_head_json":{"title":"Focus on civil protection: Zurich firefighters train for a large-scale natural disaster - Save","description":"At the end of January 2026, 200 commanders and training officers from Zurich's fire departments will take part in a three-day emergency drill at Europe's largest training base.","robots":{"index":"index","follow":"follow","max-snippet":"max-snippet:-1","max-image-preview":"max-image-preview:large","max-video-preview":"max-video-preview:-1"},"canonical":"https:\/\/news.save.ch\/en\/fokus-bevoelkerungsschutz-zuercher-feuerwehrleute-trainieren-fuer-ein-grossflaechiges-elementarereignis\/","og_locale":"en_US","og_type":"article","og_title":"Fokus Bev\u00f6lkerungsschutz: Z\u00fcrcher Feuerwehrleute trainieren f\u00fcr ein grossfl\u00e4chiges Elementarereignis - Save","og_description":"Ende Januar 2026 nehmen 200 Kommandantinnen und Kommandanten sowie Ausbildungsverantwortliche der Z\u00fcrcher Feuerwehren auf Europas gr\u00f6sster Trainingsbasis an einer dreit\u00e4gigen Ernstfall\u00fcbung teil.","og_url":"https:\/\/news.save.ch\/en\/fokus-bevoelkerungsschutz-zuercher-feuerwehrleute-trainieren-fuer-ein-grossflaechiges-elementarereignis\/","og_site_name":"Save","article_published_time":"2025-12-08T18:32:15+00:00","og_image":[{"width":1200,"height":672,"url":"https:\/\/news.save.ch\/wp-content\/uploads\/2025\/12\/Bildschirmfoto-2025-12-08-um-19.30.48.png","type":"image\/png"}],"author":"stefanie Zeng","twitter_card":"summary_large_image","twitter_misc":{"Written by":"stefanie Zeng","Est. reading time":"3 minutes"},"schema":{"@context":"https:\/\/schema.org","@graph":[{"@type":"Article","@id":"https:\/\/news.save.ch\/fokus-bevoelkerungsschutz-zuercher-feuerwehrleute-trainieren-fuer-ein-grossflaechiges-elementarereignis\/#article","isPartOf":{"@id":"https:\/\/news.save.ch\/fokus-bevoelkerungsschutz-zuercher-feuerwehrleute-trainieren-fuer-ein-grossflaechiges-elementarereignis\/"},"author":{"name":"stefanie Zeng","@id":"https:\/\/news.save.ch\/de\/#\/schema\/person\/10917387362b3961e882740f6cf6f2a2"},"headline":"Fokus Bev\u00f6lkerungsschutz: Z\u00fcrcher Feuerwehrleute trainieren f\u00fcr ein grossfl\u00e4chiges Elementarereignis","datePublished":"2025-12-08T18:32:15+00:00","mainEntityOfPage":{"@id":"https:\/\/news.save.ch\/fokus-bevoelkerungsschutz-zuercher-feuerwehrleute-trainieren-fuer-ein-grossflaechiges-elementarereignis\/"},"wordCount":461,"publisher":{"@id":"https:\/\/news.save.ch\/de\/#organization"},"image":{"@id":"https:\/\/news.save.ch\/fokus-bevoelkerungsschutz-zuercher-feuerwehrleute-trainieren-fuer-ein-grossflaechiges-elementarereignis\/#primaryimage"},"thumbnailUrl":"https:\/\/news.save.ch\/wp-content\/uploads\/2025\/12\/Bildschirmfoto-2025-12-08-um-19.30.48-680x381.png","articleSection":["BRANDSCHUTZ"],"inLanguage":"en-US"},{"@type":"WebPage","@id":"https:\/\/news.save.ch\/fokus-bevoelkerungsschutz-zuercher-feuerwehrleute-trainieren-fuer-ein-grossflaechiges-elementarereignis\/","url":"https:\/\/news.save.ch\/fokus-bevoelkerungsschutz-zuercher-feuerwehrleute-trainieren-fuer-ein-grossflaechiges-elementarereignis\/","name":"Focus on civil protection: Zurich firefighters train for a large-scale natural disaster - Save","isPartOf":{"@id":"https:\/\/news.save.ch\/de\/#website"},"primaryImageOfPage":{"@id":"https:\/\/news.save.ch\/fokus-bevoelkerungsschutz-zuercher-feuerwehrleute-trainieren-fuer-ein-grossflaechiges-elementarereignis\/#primaryimage"},"image":{"@id":"https:\/\/news.save.ch\/fokus-bevoelkerungsschutz-zuercher-feuerwehrleute-trainieren-fuer-ein-grossflaechiges-elementarereignis\/#primaryimage"},"thumbnailUrl":"https:\/\/news.save.ch\/wp-content\/uploads\/2025\/12\/Bildschirmfoto-2025-12-08-um-19.30.48-680x381.png","datePublished":"2025-12-08T18:32:15+00:00","description":"At the end of January 2026, 200 commanders and training officers from Zurich's fire departments will take part in a three-day emergency drill at Europe's largest training base.","breadcrumb":{"@id":"https:\/\/news.save.ch\/fokus-bevoelkerungsschutz-zuercher-feuerwehrleute-trainieren-fuer-ein-grossflaechiges-elementarereignis\/#breadcrumb"},"inLanguage":"en-US","potentialAction":[{"@type":"ReadAction","target":["https:\/\/news.save.ch\/fokus-bevoelkerungsschutz-zuercher-feuerwehrleute-trainieren-fuer-ein-grossflaechiges-elementarereignis\/"]}]},{"@type":"ImageObject","inLanguage":"en-US","@id":"https:\/\/news.save.ch\/fokus-bevoelkerungsschutz-zuercher-feuerwehrleute-trainieren-fuer-ein-grossflaechiges-elementarereignis\/#primaryimage","url":"https:\/\/news.save.ch\/wp-content\/uploads\/2025\/12\/Bildschirmfoto-2025-12-08-um-19.30.48-680x381.png","contentUrl":"https:\/\/news.save.ch\/wp-content\/uploads\/2025\/12\/Bildschirmfoto-2025-12-08-um-19.30.48-680x381.png"},{"@type":"BreadcrumbList","@id":"https:\/\/news.save.ch\/fokus-bevoelkerungsschutz-zuercher-feuerwehrleute-trainieren-fuer-ein-grossflaechiges-elementarereignis\/#breadcrumb","itemListElement":[{"@type":"ListItem","position":1,"name":"Home","item":"https:\/\/news.save.ch\/de\/"},{"@type":"ListItem","position":2,"name":"Fokus Bev\u00f6lkerungsschutz: Z\u00fcrcher Feuerwehrleute trainieren f\u00fcr ein grossfl\u00e4chiges Elementarereignis"}]},{"@type":"WebSite","@id":"https:\/\/news.save.ch\/de\/#website","url":"https:\/\/news.save.ch\/de\/","name":"Save","description":"Swiss trade journal for safety","publisher":{"@id":"https:\/\/news.save.ch\/de\/#organization"},"potentialAction":[{"@type":"SearchAction","target":{"@type":"EntryPoint","urlTemplate":"https:\/\/news.save.ch\/de\/?s={search_term_string}"},"query-input":{"@type":"PropertyValueSpecification","valueRequired":true,"valueName":"search_term_string"}}],"inLanguage":"en-US"},{"@type":"Organization","@id":"https:\/\/news.save.ch\/de\/#organization","name":"Security Forum","url":"https:\/\/news.save.ch\/de\/","logo":{"@type":"ImageObject","inLanguage":"en-US","@id":"https:\/\/news.save.ch\/de\/#\/schema\/logo\/image\/","url":"https:\/\/news.save.ch\/wp-content\/uploads\/2022\/06\/Logo_SF_2012.png","contentUrl":"https:\/\/news.save.ch\/wp-content\/uploads\/2022\/06\/Logo_SF_2012.png","width":1100,"height":91,"caption":"Sicherheitsforum"},"image":{"@id":"https:\/\/news.save.ch\/de\/#\/schema\/logo\/image\/"}},{"@type":"Person","@id":"https:\/\/news.save.ch\/de\/#\/schema\/person\/10917387362b3961e882740f6cf6f2a2","name":"Stefanie Zeng","image":{"@type":"ImageObject","inLanguage":"en-US","@id":"https:\/\/secure.gravatar.com\/avatar\/eac43faa6e40bb2c41068c95c9d78bbd94c476d5efdff7abaab80bb3ea681e06?s=96&d=mm&r=g","url":"https:\/\/secure.gravatar.com\/avatar\/eac43faa6e40bb2c41068c95c9d78bbd94c476d5efdff7abaab80bb3ea681e06?s=96&d=mm&r=g","contentUrl":"https:\/\/secure.gravatar.com\/avatar\/eac43faa6e40bb2c41068c95c9d78bbd94c476d5efdff7abaab80bb3ea681e06?s=96&d=mm&r=g","caption":"stefanie Zeng"},"url":"https:\/\/news.save.ch\/en\/author\/stefanie-zeng\/"}]}},"_links":{"self":[{"href":"https:\/\/news.save.ch\/en\/wp-json\/wp\/v2\/posts\/24795","targetHints":{"allow":["GET"]}}],"collection":[{"href":"https:\/\/news.save.ch\/en\/wp-json\/wp\/v2\/posts"}],"about":[{"href":"https:\/\/news.save.ch\/en\/wp-json\/wp\/v2\/types\/post"}],"author":[{"embeddable":true,"href":"https:\/\/news.save.ch\/en\/wp-json\/wp\/v2\/users\/31"}],"replies":[{"embeddable":true,"href":"https:\/\/news.save.ch\/en\/wp-json\/wp\/v2\/comments?post=24795"}],"version-history":[{"count":1,"href":"https:\/\/news.save.ch\/en\/wp-json\/wp\/v2\/posts\/24795\/revisions"}],"predecessor-version":[{"id":24797,"href":"https:\/\/news.save.ch\/en\/wp-json\/wp\/v2\/posts\/24795\/revisions\/24797"}],"wp:attachment":[{"href":"https:\/\/news.save.ch\/en\/wp-json\/wp\/v2\/media?parent=24795"}],"wp:term":[{"taxonomy":"category","embeddable":true,"href":"https:\/\/news.save.ch\/en\/wp-json\/wp\/v2\/categories?post=24795"},{"taxonomy":"post_tag","embeddable":true,"href":"https:\/\/news.save.ch\/en\/wp-json\/wp\/v2\/tags?post=24795"}],"curies":[{"name":"wp","href":"https:\/\/api.w.org\/{rel}","templated":true}]}}