{"id":24798,"date":"2025-12-09T11:05:10","date_gmt":"2025-12-09T10:05:10","guid":{"rendered":"https:\/\/news.save.ch\/?p=24798"},"modified":"2025-12-09T11:05:10","modified_gmt":"2025-12-09T10:05:10","slug":"telenot-erweitert-seine-geschaeftsfuehrung","status":null,"type":"post","link":"https:\/\/news.save.ch\/en\/telenot-erweitert-seine-geschaeftsfuehrung\/","title":{"rendered":"Telenot expands its management team"},"content":{"rendered":"<p>&nbsp;<\/p>\n<figure id=\"attachment_24799\" aria-describedby=\"caption-attachment-24799\" style=\"width: 680px\" class=\"wp-caption alignnone\"><img loading=\"lazy\" decoding=\"async\" class=\"size-medium wp-image-24799\" src=\"https:\/\/news.save.ch\/wp-content\/uploads\/2025\/12\/PM_Erweiterte-GF-2025_1-scaled-1-680x453.jpg\" alt=\"\" width=\"680\" height=\"453\" srcset=\"https:\/\/news.save.ch\/wp-content\/uploads\/2025\/12\/PM_Erweiterte-GF-2025_1-scaled-1-680x453.jpg 680w, https:\/\/news.save.ch\/wp-content\/uploads\/2025\/12\/PM_Erweiterte-GF-2025_1-scaled-1-1024x682.jpg 1024w, https:\/\/news.save.ch\/wp-content\/uploads\/2025\/12\/PM_Erweiterte-GF-2025_1-scaled-1-768x512.jpg 768w, https:\/\/news.save.ch\/wp-content\/uploads\/2025\/12\/PM_Erweiterte-GF-2025_1-scaled-1-1536x1024.jpg 1536w, https:\/\/news.save.ch\/wp-content\/uploads\/2025\/12\/PM_Erweiterte-GF-2025_1-scaled-1-2048x1365.jpg 2048w, https:\/\/news.save.ch\/wp-content\/uploads\/2025\/12\/PM_Erweiterte-GF-2025_1-scaled-1-18x12.jpg 18w, https:\/\/news.save.ch\/wp-content\/uploads\/2025\/12\/PM_Erweiterte-GF-2025_1-scaled-1-375x250.jpg 375w, https:\/\/news.save.ch\/wp-content\/uploads\/2025\/12\/PM_Erweiterte-GF-2025_1-scaled-1-525x350.jpg 525w, https:\/\/news.save.ch\/wp-content\/uploads\/2025\/12\/PM_Erweiterte-GF-2025_1-scaled-1-1000x666.jpg 1000w, https:\/\/news.save.ch\/wp-content\/uploads\/2025\/12\/PM_Erweiterte-GF-2025_1-scaled-1-scaled.jpg 1200w\" sizes=\"auto, (max-width: 680px) 100vw, 680px\" \/><figcaption id=\"caption-attachment-24799\" class=\"wp-caption-text\">Photo: zVg<\/figcaption><\/figure>\n<p>Telenot, a renowned manufacturer of electronic security technology based in Aalen, is taking the next step toward a generational change at the top: The two managing directors, Anja Wunderle and Dr. Timo Stock, were appointed to the management board on November 1, 2025, where they will join the team led by brothers Klaus and Peter Wunderle. Stock and Wunderle have been part of the company's management team since 2022 and, together with the sons of company founder Helmut Wunderle, have initiated the structures for a succession plan. The duo is therefore not only part of the management team at Telenot Electronic GmbH, but also holds the same position at the parent company, Telenot Unternehmensgruppe GmbH.<\/p>\n<h3><strong>Generational change with vision<\/strong><\/h3>\n<p>The name Telenot will continue to be closely associated with the Wunderle family in the future. Anja Wunderle, daughter of Klaus Wunderle, has been a permanent fixture in the company since completing her studies in international technical sales in 2012 and has been part of the extended management team since 2017. The name Stock has also been an integral part of Telenot's history for decades: Dr. Timo Stock's father has been working as a developer at the company for 45 years. Before joining Telenot, Dr. Timo Stock held a management position at a leading global mechanical engineering company.<\/p>\n<h3><strong>Strong group with a clear focus on future markets<\/strong><\/h3>\n<p>Wunderle and Stock, who have already successfully taken over the management of operational business processes in recent years, are set to drive Telenot's growth forward. Together, they are working to create structures that enable efficient processes and are further developing the corporate culture with a focus on effective leadership.<\/p>\n<p>They are also continuing to build on their success story, which has been ongoing for almost 60 years, not only in terms of their numerous award-winning innovations in the areas of transmission, intrusion detection, fire alarm, and access control technology. In recent years, the Telenot Group has continuously expanded its portfolio in the areas of electronic security technology and building automation. The focus is now on the expansion of digital services and the quick and easy commissioning of systems.<\/p>\n<p>The core of the group is Telenot Electronic GmbH, founded in 1968, which stands for innovation, reliability, solidity, and excellent customer service as a manufacturer of electronic security technology and alarm systems. The group also includes<\/p>\n<ul>\n<li class=\"first\">BSN Building Security Network<br \/>\nGeneral contractor for electronic security solutions for the requirements of large companies and chain stores<\/li>\n<li>Telenot Smart Services<br \/>\nProviders of digital security solutions<\/li>\n<li>TSO security systems<br \/>\nCertified specialist company with regional coverage for the planning, installation, and maintenance of security technology, as well as<\/li>\n<li class=\"last\">the two sales companies in Switzerland and Austria.<\/li>\n<\/ul>\n<p>With TEKKO building automation, a provider of innovative all-in-one solutions for intelligent building automation, the group has also recently expanded its expertise in this important segment, naturally in line with Telenot's established core values of quality, flexibility, and cost-effectiveness.<\/p>\n<p><em>Source: Telenot\u00a0<\/em><\/p>","protected":false},"excerpt":{"rendered":"<p>&nbsp; Telenot, renommierter Hersteller elektronischer Sicherheitstechnik mit Sitz in Aalen, geht den n\u00e4chsten Schritt in Richtung Generationenwechsel an der Spitze: Die beiden Gesch\u00e4ftsleiter Anja Wunderle und Dr. Timo Stock wurden zum 1. November 2025 in die Gesch\u00e4ftsf\u00fchrung berufen und erg\u00e4nzen dort die Riege um die Br\u00fcder Klaus und Peter Wunderle. Stock und Wunderle geh\u00f6ren bereits [&hellip;]<\/p>\n","protected":false},"author":31,"featured_media":0,"comment_status":"closed","ping_status":"closed","sticky":false,"template":"","format":"standard","meta":{"_acf_changed":false,"pgc_sgb_lightbox_settings":"","footnotes":""},"categories":[3317],"tags":[6632],"class_list":["post-24798","post","type-post","status-publish","format-standard","hentry","category-friends","tag-telenot"],"acf":[],"hkrextid":null,"publication":null,"issue":null,"workflow":null,"startPage":null,"spitzmarke":null,"_posts_by_tag_page_fields":null,"_at_widget":null,"_yoast_wpseo_primary_category":"3317","_yoast_wpseo_focuskw_text_input":null,"_yoast_wpseo_opengraph-image":null,"_yoast_wpseo_opengraph-description":null,"_yoast_wpseo_opengraph-title":null,"enclosure":null,"_yoast_wpseo_twitter-title":null,"_yoast_wpseo_twitter-description":null,"_yoast_wpseo_twitter-image":null,"_wp_old_slug":null,"_yoast_wpseo_title":null,"_yoast_wpseo_canonical":null,"yoast_head":"<!-- This site is optimized with the Yoast SEO plugin v27.5 - https:\/\/yoast.com\/product\/yoast-seo-wordpress\/ -->\n<title>Telenot erweitert seine Gesch\u00e4ftsf\u00fchrung - Save<\/title>\n<meta name=\"description\" content=\"Mit der Berufung von Anja Wunderle und Dr. Timo Stock in die Gesch\u00e4ftsf\u00fchrung st\u00e4rkt Telenot seine F\u00fchrungsstruktur.\" \/>\n<meta name=\"robots\" content=\"index, follow, max-snippet:-1, max-image-preview:large, max-video-preview:-1\" \/>\n<link rel=\"canonical\" href=\"https:\/\/news.save.ch\/en\/telenot-erweitert-seine-geschaeftsfuehrung\/\" \/>\n<meta property=\"og:locale\" content=\"en_US\" \/>\n<meta property=\"og:type\" content=\"article\" \/>\n<meta property=\"og:title\" content=\"Telenot erweitert seine Gesch\u00e4ftsf\u00fchrung - Save\" \/>\n<meta property=\"og:description\" content=\"Mit der Berufung von Anja Wunderle und Dr. Timo Stock in die Gesch\u00e4ftsf\u00fchrung st\u00e4rkt Telenot seine F\u00fchrungsstruktur.\" \/>\n<meta property=\"og:url\" content=\"https:\/\/news.save.ch\/en\/telenot-erweitert-seine-geschaeftsfuehrung\/\" \/>\n<meta property=\"og:site_name\" content=\"Save\" \/>\n<meta property=\"article:published_time\" content=\"2025-12-09T10:05:10+00:00\" \/>\n<meta property=\"og:image\" content=\"https:\/\/news.save.ch\/wp-content\/uploads\/2025\/12\/PM_Erweiterte-GF-2025_1-scaled-1-scaled.jpg\" \/>\n\t<meta property=\"og:image:width\" content=\"1200\" \/>\n\t<meta property=\"og:image:height\" content=\"800\" \/>\n\t<meta property=\"og:image:type\" content=\"image\/jpeg\" \/>\n<meta name=\"author\" content=\"stefanie Zeng\" \/>\n<meta name=\"twitter:card\" content=\"summary_large_image\" \/>\n<meta name=\"twitter:label1\" content=\"Written by\" \/>\n\t<meta name=\"twitter:data1\" content=\"stefanie Zeng\" \/>\n\t<meta name=\"twitter:label2\" content=\"Est. reading time\" \/>\n\t<meta name=\"twitter:data2\" content=\"3 minutes\" \/>\n<script type=\"application\/ld+json\" class=\"yoast-schema-graph\">{\"@context\":\"https:\\\/\\\/schema.org\",\"@graph\":[{\"@type\":\"Article\",\"@id\":\"https:\\\/\\\/news.save.ch\\\/telenot-erweitert-seine-geschaeftsfuehrung\\\/#article\",\"isPartOf\":{\"@id\":\"https:\\\/\\\/news.save.ch\\\/telenot-erweitert-seine-geschaeftsfuehrung\\\/\"},\"author\":{\"name\":\"stefanie Zeng\",\"@id\":\"https:\\\/\\\/news.save.ch\\\/de\\\/#\\\/schema\\\/person\\\/10917387362b3961e882740f6cf6f2a2\"},\"headline\":\"Telenot erweitert seine Gesch\u00e4ftsf\u00fchrung\",\"datePublished\":\"2025-12-09T10:05:10+00:00\",\"mainEntityOfPage\":{\"@id\":\"https:\\\/\\\/news.save.ch\\\/telenot-erweitert-seine-geschaeftsfuehrung\\\/\"},\"wordCount\":483,\"publisher\":{\"@id\":\"https:\\\/\\\/news.save.ch\\\/de\\\/#organization\"},\"image\":{\"@id\":\"https:\\\/\\\/news.save.ch\\\/telenot-erweitert-seine-geschaeftsfuehrung\\\/#primaryimage\"},\"thumbnailUrl\":\"https:\\\/\\\/news.save.ch\\\/wp-content\\\/uploads\\\/2025\\\/12\\\/PM_Erweiterte-GF-2025_1-scaled-1-680x453.jpg\",\"keywords\":[\"Telenot\"],\"articleSection\":[\"FRIENDS\"],\"inLanguage\":\"en-US\"},{\"@type\":\"WebPage\",\"@id\":\"https:\\\/\\\/news.save.ch\\\/telenot-erweitert-seine-geschaeftsfuehrung\\\/\",\"url\":\"https:\\\/\\\/news.save.ch\\\/telenot-erweitert-seine-geschaeftsfuehrung\\\/\",\"name\":\"Telenot erweitert seine Gesch\u00e4ftsf\u00fchrung - Save\",\"isPartOf\":{\"@id\":\"https:\\\/\\\/news.save.ch\\\/de\\\/#website\"},\"primaryImageOfPage\":{\"@id\":\"https:\\\/\\\/news.save.ch\\\/telenot-erweitert-seine-geschaeftsfuehrung\\\/#primaryimage\"},\"image\":{\"@id\":\"https:\\\/\\\/news.save.ch\\\/telenot-erweitert-seine-geschaeftsfuehrung\\\/#primaryimage\"},\"thumbnailUrl\":\"https:\\\/\\\/news.save.ch\\\/wp-content\\\/uploads\\\/2025\\\/12\\\/PM_Erweiterte-GF-2025_1-scaled-1-680x453.jpg\",\"datePublished\":\"2025-12-09T10:05:10+00:00\",\"description\":\"Mit der Berufung von Anja Wunderle und Dr. Timo Stock in die Gesch\u00e4ftsf\u00fchrung st\u00e4rkt Telenot seine F\u00fchrungsstruktur.\",\"breadcrumb\":{\"@id\":\"https:\\\/\\\/news.save.ch\\\/telenot-erweitert-seine-geschaeftsfuehrung\\\/#breadcrumb\"},\"inLanguage\":\"en-US\",\"potentialAction\":[{\"@type\":\"ReadAction\",\"target\":[\"https:\\\/\\\/news.save.ch\\\/telenot-erweitert-seine-geschaeftsfuehrung\\\/\"]}]},{\"@type\":\"ImageObject\",\"inLanguage\":\"en-US\",\"@id\":\"https:\\\/\\\/news.save.ch\\\/telenot-erweitert-seine-geschaeftsfuehrung\\\/#primaryimage\",\"url\":\"https:\\\/\\\/news.save.ch\\\/wp-content\\\/uploads\\\/2025\\\/12\\\/PM_Erweiterte-GF-2025_1-scaled-1-680x453.jpg\",\"contentUrl\":\"https:\\\/\\\/news.save.ch\\\/wp-content\\\/uploads\\\/2025\\\/12\\\/PM_Erweiterte-GF-2025_1-scaled-1-680x453.jpg\"},{\"@type\":\"BreadcrumbList\",\"@id\":\"https:\\\/\\\/news.save.ch\\\/telenot-erweitert-seine-geschaeftsfuehrung\\\/#breadcrumb\",\"itemListElement\":[{\"@type\":\"ListItem\",\"position\":1,\"name\":\"Home\",\"item\":\"https:\\\/\\\/news.save.ch\\\/de\\\/\"},{\"@type\":\"ListItem\",\"position\":2,\"name\":\"Telenot erweitert seine Gesch\u00e4ftsf\u00fchrung\"}]},{\"@type\":\"WebSite\",\"@id\":\"https:\\\/\\\/news.save.ch\\\/de\\\/#website\",\"url\":\"https:\\\/\\\/news.save.ch\\\/de\\\/\",\"name\":\"Save\",\"description\":\"Schweizer Fachzeitschrift f\u00fcr Sicherheit\",\"publisher\":{\"@id\":\"https:\\\/\\\/news.save.ch\\\/de\\\/#organization\"},\"potentialAction\":[{\"@type\":\"SearchAction\",\"target\":{\"@type\":\"EntryPoint\",\"urlTemplate\":\"https:\\\/\\\/news.save.ch\\\/de\\\/?s={search_term_string}\"},\"query-input\":{\"@type\":\"PropertyValueSpecification\",\"valueRequired\":true,\"valueName\":\"search_term_string\"}}],\"inLanguage\":\"en-US\"},{\"@type\":\"Organization\",\"@id\":\"https:\\\/\\\/news.save.ch\\\/de\\\/#organization\",\"name\":\"Sicherheitsforum\",\"url\":\"https:\\\/\\\/news.save.ch\\\/de\\\/\",\"logo\":{\"@type\":\"ImageObject\",\"inLanguage\":\"en-US\",\"@id\":\"https:\\\/\\\/news.save.ch\\\/de\\\/#\\\/schema\\\/logo\\\/image\\\/\",\"url\":\"https:\\\/\\\/news.save.ch\\\/wp-content\\\/uploads\\\/2022\\\/06\\\/Logo_SF_2012.png\",\"contentUrl\":\"https:\\\/\\\/news.save.ch\\\/wp-content\\\/uploads\\\/2022\\\/06\\\/Logo_SF_2012.png\",\"width\":1100,\"height\":91,\"caption\":\"Sicherheitsforum\"},\"image\":{\"@id\":\"https:\\\/\\\/news.save.ch\\\/de\\\/#\\\/schema\\\/logo\\\/image\\\/\"}},{\"@type\":\"Person\",\"@id\":\"https:\\\/\\\/news.save.ch\\\/de\\\/#\\\/schema\\\/person\\\/10917387362b3961e882740f6cf6f2a2\",\"name\":\"stefanie Zeng\",\"image\":{\"@type\":\"ImageObject\",\"inLanguage\":\"en-US\",\"@id\":\"https:\\\/\\\/secure.gravatar.com\\\/avatar\\\/eac43faa6e40bb2c41068c95c9d78bbd94c476d5efdff7abaab80bb3ea681e06?s=96&d=mm&r=g\",\"url\":\"https:\\\/\\\/secure.gravatar.com\\\/avatar\\\/eac43faa6e40bb2c41068c95c9d78bbd94c476d5efdff7abaab80bb3ea681e06?s=96&d=mm&r=g\",\"contentUrl\":\"https:\\\/\\\/secure.gravatar.com\\\/avatar\\\/eac43faa6e40bb2c41068c95c9d78bbd94c476d5efdff7abaab80bb3ea681e06?s=96&d=mm&r=g\",\"caption\":\"stefanie Zeng\"},\"url\":\"https:\\\/\\\/news.save.ch\\\/en\\\/author\\\/stefanie-zeng\\\/\"}]}<\/script>\n<!-- \/ Yoast SEO plugin. -->","yoast_head_json":{"title":"Telenot expands its management team - Save","description":"Telenot strengthens its management structure with the appointment of Anja Wunderle and Dr. Timo Stock to the management board.","robots":{"index":"index","follow":"follow","max-snippet":"max-snippet:-1","max-image-preview":"max-image-preview:large","max-video-preview":"max-video-preview:-1"},"canonical":"https:\/\/news.save.ch\/en\/telenot-erweitert-seine-geschaeftsfuehrung\/","og_locale":"en_US","og_type":"article","og_title":"Telenot erweitert seine Gesch\u00e4ftsf\u00fchrung - Save","og_description":"Mit der Berufung von Anja Wunderle und Dr. Timo Stock in die Gesch\u00e4ftsf\u00fchrung st\u00e4rkt Telenot seine F\u00fchrungsstruktur.","og_url":"https:\/\/news.save.ch\/en\/telenot-erweitert-seine-geschaeftsfuehrung\/","og_site_name":"Save","article_published_time":"2025-12-09T10:05:10+00:00","og_image":[{"width":1200,"height":800,"url":"https:\/\/news.save.ch\/wp-content\/uploads\/2025\/12\/PM_Erweiterte-GF-2025_1-scaled-1-scaled.jpg","type":"image\/jpeg"}],"author":"stefanie Zeng","twitter_card":"summary_large_image","twitter_misc":{"Written by":"stefanie Zeng","Est. reading time":"3 minutes"},"schema":{"@context":"https:\/\/schema.org","@graph":[{"@type":"Article","@id":"https:\/\/news.save.ch\/telenot-erweitert-seine-geschaeftsfuehrung\/#article","isPartOf":{"@id":"https:\/\/news.save.ch\/telenot-erweitert-seine-geschaeftsfuehrung\/"},"author":{"name":"stefanie Zeng","@id":"https:\/\/news.save.ch\/de\/#\/schema\/person\/10917387362b3961e882740f6cf6f2a2"},"headline":"Telenot erweitert seine Gesch\u00e4ftsf\u00fchrung","datePublished":"2025-12-09T10:05:10+00:00","mainEntityOfPage":{"@id":"https:\/\/news.save.ch\/telenot-erweitert-seine-geschaeftsfuehrung\/"},"wordCount":483,"publisher":{"@id":"https:\/\/news.save.ch\/de\/#organization"},"image":{"@id":"https:\/\/news.save.ch\/telenot-erweitert-seine-geschaeftsfuehrung\/#primaryimage"},"thumbnailUrl":"https:\/\/news.save.ch\/wp-content\/uploads\/2025\/12\/PM_Erweiterte-GF-2025_1-scaled-1-680x453.jpg","keywords":["Telenot"],"articleSection":["FRIENDS"],"inLanguage":"en-US"},{"@type":"WebPage","@id":"https:\/\/news.save.ch\/telenot-erweitert-seine-geschaeftsfuehrung\/","url":"https:\/\/news.save.ch\/telenot-erweitert-seine-geschaeftsfuehrung\/","name":"Telenot expands its management team - Save","isPartOf":{"@id":"https:\/\/news.save.ch\/de\/#website"},"primaryImageOfPage":{"@id":"https:\/\/news.save.ch\/telenot-erweitert-seine-geschaeftsfuehrung\/#primaryimage"},"image":{"@id":"https:\/\/news.save.ch\/telenot-erweitert-seine-geschaeftsfuehrung\/#primaryimage"},"thumbnailUrl":"https:\/\/news.save.ch\/wp-content\/uploads\/2025\/12\/PM_Erweiterte-GF-2025_1-scaled-1-680x453.jpg","datePublished":"2025-12-09T10:05:10+00:00","description":"Telenot strengthens its management structure with the appointment of Anja Wunderle and Dr. Timo Stock to the management board.","breadcrumb":{"@id":"https:\/\/news.save.ch\/telenot-erweitert-seine-geschaeftsfuehrung\/#breadcrumb"},"inLanguage":"en-US","potentialAction":[{"@type":"ReadAction","target":["https:\/\/news.save.ch\/telenot-erweitert-seine-geschaeftsfuehrung\/"]}]},{"@type":"ImageObject","inLanguage":"en-US","@id":"https:\/\/news.save.ch\/telenot-erweitert-seine-geschaeftsfuehrung\/#primaryimage","url":"https:\/\/news.save.ch\/wp-content\/uploads\/2025\/12\/PM_Erweiterte-GF-2025_1-scaled-1-680x453.jpg","contentUrl":"https:\/\/news.save.ch\/wp-content\/uploads\/2025\/12\/PM_Erweiterte-GF-2025_1-scaled-1-680x453.jpg"},{"@type":"BreadcrumbList","@id":"https:\/\/news.save.ch\/telenot-erweitert-seine-geschaeftsfuehrung\/#breadcrumb","itemListElement":[{"@type":"ListItem","position":1,"name":"Home","item":"https:\/\/news.save.ch\/de\/"},{"@type":"ListItem","position":2,"name":"Telenot erweitert seine Gesch\u00e4ftsf\u00fchrung"}]},{"@type":"WebSite","@id":"https:\/\/news.save.ch\/de\/#website","url":"https:\/\/news.save.ch\/de\/","name":"Save","description":"Swiss trade journal for safety","publisher":{"@id":"https:\/\/news.save.ch\/de\/#organization"},"potentialAction":[{"@type":"SearchAction","target":{"@type":"EntryPoint","urlTemplate":"https:\/\/news.save.ch\/de\/?s={search_term_string}"},"query-input":{"@type":"PropertyValueSpecification","valueRequired":true,"valueName":"search_term_string"}}],"inLanguage":"en-US"},{"@type":"Organization","@id":"https:\/\/news.save.ch\/de\/#organization","name":"Security Forum","url":"https:\/\/news.save.ch\/de\/","logo":{"@type":"ImageObject","inLanguage":"en-US","@id":"https:\/\/news.save.ch\/de\/#\/schema\/logo\/image\/","url":"https:\/\/news.save.ch\/wp-content\/uploads\/2022\/06\/Logo_SF_2012.png","contentUrl":"https:\/\/news.save.ch\/wp-content\/uploads\/2022\/06\/Logo_SF_2012.png","width":1100,"height":91,"caption":"Sicherheitsforum"},"image":{"@id":"https:\/\/news.save.ch\/de\/#\/schema\/logo\/image\/"}},{"@type":"Person","@id":"https:\/\/news.save.ch\/de\/#\/schema\/person\/10917387362b3961e882740f6cf6f2a2","name":"Stefanie Zeng","image":{"@type":"ImageObject","inLanguage":"en-US","@id":"https:\/\/secure.gravatar.com\/avatar\/eac43faa6e40bb2c41068c95c9d78bbd94c476d5efdff7abaab80bb3ea681e06?s=96&d=mm&r=g","url":"https:\/\/secure.gravatar.com\/avatar\/eac43faa6e40bb2c41068c95c9d78bbd94c476d5efdff7abaab80bb3ea681e06?s=96&d=mm&r=g","contentUrl":"https:\/\/secure.gravatar.com\/avatar\/eac43faa6e40bb2c41068c95c9d78bbd94c476d5efdff7abaab80bb3ea681e06?s=96&d=mm&r=g","caption":"stefanie Zeng"},"url":"https:\/\/news.save.ch\/en\/author\/stefanie-zeng\/"}]}},"_links":{"self":[{"href":"https:\/\/news.save.ch\/en\/wp-json\/wp\/v2\/posts\/24798","targetHints":{"allow":["GET"]}}],"collection":[{"href":"https:\/\/news.save.ch\/en\/wp-json\/wp\/v2\/posts"}],"about":[{"href":"https:\/\/news.save.ch\/en\/wp-json\/wp\/v2\/types\/post"}],"author":[{"embeddable":true,"href":"https:\/\/news.save.ch\/en\/wp-json\/wp\/v2\/users\/31"}],"replies":[{"embeddable":true,"href":"https:\/\/news.save.ch\/en\/wp-json\/wp\/v2\/comments?post=24798"}],"version-history":[{"count":1,"href":"https:\/\/news.save.ch\/en\/wp-json\/wp\/v2\/posts\/24798\/revisions"}],"predecessor-version":[{"id":24800,"href":"https:\/\/news.save.ch\/en\/wp-json\/wp\/v2\/posts\/24798\/revisions\/24800"}],"wp:attachment":[{"href":"https:\/\/news.save.ch\/en\/wp-json\/wp\/v2\/media?parent=24798"}],"wp:term":[{"taxonomy":"category","embeddable":true,"href":"https:\/\/news.save.ch\/en\/wp-json\/wp\/v2\/categories?post=24798"},{"taxonomy":"post_tag","embeddable":true,"href":"https:\/\/news.save.ch\/en\/wp-json\/wp\/v2\/tags?post=24798"}],"curies":[{"name":"wp","href":"https:\/\/api.w.org\/{rel}","templated":true}]}}