{"id":24809,"date":"2025-12-03T10:47:55","date_gmt":"2025-12-03T09:47:55","guid":{"rendered":"https:\/\/news.save.ch\/?p=24809"},"modified":"2025-12-10T10:51:34","modified_gmt":"2025-12-10T09:51:34","slug":"lawinen-sind-fuer-gletscher-weltweit-entscheidend","status":null,"type":"post","link":"https:\/\/news.save.ch\/en\/lawinen-sind-fuer-gletscher-weltweit-entscheidend\/","title":{"rendered":"Avalanches are crucial for glaciers worldwide"},"content":{"rendered":"<article id=\"c1058082\" class=\"contentElement clearfix sectionFramenone\">\n<div class=\"ce-textpic ce-right ce-intext\">\n<div class=\"ce-bodytext\">\n<figure id=\"attachment_24810\" aria-describedby=\"caption-attachment-24810\" style=\"width: 680px\" class=\"wp-caption alignnone\"><img loading=\"lazy\" decoding=\"async\" class=\"size-medium wp-image-24810\" src=\"https:\/\/news.save.ch\/wp-content\/uploads\/2025\/12\/photo5-680x510.jpg\" alt=\"\" width=\"680\" height=\"510\" srcset=\"https:\/\/news.save.ch\/wp-content\/uploads\/2025\/12\/photo5-680x510.jpg 680w, https:\/\/news.save.ch\/wp-content\/uploads\/2025\/12\/photo5-1024x768.jpg 1024w, https:\/\/news.save.ch\/wp-content\/uploads\/2025\/12\/photo5-768x576.jpg 768w, https:\/\/news.save.ch\/wp-content\/uploads\/2025\/12\/photo5-1536x1152.jpg 1536w, https:\/\/news.save.ch\/wp-content\/uploads\/2025\/12\/photo5-2048x1536.jpg 2048w, https:\/\/news.save.ch\/wp-content\/uploads\/2025\/12\/photo5-16x12.jpg 16w, https:\/\/news.save.ch\/wp-content\/uploads\/2025\/12\/photo5-375x281.jpg 375w, https:\/\/news.save.ch\/wp-content\/uploads\/2025\/12\/photo5-467x350.jpg 467w, https:\/\/news.save.ch\/wp-content\/uploads\/2025\/12\/photo5-1000x750.jpg 1000w, https:\/\/news.save.ch\/wp-content\/uploads\/2025\/12\/photo5-scaled.jpg 1200w\" sizes=\"auto, (max-width: 680px) 100vw, 680px\" \/><figcaption id=\"caption-attachment-24810\" class=\"wp-caption-text\">The Pers Glacier is a Swiss glacier that receives a large amount of snow from avalanches (Graub\u00fcnden, Switzerland, October 2025). Image credit: Marin Kneib<\/figcaption><\/figure>\n<p>Glaciers remain stable when the snow that falls on their surface compensates for melting at lower altitudes (see box*). In our warming world, this balance has been upset and glaciers are shrinking\u2014with consequences for water resources and natural hazards. \u00abTo understand how glaciers will develop in the future, it is important to know how much snow falls on their surface,\u00bb says Marin Kneib, glaciologist at WSL and ETH Zurich.<\/p>\n<p>One factor that has been little studied to date is avalanches. Observations of individual Alpine glaciers have shown that up to 20 percent of the snow that falls on them comes from this source. Now, Kneib and an international research team have estimated the influence of avalanches on all 200,000 glaciers on Earth \u2013 and were surprised by their findings. \u2019I never would have thought that this effect would be so significant on a global scale,\u00ab says Kneib.<\/p>\n<\/div>\n<\/div>\n<\/article>\n<article id=\"c1058083\" class=\"contentElement clearfix sectionFramenone\">\n<header class=\"contentHeader\">\n<h3>Snow slides onto the glaciers<\/h3>\n<\/header>\n<div class=\"ce-textpic ce-left ce-intext\">\n<div class=\"ce-gallery\" data-ce-images=\"2\" data-lightbox-labels=\"{&quot;close&quot;:&quot;Schliessen&quot;,&quot;images&quot;:&quot;Bild&quot;,&quot;imagesof&quot;:&quot;von&quot;}        \"><\/p>\n<div class=\"row\">\n<div class=\"col-sm-12\"><\/div>\n<\/div>\n<\/div>\n<div class=\"ce-bodytext\">\n<p>On average, 11 percent of the snow on Alpine glaciers comes from avalanches, while in the eastern Himalayas the figure is 19 percent and in New Zealand, which tops the list, it is as high as 22 percent. On individual glaciers, more than 50 percent of the snow can come from avalanches. In flatter mountain ranges such as those in Iceland or Greenland, however, avalanches play hardly any role. The results are published in the journal\u00a0<i>Nature Communications<\/i>\u00a0published.<\/p>\n<p>Avalanches are beneficial for small glaciers: thanks to them, these glaciers could survive longer than researchers had expected, despite climate change. In the Alps, forecasts show that glaciers smaller than one square kilometer\u2014such as the L\u00e4ntagletscher on the Rheinwaldhorn\u2014would lose three times less ice than previously assumed, at least in the most favorable climate scenario. This is because the smaller glaciers become, the greater the influence of avalanches, as these mainly fall on the edges of the glaciers. \u00abThe significance of avalanches on glaciers will therefore increase in the future as the glaciers retreat,\u00bb says Kneib. But this is no salvation: \u00abIn the Alps, we will lose more than 80 percent of the ice volume of the year 2000 by 2100 anyway.\u00bb<\/p>\n<p>Furthermore, avalanches do not always bring snow. They can also remove large amounts of snow from glaciers if these are steep enough. In the tropical Andes, for example, eight percent of snowfall slides off the ice in avalanches, snow that is then missing from the glacier. Avalanches also remove snow from steep ice flanks at high altitudes. With the warming of the climate, the ice in these areas is likely to disappear sooner than expected, which in turn threatens to destabilize the rock below.<\/p>\n<\/div>\n<\/div>\n<\/article>\n<article id=\"c1058084\" class=\"contentElement clearfix sectionFramenone\">\n<header class=\"contentHeader\">\n<h3>Understanding water resources<\/h3>\n<\/header>\n<div class=\"ce-textpic ce-right ce-intext\">\n<div class=\"ce-bodytext\">\n<p>For the study, the research team combined two models: a global glacier model and a model that calculates how snow masses move (snow transport). Glacier models are based on satellite measurements of the ice surface and provide a good representation of the global ice volume. But it was the snow transport model that revealed the significant local impact of avalanches. \u00abIf we have a better understanding of the future of individual glaciers in steep mountain regions, we can better model the runoff into the valleys.\u00bb This, in turn, has implications for hydropower, natural hazards, and agriculture.<\/p>\n<p>The study aims to inspire a new generation of refined glacier models. \u00abThis is only an initial estimate of a process that has been little studied to date,\u00bb says Kneib. However, in order to refine the models and thus the forecasts for individual glaciers and catchment areas, more measurement data on avalanches from on-site observations and remote sensing is needed.<\/p>\n<div class=\"greybox\">\n<p><strong>*How do glaciers develop?<\/strong><\/p>\n<p>Glaciers in the mountains generally increase in mass when snow falls at higher altitudes. The snow solidifies into ice and flows downhill with the glacier's current to lower altitudes, where it melts more quickly. A glacier is therefore the result of a balance between snow accumulation and ice melt (mass balance). In steep mountain regions, avalanches can transport large amounts of snow onto glaciers regardless of altitude and in some cases even protect them from melting at low altitudes.<\/p>\n<\/div>\n<p><em>Source: WSL<\/em><\/p>\n<\/div>\n<\/div>\n<\/article>\n<article id=\"c1058085\" class=\"contentElement clearfix sectionFramenone\">\n<div class=\"ce-textpic ce-center ce-below\">\n<div class=\"ce-bodytext\"><\/div>\n<\/div>\n<\/article>","protected":false},"excerpt":{"rendered":"<p>Gletscher bleiben stabil, wenn der Schnee, der auf ihre Oberfl\u00e4che f\u00e4llt, das Schmelzen in tieferen Lagen ausgleicht (siehe Kasten*). In unserer sich erw\u00e4rmenden Welt ist dieses Gleichgewicht gekippt und die Gletscher schrumpfen \u2013 mit Folgen f\u00fcr Wasserressourcen und Naturgefahren. \u00abUm zu verstehen, wie sich Gletscher in Zukunft entwickeln werden, ist es wichtig zu wissen, wie [&hellip;]<\/p>\n","protected":false},"author":31,"featured_media":0,"comment_status":"closed","ping_status":"closed","sticky":false,"template":"","format":"standard","meta":{"_acf_changed":false,"pgc_sgb_lightbox_settings":"","footnotes":""},"categories":[1],"tags":[6634,6543,2374,6473,6571],"class_list":["post-24809","post","type-post","status-publish","format-standard","hentry","category-allgemein","tag-glaziologie","tag-gletscher","tag-klima","tag-wsl","tag-wsl-instituts-fuer-schnee-und-lawinenforschung-slf"],"acf":[],"hkrextid":null,"publication":null,"issue":null,"workflow":null,"startPage":null,"spitzmarke":null,"_posts_by_tag_page_fields":null,"_at_widget":null,"_yoast_wpseo_primary_category":"1","_yoast_wpseo_focuskw_text_input":null,"_yoast_wpseo_opengraph-image":null,"_yoast_wpseo_opengraph-description":null,"_yoast_wpseo_opengraph-title":null,"enclosure":null,"_yoast_wpseo_twitter-title":null,"_yoast_wpseo_twitter-description":null,"_yoast_wpseo_twitter-image":null,"_wp_old_slug":null,"_yoast_wpseo_title":null,"_yoast_wpseo_canonical":null,"yoast_head":"<!-- This site is optimized with the Yoast SEO plugin v27.5 - https:\/\/yoast.com\/product\/yoast-seo-wordpress\/ -->\n<title>Lawinen sind f\u00fcr Gletscher weltweit entscheidend - Save<\/title>\n<meta name=\"description\" content=\"Ein internationales Forschungsteam zeigt, dass Lawinen entscheidend f\u00fcr das \u00dcberleben vieler Gletscher weltweit sind.\" \/>\n<meta name=\"robots\" content=\"index, follow, max-snippet:-1, max-image-preview:large, max-video-preview:-1\" \/>\n<link rel=\"canonical\" href=\"https:\/\/news.save.ch\/en\/lawinen-sind-fuer-gletscher-weltweit-entscheidend\/\" \/>\n<meta property=\"og:locale\" content=\"en_US\" \/>\n<meta property=\"og:type\" content=\"article\" \/>\n<meta property=\"og:title\" content=\"Lawinen sind f\u00fcr Gletscher weltweit entscheidend - Save\" \/>\n<meta property=\"og:description\" content=\"Ein internationales Forschungsteam zeigt, dass Lawinen entscheidend f\u00fcr das \u00dcberleben vieler Gletscher weltweit sind.\" \/>\n<meta property=\"og:url\" content=\"https:\/\/news.save.ch\/en\/lawinen-sind-fuer-gletscher-weltweit-entscheidend\/\" \/>\n<meta property=\"og:site_name\" content=\"Save\" \/>\n<meta property=\"article:published_time\" content=\"2025-12-03T09:47:55+00:00\" \/>\n<meta property=\"article:modified_time\" content=\"2025-12-10T09:51:34+00:00\" \/>\n<meta property=\"og:image\" content=\"https:\/\/news.save.ch\/wp-content\/uploads\/2025\/12\/photo5-scaled.jpg\" \/>\n\t<meta property=\"og:image:width\" content=\"1200\" \/>\n\t<meta property=\"og:image:height\" content=\"900\" \/>\n\t<meta property=\"og:image:type\" content=\"image\/jpeg\" \/>\n<meta name=\"author\" content=\"stefanie Zeng\" \/>\n<meta name=\"twitter:card\" content=\"summary_large_image\" \/>\n<meta name=\"twitter:label1\" content=\"Written by\" \/>\n\t<meta name=\"twitter:data1\" content=\"stefanie Zeng\" \/>\n\t<meta name=\"twitter:label2\" content=\"Est. reading time\" \/>\n\t<meta name=\"twitter:data2\" content=\"4 minutes\" \/>\n<script type=\"application\/ld+json\" class=\"yoast-schema-graph\">{\"@context\":\"https:\\\/\\\/schema.org\",\"@graph\":[{\"@type\":\"Article\",\"@id\":\"https:\\\/\\\/news.save.ch\\\/lawinen-sind-fuer-gletscher-weltweit-entscheidend\\\/#article\",\"isPartOf\":{\"@id\":\"https:\\\/\\\/news.save.ch\\\/lawinen-sind-fuer-gletscher-weltweit-entscheidend\\\/\"},\"author\":{\"name\":\"stefanie Zeng\",\"@id\":\"https:\\\/\\\/news.save.ch\\\/de\\\/#\\\/schema\\\/person\\\/10917387362b3961e882740f6cf6f2a2\"},\"headline\":\"Lawinen sind f\u00fcr Gletscher weltweit entscheidend\",\"datePublished\":\"2025-12-03T09:47:55+00:00\",\"dateModified\":\"2025-12-10T09:51:34+00:00\",\"mainEntityOfPage\":{\"@id\":\"https:\\\/\\\/news.save.ch\\\/lawinen-sind-fuer-gletscher-weltweit-entscheidend\\\/\"},\"wordCount\":687,\"publisher\":{\"@id\":\"https:\\\/\\\/news.save.ch\\\/de\\\/#organization\"},\"image\":{\"@id\":\"https:\\\/\\\/news.save.ch\\\/lawinen-sind-fuer-gletscher-weltweit-entscheidend\\\/#primaryimage\"},\"thumbnailUrl\":\"https:\\\/\\\/news.save.ch\\\/wp-content\\\/uploads\\\/2025\\\/12\\\/photo5-680x510.jpg\",\"keywords\":[\"Glaziologie\",\"Gletscher\",\"Klima\",\"WSL\",\"WSL-Instituts f\u00fcr Schnee- und Lawinenforschung SLF\"],\"articleSection\":[\"ALLGEMEIN\"],\"inLanguage\":\"en-US\"},{\"@type\":\"WebPage\",\"@id\":\"https:\\\/\\\/news.save.ch\\\/lawinen-sind-fuer-gletscher-weltweit-entscheidend\\\/\",\"url\":\"https:\\\/\\\/news.save.ch\\\/lawinen-sind-fuer-gletscher-weltweit-entscheidend\\\/\",\"name\":\"Lawinen sind f\u00fcr Gletscher weltweit entscheidend - Save\",\"isPartOf\":{\"@id\":\"https:\\\/\\\/news.save.ch\\\/de\\\/#website\"},\"primaryImageOfPage\":{\"@id\":\"https:\\\/\\\/news.save.ch\\\/lawinen-sind-fuer-gletscher-weltweit-entscheidend\\\/#primaryimage\"},\"image\":{\"@id\":\"https:\\\/\\\/news.save.ch\\\/lawinen-sind-fuer-gletscher-weltweit-entscheidend\\\/#primaryimage\"},\"thumbnailUrl\":\"https:\\\/\\\/news.save.ch\\\/wp-content\\\/uploads\\\/2025\\\/12\\\/photo5-680x510.jpg\",\"datePublished\":\"2025-12-03T09:47:55+00:00\",\"dateModified\":\"2025-12-10T09:51:34+00:00\",\"description\":\"Ein internationales Forschungsteam zeigt, dass Lawinen entscheidend f\u00fcr das \u00dcberleben vieler Gletscher weltweit sind.\",\"breadcrumb\":{\"@id\":\"https:\\\/\\\/news.save.ch\\\/lawinen-sind-fuer-gletscher-weltweit-entscheidend\\\/#breadcrumb\"},\"inLanguage\":\"en-US\",\"potentialAction\":[{\"@type\":\"ReadAction\",\"target\":[\"https:\\\/\\\/news.save.ch\\\/lawinen-sind-fuer-gletscher-weltweit-entscheidend\\\/\"]}]},{\"@type\":\"ImageObject\",\"inLanguage\":\"en-US\",\"@id\":\"https:\\\/\\\/news.save.ch\\\/lawinen-sind-fuer-gletscher-weltweit-entscheidend\\\/#primaryimage\",\"url\":\"https:\\\/\\\/news.save.ch\\\/wp-content\\\/uploads\\\/2025\\\/12\\\/photo5-680x510.jpg\",\"contentUrl\":\"https:\\\/\\\/news.save.ch\\\/wp-content\\\/uploads\\\/2025\\\/12\\\/photo5-680x510.jpg\"},{\"@type\":\"BreadcrumbList\",\"@id\":\"https:\\\/\\\/news.save.ch\\\/lawinen-sind-fuer-gletscher-weltweit-entscheidend\\\/#breadcrumb\",\"itemListElement\":[{\"@type\":\"ListItem\",\"position\":1,\"name\":\"Home\",\"item\":\"https:\\\/\\\/news.save.ch\\\/de\\\/\"},{\"@type\":\"ListItem\",\"position\":2,\"name\":\"Lawinen sind f\u00fcr Gletscher weltweit entscheidend\"}]},{\"@type\":\"WebSite\",\"@id\":\"https:\\\/\\\/news.save.ch\\\/de\\\/#website\",\"url\":\"https:\\\/\\\/news.save.ch\\\/de\\\/\",\"name\":\"Save\",\"description\":\"Schweizer Fachzeitschrift f\u00fcr Sicherheit\",\"publisher\":{\"@id\":\"https:\\\/\\\/news.save.ch\\\/de\\\/#organization\"},\"potentialAction\":[{\"@type\":\"SearchAction\",\"target\":{\"@type\":\"EntryPoint\",\"urlTemplate\":\"https:\\\/\\\/news.save.ch\\\/de\\\/?s={search_term_string}\"},\"query-input\":{\"@type\":\"PropertyValueSpecification\",\"valueRequired\":true,\"valueName\":\"search_term_string\"}}],\"inLanguage\":\"en-US\"},{\"@type\":\"Organization\",\"@id\":\"https:\\\/\\\/news.save.ch\\\/de\\\/#organization\",\"name\":\"Sicherheitsforum\",\"url\":\"https:\\\/\\\/news.save.ch\\\/de\\\/\",\"logo\":{\"@type\":\"ImageObject\",\"inLanguage\":\"en-US\",\"@id\":\"https:\\\/\\\/news.save.ch\\\/de\\\/#\\\/schema\\\/logo\\\/image\\\/\",\"url\":\"https:\\\/\\\/news.save.ch\\\/wp-content\\\/uploads\\\/2022\\\/06\\\/Logo_SF_2012.png\",\"contentUrl\":\"https:\\\/\\\/news.save.ch\\\/wp-content\\\/uploads\\\/2022\\\/06\\\/Logo_SF_2012.png\",\"width\":1100,\"height\":91,\"caption\":\"Sicherheitsforum\"},\"image\":{\"@id\":\"https:\\\/\\\/news.save.ch\\\/de\\\/#\\\/schema\\\/logo\\\/image\\\/\"}},{\"@type\":\"Person\",\"@id\":\"https:\\\/\\\/news.save.ch\\\/de\\\/#\\\/schema\\\/person\\\/10917387362b3961e882740f6cf6f2a2\",\"name\":\"stefanie Zeng\",\"image\":{\"@type\":\"ImageObject\",\"inLanguage\":\"en-US\",\"@id\":\"https:\\\/\\\/secure.gravatar.com\\\/avatar\\\/eac43faa6e40bb2c41068c95c9d78bbd94c476d5efdff7abaab80bb3ea681e06?s=96&d=mm&r=g\",\"url\":\"https:\\\/\\\/secure.gravatar.com\\\/avatar\\\/eac43faa6e40bb2c41068c95c9d78bbd94c476d5efdff7abaab80bb3ea681e06?s=96&d=mm&r=g\",\"contentUrl\":\"https:\\\/\\\/secure.gravatar.com\\\/avatar\\\/eac43faa6e40bb2c41068c95c9d78bbd94c476d5efdff7abaab80bb3ea681e06?s=96&d=mm&r=g\",\"caption\":\"stefanie Zeng\"},\"url\":\"https:\\\/\\\/news.save.ch\\\/en\\\/author\\\/stefanie-zeng\\\/\"}]}<\/script>\n<!-- \/ Yoast SEO plugin. -->","yoast_head_json":{"title":"Avalanches are crucial for glaciers worldwide - Save","description":"An international research team shows that avalanches are crucial for the survival of many glaciers worldwide.","robots":{"index":"index","follow":"follow","max-snippet":"max-snippet:-1","max-image-preview":"max-image-preview:large","max-video-preview":"max-video-preview:-1"},"canonical":"https:\/\/news.save.ch\/en\/lawinen-sind-fuer-gletscher-weltweit-entscheidend\/","og_locale":"en_US","og_type":"article","og_title":"Lawinen sind f\u00fcr Gletscher weltweit entscheidend - Save","og_description":"Ein internationales Forschungsteam zeigt, dass Lawinen entscheidend f\u00fcr das \u00dcberleben vieler Gletscher weltweit sind.","og_url":"https:\/\/news.save.ch\/en\/lawinen-sind-fuer-gletscher-weltweit-entscheidend\/","og_site_name":"Save","article_published_time":"2025-12-03T09:47:55+00:00","article_modified_time":"2025-12-10T09:51:34+00:00","og_image":[{"width":1200,"height":900,"url":"https:\/\/news.save.ch\/wp-content\/uploads\/2025\/12\/photo5-scaled.jpg","type":"image\/jpeg"}],"author":"stefanie Zeng","twitter_card":"summary_large_image","twitter_misc":{"Written by":"stefanie Zeng","Est. reading time":"4 minutes"},"schema":{"@context":"https:\/\/schema.org","@graph":[{"@type":"Article","@id":"https:\/\/news.save.ch\/lawinen-sind-fuer-gletscher-weltweit-entscheidend\/#article","isPartOf":{"@id":"https:\/\/news.save.ch\/lawinen-sind-fuer-gletscher-weltweit-entscheidend\/"},"author":{"name":"stefanie Zeng","@id":"https:\/\/news.save.ch\/de\/#\/schema\/person\/10917387362b3961e882740f6cf6f2a2"},"headline":"Lawinen sind f\u00fcr Gletscher weltweit entscheidend","datePublished":"2025-12-03T09:47:55+00:00","dateModified":"2025-12-10T09:51:34+00:00","mainEntityOfPage":{"@id":"https:\/\/news.save.ch\/lawinen-sind-fuer-gletscher-weltweit-entscheidend\/"},"wordCount":687,"publisher":{"@id":"https:\/\/news.save.ch\/de\/#organization"},"image":{"@id":"https:\/\/news.save.ch\/lawinen-sind-fuer-gletscher-weltweit-entscheidend\/#primaryimage"},"thumbnailUrl":"https:\/\/news.save.ch\/wp-content\/uploads\/2025\/12\/photo5-680x510.jpg","keywords":["Glaziologie","Gletscher","Klima","WSL","WSL-Instituts f\u00fcr Schnee- und Lawinenforschung SLF"],"articleSection":["ALLGEMEIN"],"inLanguage":"en-US"},{"@type":"WebPage","@id":"https:\/\/news.save.ch\/lawinen-sind-fuer-gletscher-weltweit-entscheidend\/","url":"https:\/\/news.save.ch\/lawinen-sind-fuer-gletscher-weltweit-entscheidend\/","name":"Avalanches are crucial for glaciers worldwide - Save","isPartOf":{"@id":"https:\/\/news.save.ch\/de\/#website"},"primaryImageOfPage":{"@id":"https:\/\/news.save.ch\/lawinen-sind-fuer-gletscher-weltweit-entscheidend\/#primaryimage"},"image":{"@id":"https:\/\/news.save.ch\/lawinen-sind-fuer-gletscher-weltweit-entscheidend\/#primaryimage"},"thumbnailUrl":"https:\/\/news.save.ch\/wp-content\/uploads\/2025\/12\/photo5-680x510.jpg","datePublished":"2025-12-03T09:47:55+00:00","dateModified":"2025-12-10T09:51:34+00:00","description":"An international research team shows that avalanches are crucial for the survival of many glaciers worldwide.","breadcrumb":{"@id":"https:\/\/news.save.ch\/lawinen-sind-fuer-gletscher-weltweit-entscheidend\/#breadcrumb"},"inLanguage":"en-US","potentialAction":[{"@type":"ReadAction","target":["https:\/\/news.save.ch\/lawinen-sind-fuer-gletscher-weltweit-entscheidend\/"]}]},{"@type":"ImageObject","inLanguage":"en-US","@id":"https:\/\/news.save.ch\/lawinen-sind-fuer-gletscher-weltweit-entscheidend\/#primaryimage","url":"https:\/\/news.save.ch\/wp-content\/uploads\/2025\/12\/photo5-680x510.jpg","contentUrl":"https:\/\/news.save.ch\/wp-content\/uploads\/2025\/12\/photo5-680x510.jpg"},{"@type":"BreadcrumbList","@id":"https:\/\/news.save.ch\/lawinen-sind-fuer-gletscher-weltweit-entscheidend\/#breadcrumb","itemListElement":[{"@type":"ListItem","position":1,"name":"Home","item":"https:\/\/news.save.ch\/de\/"},{"@type":"ListItem","position":2,"name":"Lawinen sind f\u00fcr Gletscher weltweit entscheidend"}]},{"@type":"WebSite","@id":"https:\/\/news.save.ch\/de\/#website","url":"https:\/\/news.save.ch\/de\/","name":"Save","description":"Swiss trade journal for safety","publisher":{"@id":"https:\/\/news.save.ch\/de\/#organization"},"potentialAction":[{"@type":"SearchAction","target":{"@type":"EntryPoint","urlTemplate":"https:\/\/news.save.ch\/de\/?s={search_term_string}"},"query-input":{"@type":"PropertyValueSpecification","valueRequired":true,"valueName":"search_term_string"}}],"inLanguage":"en-US"},{"@type":"Organization","@id":"https:\/\/news.save.ch\/de\/#organization","name":"Security Forum","url":"https:\/\/news.save.ch\/de\/","logo":{"@type":"ImageObject","inLanguage":"en-US","@id":"https:\/\/news.save.ch\/de\/#\/schema\/logo\/image\/","url":"https:\/\/news.save.ch\/wp-content\/uploads\/2022\/06\/Logo_SF_2012.png","contentUrl":"https:\/\/news.save.ch\/wp-content\/uploads\/2022\/06\/Logo_SF_2012.png","width":1100,"height":91,"caption":"Sicherheitsforum"},"image":{"@id":"https:\/\/news.save.ch\/de\/#\/schema\/logo\/image\/"}},{"@type":"Person","@id":"https:\/\/news.save.ch\/de\/#\/schema\/person\/10917387362b3961e882740f6cf6f2a2","name":"Stefanie Zeng","image":{"@type":"ImageObject","inLanguage":"en-US","@id":"https:\/\/secure.gravatar.com\/avatar\/eac43faa6e40bb2c41068c95c9d78bbd94c476d5efdff7abaab80bb3ea681e06?s=96&d=mm&r=g","url":"https:\/\/secure.gravatar.com\/avatar\/eac43faa6e40bb2c41068c95c9d78bbd94c476d5efdff7abaab80bb3ea681e06?s=96&d=mm&r=g","contentUrl":"https:\/\/secure.gravatar.com\/avatar\/eac43faa6e40bb2c41068c95c9d78bbd94c476d5efdff7abaab80bb3ea681e06?s=96&d=mm&r=g","caption":"stefanie Zeng"},"url":"https:\/\/news.save.ch\/en\/author\/stefanie-zeng\/"}]}},"_links":{"self":[{"href":"https:\/\/news.save.ch\/en\/wp-json\/wp\/v2\/posts\/24809","targetHints":{"allow":["GET"]}}],"collection":[{"href":"https:\/\/news.save.ch\/en\/wp-json\/wp\/v2\/posts"}],"about":[{"href":"https:\/\/news.save.ch\/en\/wp-json\/wp\/v2\/types\/post"}],"author":[{"embeddable":true,"href":"https:\/\/news.save.ch\/en\/wp-json\/wp\/v2\/users\/31"}],"replies":[{"embeddable":true,"href":"https:\/\/news.save.ch\/en\/wp-json\/wp\/v2\/comments?post=24809"}],"version-history":[{"count":1,"href":"https:\/\/news.save.ch\/en\/wp-json\/wp\/v2\/posts\/24809\/revisions"}],"predecessor-version":[{"id":24811,"href":"https:\/\/news.save.ch\/en\/wp-json\/wp\/v2\/posts\/24809\/revisions\/24811"}],"wp:attachment":[{"href":"https:\/\/news.save.ch\/en\/wp-json\/wp\/v2\/media?parent=24809"}],"wp:term":[{"taxonomy":"category","embeddable":true,"href":"https:\/\/news.save.ch\/en\/wp-json\/wp\/v2\/categories?post=24809"},{"taxonomy":"post_tag","embeddable":true,"href":"https:\/\/news.save.ch\/en\/wp-json\/wp\/v2\/tags?post=24809"}],"curies":[{"name":"wp","href":"https:\/\/api.w.org\/{rel}","templated":true}]}}