{"id":24814,"date":"2025-12-04T11:27:17","date_gmt":"2025-12-04T10:27:17","guid":{"rendered":"https:\/\/news.save.ch\/?p=24814"},"modified":"2025-12-10T11:34:34","modified_gmt":"2025-12-10T10:34:34","slug":"tcs-ambulance-mit-neuem-stuetzpunkt-in-bern","status":null,"type":"post","link":"https:\/\/news.save.ch\/en\/tcs-ambulance-mit-neuem-stuetzpunkt-in-bern\/","title":{"rendered":"TCS Ambulance opens new base in Bern"},"content":{"rendered":"<div class=\"elementStandard elementContent elementText elementText_var0 elementTextAlign_var0 elementTextWidth-no\">\n<figure id=\"attachment_24815\" aria-describedby=\"caption-attachment-24815\" style=\"width: 680px\" class=\"wp-caption alignnone\"><img loading=\"lazy\" decoding=\"async\" class=\"size-medium wp-image-24815\" src=\"https:\/\/news.save.ch\/wp-content\/uploads\/2025\/12\/tcs-ambulance-stuetzpunkte-2025-a11542a18bcc240gd22b965315559260@2x-680x474.jpg\" alt=\"\" width=\"680\" height=\"474\" srcset=\"https:\/\/news.save.ch\/wp-content\/uploads\/2025\/12\/tcs-ambulance-stuetzpunkte-2025-a11542a18bcc240gd22b965315559260@2x-680x474.jpg 680w, https:\/\/news.save.ch\/wp-content\/uploads\/2025\/12\/tcs-ambulance-stuetzpunkte-2025-a11542a18bcc240gd22b965315559260@2x-1024x714.jpg 1024w, https:\/\/news.save.ch\/wp-content\/uploads\/2025\/12\/tcs-ambulance-stuetzpunkte-2025-a11542a18bcc240gd22b965315559260@2x-768x535.jpg 768w, https:\/\/news.save.ch\/wp-content\/uploads\/2025\/12\/tcs-ambulance-stuetzpunkte-2025-a11542a18bcc240gd22b965315559260@2x-1536x1070.jpg 1536w, https:\/\/news.save.ch\/wp-content\/uploads\/2025\/12\/tcs-ambulance-stuetzpunkte-2025-a11542a18bcc240gd22b965315559260@2x-2048x1427.jpg 2048w, https:\/\/news.save.ch\/wp-content\/uploads\/2025\/12\/tcs-ambulance-stuetzpunkte-2025-a11542a18bcc240gd22b965315559260@2x-18x12.jpg 18w, https:\/\/news.save.ch\/wp-content\/uploads\/2025\/12\/tcs-ambulance-stuetzpunkte-2025-a11542a18bcc240gd22b965315559260@2x-375x261.jpg 375w, https:\/\/news.save.ch\/wp-content\/uploads\/2025\/12\/tcs-ambulance-stuetzpunkte-2025-a11542a18bcc240gd22b965315559260@2x-502x350.jpg 502w, https:\/\/news.save.ch\/wp-content\/uploads\/2025\/12\/tcs-ambulance-stuetzpunkte-2025-a11542a18bcc240gd22b965315559260@2x-1000x697.jpg 1000w, https:\/\/news.save.ch\/wp-content\/uploads\/2025\/12\/tcs-ambulance-stuetzpunkte-2025-a11542a18bcc240gd22b965315559260@2x-scaled.jpg 1200w\" sizes=\"auto, (max-width: 680px) 100vw, 680px\" \/><figcaption id=\"caption-attachment-24815\" class=\"wp-caption-text\">Image: zVg<\/figcaption><\/figure>\n<p>In fall 2024, TCS Ambulance's first dedicated ambulance subsidiary began operations in the Biel-Seeland region. Following the successful development of its business activities and increased operational volume, the company is expanding just over a year later: from December, it will operate from an additional base in the city of Bern. \u00abDemand in the city and agglomeration of Bern is high,\u00bb comments Philippe Klaus, CEO of TCS Ambulance. \u00abGeographical proximity to our customers, such as hospitals, clinics, and nursing homes, is very important.\u00bb The subsidiary has 20 employees. Across Switzerland, the TCS Ambulance Group employs around 400 people in seven companies.<\/p>\n<div class=\"elementStandard elementContent elementHeadline elementHeadline_var0 elementHeadlineWidth-no\">\n<h3>Requirements of the canton<\/h3>\n<\/div>\n<div class=\"elementStandard elementContent elementText elementText_var0 elementTextAlign_var0 elementTextWidth-no\">\n<p>\u00a0The separation of emergency rescue transport and simpler patient transport is a requirement in the canton of Bern. For this reason, Spitalzentrum Biel AG entered into a partnership with TCS Ambulance and founded TCS Ambulance Services Mittelland AG in 2024. Since then, the newly founded company has mainly been active in the Biel-Seeland region for secondary patient transports in categories S3 and S4. An S3 transport refers to a planned transfer of stable patients with a low risk of health deterioration; an S4 transport is categorized as the transfer of a stable patient without risk of deterioration and without medical monitoring equipment.<\/p>\n<div class=\"greybox\">\n<h3>About TCS Ambulance<\/h3>\n<p style=\"font-weight: 400;\">TCS Ambulance is the largest national terrestrial organization in the field of emergency rescue and patient transport. It operates in nine cantons\u2014Aargau, Basel-Landschaft, Bern, Lucerne, Zug, Zurich, Vaud, Geneva, and Fribourg\u2014and now operates from 23 bases, carrying out around 45,000 missions per year. TCS Ambulance employs 400 people throughout Switzerland.<\/p>\n<p style=\"font-weight: 400;\">The TCS has also been active in the medical field for over 60 years, particularly through medical advice and repatriation in connection with the ETI insurance policy. Thanks to the support of the TCS, the University of Bern was able to establish an assistant professorship for telemedicine in 2019. The TCS operates the independent medical information website tcs-mymed.ch.<\/p>\n<\/div>\n<\/div>\n<\/div>","protected":false},"excerpt":{"rendered":"<p>Im Herbst 2024 nahm die erste eigens gegr\u00fcndete Tochtergesellschaft f\u00fcr Krankentransporte von TCS Ambulance in der Region Biel-Seeland ihren Betrieb auf. Nach erfolgreicher Entwicklung der Gesch\u00e4ftst\u00e4tigkeit und dem erh\u00f6hten Einsatzvolumen wird gut ein Jahr sp\u00e4ter expandiert: Ab Dezember operiert die Gesellschaft von einem weiteren St\u00fctzpunkt in der Stadt Bern aus. \u00abDie Nachfrage in der Stadt [&hellip;]<\/p>\n","protected":false},"author":31,"featured_media":24815,"comment_status":"closed","ping_status":"closed","sticky":false,"template":"","format":"standard","meta":{"_acf_changed":false,"pgc_sgb_lightbox_settings":"","footnotes":""},"categories":[3314],"tags":[2628,3077],"class_list":["post-24814","post","type-post","status-publish","format-standard","has-post-thumbnail","hentry","category-health-safety","tag-notfallrettung","tag-tcs"],"acf":[],"hkrextid":null,"publication":null,"issue":null,"workflow":null,"startPage":null,"spitzmarke":null,"_posts_by_tag_page_fields":null,"_at_widget":null,"_yoast_wpseo_primary_category":"3314","_yoast_wpseo_focuskw_text_input":null,"_yoast_wpseo_opengraph-image":null,"_yoast_wpseo_opengraph-description":null,"_yoast_wpseo_opengraph-title":null,"enclosure":null,"_yoast_wpseo_twitter-title":null,"_yoast_wpseo_twitter-description":null,"_yoast_wpseo_twitter-image":null,"_wp_old_slug":null,"_yoast_wpseo_title":null,"_yoast_wpseo_canonical":null,"yoast_head":"<!-- This site is optimized with the Yoast SEO plugin v27.4 - https:\/\/yoast.com\/product\/yoast-seo-wordpress\/ -->\n<title>TCS Ambulance mit neuem St\u00fctzpunkt in Bern - Save<\/title>\n<meta name=\"description\" content=\"Nach Biel nimmt TCS Ambulance Services Mittelland im Kanton Bern einen zweiten St\u00fctzpunkt in Betrieb.\" \/>\n<meta name=\"robots\" content=\"index, follow, max-snippet:-1, max-image-preview:large, max-video-preview:-1\" \/>\n<link rel=\"canonical\" href=\"https:\/\/news.save.ch\/en\/tcs-ambulance-mit-neuem-stuetzpunkt-in-bern\/\" \/>\n<meta property=\"og:locale\" content=\"en_US\" \/>\n<meta property=\"og:type\" content=\"article\" \/>\n<meta property=\"og:title\" content=\"TCS Ambulance mit neuem St\u00fctzpunkt in Bern - Save\" \/>\n<meta property=\"og:description\" content=\"Nach Biel nimmt TCS Ambulance Services Mittelland im Kanton Bern einen zweiten St\u00fctzpunkt in Betrieb.\" \/>\n<meta property=\"og:url\" content=\"https:\/\/news.save.ch\/en\/tcs-ambulance-mit-neuem-stuetzpunkt-in-bern\/\" \/>\n<meta property=\"og:site_name\" content=\"Save\" \/>\n<meta property=\"article:published_time\" content=\"2025-12-04T10:27:17+00:00\" \/>\n<meta property=\"article:modified_time\" content=\"2025-12-10T10:34:34+00:00\" \/>\n<meta property=\"og:image\" content=\"https:\/\/news.save.ch\/wp-content\/uploads\/2025\/12\/tcs-ambulance-stuetzpunkte-2025-a11542a18bcc240gd22b965315559260@2x-scaled.jpg\" \/>\n\t<meta property=\"og:image:width\" content=\"1200\" \/>\n\t<meta property=\"og:image:height\" content=\"837\" \/>\n\t<meta property=\"og:image:type\" content=\"image\/jpeg\" \/>\n<meta name=\"author\" content=\"stefanie Zeng\" \/>\n<meta name=\"twitter:card\" content=\"summary_large_image\" \/>\n<meta name=\"twitter:label1\" content=\"Written by\" \/>\n\t<meta name=\"twitter:data1\" content=\"stefanie Zeng\" \/>\n\t<meta name=\"twitter:label2\" content=\"Est. reading time\" \/>\n\t<meta name=\"twitter:data2\" content=\"3 minutes\" \/>\n<script type=\"application\/ld+json\" class=\"yoast-schema-graph\">{\"@context\":\"https:\\\/\\\/schema.org\",\"@graph\":[{\"@type\":\"Article\",\"@id\":\"https:\\\/\\\/news.save.ch\\\/tcs-ambulance-mit-neuem-stuetzpunkt-in-bern\\\/#article\",\"isPartOf\":{\"@id\":\"https:\\\/\\\/news.save.ch\\\/tcs-ambulance-mit-neuem-stuetzpunkt-in-bern\\\/\"},\"author\":{\"name\":\"stefanie Zeng\",\"@id\":\"https:\\\/\\\/news.save.ch\\\/de\\\/#\\\/schema\\\/person\\\/10917387362b3961e882740f6cf6f2a2\"},\"headline\":\"TCS Ambulance mit neuem St\u00fctzpunkt in Bern\",\"datePublished\":\"2025-12-04T10:27:17+00:00\",\"dateModified\":\"2025-12-10T10:34:34+00:00\",\"mainEntityOfPage\":{\"@id\":\"https:\\\/\\\/news.save.ch\\\/tcs-ambulance-mit-neuem-stuetzpunkt-in-bern\\\/\"},\"wordCount\":332,\"publisher\":{\"@id\":\"https:\\\/\\\/news.save.ch\\\/de\\\/#organization\"},\"image\":{\"@id\":\"https:\\\/\\\/news.save.ch\\\/tcs-ambulance-mit-neuem-stuetzpunkt-in-bern\\\/#primaryimage\"},\"thumbnailUrl\":\"https:\\\/\\\/news.save.ch\\\/wp-content\\\/uploads\\\/2025\\\/12\\\/tcs-ambulance-stuetzpunkte-2025-a11542a18bcc240gd22b965315559260@2x-scaled.jpg\",\"keywords\":[\"Notfallrettung\",\"TCS\"],\"articleSection\":[\"HEALTH &amp; SAFETY\"],\"inLanguage\":\"en-US\"},{\"@type\":\"WebPage\",\"@id\":\"https:\\\/\\\/news.save.ch\\\/tcs-ambulance-mit-neuem-stuetzpunkt-in-bern\\\/\",\"url\":\"https:\\\/\\\/news.save.ch\\\/tcs-ambulance-mit-neuem-stuetzpunkt-in-bern\\\/\",\"name\":\"TCS Ambulance mit neuem St\u00fctzpunkt in Bern - Save\",\"isPartOf\":{\"@id\":\"https:\\\/\\\/news.save.ch\\\/de\\\/#website\"},\"primaryImageOfPage\":{\"@id\":\"https:\\\/\\\/news.save.ch\\\/tcs-ambulance-mit-neuem-stuetzpunkt-in-bern\\\/#primaryimage\"},\"image\":{\"@id\":\"https:\\\/\\\/news.save.ch\\\/tcs-ambulance-mit-neuem-stuetzpunkt-in-bern\\\/#primaryimage\"},\"thumbnailUrl\":\"https:\\\/\\\/news.save.ch\\\/wp-content\\\/uploads\\\/2025\\\/12\\\/tcs-ambulance-stuetzpunkte-2025-a11542a18bcc240gd22b965315559260@2x-scaled.jpg\",\"datePublished\":\"2025-12-04T10:27:17+00:00\",\"dateModified\":\"2025-12-10T10:34:34+00:00\",\"description\":\"Nach Biel nimmt TCS Ambulance Services Mittelland im Kanton Bern einen zweiten St\u00fctzpunkt in Betrieb.\",\"breadcrumb\":{\"@id\":\"https:\\\/\\\/news.save.ch\\\/tcs-ambulance-mit-neuem-stuetzpunkt-in-bern\\\/#breadcrumb\"},\"inLanguage\":\"en-US\",\"potentialAction\":[{\"@type\":\"ReadAction\",\"target\":[\"https:\\\/\\\/news.save.ch\\\/tcs-ambulance-mit-neuem-stuetzpunkt-in-bern\\\/\"]}]},{\"@type\":\"ImageObject\",\"inLanguage\":\"en-US\",\"@id\":\"https:\\\/\\\/news.save.ch\\\/tcs-ambulance-mit-neuem-stuetzpunkt-in-bern\\\/#primaryimage\",\"url\":\"https:\\\/\\\/news.save.ch\\\/wp-content\\\/uploads\\\/2025\\\/12\\\/tcs-ambulance-stuetzpunkte-2025-a11542a18bcc240gd22b965315559260@2x-scaled.jpg\",\"contentUrl\":\"https:\\\/\\\/news.save.ch\\\/wp-content\\\/uploads\\\/2025\\\/12\\\/tcs-ambulance-stuetzpunkte-2025-a11542a18bcc240gd22b965315559260@2x-scaled.jpg\",\"width\":1200,\"height\":837,\"caption\":\"Bild: zVg\"},{\"@type\":\"BreadcrumbList\",\"@id\":\"https:\\\/\\\/news.save.ch\\\/tcs-ambulance-mit-neuem-stuetzpunkt-in-bern\\\/#breadcrumb\",\"itemListElement\":[{\"@type\":\"ListItem\",\"position\":1,\"name\":\"Home\",\"item\":\"https:\\\/\\\/news.save.ch\\\/de\\\/\"},{\"@type\":\"ListItem\",\"position\":2,\"name\":\"TCS Ambulance mit neuem St\u00fctzpunkt in Bern\"}]},{\"@type\":\"WebSite\",\"@id\":\"https:\\\/\\\/news.save.ch\\\/de\\\/#website\",\"url\":\"https:\\\/\\\/news.save.ch\\\/de\\\/\",\"name\":\"Save\",\"description\":\"Schweizer Fachzeitschrift f\u00fcr Sicherheit\",\"publisher\":{\"@id\":\"https:\\\/\\\/news.save.ch\\\/de\\\/#organization\"},\"potentialAction\":[{\"@type\":\"SearchAction\",\"target\":{\"@type\":\"EntryPoint\",\"urlTemplate\":\"https:\\\/\\\/news.save.ch\\\/de\\\/?s={search_term_string}\"},\"query-input\":{\"@type\":\"PropertyValueSpecification\",\"valueRequired\":true,\"valueName\":\"search_term_string\"}}],\"inLanguage\":\"en-US\"},{\"@type\":\"Organization\",\"@id\":\"https:\\\/\\\/news.save.ch\\\/de\\\/#organization\",\"name\":\"Sicherheitsforum\",\"url\":\"https:\\\/\\\/news.save.ch\\\/de\\\/\",\"logo\":{\"@type\":\"ImageObject\",\"inLanguage\":\"en-US\",\"@id\":\"https:\\\/\\\/news.save.ch\\\/de\\\/#\\\/schema\\\/logo\\\/image\\\/\",\"url\":\"https:\\\/\\\/news.save.ch\\\/wp-content\\\/uploads\\\/2022\\\/06\\\/Logo_SF_2012.png\",\"contentUrl\":\"https:\\\/\\\/news.save.ch\\\/wp-content\\\/uploads\\\/2022\\\/06\\\/Logo_SF_2012.png\",\"width\":1100,\"height\":91,\"caption\":\"Sicherheitsforum\"},\"image\":{\"@id\":\"https:\\\/\\\/news.save.ch\\\/de\\\/#\\\/schema\\\/logo\\\/image\\\/\"}},{\"@type\":\"Person\",\"@id\":\"https:\\\/\\\/news.save.ch\\\/de\\\/#\\\/schema\\\/person\\\/10917387362b3961e882740f6cf6f2a2\",\"name\":\"stefanie Zeng\",\"image\":{\"@type\":\"ImageObject\",\"inLanguage\":\"en-US\",\"@id\":\"https:\\\/\\\/secure.gravatar.com\\\/avatar\\\/eac43faa6e40bb2c41068c95c9d78bbd94c476d5efdff7abaab80bb3ea681e06?s=96&d=mm&r=g\",\"url\":\"https:\\\/\\\/secure.gravatar.com\\\/avatar\\\/eac43faa6e40bb2c41068c95c9d78bbd94c476d5efdff7abaab80bb3ea681e06?s=96&d=mm&r=g\",\"contentUrl\":\"https:\\\/\\\/secure.gravatar.com\\\/avatar\\\/eac43faa6e40bb2c41068c95c9d78bbd94c476d5efdff7abaab80bb3ea681e06?s=96&d=mm&r=g\",\"caption\":\"stefanie Zeng\"},\"url\":\"https:\\\/\\\/news.save.ch\\\/en\\\/author\\\/stefanie-zeng\\\/\"}]}<\/script>\n<!-- \/ Yoast SEO plugin. -->","yoast_head_json":{"title":"TCS Ambulance opens new base in Bern - Save","description":"Following Biel, TCS Ambulance Services Mittelland is opening a second base in the canton of Bern.","robots":{"index":"index","follow":"follow","max-snippet":"max-snippet:-1","max-image-preview":"max-image-preview:large","max-video-preview":"max-video-preview:-1"},"canonical":"https:\/\/news.save.ch\/en\/tcs-ambulance-mit-neuem-stuetzpunkt-in-bern\/","og_locale":"en_US","og_type":"article","og_title":"TCS Ambulance mit neuem St\u00fctzpunkt in Bern - Save","og_description":"Nach Biel nimmt TCS Ambulance Services Mittelland im Kanton Bern einen zweiten St\u00fctzpunkt in Betrieb.","og_url":"https:\/\/news.save.ch\/en\/tcs-ambulance-mit-neuem-stuetzpunkt-in-bern\/","og_site_name":"Save","article_published_time":"2025-12-04T10:27:17+00:00","article_modified_time":"2025-12-10T10:34:34+00:00","og_image":[{"width":1200,"height":837,"url":"https:\/\/news.save.ch\/wp-content\/uploads\/2025\/12\/tcs-ambulance-stuetzpunkte-2025-a11542a18bcc240gd22b965315559260@2x-scaled.jpg","type":"image\/jpeg"}],"author":"stefanie Zeng","twitter_card":"summary_large_image","twitter_misc":{"Written by":"stefanie Zeng","Est. reading time":"3 minutes"},"schema":{"@context":"https:\/\/schema.org","@graph":[{"@type":"Article","@id":"https:\/\/news.save.ch\/tcs-ambulance-mit-neuem-stuetzpunkt-in-bern\/#article","isPartOf":{"@id":"https:\/\/news.save.ch\/tcs-ambulance-mit-neuem-stuetzpunkt-in-bern\/"},"author":{"name":"stefanie Zeng","@id":"https:\/\/news.save.ch\/de\/#\/schema\/person\/10917387362b3961e882740f6cf6f2a2"},"headline":"TCS Ambulance mit neuem St\u00fctzpunkt in Bern","datePublished":"2025-12-04T10:27:17+00:00","dateModified":"2025-12-10T10:34:34+00:00","mainEntityOfPage":{"@id":"https:\/\/news.save.ch\/tcs-ambulance-mit-neuem-stuetzpunkt-in-bern\/"},"wordCount":332,"publisher":{"@id":"https:\/\/news.save.ch\/de\/#organization"},"image":{"@id":"https:\/\/news.save.ch\/tcs-ambulance-mit-neuem-stuetzpunkt-in-bern\/#primaryimage"},"thumbnailUrl":"https:\/\/news.save.ch\/wp-content\/uploads\/2025\/12\/tcs-ambulance-stuetzpunkte-2025-a11542a18bcc240gd22b965315559260@2x-scaled.jpg","keywords":["Notfallrettung","TCS"],"articleSection":["HEALTH &amp; SAFETY"],"inLanguage":"en-US"},{"@type":"WebPage","@id":"https:\/\/news.save.ch\/tcs-ambulance-mit-neuem-stuetzpunkt-in-bern\/","url":"https:\/\/news.save.ch\/tcs-ambulance-mit-neuem-stuetzpunkt-in-bern\/","name":"TCS Ambulance opens new base in Bern - Save","isPartOf":{"@id":"https:\/\/news.save.ch\/de\/#website"},"primaryImageOfPage":{"@id":"https:\/\/news.save.ch\/tcs-ambulance-mit-neuem-stuetzpunkt-in-bern\/#primaryimage"},"image":{"@id":"https:\/\/news.save.ch\/tcs-ambulance-mit-neuem-stuetzpunkt-in-bern\/#primaryimage"},"thumbnailUrl":"https:\/\/news.save.ch\/wp-content\/uploads\/2025\/12\/tcs-ambulance-stuetzpunkte-2025-a11542a18bcc240gd22b965315559260@2x-scaled.jpg","datePublished":"2025-12-04T10:27:17+00:00","dateModified":"2025-12-10T10:34:34+00:00","description":"Following Biel, TCS Ambulance Services Mittelland is opening a second base in the canton of Bern.","breadcrumb":{"@id":"https:\/\/news.save.ch\/tcs-ambulance-mit-neuem-stuetzpunkt-in-bern\/#breadcrumb"},"inLanguage":"en-US","potentialAction":[{"@type":"ReadAction","target":["https:\/\/news.save.ch\/tcs-ambulance-mit-neuem-stuetzpunkt-in-bern\/"]}]},{"@type":"ImageObject","inLanguage":"en-US","@id":"https:\/\/news.save.ch\/tcs-ambulance-mit-neuem-stuetzpunkt-in-bern\/#primaryimage","url":"https:\/\/news.save.ch\/wp-content\/uploads\/2025\/12\/tcs-ambulance-stuetzpunkte-2025-a11542a18bcc240gd22b965315559260@2x-scaled.jpg","contentUrl":"https:\/\/news.save.ch\/wp-content\/uploads\/2025\/12\/tcs-ambulance-stuetzpunkte-2025-a11542a18bcc240gd22b965315559260@2x-scaled.jpg","width":1200,"height":837,"caption":"Bild: zVg"},{"@type":"BreadcrumbList","@id":"https:\/\/news.save.ch\/tcs-ambulance-mit-neuem-stuetzpunkt-in-bern\/#breadcrumb","itemListElement":[{"@type":"ListItem","position":1,"name":"Home","item":"https:\/\/news.save.ch\/de\/"},{"@type":"ListItem","position":2,"name":"TCS Ambulance mit neuem St\u00fctzpunkt in Bern"}]},{"@type":"WebSite","@id":"https:\/\/news.save.ch\/de\/#website","url":"https:\/\/news.save.ch\/de\/","name":"Save","description":"Swiss trade journal for safety","publisher":{"@id":"https:\/\/news.save.ch\/de\/#organization"},"potentialAction":[{"@type":"SearchAction","target":{"@type":"EntryPoint","urlTemplate":"https:\/\/news.save.ch\/de\/?s={search_term_string}"},"query-input":{"@type":"PropertyValueSpecification","valueRequired":true,"valueName":"search_term_string"}}],"inLanguage":"en-US"},{"@type":"Organization","@id":"https:\/\/news.save.ch\/de\/#organization","name":"Security Forum","url":"https:\/\/news.save.ch\/de\/","logo":{"@type":"ImageObject","inLanguage":"en-US","@id":"https:\/\/news.save.ch\/de\/#\/schema\/logo\/image\/","url":"https:\/\/news.save.ch\/wp-content\/uploads\/2022\/06\/Logo_SF_2012.png","contentUrl":"https:\/\/news.save.ch\/wp-content\/uploads\/2022\/06\/Logo_SF_2012.png","width":1100,"height":91,"caption":"Sicherheitsforum"},"image":{"@id":"https:\/\/news.save.ch\/de\/#\/schema\/logo\/image\/"}},{"@type":"Person","@id":"https:\/\/news.save.ch\/de\/#\/schema\/person\/10917387362b3961e882740f6cf6f2a2","name":"Stefanie Zeng","image":{"@type":"ImageObject","inLanguage":"en-US","@id":"https:\/\/secure.gravatar.com\/avatar\/eac43faa6e40bb2c41068c95c9d78bbd94c476d5efdff7abaab80bb3ea681e06?s=96&d=mm&r=g","url":"https:\/\/secure.gravatar.com\/avatar\/eac43faa6e40bb2c41068c95c9d78bbd94c476d5efdff7abaab80bb3ea681e06?s=96&d=mm&r=g","contentUrl":"https:\/\/secure.gravatar.com\/avatar\/eac43faa6e40bb2c41068c95c9d78bbd94c476d5efdff7abaab80bb3ea681e06?s=96&d=mm&r=g","caption":"stefanie Zeng"},"url":"https:\/\/news.save.ch\/en\/author\/stefanie-zeng\/"}]}},"_links":{"self":[{"href":"https:\/\/news.save.ch\/en\/wp-json\/wp\/v2\/posts\/24814","targetHints":{"allow":["GET"]}}],"collection":[{"href":"https:\/\/news.save.ch\/en\/wp-json\/wp\/v2\/posts"}],"about":[{"href":"https:\/\/news.save.ch\/en\/wp-json\/wp\/v2\/types\/post"}],"author":[{"embeddable":true,"href":"https:\/\/news.save.ch\/en\/wp-json\/wp\/v2\/users\/31"}],"replies":[{"embeddable":true,"href":"https:\/\/news.save.ch\/en\/wp-json\/wp\/v2\/comments?post=24814"}],"version-history":[{"count":1,"href":"https:\/\/news.save.ch\/en\/wp-json\/wp\/v2\/posts\/24814\/revisions"}],"predecessor-version":[{"id":24816,"href":"https:\/\/news.save.ch\/en\/wp-json\/wp\/v2\/posts\/24814\/revisions\/24816"}],"wp:featuredmedia":[{"embeddable":true,"href":"https:\/\/news.save.ch\/en\/wp-json\/wp\/v2\/media\/24815"}],"wp:attachment":[{"href":"https:\/\/news.save.ch\/en\/wp-json\/wp\/v2\/media?parent=24814"}],"wp:term":[{"taxonomy":"category","embeddable":true,"href":"https:\/\/news.save.ch\/en\/wp-json\/wp\/v2\/categories?post=24814"},{"taxonomy":"post_tag","embeddable":true,"href":"https:\/\/news.save.ch\/en\/wp-json\/wp\/v2\/tags?post=24814"}],"curies":[{"name":"wp","href":"https:\/\/api.w.org\/{rel}","templated":true}]}}