{"id":24817,"date":"2025-12-10T12:53:49","date_gmt":"2025-12-10T11:53:49","guid":{"rendered":"https:\/\/news.save.ch\/?p=24817"},"modified":"2025-12-10T12:53:49","modified_gmt":"2025-12-10T11:53:49","slug":"tabak-und-nikotin-ein-weiterer-schritt-zur-einfuehrung-der-vom-volk-gewuenschten-werbeeinschraenkungen","status":null,"type":"post","link":"https:\/\/news.save.ch\/en\/tabak-und-nikotin-ein-weiterer-schritt-zur-einfuehrung-der-vom-volk-gewuenschten-werbeeinschraenkungen\/","title":{"rendered":"Tobacco and nicotine: Another step toward introducing the advertising restrictions desired by the people"},"content":{"rendered":"<figure id=\"attachment_24818\" aria-describedby=\"caption-attachment-24818\" style=\"width: 680px\" class=\"wp-caption alignnone\"><img loading=\"lazy\" decoding=\"async\" class=\"size-medium wp-image-24818\" src=\"https:\/\/news.save.ch\/wp-content\/uploads\/2025\/12\/Depositphotos_28599665_S-680x454.jpg\" alt=\"\" width=\"680\" height=\"454\" srcset=\"https:\/\/news.save.ch\/wp-content\/uploads\/2025\/12\/Depositphotos_28599665_S-680x454.jpg 680w, https:\/\/news.save.ch\/wp-content\/uploads\/2025\/12\/Depositphotos_28599665_S-768x512.jpg 768w, https:\/\/news.save.ch\/wp-content\/uploads\/2025\/12\/Depositphotos_28599665_S-18x12.jpg 18w, https:\/\/news.save.ch\/wp-content\/uploads\/2025\/12\/Depositphotos_28599665_S-375x250.jpg 375w, https:\/\/news.save.ch\/wp-content\/uploads\/2025\/12\/Depositphotos_28599665_S-525x350.jpg 525w, https:\/\/news.save.ch\/wp-content\/uploads\/2025\/12\/Depositphotos_28599665_S.jpg 1000w\" sizes=\"auto, (max-width: 680px) 100vw, 680px\" \/><figcaption id=\"caption-attachment-24818\" class=\"wp-caption-text\">Photo: Depositphotos\/nightmare<\/figcaption><\/figure>\n<p id=\"doc-1jbmn9avr0\" class=\"font--regular\">The new Tobacco Products Act, which came into force in October 2024, already introduced a ban on sales to minors and advertising restrictions for all tobacco products and e-cigarettes. However, the law must be amended to implement the popular initiative \u00abChildren and young people without tobacco advertising,\u00bb which was approved by the people and the cantons in 2022.<\/p>\n<p id=\"doc-1jbmn9frk0\" class=\"font--regular\">The law, which was revised by Parliament in June 2025, introduces further restrictions on advertising, sales promotion, and sponsorship for tobacco products and e-cigarettes. In future, advertising in the press will be prohibited. This does not apply to publications that are sold mainly through subscriptions and whose readership consists of at least 98 percent adults. Advertising at points of sale will also no longer be permitted. In addition, tobacco products and e-cigarettes may no longer be advertised on the internet if there is no age verification system in place. Sponsorship of events that can be attended by minors will also be prohibited unless appropriate measures are taken to ensure that the advertising is neither visible nor accessible to minors at the event.<\/p>\n<h3 id=\"doc-1jbmn9j640\" class=\"h2\">Main elements of the revised regulation<\/h3>\n<p id=\"doc-1jbmn9qe60\" class=\"font--regular\">The revision of the law also requires a revision of the Tobacco Products Ordinance (TabPV). This regulates in particular the requirements for the age verification system, which is mandatory for online advertising and sales via the Internet or from vending machines. Proof of age must be provided in the form of an official physical or electronic ID, such as an identity card, a foreigner's ID card, an electronic ID (e-ID), or another secure electronic means of identification such as SwissID. The bill also specifies which measures are considered appropriate to make advertising at events sponsored by the tobacco and nicotine industry invisible and inaccessible to minors. Minors must be prohibited from entering the premises where the advertising is located, and age checks must be carried out at the entrance. The Federal Council has opened the consultation process on the revision of the ordinance: the consultation will run until March 20, 2026.<\/p>\n<h3 id=\"doc-1jbmna3ek0\" class=\"h2\">More information:<\/h3>\n<ul id=\"doc-1jbmnaagc0\" class=\"list list--default\" title=\"\">\n<li><a class=\"link--external\" href=\"https:\/\/www.bag.admin.ch\/de\/revision-des-tabakproduktegesetzes\" target=\"_blank\" rel=\"external noopener\" aria-label=\"www.bag.admin.ch\/de\/revision-des-tabakproduktegesetzes Open link in a new tab\">Revision of the Tobacco Products Act<\/a><\/li>\n<li><a class=\"link--external\" href=\"https:\/\/www.bag.admin.ch\/de\/revision-des-tabakproduktegesetzes\" target=\"_blank\" rel=\"external noopener\" aria-label=\"www.bag.admin.ch\/de\/revision-des-tabakproduktegesetzes Open link in a new tab\">Fact sheet: Tobacco advertising<\/a><\/li>\n<li><a class=\"link--external\" href=\"https:\/\/www.bag.admin.ch\/de\/faq-zur-umsetzung-des-tabakproduktegesetzes\" target=\"_blank\" rel=\"external noopener\" aria-label=\"www.bag.admin.ch\/de\/faq-zur-umsetzung-des-tabakproduktegesetzes Open link in a new tab\">FAQs on the implementation of the Tobacco Products Act<\/a><\/li>\n<\/ul>\n<p><em>Source: BAG<\/em><\/p>","protected":false},"excerpt":{"rendered":"<p>Mit dem neuen Tabakproduktgesetz, das im Oktober 2024 in Kraft getreten ist, wurden bereits ein Verbot der Abgabe an Minderj\u00e4hrige und Werbeeinschr\u00e4nkungen f\u00fcr alle Tabakprodukte und E-Zigaretten eingef\u00fchrt. Das Gesetz muss jedoch ge\u00e4ndert werden, um die von Volk und St\u00e4nden im Jahr 2022 angenommenen Volksinitiative \u00abKinder und Jugendliche ohne Tabakwerbung\u00bb umzusetzen. Das vom Parlament im [&hellip;]<\/p>\n","protected":false},"author":31,"featured_media":0,"comment_status":"closed","ping_status":"closed","sticky":false,"template":"","format":"standard","meta":{"_acf_changed":false,"pgc_sgb_lightbox_settings":"","footnotes":""},"categories":[3314],"tags":[168,6636,3068,6637],"class_list":["post-24817","post","type-post","status-publish","format-standard","hentry","category-health-safety","tag-bundesrat","tag-nikotin","tag-tabak","tag-tabakprodukteverordnung-tabpv"],"acf":[],"hkrextid":null,"publication":null,"issue":null,"workflow":null,"startPage":null,"spitzmarke":null,"_posts_by_tag_page_fields":null,"_at_widget":null,"_yoast_wpseo_primary_category":"3314","_yoast_wpseo_focuskw_text_input":null,"_yoast_wpseo_opengraph-image":null,"_yoast_wpseo_opengraph-description":null,"_yoast_wpseo_opengraph-title":null,"enclosure":null,"_yoast_wpseo_twitter-title":null,"_yoast_wpseo_twitter-description":null,"_yoast_wpseo_twitter-image":null,"_wp_old_slug":null,"_yoast_wpseo_title":null,"_yoast_wpseo_canonical":null,"yoast_head":"<!-- This site is optimized with the Yoast SEO plugin v27.4 - https:\/\/yoast.com\/product\/yoast-seo-wordpress\/ -->\n<title>Tabak und Nikotin: Ein weiterer Schritt zur Einf\u00fchrung der vom Volk gew\u00fcnschten Werbeeinschr\u00e4nkungen - Save<\/title>\n<meta name=\"description\" content=\"Der Bundesrat hat die Vernehmlassung zum Revisionsentwurf der Tabakprodukteverordnung (TabPV) er\u00f6ffnet. Mit dieser Vorlage sollen die Werbeeinschr\u00e4nkungen versch\u00e4rft werden.\" \/>\n<meta name=\"robots\" content=\"index, follow, max-snippet:-1, max-image-preview:large, max-video-preview:-1\" \/>\n<link rel=\"canonical\" href=\"https:\/\/news.save.ch\/en\/tabak-und-nikotin-ein-weiterer-schritt-zur-einfuehrung-der-vom-volk-gewuenschten-werbeeinschraenkungen\/\" \/>\n<meta property=\"og:locale\" content=\"en_US\" \/>\n<meta property=\"og:type\" content=\"article\" \/>\n<meta property=\"og:title\" content=\"Tabak und Nikotin: Ein weiterer Schritt zur Einf\u00fchrung der vom Volk gew\u00fcnschten Werbeeinschr\u00e4nkungen - Save\" \/>\n<meta property=\"og:description\" content=\"Der Bundesrat hat die Vernehmlassung zum Revisionsentwurf der Tabakprodukteverordnung (TabPV) er\u00f6ffnet. Mit dieser Vorlage sollen die Werbeeinschr\u00e4nkungen versch\u00e4rft werden.\" \/>\n<meta property=\"og:url\" content=\"https:\/\/news.save.ch\/en\/tabak-und-nikotin-ein-weiterer-schritt-zur-einfuehrung-der-vom-volk-gewuenschten-werbeeinschraenkungen\/\" \/>\n<meta property=\"og:site_name\" content=\"Save\" \/>\n<meta property=\"article:published_time\" content=\"2025-12-10T11:53:49+00:00\" \/>\n<meta property=\"og:image\" content=\"https:\/\/news.save.ch\/wp-content\/uploads\/2025\/12\/Depositphotos_28599665_S.jpg\" \/>\n\t<meta property=\"og:image:width\" content=\"1000\" \/>\n\t<meta property=\"og:image:height\" content=\"667\" \/>\n\t<meta property=\"og:image:type\" content=\"image\/jpeg\" \/>\n<meta name=\"author\" content=\"stefanie Zeng\" \/>\n<meta name=\"twitter:card\" content=\"summary_large_image\" \/>\n<meta name=\"twitter:label1\" content=\"Written by\" \/>\n\t<meta name=\"twitter:data1\" content=\"stefanie Zeng\" \/>\n\t<meta name=\"twitter:label2\" content=\"Est. reading time\" \/>\n\t<meta name=\"twitter:data2\" content=\"2 minutes\" \/>\n<script type=\"application\/ld+json\" class=\"yoast-schema-graph\">{\"@context\":\"https:\\\/\\\/schema.org\",\"@graph\":[{\"@type\":\"Article\",\"@id\":\"https:\\\/\\\/news.save.ch\\\/tabak-und-nikotin-ein-weiterer-schritt-zur-einfuehrung-der-vom-volk-gewuenschten-werbeeinschraenkungen\\\/#article\",\"isPartOf\":{\"@id\":\"https:\\\/\\\/news.save.ch\\\/tabak-und-nikotin-ein-weiterer-schritt-zur-einfuehrung-der-vom-volk-gewuenschten-werbeeinschraenkungen\\\/\"},\"author\":{\"name\":\"stefanie Zeng\",\"@id\":\"https:\\\/\\\/news.save.ch\\\/de\\\/#\\\/schema\\\/person\\\/10917387362b3961e882740f6cf6f2a2\"},\"headline\":\"Tabak und Nikotin: Ein weiterer Schritt zur Einf\u00fchrung der vom Volk gew\u00fcnschten Werbeeinschr\u00e4nkungen\",\"datePublished\":\"2025-12-10T11:53:49+00:00\",\"mainEntityOfPage\":{\"@id\":\"https:\\\/\\\/news.save.ch\\\/tabak-und-nikotin-ein-weiterer-schritt-zur-einfuehrung-der-vom-volk-gewuenschten-werbeeinschraenkungen\\\/\"},\"wordCount\":367,\"publisher\":{\"@id\":\"https:\\\/\\\/news.save.ch\\\/de\\\/#organization\"},\"image\":{\"@id\":\"https:\\\/\\\/news.save.ch\\\/tabak-und-nikotin-ein-weiterer-schritt-zur-einfuehrung-der-vom-volk-gewuenschten-werbeeinschraenkungen\\\/#primaryimage\"},\"thumbnailUrl\":\"https:\\\/\\\/news.save.ch\\\/wp-content\\\/uploads\\\/2025\\\/12\\\/Depositphotos_28599665_S-680x454.jpg\",\"keywords\":[\"Bundesrat\",\"Nikotin\",\"Tabak\",\"Tabakprodukteverordnung (TabPV\"],\"articleSection\":[\"HEALTH &amp; SAFETY\"],\"inLanguage\":\"en-US\"},{\"@type\":\"WebPage\",\"@id\":\"https:\\\/\\\/news.save.ch\\\/tabak-und-nikotin-ein-weiterer-schritt-zur-einfuehrung-der-vom-volk-gewuenschten-werbeeinschraenkungen\\\/\",\"url\":\"https:\\\/\\\/news.save.ch\\\/tabak-und-nikotin-ein-weiterer-schritt-zur-einfuehrung-der-vom-volk-gewuenschten-werbeeinschraenkungen\\\/\",\"name\":\"Tabak und Nikotin: Ein weiterer Schritt zur Einf\u00fchrung der vom Volk gew\u00fcnschten Werbeeinschr\u00e4nkungen - Save\",\"isPartOf\":{\"@id\":\"https:\\\/\\\/news.save.ch\\\/de\\\/#website\"},\"primaryImageOfPage\":{\"@id\":\"https:\\\/\\\/news.save.ch\\\/tabak-und-nikotin-ein-weiterer-schritt-zur-einfuehrung-der-vom-volk-gewuenschten-werbeeinschraenkungen\\\/#primaryimage\"},\"image\":{\"@id\":\"https:\\\/\\\/news.save.ch\\\/tabak-und-nikotin-ein-weiterer-schritt-zur-einfuehrung-der-vom-volk-gewuenschten-werbeeinschraenkungen\\\/#primaryimage\"},\"thumbnailUrl\":\"https:\\\/\\\/news.save.ch\\\/wp-content\\\/uploads\\\/2025\\\/12\\\/Depositphotos_28599665_S-680x454.jpg\",\"datePublished\":\"2025-12-10T11:53:49+00:00\",\"description\":\"Der Bundesrat hat die Vernehmlassung zum Revisionsentwurf der Tabakprodukteverordnung (TabPV) er\u00f6ffnet. Mit dieser Vorlage sollen die Werbeeinschr\u00e4nkungen versch\u00e4rft werden.\",\"breadcrumb\":{\"@id\":\"https:\\\/\\\/news.save.ch\\\/tabak-und-nikotin-ein-weiterer-schritt-zur-einfuehrung-der-vom-volk-gewuenschten-werbeeinschraenkungen\\\/#breadcrumb\"},\"inLanguage\":\"en-US\",\"potentialAction\":[{\"@type\":\"ReadAction\",\"target\":[\"https:\\\/\\\/news.save.ch\\\/tabak-und-nikotin-ein-weiterer-schritt-zur-einfuehrung-der-vom-volk-gewuenschten-werbeeinschraenkungen\\\/\"]}]},{\"@type\":\"ImageObject\",\"inLanguage\":\"en-US\",\"@id\":\"https:\\\/\\\/news.save.ch\\\/tabak-und-nikotin-ein-weiterer-schritt-zur-einfuehrung-der-vom-volk-gewuenschten-werbeeinschraenkungen\\\/#primaryimage\",\"url\":\"https:\\\/\\\/news.save.ch\\\/wp-content\\\/uploads\\\/2025\\\/12\\\/Depositphotos_28599665_S-680x454.jpg\",\"contentUrl\":\"https:\\\/\\\/news.save.ch\\\/wp-content\\\/uploads\\\/2025\\\/12\\\/Depositphotos_28599665_S-680x454.jpg\"},{\"@type\":\"BreadcrumbList\",\"@id\":\"https:\\\/\\\/news.save.ch\\\/tabak-und-nikotin-ein-weiterer-schritt-zur-einfuehrung-der-vom-volk-gewuenschten-werbeeinschraenkungen\\\/#breadcrumb\",\"itemListElement\":[{\"@type\":\"ListItem\",\"position\":1,\"name\":\"Home\",\"item\":\"https:\\\/\\\/news.save.ch\\\/de\\\/\"},{\"@type\":\"ListItem\",\"position\":2,\"name\":\"Tabak und Nikotin: Ein weiterer Schritt zur Einf\u00fchrung der vom Volk gew\u00fcnschten Werbeeinschr\u00e4nkungen\"}]},{\"@type\":\"WebSite\",\"@id\":\"https:\\\/\\\/news.save.ch\\\/de\\\/#website\",\"url\":\"https:\\\/\\\/news.save.ch\\\/de\\\/\",\"name\":\"Save\",\"description\":\"Schweizer Fachzeitschrift f\u00fcr Sicherheit\",\"publisher\":{\"@id\":\"https:\\\/\\\/news.save.ch\\\/de\\\/#organization\"},\"potentialAction\":[{\"@type\":\"SearchAction\",\"target\":{\"@type\":\"EntryPoint\",\"urlTemplate\":\"https:\\\/\\\/news.save.ch\\\/de\\\/?s={search_term_string}\"},\"query-input\":{\"@type\":\"PropertyValueSpecification\",\"valueRequired\":true,\"valueName\":\"search_term_string\"}}],\"inLanguage\":\"en-US\"},{\"@type\":\"Organization\",\"@id\":\"https:\\\/\\\/news.save.ch\\\/de\\\/#organization\",\"name\":\"Sicherheitsforum\",\"url\":\"https:\\\/\\\/news.save.ch\\\/de\\\/\",\"logo\":{\"@type\":\"ImageObject\",\"inLanguage\":\"en-US\",\"@id\":\"https:\\\/\\\/news.save.ch\\\/de\\\/#\\\/schema\\\/logo\\\/image\\\/\",\"url\":\"https:\\\/\\\/news.save.ch\\\/wp-content\\\/uploads\\\/2022\\\/06\\\/Logo_SF_2012.png\",\"contentUrl\":\"https:\\\/\\\/news.save.ch\\\/wp-content\\\/uploads\\\/2022\\\/06\\\/Logo_SF_2012.png\",\"width\":1100,\"height\":91,\"caption\":\"Sicherheitsforum\"},\"image\":{\"@id\":\"https:\\\/\\\/news.save.ch\\\/de\\\/#\\\/schema\\\/logo\\\/image\\\/\"}},{\"@type\":\"Person\",\"@id\":\"https:\\\/\\\/news.save.ch\\\/de\\\/#\\\/schema\\\/person\\\/10917387362b3961e882740f6cf6f2a2\",\"name\":\"stefanie Zeng\",\"image\":{\"@type\":\"ImageObject\",\"inLanguage\":\"en-US\",\"@id\":\"https:\\\/\\\/secure.gravatar.com\\\/avatar\\\/eac43faa6e40bb2c41068c95c9d78bbd94c476d5efdff7abaab80bb3ea681e06?s=96&d=mm&r=g\",\"url\":\"https:\\\/\\\/secure.gravatar.com\\\/avatar\\\/eac43faa6e40bb2c41068c95c9d78bbd94c476d5efdff7abaab80bb3ea681e06?s=96&d=mm&r=g\",\"contentUrl\":\"https:\\\/\\\/secure.gravatar.com\\\/avatar\\\/eac43faa6e40bb2c41068c95c9d78bbd94c476d5efdff7abaab80bb3ea681e06?s=96&d=mm&r=g\",\"caption\":\"stefanie Zeng\"},\"url\":\"https:\\\/\\\/news.save.ch\\\/en\\\/author\\\/stefanie-zeng\\\/\"}]}<\/script>\n<!-- \/ Yoast SEO plugin. -->","yoast_head_json":{"title":"Tobacco and nicotine: Another step toward introducing the advertising restrictions desired by the people - Save","description":"The Federal Council has opened the consultation process on the draft revision of the Tobacco Products Ordinance (TabPV). This bill aims to tighten advertising restrictions.","robots":{"index":"index","follow":"follow","max-snippet":"max-snippet:-1","max-image-preview":"max-image-preview:large","max-video-preview":"max-video-preview:-1"},"canonical":"https:\/\/news.save.ch\/en\/tabak-und-nikotin-ein-weiterer-schritt-zur-einfuehrung-der-vom-volk-gewuenschten-werbeeinschraenkungen\/","og_locale":"en_US","og_type":"article","og_title":"Tabak und Nikotin: Ein weiterer Schritt zur Einf\u00fchrung der vom Volk gew\u00fcnschten Werbeeinschr\u00e4nkungen - Save","og_description":"Der Bundesrat hat die Vernehmlassung zum Revisionsentwurf der Tabakprodukteverordnung (TabPV) er\u00f6ffnet. Mit dieser Vorlage sollen die Werbeeinschr\u00e4nkungen versch\u00e4rft werden.","og_url":"https:\/\/news.save.ch\/en\/tabak-und-nikotin-ein-weiterer-schritt-zur-einfuehrung-der-vom-volk-gewuenschten-werbeeinschraenkungen\/","og_site_name":"Save","article_published_time":"2025-12-10T11:53:49+00:00","og_image":[{"width":1000,"height":667,"url":"https:\/\/news.save.ch\/wp-content\/uploads\/2025\/12\/Depositphotos_28599665_S.jpg","type":"image\/jpeg"}],"author":"stefanie Zeng","twitter_card":"summary_large_image","twitter_misc":{"Written by":"stefanie Zeng","Est. reading time":"2 minutes"},"schema":{"@context":"https:\/\/schema.org","@graph":[{"@type":"Article","@id":"https:\/\/news.save.ch\/tabak-und-nikotin-ein-weiterer-schritt-zur-einfuehrung-der-vom-volk-gewuenschten-werbeeinschraenkungen\/#article","isPartOf":{"@id":"https:\/\/news.save.ch\/tabak-und-nikotin-ein-weiterer-schritt-zur-einfuehrung-der-vom-volk-gewuenschten-werbeeinschraenkungen\/"},"author":{"name":"stefanie Zeng","@id":"https:\/\/news.save.ch\/de\/#\/schema\/person\/10917387362b3961e882740f6cf6f2a2"},"headline":"Tabak und Nikotin: Ein weiterer Schritt zur Einf\u00fchrung der vom Volk gew\u00fcnschten Werbeeinschr\u00e4nkungen","datePublished":"2025-12-10T11:53:49+00:00","mainEntityOfPage":{"@id":"https:\/\/news.save.ch\/tabak-und-nikotin-ein-weiterer-schritt-zur-einfuehrung-der-vom-volk-gewuenschten-werbeeinschraenkungen\/"},"wordCount":367,"publisher":{"@id":"https:\/\/news.save.ch\/de\/#organization"},"image":{"@id":"https:\/\/news.save.ch\/tabak-und-nikotin-ein-weiterer-schritt-zur-einfuehrung-der-vom-volk-gewuenschten-werbeeinschraenkungen\/#primaryimage"},"thumbnailUrl":"https:\/\/news.save.ch\/wp-content\/uploads\/2025\/12\/Depositphotos_28599665_S-680x454.jpg","keywords":["Bundesrat","Nikotin","Tabak","Tabakprodukteverordnung (TabPV"],"articleSection":["HEALTH &amp; SAFETY"],"inLanguage":"en-US"},{"@type":"WebPage","@id":"https:\/\/news.save.ch\/tabak-und-nikotin-ein-weiterer-schritt-zur-einfuehrung-der-vom-volk-gewuenschten-werbeeinschraenkungen\/","url":"https:\/\/news.save.ch\/tabak-und-nikotin-ein-weiterer-schritt-zur-einfuehrung-der-vom-volk-gewuenschten-werbeeinschraenkungen\/","name":"Tobacco and nicotine: Another step toward introducing the advertising restrictions desired by the people - Save","isPartOf":{"@id":"https:\/\/news.save.ch\/de\/#website"},"primaryImageOfPage":{"@id":"https:\/\/news.save.ch\/tabak-und-nikotin-ein-weiterer-schritt-zur-einfuehrung-der-vom-volk-gewuenschten-werbeeinschraenkungen\/#primaryimage"},"image":{"@id":"https:\/\/news.save.ch\/tabak-und-nikotin-ein-weiterer-schritt-zur-einfuehrung-der-vom-volk-gewuenschten-werbeeinschraenkungen\/#primaryimage"},"thumbnailUrl":"https:\/\/news.save.ch\/wp-content\/uploads\/2025\/12\/Depositphotos_28599665_S-680x454.jpg","datePublished":"2025-12-10T11:53:49+00:00","description":"The Federal Council has opened the consultation process on the draft revision of the Tobacco Products Ordinance (TabPV). This bill aims to tighten advertising restrictions.","breadcrumb":{"@id":"https:\/\/news.save.ch\/tabak-und-nikotin-ein-weiterer-schritt-zur-einfuehrung-der-vom-volk-gewuenschten-werbeeinschraenkungen\/#breadcrumb"},"inLanguage":"en-US","potentialAction":[{"@type":"ReadAction","target":["https:\/\/news.save.ch\/tabak-und-nikotin-ein-weiterer-schritt-zur-einfuehrung-der-vom-volk-gewuenschten-werbeeinschraenkungen\/"]}]},{"@type":"ImageObject","inLanguage":"en-US","@id":"https:\/\/news.save.ch\/tabak-und-nikotin-ein-weiterer-schritt-zur-einfuehrung-der-vom-volk-gewuenschten-werbeeinschraenkungen\/#primaryimage","url":"https:\/\/news.save.ch\/wp-content\/uploads\/2025\/12\/Depositphotos_28599665_S-680x454.jpg","contentUrl":"https:\/\/news.save.ch\/wp-content\/uploads\/2025\/12\/Depositphotos_28599665_S-680x454.jpg"},{"@type":"BreadcrumbList","@id":"https:\/\/news.save.ch\/tabak-und-nikotin-ein-weiterer-schritt-zur-einfuehrung-der-vom-volk-gewuenschten-werbeeinschraenkungen\/#breadcrumb","itemListElement":[{"@type":"ListItem","position":1,"name":"Home","item":"https:\/\/news.save.ch\/de\/"},{"@type":"ListItem","position":2,"name":"Tabak und Nikotin: Ein weiterer Schritt zur Einf\u00fchrung der vom Volk gew\u00fcnschten Werbeeinschr\u00e4nkungen"}]},{"@type":"WebSite","@id":"https:\/\/news.save.ch\/de\/#website","url":"https:\/\/news.save.ch\/de\/","name":"Save","description":"Swiss trade journal for safety","publisher":{"@id":"https:\/\/news.save.ch\/de\/#organization"},"potentialAction":[{"@type":"SearchAction","target":{"@type":"EntryPoint","urlTemplate":"https:\/\/news.save.ch\/de\/?s={search_term_string}"},"query-input":{"@type":"PropertyValueSpecification","valueRequired":true,"valueName":"search_term_string"}}],"inLanguage":"en-US"},{"@type":"Organization","@id":"https:\/\/news.save.ch\/de\/#organization","name":"Security Forum","url":"https:\/\/news.save.ch\/de\/","logo":{"@type":"ImageObject","inLanguage":"en-US","@id":"https:\/\/news.save.ch\/de\/#\/schema\/logo\/image\/","url":"https:\/\/news.save.ch\/wp-content\/uploads\/2022\/06\/Logo_SF_2012.png","contentUrl":"https:\/\/news.save.ch\/wp-content\/uploads\/2022\/06\/Logo_SF_2012.png","width":1100,"height":91,"caption":"Sicherheitsforum"},"image":{"@id":"https:\/\/news.save.ch\/de\/#\/schema\/logo\/image\/"}},{"@type":"Person","@id":"https:\/\/news.save.ch\/de\/#\/schema\/person\/10917387362b3961e882740f6cf6f2a2","name":"Stefanie Zeng","image":{"@type":"ImageObject","inLanguage":"en-US","@id":"https:\/\/secure.gravatar.com\/avatar\/eac43faa6e40bb2c41068c95c9d78bbd94c476d5efdff7abaab80bb3ea681e06?s=96&d=mm&r=g","url":"https:\/\/secure.gravatar.com\/avatar\/eac43faa6e40bb2c41068c95c9d78bbd94c476d5efdff7abaab80bb3ea681e06?s=96&d=mm&r=g","contentUrl":"https:\/\/secure.gravatar.com\/avatar\/eac43faa6e40bb2c41068c95c9d78bbd94c476d5efdff7abaab80bb3ea681e06?s=96&d=mm&r=g","caption":"stefanie Zeng"},"url":"https:\/\/news.save.ch\/en\/author\/stefanie-zeng\/"}]}},"_links":{"self":[{"href":"https:\/\/news.save.ch\/en\/wp-json\/wp\/v2\/posts\/24817","targetHints":{"allow":["GET"]}}],"collection":[{"href":"https:\/\/news.save.ch\/en\/wp-json\/wp\/v2\/posts"}],"about":[{"href":"https:\/\/news.save.ch\/en\/wp-json\/wp\/v2\/types\/post"}],"author":[{"embeddable":true,"href":"https:\/\/news.save.ch\/en\/wp-json\/wp\/v2\/users\/31"}],"replies":[{"embeddable":true,"href":"https:\/\/news.save.ch\/en\/wp-json\/wp\/v2\/comments?post=24817"}],"version-history":[{"count":1,"href":"https:\/\/news.save.ch\/en\/wp-json\/wp\/v2\/posts\/24817\/revisions"}],"predecessor-version":[{"id":24819,"href":"https:\/\/news.save.ch\/en\/wp-json\/wp\/v2\/posts\/24817\/revisions\/24819"}],"wp:attachment":[{"href":"https:\/\/news.save.ch\/en\/wp-json\/wp\/v2\/media?parent=24817"}],"wp:term":[{"taxonomy":"category","embeddable":true,"href":"https:\/\/news.save.ch\/en\/wp-json\/wp\/v2\/categories?post=24817"},{"taxonomy":"post_tag","embeddable":true,"href":"https:\/\/news.save.ch\/en\/wp-json\/wp\/v2\/tags?post=24817"}],"curies":[{"name":"wp","href":"https:\/\/api.w.org\/{rel}","templated":true}]}}