{"id":24826,"date":"2025-12-15T13:18:16","date_gmt":"2025-12-15T12:18:16","guid":{"rendered":"https:\/\/news.save.ch\/?p=24826"},"modified":"2025-12-15T13:32:28","modified_gmt":"2025-12-15T12:32:28","slug":"30-bis-39-jaehrige-sterben-am-haeufigsten-bei-alkoholbedingten-verkehrsunfaellen","status":null,"type":"post","link":"https:\/\/news.save.ch\/en\/30-bis-39-jaehrige-sterben-am-haeufigsten-bei-alkoholbedingten-verkehrsunfaellen\/","title":{"rendered":"People aged 30 to 39 are most likely to die in alcohol-related traffic accidents."},"content":{"rendered":"<figure id=\"attachment_24827\" aria-describedby=\"caption-attachment-24827\" style=\"width: 680px\" class=\"wp-caption alignnone\"><img loading=\"lazy\" decoding=\"async\" class=\"size-medium wp-image-24827\" src=\"https:\/\/news.save.ch\/wp-content\/uploads\/2025\/12\/Depositphotos_135204070_S-680x454.jpg\" alt=\"\" width=\"680\" height=\"454\" srcset=\"https:\/\/news.save.ch\/wp-content\/uploads\/2025\/12\/Depositphotos_135204070_S-680x454.jpg 680w, https:\/\/news.save.ch\/wp-content\/uploads\/2025\/12\/Depositphotos_135204070_S-768x512.jpg 768w, https:\/\/news.save.ch\/wp-content\/uploads\/2025\/12\/Depositphotos_135204070_S-18x12.jpg 18w, https:\/\/news.save.ch\/wp-content\/uploads\/2025\/12\/Depositphotos_135204070_S-375x250.jpg 375w, https:\/\/news.save.ch\/wp-content\/uploads\/2025\/12\/Depositphotos_135204070_S-525x350.jpg 525w, https:\/\/news.save.ch\/wp-content\/uploads\/2025\/12\/Depositphotos_135204070_S.jpg 1000w\" sizes=\"auto, (max-width: 680px) 100vw, 680px\" \/><figcaption id=\"caption-attachment-24827\" class=\"wp-caption-text\">Photo: Depositphotos\/belchonock<\/figcaption><\/figure>\n<p>In 2024, there were more fatal accidents involving alcohol on Swiss roads. Thirty-three fatalities represent a 32 percent increase compared to 2023. The 30 to 39 age group was the most represented with nine fatal accidents, followed by people between 50 and 59 with eight accidents. The 20 to 29, 40 to 49, and 60+ age groups each recorded five fatal accidents, while those under 20 were responsible for only one alcohol-related death. \u00abWith the festive season approaching, we should remember that a successful celebration ends safely. If you consume alcohol, leave your car at home and plan a safe return, for example with a sober driver, public transport, or Nez Rouge,\u00bb reminds Christophe Nydegger, Head of Road Safety at TCS.<\/p>\n<h3 class=\"elementStandard elementContent elementHeadline elementHeadline_var0 elementHeadlineWidth-no\">Glarus overtakes Geneva<\/h3>\n<div class=\"elementStandard elementContent elementText elementText_var0 elementTextAlign_var0 elementTextWidth-no\">\n<p>In 2024, the canton of Glarus recorded the highest proportion of serious alcohol-related accidents, with 1.43 accidents per 10,000 inhabitants, compared with 0.48 in the previous year. Uri follows with 1.05 serious accidents per 10,000 inhabitants, an increase from 0.54 in 2023. These changes can be explained in particular by the small population in these cantons, where an additional accident has a significant impact on the statistics.<\/p>\n<p>Geneva, which has topped the list for seven years in a row, follows with 1.01 serious accidents per 10,000 inhabitants. This figure remains high compared to the national average of 0.47.<\/p>\n<p>Geneva is followed closely by Jura (0.80), Obwalden (0.76), Valais (0.74), Basel-Stadt (0.70), Ticino (0.70), Neuch\u00e2tel (0.67), and Vaud (0.58). Compared to 2023, this share increased in the cantons of Jura (0.27), Obwalden (0.26), Valais (0.62), Basel-Stadt (0.66), and Neuch\u00e2tel (0.57), while it decreased in Ticino (0.73 in 2023) and the canton of Vaud (0.64).<\/p>\n<\/div>\n<div class=\"elementStandard elementContent elementHeadline elementHeadline_var0 elementHeadlineWidth-no\">\n<h3>The two Appenzells have not recorded any serious accidents.<\/h3>\n<\/div>\n<div class=\"elementStandard elementContent elementText elementText_var0 elementTextAlign_var0 elementTextWidth-no\">\n<p>Appenzell Innerrhoden and Appenzell Ausserrhoden stand out positively, as no serious alcohol-related accidents were recorded there in 2024. The other cantons with the lowest rates are Schaffhausen (0.11), Zurich (0.29), Basel-Landschaft (0.30), Bern (0.34), and Lucerne (0.37).<\/p>\n<\/div>\n<div class=\"elementStandard elementContent elementHeadline elementHeadline_var0 elementHeadlineWidth-no\">\n<h3>Vaud records the highest number of deaths<\/h3>\n<\/div>\n<div class=\"elementStandard elementContent elementText elementText_var0 elementTextAlign_var0 elementTextWidth-no\">\n<p>In absolute terms, the canton of Vaud has the highest number of fatal alcohol-related road accidents, with a total of 5 fatal accidents. It is followed by Ticino with 4 fatal accidents and Valais and Zurich with 3 accidents each. In total, 16 cantons recorded at least one fatal alcohol-related accident in 2024, 7 more than in 2023, when only 9 cantons were affected.<\/p>\n<p><em>Source: TCS<\/em><\/p>\n<\/div>","protected":false},"excerpt":{"rendered":"<p>Im Jahr 2024 kam es auf Schweizer Strassen zu mehr t\u00f6dlichen Unf\u00e4llen, bei denen Alkohol im Spiel war. 33 Todesopfer bedeuten eine Zunahme von 32 Prozent gegen\u00fcber dem Jahr 2023. Die Altersgruppe der 30 bis 39-J\u00e4hrigen war mit neun t\u00f6dlichen Unf\u00e4llen am st\u00e4rksten vertreten, gefolgt von Personen zwischen 50 und 59 Jahren mit acht Unf\u00e4llen. [&hellip;]<\/p>\n","protected":false},"author":31,"featured_media":24827,"comment_status":"closed","ping_status":"closed","sticky":false,"template":"","format":"standard","meta":{"_acf_changed":false,"pgc_sgb_lightbox_settings":"","footnotes":""},"categories":[3314],"tags":[1615,4234],"class_list":["post-24826","post","type-post","status-publish","format-standard","has-post-thumbnail","hentry","category-health-safety","tag-alkohol","tag-strassenverkehrsunfaelle"],"acf":[],"hkrextid":null,"publication":null,"issue":null,"workflow":null,"startPage":null,"spitzmarke":null,"_posts_by_tag_page_fields":null,"_at_widget":null,"_yoast_wpseo_primary_category":"3314","_yoast_wpseo_focuskw_text_input":null,"_yoast_wpseo_opengraph-image":null,"_yoast_wpseo_opengraph-description":null,"_yoast_wpseo_opengraph-title":null,"enclosure":null,"_yoast_wpseo_twitter-title":null,"_yoast_wpseo_twitter-description":null,"_yoast_wpseo_twitter-image":null,"_wp_old_slug":null,"_yoast_wpseo_title":null,"_yoast_wpseo_canonical":null,"yoast_head":"<!-- This site is optimized with the Yoast SEO plugin v27.4 - https:\/\/yoast.com\/product\/yoast-seo-wordpress\/ -->\n<title>30 bis 39-J\u00e4hrige sterben am h\u00e4ufigsten bei alkoholbedingten Verkehrsunf\u00e4llen - Save<\/title>\n<meta name=\"description\" content=\"Im Jahr 2024 starben 33 Personen bei alkoholbedingten Verkehrsunf\u00e4llen in der Schweiz - eine Zunahme von 32 Prozent gegen\u00fcber dem Vorjahr.\" \/>\n<meta name=\"robots\" content=\"index, follow, max-snippet:-1, max-image-preview:large, max-video-preview:-1\" \/>\n<link rel=\"canonical\" href=\"https:\/\/news.save.ch\/en\/30-bis-39-jaehrige-sterben-am-haeufigsten-bei-alkoholbedingten-verkehrsunfaellen\/\" \/>\n<meta property=\"og:locale\" content=\"en_US\" \/>\n<meta property=\"og:type\" content=\"article\" \/>\n<meta property=\"og:title\" content=\"30 bis 39-J\u00e4hrige sterben am h\u00e4ufigsten bei alkoholbedingten Verkehrsunf\u00e4llen - Save\" \/>\n<meta property=\"og:description\" content=\"Im Jahr 2024 starben 33 Personen bei alkoholbedingten Verkehrsunf\u00e4llen in der Schweiz - eine Zunahme von 32 Prozent gegen\u00fcber dem Vorjahr.\" \/>\n<meta property=\"og:url\" content=\"https:\/\/news.save.ch\/en\/30-bis-39-jaehrige-sterben-am-haeufigsten-bei-alkoholbedingten-verkehrsunfaellen\/\" \/>\n<meta property=\"og:site_name\" content=\"Save\" \/>\n<meta property=\"article:published_time\" content=\"2025-12-15T12:18:16+00:00\" \/>\n<meta property=\"article:modified_time\" content=\"2025-12-15T12:32:28+00:00\" \/>\n<meta property=\"og:image\" content=\"https:\/\/news.save.ch\/wp-content\/uploads\/2025\/12\/Depositphotos_135204070_S.jpg\" \/>\n\t<meta property=\"og:image:width\" content=\"1000\" \/>\n\t<meta property=\"og:image:height\" content=\"667\" \/>\n\t<meta property=\"og:image:type\" content=\"image\/jpeg\" \/>\n<meta name=\"author\" content=\"stefanie Zeng\" \/>\n<meta name=\"twitter:card\" content=\"summary_large_image\" \/>\n<meta name=\"twitter:label1\" content=\"Written by\" \/>\n\t<meta name=\"twitter:data1\" content=\"stefanie Zeng\" \/>\n\t<meta name=\"twitter:label2\" content=\"Est. reading time\" \/>\n\t<meta name=\"twitter:data2\" content=\"3 minutes\" \/>\n<script type=\"application\/ld+json\" class=\"yoast-schema-graph\">{\"@context\":\"https:\\\/\\\/schema.org\",\"@graph\":[{\"@type\":\"Article\",\"@id\":\"https:\\\/\\\/news.save.ch\\\/30-bis-39-jaehrige-sterben-am-haeufigsten-bei-alkoholbedingten-verkehrsunfaellen\\\/#article\",\"isPartOf\":{\"@id\":\"https:\\\/\\\/news.save.ch\\\/30-bis-39-jaehrige-sterben-am-haeufigsten-bei-alkoholbedingten-verkehrsunfaellen\\\/\"},\"author\":{\"name\":\"stefanie Zeng\",\"@id\":\"https:\\\/\\\/news.save.ch\\\/de\\\/#\\\/schema\\\/person\\\/10917387362b3961e882740f6cf6f2a2\"},\"headline\":\"30 bis 39-J\u00e4hrige sterben am h\u00e4ufigsten bei alkoholbedingten Verkehrsunf\u00e4llen\",\"datePublished\":\"2025-12-15T12:18:16+00:00\",\"dateModified\":\"2025-12-15T12:32:28+00:00\",\"mainEntityOfPage\":{\"@id\":\"https:\\\/\\\/news.save.ch\\\/30-bis-39-jaehrige-sterben-am-haeufigsten-bei-alkoholbedingten-verkehrsunfaellen\\\/\"},\"wordCount\":401,\"publisher\":{\"@id\":\"https:\\\/\\\/news.save.ch\\\/de\\\/#organization\"},\"image\":{\"@id\":\"https:\\\/\\\/news.save.ch\\\/30-bis-39-jaehrige-sterben-am-haeufigsten-bei-alkoholbedingten-verkehrsunfaellen\\\/#primaryimage\"},\"thumbnailUrl\":\"https:\\\/\\\/news.save.ch\\\/wp-content\\\/uploads\\\/2025\\\/12\\\/Depositphotos_135204070_S.jpg\",\"keywords\":[\"Alkohol\",\"Strassenverkehrsunf\u00e4lle\"],\"articleSection\":[\"HEALTH &amp; SAFETY\"],\"inLanguage\":\"en-US\"},{\"@type\":\"WebPage\",\"@id\":\"https:\\\/\\\/news.save.ch\\\/30-bis-39-jaehrige-sterben-am-haeufigsten-bei-alkoholbedingten-verkehrsunfaellen\\\/\",\"url\":\"https:\\\/\\\/news.save.ch\\\/30-bis-39-jaehrige-sterben-am-haeufigsten-bei-alkoholbedingten-verkehrsunfaellen\\\/\",\"name\":\"30 bis 39-J\u00e4hrige sterben am h\u00e4ufigsten bei alkoholbedingten Verkehrsunf\u00e4llen - Save\",\"isPartOf\":{\"@id\":\"https:\\\/\\\/news.save.ch\\\/de\\\/#website\"},\"primaryImageOfPage\":{\"@id\":\"https:\\\/\\\/news.save.ch\\\/30-bis-39-jaehrige-sterben-am-haeufigsten-bei-alkoholbedingten-verkehrsunfaellen\\\/#primaryimage\"},\"image\":{\"@id\":\"https:\\\/\\\/news.save.ch\\\/30-bis-39-jaehrige-sterben-am-haeufigsten-bei-alkoholbedingten-verkehrsunfaellen\\\/#primaryimage\"},\"thumbnailUrl\":\"https:\\\/\\\/news.save.ch\\\/wp-content\\\/uploads\\\/2025\\\/12\\\/Depositphotos_135204070_S.jpg\",\"datePublished\":\"2025-12-15T12:18:16+00:00\",\"dateModified\":\"2025-12-15T12:32:28+00:00\",\"description\":\"Im Jahr 2024 starben 33 Personen bei alkoholbedingten Verkehrsunf\u00e4llen in der Schweiz - eine Zunahme von 32 Prozent gegen\u00fcber dem Vorjahr.\",\"breadcrumb\":{\"@id\":\"https:\\\/\\\/news.save.ch\\\/30-bis-39-jaehrige-sterben-am-haeufigsten-bei-alkoholbedingten-verkehrsunfaellen\\\/#breadcrumb\"},\"inLanguage\":\"en-US\",\"potentialAction\":[{\"@type\":\"ReadAction\",\"target\":[\"https:\\\/\\\/news.save.ch\\\/30-bis-39-jaehrige-sterben-am-haeufigsten-bei-alkoholbedingten-verkehrsunfaellen\\\/\"]}]},{\"@type\":\"ImageObject\",\"inLanguage\":\"en-US\",\"@id\":\"https:\\\/\\\/news.save.ch\\\/30-bis-39-jaehrige-sterben-am-haeufigsten-bei-alkoholbedingten-verkehrsunfaellen\\\/#primaryimage\",\"url\":\"https:\\\/\\\/news.save.ch\\\/wp-content\\\/uploads\\\/2025\\\/12\\\/Depositphotos_135204070_S.jpg\",\"contentUrl\":\"https:\\\/\\\/news.save.ch\\\/wp-content\\\/uploads\\\/2025\\\/12\\\/Depositphotos_135204070_S.jpg\",\"width\":1000,\"height\":667,\"caption\":\"Foto: Depositphotos\\\/belchonock\"},{\"@type\":\"BreadcrumbList\",\"@id\":\"https:\\\/\\\/news.save.ch\\\/30-bis-39-jaehrige-sterben-am-haeufigsten-bei-alkoholbedingten-verkehrsunfaellen\\\/#breadcrumb\",\"itemListElement\":[{\"@type\":\"ListItem\",\"position\":1,\"name\":\"Home\",\"item\":\"https:\\\/\\\/news.save.ch\\\/de\\\/\"},{\"@type\":\"ListItem\",\"position\":2,\"name\":\"30 bis 39-J\u00e4hrige sterben am h\u00e4ufigsten bei alkoholbedingten Verkehrsunf\u00e4llen\"}]},{\"@type\":\"WebSite\",\"@id\":\"https:\\\/\\\/news.save.ch\\\/de\\\/#website\",\"url\":\"https:\\\/\\\/news.save.ch\\\/de\\\/\",\"name\":\"Save\",\"description\":\"Schweizer Fachzeitschrift f\u00fcr Sicherheit\",\"publisher\":{\"@id\":\"https:\\\/\\\/news.save.ch\\\/de\\\/#organization\"},\"potentialAction\":[{\"@type\":\"SearchAction\",\"target\":{\"@type\":\"EntryPoint\",\"urlTemplate\":\"https:\\\/\\\/news.save.ch\\\/de\\\/?s={search_term_string}\"},\"query-input\":{\"@type\":\"PropertyValueSpecification\",\"valueRequired\":true,\"valueName\":\"search_term_string\"}}],\"inLanguage\":\"en-US\"},{\"@type\":\"Organization\",\"@id\":\"https:\\\/\\\/news.save.ch\\\/de\\\/#organization\",\"name\":\"Sicherheitsforum\",\"url\":\"https:\\\/\\\/news.save.ch\\\/de\\\/\",\"logo\":{\"@type\":\"ImageObject\",\"inLanguage\":\"en-US\",\"@id\":\"https:\\\/\\\/news.save.ch\\\/de\\\/#\\\/schema\\\/logo\\\/image\\\/\",\"url\":\"https:\\\/\\\/news.save.ch\\\/wp-content\\\/uploads\\\/2022\\\/06\\\/Logo_SF_2012.png\",\"contentUrl\":\"https:\\\/\\\/news.save.ch\\\/wp-content\\\/uploads\\\/2022\\\/06\\\/Logo_SF_2012.png\",\"width\":1100,\"height\":91,\"caption\":\"Sicherheitsforum\"},\"image\":{\"@id\":\"https:\\\/\\\/news.save.ch\\\/de\\\/#\\\/schema\\\/logo\\\/image\\\/\"}},{\"@type\":\"Person\",\"@id\":\"https:\\\/\\\/news.save.ch\\\/de\\\/#\\\/schema\\\/person\\\/10917387362b3961e882740f6cf6f2a2\",\"name\":\"stefanie Zeng\",\"image\":{\"@type\":\"ImageObject\",\"inLanguage\":\"en-US\",\"@id\":\"https:\\\/\\\/secure.gravatar.com\\\/avatar\\\/eac43faa6e40bb2c41068c95c9d78bbd94c476d5efdff7abaab80bb3ea681e06?s=96&d=mm&r=g\",\"url\":\"https:\\\/\\\/secure.gravatar.com\\\/avatar\\\/eac43faa6e40bb2c41068c95c9d78bbd94c476d5efdff7abaab80bb3ea681e06?s=96&d=mm&r=g\",\"contentUrl\":\"https:\\\/\\\/secure.gravatar.com\\\/avatar\\\/eac43faa6e40bb2c41068c95c9d78bbd94c476d5efdff7abaab80bb3ea681e06?s=96&d=mm&r=g\",\"caption\":\"stefanie Zeng\"},\"url\":\"https:\\\/\\\/news.save.ch\\\/en\\\/author\\\/stefanie-zeng\\\/\"}]}<\/script>\n<!-- \/ Yoast SEO plugin. -->","yoast_head_json":{"title":"People aged 30 to 39 are most likely to die in alcohol-related traffic accidents - Save","description":"In 2024, 33 people died in alcohol-related traffic accidents in Switzerland\u2014an increase of 32 percent over the previous year.","robots":{"index":"index","follow":"follow","max-snippet":"max-snippet:-1","max-image-preview":"max-image-preview:large","max-video-preview":"max-video-preview:-1"},"canonical":"https:\/\/news.save.ch\/en\/30-bis-39-jaehrige-sterben-am-haeufigsten-bei-alkoholbedingten-verkehrsunfaellen\/","og_locale":"en_US","og_type":"article","og_title":"30 bis 39-J\u00e4hrige sterben am h\u00e4ufigsten bei alkoholbedingten Verkehrsunf\u00e4llen - Save","og_description":"Im Jahr 2024 starben 33 Personen bei alkoholbedingten Verkehrsunf\u00e4llen in der Schweiz - eine Zunahme von 32 Prozent gegen\u00fcber dem Vorjahr.","og_url":"https:\/\/news.save.ch\/en\/30-bis-39-jaehrige-sterben-am-haeufigsten-bei-alkoholbedingten-verkehrsunfaellen\/","og_site_name":"Save","article_published_time":"2025-12-15T12:18:16+00:00","article_modified_time":"2025-12-15T12:32:28+00:00","og_image":[{"width":1000,"height":667,"url":"https:\/\/news.save.ch\/wp-content\/uploads\/2025\/12\/Depositphotos_135204070_S.jpg","type":"image\/jpeg"}],"author":"stefanie Zeng","twitter_card":"summary_large_image","twitter_misc":{"Written by":"stefanie Zeng","Est. reading time":"3 minutes"},"schema":{"@context":"https:\/\/schema.org","@graph":[{"@type":"Article","@id":"https:\/\/news.save.ch\/30-bis-39-jaehrige-sterben-am-haeufigsten-bei-alkoholbedingten-verkehrsunfaellen\/#article","isPartOf":{"@id":"https:\/\/news.save.ch\/30-bis-39-jaehrige-sterben-am-haeufigsten-bei-alkoholbedingten-verkehrsunfaellen\/"},"author":{"name":"stefanie Zeng","@id":"https:\/\/news.save.ch\/de\/#\/schema\/person\/10917387362b3961e882740f6cf6f2a2"},"headline":"30 bis 39-J\u00e4hrige sterben am h\u00e4ufigsten bei alkoholbedingten Verkehrsunf\u00e4llen","datePublished":"2025-12-15T12:18:16+00:00","dateModified":"2025-12-15T12:32:28+00:00","mainEntityOfPage":{"@id":"https:\/\/news.save.ch\/30-bis-39-jaehrige-sterben-am-haeufigsten-bei-alkoholbedingten-verkehrsunfaellen\/"},"wordCount":401,"publisher":{"@id":"https:\/\/news.save.ch\/de\/#organization"},"image":{"@id":"https:\/\/news.save.ch\/30-bis-39-jaehrige-sterben-am-haeufigsten-bei-alkoholbedingten-verkehrsunfaellen\/#primaryimage"},"thumbnailUrl":"https:\/\/news.save.ch\/wp-content\/uploads\/2025\/12\/Depositphotos_135204070_S.jpg","keywords":["Alkohol","Strassenverkehrsunf\u00e4lle"],"articleSection":["HEALTH &amp; SAFETY"],"inLanguage":"en-US"},{"@type":"WebPage","@id":"https:\/\/news.save.ch\/30-bis-39-jaehrige-sterben-am-haeufigsten-bei-alkoholbedingten-verkehrsunfaellen\/","url":"https:\/\/news.save.ch\/30-bis-39-jaehrige-sterben-am-haeufigsten-bei-alkoholbedingten-verkehrsunfaellen\/","name":"People aged 30 to 39 are most likely to die in alcohol-related traffic accidents - Save","isPartOf":{"@id":"https:\/\/news.save.ch\/de\/#website"},"primaryImageOfPage":{"@id":"https:\/\/news.save.ch\/30-bis-39-jaehrige-sterben-am-haeufigsten-bei-alkoholbedingten-verkehrsunfaellen\/#primaryimage"},"image":{"@id":"https:\/\/news.save.ch\/30-bis-39-jaehrige-sterben-am-haeufigsten-bei-alkoholbedingten-verkehrsunfaellen\/#primaryimage"},"thumbnailUrl":"https:\/\/news.save.ch\/wp-content\/uploads\/2025\/12\/Depositphotos_135204070_S.jpg","datePublished":"2025-12-15T12:18:16+00:00","dateModified":"2025-12-15T12:32:28+00:00","description":"In 2024, 33 people died in alcohol-related traffic accidents in Switzerland\u2014an increase of 32 percent over the previous year.","breadcrumb":{"@id":"https:\/\/news.save.ch\/30-bis-39-jaehrige-sterben-am-haeufigsten-bei-alkoholbedingten-verkehrsunfaellen\/#breadcrumb"},"inLanguage":"en-US","potentialAction":[{"@type":"ReadAction","target":["https:\/\/news.save.ch\/30-bis-39-jaehrige-sterben-am-haeufigsten-bei-alkoholbedingten-verkehrsunfaellen\/"]}]},{"@type":"ImageObject","inLanguage":"en-US","@id":"https:\/\/news.save.ch\/30-bis-39-jaehrige-sterben-am-haeufigsten-bei-alkoholbedingten-verkehrsunfaellen\/#primaryimage","url":"https:\/\/news.save.ch\/wp-content\/uploads\/2025\/12\/Depositphotos_135204070_S.jpg","contentUrl":"https:\/\/news.save.ch\/wp-content\/uploads\/2025\/12\/Depositphotos_135204070_S.jpg","width":1000,"height":667,"caption":"Foto: Depositphotos\/belchonock"},{"@type":"BreadcrumbList","@id":"https:\/\/news.save.ch\/30-bis-39-jaehrige-sterben-am-haeufigsten-bei-alkoholbedingten-verkehrsunfaellen\/#breadcrumb","itemListElement":[{"@type":"ListItem","position":1,"name":"Home","item":"https:\/\/news.save.ch\/de\/"},{"@type":"ListItem","position":2,"name":"30 bis 39-J\u00e4hrige sterben am h\u00e4ufigsten bei alkoholbedingten Verkehrsunf\u00e4llen"}]},{"@type":"WebSite","@id":"https:\/\/news.save.ch\/de\/#website","url":"https:\/\/news.save.ch\/de\/","name":"Save","description":"Swiss trade journal for safety","publisher":{"@id":"https:\/\/news.save.ch\/de\/#organization"},"potentialAction":[{"@type":"SearchAction","target":{"@type":"EntryPoint","urlTemplate":"https:\/\/news.save.ch\/de\/?s={search_term_string}"},"query-input":{"@type":"PropertyValueSpecification","valueRequired":true,"valueName":"search_term_string"}}],"inLanguage":"en-US"},{"@type":"Organization","@id":"https:\/\/news.save.ch\/de\/#organization","name":"Security Forum","url":"https:\/\/news.save.ch\/de\/","logo":{"@type":"ImageObject","inLanguage":"en-US","@id":"https:\/\/news.save.ch\/de\/#\/schema\/logo\/image\/","url":"https:\/\/news.save.ch\/wp-content\/uploads\/2022\/06\/Logo_SF_2012.png","contentUrl":"https:\/\/news.save.ch\/wp-content\/uploads\/2022\/06\/Logo_SF_2012.png","width":1100,"height":91,"caption":"Sicherheitsforum"},"image":{"@id":"https:\/\/news.save.ch\/de\/#\/schema\/logo\/image\/"}},{"@type":"Person","@id":"https:\/\/news.save.ch\/de\/#\/schema\/person\/10917387362b3961e882740f6cf6f2a2","name":"Stefanie Zeng","image":{"@type":"ImageObject","inLanguage":"en-US","@id":"https:\/\/secure.gravatar.com\/avatar\/eac43faa6e40bb2c41068c95c9d78bbd94c476d5efdff7abaab80bb3ea681e06?s=96&d=mm&r=g","url":"https:\/\/secure.gravatar.com\/avatar\/eac43faa6e40bb2c41068c95c9d78bbd94c476d5efdff7abaab80bb3ea681e06?s=96&d=mm&r=g","contentUrl":"https:\/\/secure.gravatar.com\/avatar\/eac43faa6e40bb2c41068c95c9d78bbd94c476d5efdff7abaab80bb3ea681e06?s=96&d=mm&r=g","caption":"stefanie Zeng"},"url":"https:\/\/news.save.ch\/en\/author\/stefanie-zeng\/"}]}},"_links":{"self":[{"href":"https:\/\/news.save.ch\/en\/wp-json\/wp\/v2\/posts\/24826","targetHints":{"allow":["GET"]}}],"collection":[{"href":"https:\/\/news.save.ch\/en\/wp-json\/wp\/v2\/posts"}],"about":[{"href":"https:\/\/news.save.ch\/en\/wp-json\/wp\/v2\/types\/post"}],"author":[{"embeddable":true,"href":"https:\/\/news.save.ch\/en\/wp-json\/wp\/v2\/users\/31"}],"replies":[{"embeddable":true,"href":"https:\/\/news.save.ch\/en\/wp-json\/wp\/v2\/comments?post=24826"}],"version-history":[{"count":1,"href":"https:\/\/news.save.ch\/en\/wp-json\/wp\/v2\/posts\/24826\/revisions"}],"predecessor-version":[{"id":24828,"href":"https:\/\/news.save.ch\/en\/wp-json\/wp\/v2\/posts\/24826\/revisions\/24828"}],"wp:featuredmedia":[{"embeddable":true,"href":"https:\/\/news.save.ch\/en\/wp-json\/wp\/v2\/media\/24827"}],"wp:attachment":[{"href":"https:\/\/news.save.ch\/en\/wp-json\/wp\/v2\/media?parent=24826"}],"wp:term":[{"taxonomy":"category","embeddable":true,"href":"https:\/\/news.save.ch\/en\/wp-json\/wp\/v2\/categories?post=24826"},{"taxonomy":"post_tag","embeddable":true,"href":"https:\/\/news.save.ch\/en\/wp-json\/wp\/v2\/tags?post=24826"}],"curies":[{"name":"wp","href":"https:\/\/api.w.org\/{rel}","templated":true}]}}