{"id":24829,"date":"2025-12-15T13:37:38","date_gmt":"2025-12-15T12:37:38","guid":{"rendered":"https:\/\/news.save.ch\/?p=24829"},"modified":"2025-12-15T13:37:38","modified_gmt":"2025-12-15T12:37:38","slug":"neuerungen-im-strassenverkehr-2026","status":null,"type":"post","link":"https:\/\/news.save.ch\/en\/neuerungen-im-strassenverkehr-2026\/","title":{"rendered":"Changes to road traffic regulations in 2026"},"content":{"rendered":"<div>\n<section class=\"section section--default\">\n<div class=\"container container--grid gap--responsive\">\n<div class=\"container__center--xs vertical-spacing\">\n<figure id=\"attachment_24831\" aria-describedby=\"caption-attachment-24831\" style=\"width: 4096px\" class=\"wp-caption alignnone\"><img loading=\"lazy\" decoding=\"async\" class=\"size-full wp-image-24831\" src=\"https:\/\/news.save.ch\/wp-content\/uploads\/2025\/12\/Blog_Zulassung_automatisiertes_Fahren_1920_1080.avif\" alt=\"\" width=\"4096\" height=\"2304\" \/><figcaption id=\"caption-attachment-24831\" class=\"wp-caption-text\">Photo: ASTRA<\/figcaption><\/figure>\n<p id=\"doc-1jc66p6jg0\" class=\"font--regular\">An overview of the most important changes until July 2026:<\/p>\n<h3 id=\"doc-1jc66puhc0\" class=\"h2\">From January 1, 2026:<\/h3>\n<p id=\"doc-1jc66puhd0\" class=\"font--regular\"><strong>Digitization of vehicle registration<br \/>\n<\/strong>With the start of the new year, vehicle registration is becoming more digital and efficient. Electronic EU certificates of conformity (eCoC) can now be obtained directly from European databases. This means that individual vehicle data is available electronically in the Vehicle Registration Information System (IVZ). Manufacturers, importers, dealers, suppliers, freight forwarders, repair shops, and authorities have direct access to the relevant vehicle data.<\/p>\n<p id=\"doc-1jc66puhd1\" class=\"font--regular\"><strong>Payment of CO<\/strong><strong>\u2082 sanction now a prerequisite for approval<\/strong><br \/>\nFrom the beginning of the year, enforcement of the CO\u2082 Act will be more consistently linked to vehicle registration: vehicle registration certificates and license plates will only be issued if any CO\u2082 penalties under the CO\u2082 Act have been paid in full or if the vehicle has been assigned to a new car fleet.<\/p>\n<h3 id=\"doc-1jc66puhe0\" class=\"h2\">From July 1, 2026<\/h3>\n<p id=\"doc-1jc66puhe1\" class=\"font--regular\"><strong>New rules for working hours and rest periods in international road transport<\/strong><br \/>\nIn international freight transport, vehicles and vehicle combinations weighing over 2.5 tons will in future be subject to the Working and Rest Time Ordinance (ARV 1) if the driver spends more than half of their working time driving. Nothing will change for domestic transport. The aim is to promote road safety and fair working conditions in cross-border transport.<\/p>\n<p id=\"doc-1jc66puhe2\" class=\"font--regular\">All updates can be found on the ASTRA website:<br \/>\n<a class=\"link--external\" href=\"https:\/\/www.astra.admin.ch\/astra\/de\/home\/themen\/verkehrsregeln\/neue-verkehrsregeln.html\" target=\"_blank\" rel=\"external noopener\" aria-label=\"www.astra.admin.ch\/astra\/de\/home\/themen\/verkehrsregeln\/neue-verkehrsregeln.html Open link in a new tab\">New traffic regulations from 2026<\/a><\/p>\n<div class=\"greybox\">\n<h3 id=\"doc-1jc67cshs0\" class=\"h2\">Automated driving and automation systems<\/h3>\n<p id=\"doc-1jc67dh3c0\" class=\"font--regular\">With the regulation on automated driving that has been in force since March 2025, Switzerland has a clear legal framework for three defined use cases of automated driving:<\/p>\n<p id=\"doc-1jc67l75b0\" class=\"font--regular\"><strong>Highway pilot:<\/strong><br \/>\nOn highways, drivers may use a highway pilot that temporarily takes over driving, but they must remain ready to intervene at any time. Currently, no vehicles with such a system are yet approved in Switzerland; FEDRO is in contact with manufacturers on this matter.<\/p>\n<p id=\"doc-1jc67imrh0\" class=\"font--regular\"><strong>Driverless vehicles:<\/strong><br \/>\nDriverless vehicles monitored from a central control center may be used on routes approved by the cantons. In 2025, FEDRO and the cantons approved several pilot projects of this kind.<\/p>\n<p id=\"doc-1jc67ii0s0\" class=\"font--regular\"><strong>Automated parking:<\/strong><br \/>\nAutomated parking without a driver present is possible within defined and signaled parking garages and parking areas.<\/p>\n<p id=\"doc-1jc67ig5d0\" class=\"font--regular\">In addition, road users can already enjoy the benefits of approved assistance systems (e.g., adaptive cruise control, lane departure warning systems). Since July 1, 2025, automation and assistance systems have also been part of the theoretical and practical driving tests. In addition, they will also be covered in traffic safety education classes in the future.<\/p>\n<\/div>\n<\/div>\n<\/div>\n<\/section>\n<\/div>\n<section class=\"section section--default\">\n<div class=\"container container--grid gap--responsive\">\n<div class=\"container__center--xs vertical-spacing\">\n<div><\/div>\n<div>Source: Astra<\/div>\n<\/div>\n<\/div>\n<\/section>","protected":false},"excerpt":{"rendered":"<p>Die wichtigsten Neuerungen bis Juli 2026 im \u00dcberblick: Ab 1. Januar 2026: Digitalisierung der Fahrzeugzulassung Mit Beginn des neuen Jahres wird die Fahrzeugzulassung digitaler und effizienter. Elektronische EU-\u00dcbereinstimmungsbescheinigungen (eCoC) k\u00f6nnen neu direkt aus europ\u00e4ischen Datenbanken bezogen werden. Dadurch stehen die Einzelfahrzeugdaten elektronisch im Informationssystem Verkehrszulassung (IVZ) zur Verf\u00fcgung. Hersteller, Importeure, H\u00e4ndler, Zulieferer, Spediteure, Werkst\u00e4tten und [&hellip;]<\/p>\n","protected":false},"author":31,"featured_media":24831,"comment_status":"closed","ping_status":"closed","sticky":false,"template":"","format":"standard","meta":{"_acf_changed":false,"pgc_sgb_lightbox_settings":"","footnotes":""},"categories":[3312],"tags":[6160,80,6638,6447,327],"class_list":["post-24829","post","type-post","status-publish","format-standard","has-post-thumbnail","hentry","category-sicherheit","tag-arbeits-und-ruhezeiten","tag-astra","tag-co2-sanktionen","tag-fahrzeugzulassung","tag-strassenverkehr"],"acf":[],"hkrextid":null,"publication":null,"issue":null,"workflow":null,"startPage":null,"spitzmarke":null,"_posts_by_tag_page_fields":null,"_at_widget":null,"_yoast_wpseo_primary_category":"3312","_yoast_wpseo_focuskw_text_input":null,"_yoast_wpseo_opengraph-image":null,"_yoast_wpseo_opengraph-description":null,"_yoast_wpseo_opengraph-title":null,"enclosure":null,"_yoast_wpseo_twitter-title":null,"_yoast_wpseo_twitter-description":null,"_yoast_wpseo_twitter-image":null,"_wp_old_slug":null,"_yoast_wpseo_title":null,"_yoast_wpseo_canonical":null,"yoast_head":"<!-- This site is optimized with the Yoast SEO plugin v27.5 - https:\/\/yoast.com\/product\/yoast-seo-wordpress\/ -->\n<title>Neuerungen im Strassenverkehr 2026 - Save<\/title>\n<meta name=\"description\" content=\"Ab dem 1. Januar 2026 treten verschiedene \u00c4nderungen im Strassenverkehrsrecht in Kraft.\" \/>\n<meta name=\"robots\" content=\"index, follow, max-snippet:-1, max-image-preview:large, max-video-preview:-1\" \/>\n<link rel=\"canonical\" href=\"https:\/\/news.save.ch\/en\/neuerungen-im-strassenverkehr-2026\/\" \/>\n<meta property=\"og:locale\" content=\"en_US\" \/>\n<meta property=\"og:type\" content=\"article\" \/>\n<meta property=\"og:title\" content=\"Neuerungen im Strassenverkehr 2026 - Save\" \/>\n<meta property=\"og:description\" content=\"Ab dem 1. Januar 2026 treten verschiedene \u00c4nderungen im Strassenverkehrsrecht in Kraft.\" \/>\n<meta property=\"og:url\" content=\"https:\/\/news.save.ch\/en\/neuerungen-im-strassenverkehr-2026\/\" \/>\n<meta property=\"og:site_name\" content=\"Save\" \/>\n<meta property=\"article:published_time\" content=\"2025-12-15T12:37:38+00:00\" \/>\n<meta name=\"author\" content=\"stefanie Zeng\" \/>\n<meta name=\"twitter:card\" content=\"summary_large_image\" \/>\n<meta name=\"twitter:label1\" content=\"Written by\" \/>\n\t<meta name=\"twitter:data1\" content=\"stefanie Zeng\" \/>\n\t<meta name=\"twitter:label2\" content=\"Est. reading time\" \/>\n\t<meta name=\"twitter:data2\" content=\"3 minutes\" \/>\n<script type=\"application\/ld+json\" class=\"yoast-schema-graph\">{\"@context\":\"https:\\\/\\\/schema.org\",\"@graph\":[{\"@type\":\"Article\",\"@id\":\"https:\\\/\\\/news.save.ch\\\/neuerungen-im-strassenverkehr-2026\\\/#article\",\"isPartOf\":{\"@id\":\"https:\\\/\\\/news.save.ch\\\/neuerungen-im-strassenverkehr-2026\\\/\"},\"author\":{\"name\":\"stefanie Zeng\",\"@id\":\"https:\\\/\\\/news.save.ch\\\/de\\\/#\\\/schema\\\/person\\\/10917387362b3961e882740f6cf6f2a2\"},\"headline\":\"Neuerungen im Strassenverkehr 2026\",\"datePublished\":\"2025-12-15T12:37:38+00:00\",\"mainEntityOfPage\":{\"@id\":\"https:\\\/\\\/news.save.ch\\\/neuerungen-im-strassenverkehr-2026\\\/\"},\"wordCount\":387,\"publisher\":{\"@id\":\"https:\\\/\\\/news.save.ch\\\/de\\\/#organization\"},\"image\":{\"@id\":\"https:\\\/\\\/news.save.ch\\\/neuerungen-im-strassenverkehr-2026\\\/#primaryimage\"},\"thumbnailUrl\":\"https:\\\/\\\/news.save.ch\\\/wp-content\\\/uploads\\\/2025\\\/12\\\/Blog_Zulassung_automatisiertes_Fahren_1920_1080.avif\",\"keywords\":[\"Arbeits- und Ruhezeiten\",\"Astra\",\"CO2-Sanktionen\",\"Fahrzeugzulassung\",\"Strassenverkehr\"],\"articleSection\":[\"SICHERHEIT\"],\"inLanguage\":\"en-US\"},{\"@type\":\"WebPage\",\"@id\":\"https:\\\/\\\/news.save.ch\\\/neuerungen-im-strassenverkehr-2026\\\/\",\"url\":\"https:\\\/\\\/news.save.ch\\\/neuerungen-im-strassenverkehr-2026\\\/\",\"name\":\"Neuerungen im Strassenverkehr 2026 - Save\",\"isPartOf\":{\"@id\":\"https:\\\/\\\/news.save.ch\\\/de\\\/#website\"},\"primaryImageOfPage\":{\"@id\":\"https:\\\/\\\/news.save.ch\\\/neuerungen-im-strassenverkehr-2026\\\/#primaryimage\"},\"image\":{\"@id\":\"https:\\\/\\\/news.save.ch\\\/neuerungen-im-strassenverkehr-2026\\\/#primaryimage\"},\"thumbnailUrl\":\"https:\\\/\\\/news.save.ch\\\/wp-content\\\/uploads\\\/2025\\\/12\\\/Blog_Zulassung_automatisiertes_Fahren_1920_1080.avif\",\"datePublished\":\"2025-12-15T12:37:38+00:00\",\"description\":\"Ab dem 1. Januar 2026 treten verschiedene \u00c4nderungen im Strassenverkehrsrecht in Kraft.\",\"breadcrumb\":{\"@id\":\"https:\\\/\\\/news.save.ch\\\/neuerungen-im-strassenverkehr-2026\\\/#breadcrumb\"},\"inLanguage\":\"en-US\",\"potentialAction\":[{\"@type\":\"ReadAction\",\"target\":[\"https:\\\/\\\/news.save.ch\\\/neuerungen-im-strassenverkehr-2026\\\/\"]}]},{\"@type\":\"ImageObject\",\"inLanguage\":\"en-US\",\"@id\":\"https:\\\/\\\/news.save.ch\\\/neuerungen-im-strassenverkehr-2026\\\/#primaryimage\",\"url\":\"https:\\\/\\\/news.save.ch\\\/wp-content\\\/uploads\\\/2025\\\/12\\\/Blog_Zulassung_automatisiertes_Fahren_1920_1080.avif\",\"contentUrl\":\"https:\\\/\\\/news.save.ch\\\/wp-content\\\/uploads\\\/2025\\\/12\\\/Blog_Zulassung_automatisiertes_Fahren_1920_1080.avif\",\"width\":4096,\"height\":2304,\"caption\":\"Foto: ASTRA\"},{\"@type\":\"BreadcrumbList\",\"@id\":\"https:\\\/\\\/news.save.ch\\\/neuerungen-im-strassenverkehr-2026\\\/#breadcrumb\",\"itemListElement\":[{\"@type\":\"ListItem\",\"position\":1,\"name\":\"Home\",\"item\":\"https:\\\/\\\/news.save.ch\\\/de\\\/\"},{\"@type\":\"ListItem\",\"position\":2,\"name\":\"Neuerungen im Strassenverkehr 2026\"}]},{\"@type\":\"WebSite\",\"@id\":\"https:\\\/\\\/news.save.ch\\\/de\\\/#website\",\"url\":\"https:\\\/\\\/news.save.ch\\\/de\\\/\",\"name\":\"Save\",\"description\":\"Schweizer Fachzeitschrift f\u00fcr Sicherheit\",\"publisher\":{\"@id\":\"https:\\\/\\\/news.save.ch\\\/de\\\/#organization\"},\"potentialAction\":[{\"@type\":\"SearchAction\",\"target\":{\"@type\":\"EntryPoint\",\"urlTemplate\":\"https:\\\/\\\/news.save.ch\\\/de\\\/?s={search_term_string}\"},\"query-input\":{\"@type\":\"PropertyValueSpecification\",\"valueRequired\":true,\"valueName\":\"search_term_string\"}}],\"inLanguage\":\"en-US\"},{\"@type\":\"Organization\",\"@id\":\"https:\\\/\\\/news.save.ch\\\/de\\\/#organization\",\"name\":\"Sicherheitsforum\",\"url\":\"https:\\\/\\\/news.save.ch\\\/de\\\/\",\"logo\":{\"@type\":\"ImageObject\",\"inLanguage\":\"en-US\",\"@id\":\"https:\\\/\\\/news.save.ch\\\/de\\\/#\\\/schema\\\/logo\\\/image\\\/\",\"url\":\"https:\\\/\\\/news.save.ch\\\/wp-content\\\/uploads\\\/2022\\\/06\\\/Logo_SF_2012.png\",\"contentUrl\":\"https:\\\/\\\/news.save.ch\\\/wp-content\\\/uploads\\\/2022\\\/06\\\/Logo_SF_2012.png\",\"width\":1100,\"height\":91,\"caption\":\"Sicherheitsforum\"},\"image\":{\"@id\":\"https:\\\/\\\/news.save.ch\\\/de\\\/#\\\/schema\\\/logo\\\/image\\\/\"}},{\"@type\":\"Person\",\"@id\":\"https:\\\/\\\/news.save.ch\\\/de\\\/#\\\/schema\\\/person\\\/10917387362b3961e882740f6cf6f2a2\",\"name\":\"stefanie Zeng\",\"image\":{\"@type\":\"ImageObject\",\"inLanguage\":\"en-US\",\"@id\":\"https:\\\/\\\/secure.gravatar.com\\\/avatar\\\/eac43faa6e40bb2c41068c95c9d78bbd94c476d5efdff7abaab80bb3ea681e06?s=96&d=mm&r=g\",\"url\":\"https:\\\/\\\/secure.gravatar.com\\\/avatar\\\/eac43faa6e40bb2c41068c95c9d78bbd94c476d5efdff7abaab80bb3ea681e06?s=96&d=mm&r=g\",\"contentUrl\":\"https:\\\/\\\/secure.gravatar.com\\\/avatar\\\/eac43faa6e40bb2c41068c95c9d78bbd94c476d5efdff7abaab80bb3ea681e06?s=96&d=mm&r=g\",\"caption\":\"stefanie Zeng\"},\"url\":\"https:\\\/\\\/news.save.ch\\\/en\\\/author\\\/stefanie-zeng\\\/\"}]}<\/script>\n<!-- \/ Yoast SEO plugin. -->","yoast_head_json":{"title":"New developments in road traffic 2026 - Save","description":"Various changes to road traffic law will come into effect on January 1, 2026.","robots":{"index":"index","follow":"follow","max-snippet":"max-snippet:-1","max-image-preview":"max-image-preview:large","max-video-preview":"max-video-preview:-1"},"canonical":"https:\/\/news.save.ch\/en\/neuerungen-im-strassenverkehr-2026\/","og_locale":"en_US","og_type":"article","og_title":"Neuerungen im Strassenverkehr 2026 - Save","og_description":"Ab dem 1. Januar 2026 treten verschiedene \u00c4nderungen im Strassenverkehrsrecht in Kraft.","og_url":"https:\/\/news.save.ch\/en\/neuerungen-im-strassenverkehr-2026\/","og_site_name":"Save","article_published_time":"2025-12-15T12:37:38+00:00","author":"stefanie Zeng","twitter_card":"summary_large_image","twitter_misc":{"Written by":"stefanie Zeng","Est. reading time":"3 minutes"},"schema":{"@context":"https:\/\/schema.org","@graph":[{"@type":"Article","@id":"https:\/\/news.save.ch\/neuerungen-im-strassenverkehr-2026\/#article","isPartOf":{"@id":"https:\/\/news.save.ch\/neuerungen-im-strassenverkehr-2026\/"},"author":{"name":"stefanie Zeng","@id":"https:\/\/news.save.ch\/de\/#\/schema\/person\/10917387362b3961e882740f6cf6f2a2"},"headline":"Neuerungen im Strassenverkehr 2026","datePublished":"2025-12-15T12:37:38+00:00","mainEntityOfPage":{"@id":"https:\/\/news.save.ch\/neuerungen-im-strassenverkehr-2026\/"},"wordCount":387,"publisher":{"@id":"https:\/\/news.save.ch\/de\/#organization"},"image":{"@id":"https:\/\/news.save.ch\/neuerungen-im-strassenverkehr-2026\/#primaryimage"},"thumbnailUrl":"https:\/\/news.save.ch\/wp-content\/uploads\/2025\/12\/Blog_Zulassung_automatisiertes_Fahren_1920_1080.avif","keywords":["Arbeits- und Ruhezeiten","Astra","CO2-Sanktionen","Fahrzeugzulassung","Strassenverkehr"],"articleSection":["SICHERHEIT"],"inLanguage":"en-US"},{"@type":"WebPage","@id":"https:\/\/news.save.ch\/neuerungen-im-strassenverkehr-2026\/","url":"https:\/\/news.save.ch\/neuerungen-im-strassenverkehr-2026\/","name":"New developments in road traffic 2026 - Save","isPartOf":{"@id":"https:\/\/news.save.ch\/de\/#website"},"primaryImageOfPage":{"@id":"https:\/\/news.save.ch\/neuerungen-im-strassenverkehr-2026\/#primaryimage"},"image":{"@id":"https:\/\/news.save.ch\/neuerungen-im-strassenverkehr-2026\/#primaryimage"},"thumbnailUrl":"https:\/\/news.save.ch\/wp-content\/uploads\/2025\/12\/Blog_Zulassung_automatisiertes_Fahren_1920_1080.avif","datePublished":"2025-12-15T12:37:38+00:00","description":"Various changes to road traffic law will come into effect on January 1, 2026.","breadcrumb":{"@id":"https:\/\/news.save.ch\/neuerungen-im-strassenverkehr-2026\/#breadcrumb"},"inLanguage":"en-US","potentialAction":[{"@type":"ReadAction","target":["https:\/\/news.save.ch\/neuerungen-im-strassenverkehr-2026\/"]}]},{"@type":"ImageObject","inLanguage":"en-US","@id":"https:\/\/news.save.ch\/neuerungen-im-strassenverkehr-2026\/#primaryimage","url":"https:\/\/news.save.ch\/wp-content\/uploads\/2025\/12\/Blog_Zulassung_automatisiertes_Fahren_1920_1080.avif","contentUrl":"https:\/\/news.save.ch\/wp-content\/uploads\/2025\/12\/Blog_Zulassung_automatisiertes_Fahren_1920_1080.avif","width":4096,"height":2304,"caption":"Foto: ASTRA"},{"@type":"BreadcrumbList","@id":"https:\/\/news.save.ch\/neuerungen-im-strassenverkehr-2026\/#breadcrumb","itemListElement":[{"@type":"ListItem","position":1,"name":"Home","item":"https:\/\/news.save.ch\/de\/"},{"@type":"ListItem","position":2,"name":"Neuerungen im Strassenverkehr 2026"}]},{"@type":"WebSite","@id":"https:\/\/news.save.ch\/de\/#website","url":"https:\/\/news.save.ch\/de\/","name":"Save","description":"Swiss trade journal for safety","publisher":{"@id":"https:\/\/news.save.ch\/de\/#organization"},"potentialAction":[{"@type":"SearchAction","target":{"@type":"EntryPoint","urlTemplate":"https:\/\/news.save.ch\/de\/?s={search_term_string}"},"query-input":{"@type":"PropertyValueSpecification","valueRequired":true,"valueName":"search_term_string"}}],"inLanguage":"en-US"},{"@type":"Organization","@id":"https:\/\/news.save.ch\/de\/#organization","name":"Security Forum","url":"https:\/\/news.save.ch\/de\/","logo":{"@type":"ImageObject","inLanguage":"en-US","@id":"https:\/\/news.save.ch\/de\/#\/schema\/logo\/image\/","url":"https:\/\/news.save.ch\/wp-content\/uploads\/2022\/06\/Logo_SF_2012.png","contentUrl":"https:\/\/news.save.ch\/wp-content\/uploads\/2022\/06\/Logo_SF_2012.png","width":1100,"height":91,"caption":"Sicherheitsforum"},"image":{"@id":"https:\/\/news.save.ch\/de\/#\/schema\/logo\/image\/"}},{"@type":"Person","@id":"https:\/\/news.save.ch\/de\/#\/schema\/person\/10917387362b3961e882740f6cf6f2a2","name":"Stefanie Zeng","image":{"@type":"ImageObject","inLanguage":"en-US","@id":"https:\/\/secure.gravatar.com\/avatar\/eac43faa6e40bb2c41068c95c9d78bbd94c476d5efdff7abaab80bb3ea681e06?s=96&d=mm&r=g","url":"https:\/\/secure.gravatar.com\/avatar\/eac43faa6e40bb2c41068c95c9d78bbd94c476d5efdff7abaab80bb3ea681e06?s=96&d=mm&r=g","contentUrl":"https:\/\/secure.gravatar.com\/avatar\/eac43faa6e40bb2c41068c95c9d78bbd94c476d5efdff7abaab80bb3ea681e06?s=96&d=mm&r=g","caption":"stefanie Zeng"},"url":"https:\/\/news.save.ch\/en\/author\/stefanie-zeng\/"}]}},"_links":{"self":[{"href":"https:\/\/news.save.ch\/en\/wp-json\/wp\/v2\/posts\/24829","targetHints":{"allow":["GET"]}}],"collection":[{"href":"https:\/\/news.save.ch\/en\/wp-json\/wp\/v2\/posts"}],"about":[{"href":"https:\/\/news.save.ch\/en\/wp-json\/wp\/v2\/types\/post"}],"author":[{"embeddable":true,"href":"https:\/\/news.save.ch\/en\/wp-json\/wp\/v2\/users\/31"}],"replies":[{"embeddable":true,"href":"https:\/\/news.save.ch\/en\/wp-json\/wp\/v2\/comments?post=24829"}],"version-history":[{"count":1,"href":"https:\/\/news.save.ch\/en\/wp-json\/wp\/v2\/posts\/24829\/revisions"}],"predecessor-version":[{"id":24832,"href":"https:\/\/news.save.ch\/en\/wp-json\/wp\/v2\/posts\/24829\/revisions\/24832"}],"wp:featuredmedia":[{"embeddable":true,"href":"https:\/\/news.save.ch\/en\/wp-json\/wp\/v2\/media\/24831"}],"wp:attachment":[{"href":"https:\/\/news.save.ch\/en\/wp-json\/wp\/v2\/media?parent=24829"}],"wp:term":[{"taxonomy":"category","embeddable":true,"href":"https:\/\/news.save.ch\/en\/wp-json\/wp\/v2\/categories?post=24829"},{"taxonomy":"post_tag","embeddable":true,"href":"https:\/\/news.save.ch\/en\/wp-json\/wp\/v2\/tags?post=24829"}],"curies":[{"name":"wp","href":"https:\/\/api.w.org\/{rel}","templated":true}]}}