{"id":24840,"date":"2026-01-05T14:12:13","date_gmt":"2026-01-05T13:12:13","guid":{"rendered":"https:\/\/news.save.ch\/?p=24840"},"modified":"2026-01-05T14:12:13","modified_gmt":"2026-01-05T13:12:13","slug":"axis-communications-staerkt-sein-portfolio-an-verkehrsloesungen-durch-akquisition-der-ff-group","status":null,"type":"post","link":"https:\/\/news.save.ch\/en\/axis-communications-staerkt-sein-portfolio-an-verkehrsloesungen-durch-akquisition-der-ff-group\/","title":{"rendered":"Axis Communications strengthens its portfolio of traffic solutions with the acquisition of FF Group"},"content":{"rendered":"<figure id=\"attachment_24841\" aria-describedby=\"caption-attachment-24841\" style=\"width: 680px\" class=\"wp-caption alignnone\"><img loading=\"lazy\" decoding=\"async\" class=\"size-medium wp-image-24841\" src=\"https:\/\/news.save.ch\/wp-content\/uploads\/2026\/01\/9a3718fedc2301315197cd78cb8f84cb-scaled-1-680x453.jpg\" alt=\"\" width=\"680\" height=\"453\" srcset=\"https:\/\/news.save.ch\/wp-content\/uploads\/2026\/01\/9a3718fedc2301315197cd78cb8f84cb-scaled-1-680x453.jpg 680w, https:\/\/news.save.ch\/wp-content\/uploads\/2026\/01\/9a3718fedc2301315197cd78cb8f84cb-scaled-1-1024x683.jpg 1024w, https:\/\/news.save.ch\/wp-content\/uploads\/2026\/01\/9a3718fedc2301315197cd78cb8f84cb-scaled-1-768x512.jpg 768w, https:\/\/news.save.ch\/wp-content\/uploads\/2026\/01\/9a3718fedc2301315197cd78cb8f84cb-scaled-1-1536x1024.jpg 1536w, https:\/\/news.save.ch\/wp-content\/uploads\/2026\/01\/9a3718fedc2301315197cd78cb8f84cb-scaled-1-2048x1366.jpg 2048w, https:\/\/news.save.ch\/wp-content\/uploads\/2026\/01\/9a3718fedc2301315197cd78cb8f84cb-scaled-1-18x12.jpg 18w, https:\/\/news.save.ch\/wp-content\/uploads\/2026\/01\/9a3718fedc2301315197cd78cb8f84cb-scaled-1-375x250.jpg 375w, https:\/\/news.save.ch\/wp-content\/uploads\/2026\/01\/9a3718fedc2301315197cd78cb8f84cb-scaled-1-525x350.jpg 525w, https:\/\/news.save.ch\/wp-content\/uploads\/2026\/01\/9a3718fedc2301315197cd78cb8f84cb-scaled-1-1000x667.jpg 1000w, https:\/\/news.save.ch\/wp-content\/uploads\/2026\/01\/9a3718fedc2301315197cd78cb8f84cb-scaled-1-scaled.jpg 1200w\" sizes=\"auto, (max-width: 680px) 100vw, 680px\" \/><figcaption id=\"caption-attachment-24841\" class=\"wp-caption-text\">Copyright: Axis Communications<\/figcaption><\/figure>\n<p>Axis Communications, a company in the network video sector, has acquired FF Group, an innovative provider of vehicle license plate recognition solutions. With this acquisition, Axis Communications has positioned itself ideally to further drive innovation and growth in the traffic solutions market and offer additional value to its partners and customers.<\/p>\n<p>\u00abThe market for transportation applications is growing steadily. The acquisition of FF Group will enable us to build additional expertise and capacity in the area of license plate recognition and further strengthen our leading position in the industry,\u00bb says Ray Mauritsson, CEO of Axis Communications.<\/p>\n<p>Headquartered in Prague, FF Group is a leading provider of license plate recognition applications. The acquisition of the company gives Axis Communications an expanded portfolio of tools for development and expansion in the continuously growing market for traffic solutions. In addition, FF Group's advanced analytics capabilities can also be used in application scenarios beyond the traffic sector.<\/p>\n<p>\u00abThe FF Group has been a valued partner of Axis Communications since 2017, supporting us with innovative and competitive applications and valuable expertise. I am delighted to welcome the FF Group as part of Axis Communications and am confident that this acquisition will create additional value for our customers,\u00bb says Ray Mauritsson.<\/p>\n<p>The integration process to incorporate FF Group into the organizational structure of Axis Communications is now underway. As part of this process, Axis Communications and FF Group will focus on ensuring seamless business continuity for their customers.<\/p>\n<div class=\"greybox\">\n<p><strong>About the FF Group<\/strong><\/p>\n<p>Headquartered in Prague, FF Group was founded in 2016. The company specializes in edge AI and data analytics for the transportation and security markets in more than 30 countries, developing intelligent software that combines license plate recognition, advanced data processing, and camera-to-camera communication technology.<\/p>\n<\/div>\n<p><em>Source: Axis<\/em><\/p>","protected":false},"excerpt":{"rendered":"<p>Axis Communications, ein Unternehmen im Bereich Netzwerk-Video, hat die FF Group\u00a0\u00fcbernommen, einen innovativen Anbieter von L\u00f6sungen zur Fahrzeugkennzeichenerkennung. Mit dieser \u00dcbernahme hat sich Axis Communications ideal positioniert, um Innovationen und Wachstum im Markt f\u00fcr Verkehrsl\u00f6sungen weiter voranzutreiben und seinen Partnern und Kunden zus\u00e4tzlichen Mehrwert zu bieten. \u00abDer Markt f\u00fcr Verkehrsanwendungen w\u00e4chst kontinuierlich. Die \u00dcbernahme der [&hellip;]<\/p>\n","protected":false},"author":31,"featured_media":0,"comment_status":"closed","ping_status":"closed","sticky":false,"template":"","format":"standard","meta":{"_acf_changed":false,"pgc_sgb_lightbox_settings":"","footnotes":""},"categories":[3312],"tags":[343,6639,79],"class_list":["post-24840","post","type-post","status-publish","format-standard","hentry","category-sicherheit","tag-axis","tag-fahrzeugkennzeichen","tag-uebernahme"],"acf":[],"hkrextid":null,"publication":null,"issue":null,"workflow":null,"startPage":null,"spitzmarke":null,"_posts_by_tag_page_fields":null,"_at_widget":null,"_yoast_wpseo_primary_category":"3312","_yoast_wpseo_focuskw_text_input":null,"_yoast_wpseo_opengraph-image":null,"_yoast_wpseo_opengraph-description":null,"_yoast_wpseo_opengraph-title":null,"enclosure":null,"_yoast_wpseo_twitter-title":null,"_yoast_wpseo_twitter-description":null,"_yoast_wpseo_twitter-image":null,"_wp_old_slug":null,"_yoast_wpseo_title":null,"_yoast_wpseo_canonical":null,"yoast_head":"<!-- This site is optimized with the Yoast SEO plugin v27.5 - https:\/\/yoast.com\/product\/yoast-seo-wordpress\/ -->\n<title>Axis Communications st\u00e4rkt sein Portfolio an Verkehrsl\u00f6sungen durch Akquisition der FF Group - Save<\/title>\n<meta name=\"description\" content=\"Axis Communications hat die FF Group \u00fcbernommen, einen innovativen Anbieter von L\u00f6sungen zur Fahrzeugkennzeichenerkennung.\" \/>\n<meta name=\"robots\" content=\"index, follow, max-snippet:-1, max-image-preview:large, max-video-preview:-1\" \/>\n<link rel=\"canonical\" href=\"https:\/\/news.save.ch\/en\/axis-communications-staerkt-sein-portfolio-an-verkehrsloesungen-durch-akquisition-der-ff-group\/\" \/>\n<meta property=\"og:locale\" content=\"en_US\" \/>\n<meta property=\"og:type\" content=\"article\" \/>\n<meta property=\"og:title\" content=\"Axis Communications st\u00e4rkt sein Portfolio an Verkehrsl\u00f6sungen durch Akquisition der FF Group - Save\" \/>\n<meta property=\"og:description\" content=\"Axis Communications hat die FF Group \u00fcbernommen, einen innovativen Anbieter von L\u00f6sungen zur Fahrzeugkennzeichenerkennung.\" \/>\n<meta property=\"og:url\" content=\"https:\/\/news.save.ch\/en\/axis-communications-staerkt-sein-portfolio-an-verkehrsloesungen-durch-akquisition-der-ff-group\/\" \/>\n<meta property=\"og:site_name\" content=\"Save\" \/>\n<meta property=\"article:published_time\" content=\"2026-01-05T13:12:13+00:00\" \/>\n<meta property=\"og:image\" content=\"https:\/\/news.save.ch\/wp-content\/uploads\/2026\/01\/9a3718fedc2301315197cd78cb8f84cb-scaled-1-scaled.jpg\" \/>\n\t<meta property=\"og:image:width\" content=\"1200\" \/>\n\t<meta property=\"og:image:height\" content=\"801\" \/>\n\t<meta property=\"og:image:type\" content=\"image\/jpeg\" \/>\n<meta name=\"author\" content=\"stefanie Zeng\" \/>\n<meta name=\"twitter:card\" content=\"summary_large_image\" \/>\n<meta name=\"twitter:label1\" content=\"Written by\" \/>\n\t<meta name=\"twitter:data1\" content=\"stefanie Zeng\" \/>\n\t<meta name=\"twitter:label2\" content=\"Est. reading time\" \/>\n\t<meta name=\"twitter:data2\" content=\"2 minutes\" \/>\n<script type=\"application\/ld+json\" class=\"yoast-schema-graph\">{\"@context\":\"https:\\\/\\\/schema.org\",\"@graph\":[{\"@type\":\"Article\",\"@id\":\"https:\\\/\\\/news.save.ch\\\/axis-communications-staerkt-sein-portfolio-an-verkehrsloesungen-durch-akquisition-der-ff-group\\\/#article\",\"isPartOf\":{\"@id\":\"https:\\\/\\\/news.save.ch\\\/axis-communications-staerkt-sein-portfolio-an-verkehrsloesungen-durch-akquisition-der-ff-group\\\/\"},\"author\":{\"name\":\"stefanie Zeng\",\"@id\":\"https:\\\/\\\/news.save.ch\\\/de\\\/#\\\/schema\\\/person\\\/10917387362b3961e882740f6cf6f2a2\"},\"headline\":\"Axis Communications st\u00e4rkt sein Portfolio an Verkehrsl\u00f6sungen durch Akquisition der FF Group\",\"datePublished\":\"2026-01-05T13:12:13+00:00\",\"mainEntityOfPage\":{\"@id\":\"https:\\\/\\\/news.save.ch\\\/axis-communications-staerkt-sein-portfolio-an-verkehrsloesungen-durch-akquisition-der-ff-group\\\/\"},\"wordCount\":339,\"publisher\":{\"@id\":\"https:\\\/\\\/news.save.ch\\\/de\\\/#organization\"},\"image\":{\"@id\":\"https:\\\/\\\/news.save.ch\\\/axis-communications-staerkt-sein-portfolio-an-verkehrsloesungen-durch-akquisition-der-ff-group\\\/#primaryimage\"},\"thumbnailUrl\":\"https:\\\/\\\/news.save.ch\\\/wp-content\\\/uploads\\\/2026\\\/01\\\/9a3718fedc2301315197cd78cb8f84cb-scaled-1-680x453.jpg\",\"keywords\":[\"Axis\",\"Fahrzeugkennzeichen\",\"\u00dcbernahme\"],\"articleSection\":[\"SICHERHEIT\"],\"inLanguage\":\"en-US\"},{\"@type\":\"WebPage\",\"@id\":\"https:\\\/\\\/news.save.ch\\\/axis-communications-staerkt-sein-portfolio-an-verkehrsloesungen-durch-akquisition-der-ff-group\\\/\",\"url\":\"https:\\\/\\\/news.save.ch\\\/axis-communications-staerkt-sein-portfolio-an-verkehrsloesungen-durch-akquisition-der-ff-group\\\/\",\"name\":\"Axis Communications st\u00e4rkt sein Portfolio an Verkehrsl\u00f6sungen durch Akquisition der FF Group - Save\",\"isPartOf\":{\"@id\":\"https:\\\/\\\/news.save.ch\\\/de\\\/#website\"},\"primaryImageOfPage\":{\"@id\":\"https:\\\/\\\/news.save.ch\\\/axis-communications-staerkt-sein-portfolio-an-verkehrsloesungen-durch-akquisition-der-ff-group\\\/#primaryimage\"},\"image\":{\"@id\":\"https:\\\/\\\/news.save.ch\\\/axis-communications-staerkt-sein-portfolio-an-verkehrsloesungen-durch-akquisition-der-ff-group\\\/#primaryimage\"},\"thumbnailUrl\":\"https:\\\/\\\/news.save.ch\\\/wp-content\\\/uploads\\\/2026\\\/01\\\/9a3718fedc2301315197cd78cb8f84cb-scaled-1-680x453.jpg\",\"datePublished\":\"2026-01-05T13:12:13+00:00\",\"description\":\"Axis Communications hat die FF Group \u00fcbernommen, einen innovativen Anbieter von L\u00f6sungen zur Fahrzeugkennzeichenerkennung.\",\"breadcrumb\":{\"@id\":\"https:\\\/\\\/news.save.ch\\\/axis-communications-staerkt-sein-portfolio-an-verkehrsloesungen-durch-akquisition-der-ff-group\\\/#breadcrumb\"},\"inLanguage\":\"en-US\",\"potentialAction\":[{\"@type\":\"ReadAction\",\"target\":[\"https:\\\/\\\/news.save.ch\\\/axis-communications-staerkt-sein-portfolio-an-verkehrsloesungen-durch-akquisition-der-ff-group\\\/\"]}]},{\"@type\":\"ImageObject\",\"inLanguage\":\"en-US\",\"@id\":\"https:\\\/\\\/news.save.ch\\\/axis-communications-staerkt-sein-portfolio-an-verkehrsloesungen-durch-akquisition-der-ff-group\\\/#primaryimage\",\"url\":\"https:\\\/\\\/news.save.ch\\\/wp-content\\\/uploads\\\/2026\\\/01\\\/9a3718fedc2301315197cd78cb8f84cb-scaled-1-680x453.jpg\",\"contentUrl\":\"https:\\\/\\\/news.save.ch\\\/wp-content\\\/uploads\\\/2026\\\/01\\\/9a3718fedc2301315197cd78cb8f84cb-scaled-1-680x453.jpg\"},{\"@type\":\"BreadcrumbList\",\"@id\":\"https:\\\/\\\/news.save.ch\\\/axis-communications-staerkt-sein-portfolio-an-verkehrsloesungen-durch-akquisition-der-ff-group\\\/#breadcrumb\",\"itemListElement\":[{\"@type\":\"ListItem\",\"position\":1,\"name\":\"Home\",\"item\":\"https:\\\/\\\/news.save.ch\\\/de\\\/\"},{\"@type\":\"ListItem\",\"position\":2,\"name\":\"Axis Communications st\u00e4rkt sein Portfolio an Verkehrsl\u00f6sungen durch Akquisition der FF Group\"}]},{\"@type\":\"WebSite\",\"@id\":\"https:\\\/\\\/news.save.ch\\\/de\\\/#website\",\"url\":\"https:\\\/\\\/news.save.ch\\\/de\\\/\",\"name\":\"Save\",\"description\":\"Schweizer Fachzeitschrift f\u00fcr Sicherheit\",\"publisher\":{\"@id\":\"https:\\\/\\\/news.save.ch\\\/de\\\/#organization\"},\"potentialAction\":[{\"@type\":\"SearchAction\",\"target\":{\"@type\":\"EntryPoint\",\"urlTemplate\":\"https:\\\/\\\/news.save.ch\\\/de\\\/?s={search_term_string}\"},\"query-input\":{\"@type\":\"PropertyValueSpecification\",\"valueRequired\":true,\"valueName\":\"search_term_string\"}}],\"inLanguage\":\"en-US\"},{\"@type\":\"Organization\",\"@id\":\"https:\\\/\\\/news.save.ch\\\/de\\\/#organization\",\"name\":\"Sicherheitsforum\",\"url\":\"https:\\\/\\\/news.save.ch\\\/de\\\/\",\"logo\":{\"@type\":\"ImageObject\",\"inLanguage\":\"en-US\",\"@id\":\"https:\\\/\\\/news.save.ch\\\/de\\\/#\\\/schema\\\/logo\\\/image\\\/\",\"url\":\"https:\\\/\\\/news.save.ch\\\/wp-content\\\/uploads\\\/2022\\\/06\\\/Logo_SF_2012.png\",\"contentUrl\":\"https:\\\/\\\/news.save.ch\\\/wp-content\\\/uploads\\\/2022\\\/06\\\/Logo_SF_2012.png\",\"width\":1100,\"height\":91,\"caption\":\"Sicherheitsforum\"},\"image\":{\"@id\":\"https:\\\/\\\/news.save.ch\\\/de\\\/#\\\/schema\\\/logo\\\/image\\\/\"}},{\"@type\":\"Person\",\"@id\":\"https:\\\/\\\/news.save.ch\\\/de\\\/#\\\/schema\\\/person\\\/10917387362b3961e882740f6cf6f2a2\",\"name\":\"stefanie Zeng\",\"image\":{\"@type\":\"ImageObject\",\"inLanguage\":\"en-US\",\"@id\":\"https:\\\/\\\/secure.gravatar.com\\\/avatar\\\/eac43faa6e40bb2c41068c95c9d78bbd94c476d5efdff7abaab80bb3ea681e06?s=96&d=mm&r=g\",\"url\":\"https:\\\/\\\/secure.gravatar.com\\\/avatar\\\/eac43faa6e40bb2c41068c95c9d78bbd94c476d5efdff7abaab80bb3ea681e06?s=96&d=mm&r=g\",\"contentUrl\":\"https:\\\/\\\/secure.gravatar.com\\\/avatar\\\/eac43faa6e40bb2c41068c95c9d78bbd94c476d5efdff7abaab80bb3ea681e06?s=96&d=mm&r=g\",\"caption\":\"stefanie Zeng\"},\"url\":\"https:\\\/\\\/news.save.ch\\\/en\\\/author\\\/stefanie-zeng\\\/\"}]}<\/script>\n<!-- \/ Yoast SEO plugin. -->","yoast_head_json":{"title":"Axis Communications strengthens its portfolio of traffic solutions with the acquisition of FF Group - Save","description":"Axis Communications has acquired FF Group, an innovative provider of vehicle license plate recognition solutions.","robots":{"index":"index","follow":"follow","max-snippet":"max-snippet:-1","max-image-preview":"max-image-preview:large","max-video-preview":"max-video-preview:-1"},"canonical":"https:\/\/news.save.ch\/en\/axis-communications-staerkt-sein-portfolio-an-verkehrsloesungen-durch-akquisition-der-ff-group\/","og_locale":"en_US","og_type":"article","og_title":"Axis Communications st\u00e4rkt sein Portfolio an Verkehrsl\u00f6sungen durch Akquisition der FF Group - Save","og_description":"Axis Communications hat die FF Group \u00fcbernommen, einen innovativen Anbieter von L\u00f6sungen zur Fahrzeugkennzeichenerkennung.","og_url":"https:\/\/news.save.ch\/en\/axis-communications-staerkt-sein-portfolio-an-verkehrsloesungen-durch-akquisition-der-ff-group\/","og_site_name":"Save","article_published_time":"2026-01-05T13:12:13+00:00","og_image":[{"width":1200,"height":801,"url":"https:\/\/news.save.ch\/wp-content\/uploads\/2026\/01\/9a3718fedc2301315197cd78cb8f84cb-scaled-1-scaled.jpg","type":"image\/jpeg"}],"author":"stefanie Zeng","twitter_card":"summary_large_image","twitter_misc":{"Written by":"stefanie Zeng","Est. reading time":"2 minutes"},"schema":{"@context":"https:\/\/schema.org","@graph":[{"@type":"Article","@id":"https:\/\/news.save.ch\/axis-communications-staerkt-sein-portfolio-an-verkehrsloesungen-durch-akquisition-der-ff-group\/#article","isPartOf":{"@id":"https:\/\/news.save.ch\/axis-communications-staerkt-sein-portfolio-an-verkehrsloesungen-durch-akquisition-der-ff-group\/"},"author":{"name":"stefanie Zeng","@id":"https:\/\/news.save.ch\/de\/#\/schema\/person\/10917387362b3961e882740f6cf6f2a2"},"headline":"Axis Communications st\u00e4rkt sein Portfolio an Verkehrsl\u00f6sungen durch Akquisition der FF Group","datePublished":"2026-01-05T13:12:13+00:00","mainEntityOfPage":{"@id":"https:\/\/news.save.ch\/axis-communications-staerkt-sein-portfolio-an-verkehrsloesungen-durch-akquisition-der-ff-group\/"},"wordCount":339,"publisher":{"@id":"https:\/\/news.save.ch\/de\/#organization"},"image":{"@id":"https:\/\/news.save.ch\/axis-communications-staerkt-sein-portfolio-an-verkehrsloesungen-durch-akquisition-der-ff-group\/#primaryimage"},"thumbnailUrl":"https:\/\/news.save.ch\/wp-content\/uploads\/2026\/01\/9a3718fedc2301315197cd78cb8f84cb-scaled-1-680x453.jpg","keywords":["Axis","Fahrzeugkennzeichen","\u00dcbernahme"],"articleSection":["SICHERHEIT"],"inLanguage":"en-US"},{"@type":"WebPage","@id":"https:\/\/news.save.ch\/axis-communications-staerkt-sein-portfolio-an-verkehrsloesungen-durch-akquisition-der-ff-group\/","url":"https:\/\/news.save.ch\/axis-communications-staerkt-sein-portfolio-an-verkehrsloesungen-durch-akquisition-der-ff-group\/","name":"Axis Communications strengthens its portfolio of traffic solutions with the acquisition of FF Group - Save","isPartOf":{"@id":"https:\/\/news.save.ch\/de\/#website"},"primaryImageOfPage":{"@id":"https:\/\/news.save.ch\/axis-communications-staerkt-sein-portfolio-an-verkehrsloesungen-durch-akquisition-der-ff-group\/#primaryimage"},"image":{"@id":"https:\/\/news.save.ch\/axis-communications-staerkt-sein-portfolio-an-verkehrsloesungen-durch-akquisition-der-ff-group\/#primaryimage"},"thumbnailUrl":"https:\/\/news.save.ch\/wp-content\/uploads\/2026\/01\/9a3718fedc2301315197cd78cb8f84cb-scaled-1-680x453.jpg","datePublished":"2026-01-05T13:12:13+00:00","description":"Axis Communications has acquired FF Group, an innovative provider of vehicle license plate recognition solutions.","breadcrumb":{"@id":"https:\/\/news.save.ch\/axis-communications-staerkt-sein-portfolio-an-verkehrsloesungen-durch-akquisition-der-ff-group\/#breadcrumb"},"inLanguage":"en-US","potentialAction":[{"@type":"ReadAction","target":["https:\/\/news.save.ch\/axis-communications-staerkt-sein-portfolio-an-verkehrsloesungen-durch-akquisition-der-ff-group\/"]}]},{"@type":"ImageObject","inLanguage":"en-US","@id":"https:\/\/news.save.ch\/axis-communications-staerkt-sein-portfolio-an-verkehrsloesungen-durch-akquisition-der-ff-group\/#primaryimage","url":"https:\/\/news.save.ch\/wp-content\/uploads\/2026\/01\/9a3718fedc2301315197cd78cb8f84cb-scaled-1-680x453.jpg","contentUrl":"https:\/\/news.save.ch\/wp-content\/uploads\/2026\/01\/9a3718fedc2301315197cd78cb8f84cb-scaled-1-680x453.jpg"},{"@type":"BreadcrumbList","@id":"https:\/\/news.save.ch\/axis-communications-staerkt-sein-portfolio-an-verkehrsloesungen-durch-akquisition-der-ff-group\/#breadcrumb","itemListElement":[{"@type":"ListItem","position":1,"name":"Home","item":"https:\/\/news.save.ch\/de\/"},{"@type":"ListItem","position":2,"name":"Axis Communications st\u00e4rkt sein Portfolio an Verkehrsl\u00f6sungen durch Akquisition der FF Group"}]},{"@type":"WebSite","@id":"https:\/\/news.save.ch\/de\/#website","url":"https:\/\/news.save.ch\/de\/","name":"Save","description":"Swiss trade journal for safety","publisher":{"@id":"https:\/\/news.save.ch\/de\/#organization"},"potentialAction":[{"@type":"SearchAction","target":{"@type":"EntryPoint","urlTemplate":"https:\/\/news.save.ch\/de\/?s={search_term_string}"},"query-input":{"@type":"PropertyValueSpecification","valueRequired":true,"valueName":"search_term_string"}}],"inLanguage":"en-US"},{"@type":"Organization","@id":"https:\/\/news.save.ch\/de\/#organization","name":"Security Forum","url":"https:\/\/news.save.ch\/de\/","logo":{"@type":"ImageObject","inLanguage":"en-US","@id":"https:\/\/news.save.ch\/de\/#\/schema\/logo\/image\/","url":"https:\/\/news.save.ch\/wp-content\/uploads\/2022\/06\/Logo_SF_2012.png","contentUrl":"https:\/\/news.save.ch\/wp-content\/uploads\/2022\/06\/Logo_SF_2012.png","width":1100,"height":91,"caption":"Sicherheitsforum"},"image":{"@id":"https:\/\/news.save.ch\/de\/#\/schema\/logo\/image\/"}},{"@type":"Person","@id":"https:\/\/news.save.ch\/de\/#\/schema\/person\/10917387362b3961e882740f6cf6f2a2","name":"Stefanie Zeng","image":{"@type":"ImageObject","inLanguage":"en-US","@id":"https:\/\/secure.gravatar.com\/avatar\/eac43faa6e40bb2c41068c95c9d78bbd94c476d5efdff7abaab80bb3ea681e06?s=96&d=mm&r=g","url":"https:\/\/secure.gravatar.com\/avatar\/eac43faa6e40bb2c41068c95c9d78bbd94c476d5efdff7abaab80bb3ea681e06?s=96&d=mm&r=g","contentUrl":"https:\/\/secure.gravatar.com\/avatar\/eac43faa6e40bb2c41068c95c9d78bbd94c476d5efdff7abaab80bb3ea681e06?s=96&d=mm&r=g","caption":"stefanie Zeng"},"url":"https:\/\/news.save.ch\/en\/author\/stefanie-zeng\/"}]}},"_links":{"self":[{"href":"https:\/\/news.save.ch\/en\/wp-json\/wp\/v2\/posts\/24840","targetHints":{"allow":["GET"]}}],"collection":[{"href":"https:\/\/news.save.ch\/en\/wp-json\/wp\/v2\/posts"}],"about":[{"href":"https:\/\/news.save.ch\/en\/wp-json\/wp\/v2\/types\/post"}],"author":[{"embeddable":true,"href":"https:\/\/news.save.ch\/en\/wp-json\/wp\/v2\/users\/31"}],"replies":[{"embeddable":true,"href":"https:\/\/news.save.ch\/en\/wp-json\/wp\/v2\/comments?post=24840"}],"version-history":[{"count":1,"href":"https:\/\/news.save.ch\/en\/wp-json\/wp\/v2\/posts\/24840\/revisions"}],"predecessor-version":[{"id":24842,"href":"https:\/\/news.save.ch\/en\/wp-json\/wp\/v2\/posts\/24840\/revisions\/24842"}],"wp:attachment":[{"href":"https:\/\/news.save.ch\/en\/wp-json\/wp\/v2\/media?parent=24840"}],"wp:term":[{"taxonomy":"category","embeddable":true,"href":"https:\/\/news.save.ch\/en\/wp-json\/wp\/v2\/categories?post=24840"},{"taxonomy":"post_tag","embeddable":true,"href":"https:\/\/news.save.ch\/en\/wp-json\/wp\/v2\/tags?post=24840"}],"curies":[{"name":"wp","href":"https:\/\/api.w.org\/{rel}","templated":true}]}}