{"id":24872,"date":"2026-01-14T13:50:21","date_gmt":"2026-01-14T12:50:21","guid":{"rendered":"https:\/\/news.save.ch\/?p=24872"},"modified":"2026-01-14T13:50:21","modified_gmt":"2026-01-14T12:50:21","slug":"bundesrat-beschliesst-aktionsplan-zum-umgang-mit-langlebigen-chemikalien-wie-pfas","status":null,"type":"post","link":"https:\/\/news.save.ch\/en\/bundesrat-beschliesst-aktionsplan-zum-umgang-mit-langlebigen-chemikalien-wie-pfas\/","title":{"rendered":"Federal Council adopts action plan for dealing with persistent chemicals such as PFAS"},"content":{"rendered":"<figure id=\"attachment_24873\" aria-describedby=\"caption-attachment-24873\" style=\"width: 680px\" class=\"wp-caption alignnone\"><img loading=\"lazy\" decoding=\"async\" class=\"size-medium wp-image-24873\" src=\"https:\/\/news.save.ch\/wp-content\/uploads\/2026\/01\/Depositphotos_739563806_S-680x500.jpg\" alt=\"\" width=\"680\" height=\"500\" srcset=\"https:\/\/news.save.ch\/wp-content\/uploads\/2026\/01\/Depositphotos_739563806_S-680x500.jpg 680w, https:\/\/news.save.ch\/wp-content\/uploads\/2026\/01\/Depositphotos_739563806_S-768x564.jpg 768w, https:\/\/news.save.ch\/wp-content\/uploads\/2026\/01\/Depositphotos_739563806_S-16x12.jpg 16w, https:\/\/news.save.ch\/wp-content\/uploads\/2026\/01\/Depositphotos_739563806_S-375x276.jpg 375w, https:\/\/news.save.ch\/wp-content\/uploads\/2026\/01\/Depositphotos_739563806_S-476x350.jpg 476w, https:\/\/news.save.ch\/wp-content\/uploads\/2026\/01\/Depositphotos_739563806_S.jpg 1000w\" sizes=\"auto, (max-width: 680px) 100vw, 680px\" \/><figcaption id=\"caption-attachment-24873\" class=\"wp-caption-text\">Picture: Depositphotos\/zimmytws<\/figcaption><\/figure>\n<p id=\"doc-1jconsv9v0\" class=\"font--regular\">PFAS (per- and polyfluorinated alkyl compounds) are a group of several thousand persistent chemicals. They are grease-, dirt- and water-repellent and have been used for decades in numerous products such as textiles, food packaging and fire extinguishing agents. However, PFAS are hardly degradable. They therefore accumulate in the environment and in organisms and can be harmful to health. PFAS contamination can be measured throughout Switzerland. Particularly high concentrations are found at hotspots such as landfills, industrial plants and fire sites.<\/p>\n<p id=\"doc-1jcont95j0\" class=\"font--regular\">The federal government and cantons have already taken or planned numerous measures to reduce the impact of PFAS and other persistent chemicals. However, in order to meet current and future challenges, there is a particular need for greater coordination and pooling of work. In addition, the public should be better informed about PFAS. These are the conclusions of a report in response to postulate 22.4585 Moser, which the Federal Council approved on December 19, 2025. The Federal Council therefore intends to launch an action plan to avoid as far as possible the impact of PFAS and other persistent substances on humans and the environment and to prevent any further increase in existing pollution.<\/p>\n<p id=\"doc-1jcont95l0\" class=\"font--regular\">DETEC will draw up the action plan and submit it to the Federal Council by the end of 2027. The cantons in particular will also be involved in the development process.<\/p>\n<p>&nbsp;<\/p>\n<p><em>Source: bafu.admin.ch<\/em><\/p>","protected":false},"excerpt":{"rendered":"<p>PFAS (per- und polyfluorierte Alkylverbindungen) sind eine Gruppe von mehreren tausend langlebigen Chemikalien. Sie sind fett-, schmutz- und wasserabweisend und werden seit Jahrzehnten in zahlreichen Produkten wie Textilien, Lebensmittelverpackungen oder Feuerl\u00f6schmitteln eingesetzt. PFAS sind aber kaum abbaubar. Sie reichern sich deswegen in der Umwelt und in Organismen an und k\u00f6nnen die Gesundheit sch\u00e4digen. Die Belastung [&hellip;]<\/p>\n","protected":false},"author":31,"featured_media":0,"comment_status":"closed","ping_status":"closed","sticky":false,"template":"","format":"standard","meta":{"_acf_changed":false,"pgc_sgb_lightbox_settings":"","footnotes":""},"categories":[3314],"tags":[168,6627,2673],"class_list":["post-24872","post","type-post","status-publish","format-standard","hentry","category-health-safety","tag-bundesrat","tag-ewigkeitschemikalien","tag-pfas"],"acf":[],"hkrextid":null,"publication":null,"issue":null,"workflow":null,"startPage":null,"spitzmarke":null,"_posts_by_tag_page_fields":null,"_at_widget":null,"_yoast_wpseo_primary_category":"3314","_yoast_wpseo_focuskw_text_input":null,"_yoast_wpseo_opengraph-image":null,"_yoast_wpseo_opengraph-description":null,"_yoast_wpseo_opengraph-title":null,"enclosure":null,"_yoast_wpseo_twitter-title":null,"_yoast_wpseo_twitter-description":null,"_yoast_wpseo_twitter-image":null,"_wp_old_slug":null,"_yoast_wpseo_title":null,"_yoast_wpseo_canonical":null,"yoast_head":"<!-- This site is optimized with the Yoast SEO plugin v27.5 - https:\/\/yoast.com\/product\/yoast-seo-wordpress\/ -->\n<title>Bundesrat beschliesst Aktionsplan zum Umgang mit langlebigen Chemikalien wie PFAS - Save<\/title>\n<meta name=\"description\" content=\"Der Bundesrat will die Belastung von Mensch und Umwelt durch langlebige Chemikalien, insbesondere PFAS, reduzieren.\" \/>\n<meta name=\"robots\" content=\"index, follow, max-snippet:-1, max-image-preview:large, max-video-preview:-1\" \/>\n<link rel=\"canonical\" href=\"https:\/\/news.save.ch\/en\/bundesrat-beschliesst-aktionsplan-zum-umgang-mit-langlebigen-chemikalien-wie-pfas\/\" \/>\n<meta property=\"og:locale\" content=\"en_US\" \/>\n<meta property=\"og:type\" content=\"article\" \/>\n<meta property=\"og:title\" content=\"Bundesrat beschliesst Aktionsplan zum Umgang mit langlebigen Chemikalien wie PFAS - Save\" \/>\n<meta property=\"og:description\" content=\"Der Bundesrat will die Belastung von Mensch und Umwelt durch langlebige Chemikalien, insbesondere PFAS, reduzieren.\" \/>\n<meta property=\"og:url\" content=\"https:\/\/news.save.ch\/en\/bundesrat-beschliesst-aktionsplan-zum-umgang-mit-langlebigen-chemikalien-wie-pfas\/\" \/>\n<meta property=\"og:site_name\" content=\"Save\" \/>\n<meta property=\"article:published_time\" content=\"2026-01-14T12:50:21+00:00\" \/>\n<meta property=\"og:image\" content=\"https:\/\/news.save.ch\/wp-content\/uploads\/2026\/01\/Depositphotos_739563806_S.jpg\" \/>\n\t<meta property=\"og:image:width\" content=\"1000\" \/>\n\t<meta property=\"og:image:height\" content=\"735\" \/>\n\t<meta property=\"og:image:type\" content=\"image\/jpeg\" \/>\n<meta name=\"author\" content=\"stefanie Zeng\" \/>\n<meta name=\"twitter:card\" content=\"summary_large_image\" \/>\n<meta name=\"twitter:label1\" content=\"Written by\" \/>\n\t<meta name=\"twitter:data1\" content=\"stefanie Zeng\" \/>\n\t<meta name=\"twitter:label2\" content=\"Est. reading time\" \/>\n\t<meta name=\"twitter:data2\" content=\"2 minutes\" \/>\n<script type=\"application\/ld+json\" class=\"yoast-schema-graph\">{\"@context\":\"https:\\\/\\\/schema.org\",\"@graph\":[{\"@type\":\"Article\",\"@id\":\"https:\\\/\\\/news.save.ch\\\/bundesrat-beschliesst-aktionsplan-zum-umgang-mit-langlebigen-chemikalien-wie-pfas\\\/#article\",\"isPartOf\":{\"@id\":\"https:\\\/\\\/news.save.ch\\\/bundesrat-beschliesst-aktionsplan-zum-umgang-mit-langlebigen-chemikalien-wie-pfas\\\/\"},\"author\":{\"name\":\"stefanie Zeng\",\"@id\":\"https:\\\/\\\/news.save.ch\\\/de\\\/#\\\/schema\\\/person\\\/10917387362b3961e882740f6cf6f2a2\"},\"headline\":\"Bundesrat beschliesst Aktionsplan zum Umgang mit langlebigen Chemikalien wie PFAS\",\"datePublished\":\"2026-01-14T12:50:21+00:00\",\"mainEntityOfPage\":{\"@id\":\"https:\\\/\\\/news.save.ch\\\/bundesrat-beschliesst-aktionsplan-zum-umgang-mit-langlebigen-chemikalien-wie-pfas\\\/\"},\"wordCount\":231,\"publisher\":{\"@id\":\"https:\\\/\\\/news.save.ch\\\/de\\\/#organization\"},\"image\":{\"@id\":\"https:\\\/\\\/news.save.ch\\\/bundesrat-beschliesst-aktionsplan-zum-umgang-mit-langlebigen-chemikalien-wie-pfas\\\/#primaryimage\"},\"thumbnailUrl\":\"https:\\\/\\\/news.save.ch\\\/wp-content\\\/uploads\\\/2026\\\/01\\\/Depositphotos_739563806_S-680x500.jpg\",\"keywords\":[\"Bundesrat\",\"Ewigkeitschemikalien\",\"PFAS\"],\"articleSection\":[\"HEALTH &amp; SAFETY\"],\"inLanguage\":\"en-US\"},{\"@type\":\"WebPage\",\"@id\":\"https:\\\/\\\/news.save.ch\\\/bundesrat-beschliesst-aktionsplan-zum-umgang-mit-langlebigen-chemikalien-wie-pfas\\\/\",\"url\":\"https:\\\/\\\/news.save.ch\\\/bundesrat-beschliesst-aktionsplan-zum-umgang-mit-langlebigen-chemikalien-wie-pfas\\\/\",\"name\":\"Bundesrat beschliesst Aktionsplan zum Umgang mit langlebigen Chemikalien wie PFAS - Save\",\"isPartOf\":{\"@id\":\"https:\\\/\\\/news.save.ch\\\/de\\\/#website\"},\"primaryImageOfPage\":{\"@id\":\"https:\\\/\\\/news.save.ch\\\/bundesrat-beschliesst-aktionsplan-zum-umgang-mit-langlebigen-chemikalien-wie-pfas\\\/#primaryimage\"},\"image\":{\"@id\":\"https:\\\/\\\/news.save.ch\\\/bundesrat-beschliesst-aktionsplan-zum-umgang-mit-langlebigen-chemikalien-wie-pfas\\\/#primaryimage\"},\"thumbnailUrl\":\"https:\\\/\\\/news.save.ch\\\/wp-content\\\/uploads\\\/2026\\\/01\\\/Depositphotos_739563806_S-680x500.jpg\",\"datePublished\":\"2026-01-14T12:50:21+00:00\",\"description\":\"Der Bundesrat will die Belastung von Mensch und Umwelt durch langlebige Chemikalien, insbesondere PFAS, reduzieren.\",\"breadcrumb\":{\"@id\":\"https:\\\/\\\/news.save.ch\\\/bundesrat-beschliesst-aktionsplan-zum-umgang-mit-langlebigen-chemikalien-wie-pfas\\\/#breadcrumb\"},\"inLanguage\":\"en-US\",\"potentialAction\":[{\"@type\":\"ReadAction\",\"target\":[\"https:\\\/\\\/news.save.ch\\\/bundesrat-beschliesst-aktionsplan-zum-umgang-mit-langlebigen-chemikalien-wie-pfas\\\/\"]}]},{\"@type\":\"ImageObject\",\"inLanguage\":\"en-US\",\"@id\":\"https:\\\/\\\/news.save.ch\\\/bundesrat-beschliesst-aktionsplan-zum-umgang-mit-langlebigen-chemikalien-wie-pfas\\\/#primaryimage\",\"url\":\"https:\\\/\\\/news.save.ch\\\/wp-content\\\/uploads\\\/2026\\\/01\\\/Depositphotos_739563806_S-680x500.jpg\",\"contentUrl\":\"https:\\\/\\\/news.save.ch\\\/wp-content\\\/uploads\\\/2026\\\/01\\\/Depositphotos_739563806_S-680x500.jpg\"},{\"@type\":\"BreadcrumbList\",\"@id\":\"https:\\\/\\\/news.save.ch\\\/bundesrat-beschliesst-aktionsplan-zum-umgang-mit-langlebigen-chemikalien-wie-pfas\\\/#breadcrumb\",\"itemListElement\":[{\"@type\":\"ListItem\",\"position\":1,\"name\":\"Home\",\"item\":\"https:\\\/\\\/news.save.ch\\\/de\\\/\"},{\"@type\":\"ListItem\",\"position\":2,\"name\":\"Bundesrat beschliesst Aktionsplan zum Umgang mit langlebigen Chemikalien wie PFAS\"}]},{\"@type\":\"WebSite\",\"@id\":\"https:\\\/\\\/news.save.ch\\\/de\\\/#website\",\"url\":\"https:\\\/\\\/news.save.ch\\\/de\\\/\",\"name\":\"Save\",\"description\":\"Schweizer Fachzeitschrift f\u00fcr Sicherheit\",\"publisher\":{\"@id\":\"https:\\\/\\\/news.save.ch\\\/de\\\/#organization\"},\"potentialAction\":[{\"@type\":\"SearchAction\",\"target\":{\"@type\":\"EntryPoint\",\"urlTemplate\":\"https:\\\/\\\/news.save.ch\\\/de\\\/?s={search_term_string}\"},\"query-input\":{\"@type\":\"PropertyValueSpecification\",\"valueRequired\":true,\"valueName\":\"search_term_string\"}}],\"inLanguage\":\"en-US\"},{\"@type\":\"Organization\",\"@id\":\"https:\\\/\\\/news.save.ch\\\/de\\\/#organization\",\"name\":\"Sicherheitsforum\",\"url\":\"https:\\\/\\\/news.save.ch\\\/de\\\/\",\"logo\":{\"@type\":\"ImageObject\",\"inLanguage\":\"en-US\",\"@id\":\"https:\\\/\\\/news.save.ch\\\/de\\\/#\\\/schema\\\/logo\\\/image\\\/\",\"url\":\"https:\\\/\\\/news.save.ch\\\/wp-content\\\/uploads\\\/2022\\\/06\\\/Logo_SF_2012.png\",\"contentUrl\":\"https:\\\/\\\/news.save.ch\\\/wp-content\\\/uploads\\\/2022\\\/06\\\/Logo_SF_2012.png\",\"width\":1100,\"height\":91,\"caption\":\"Sicherheitsforum\"},\"image\":{\"@id\":\"https:\\\/\\\/news.save.ch\\\/de\\\/#\\\/schema\\\/logo\\\/image\\\/\"}},{\"@type\":\"Person\",\"@id\":\"https:\\\/\\\/news.save.ch\\\/de\\\/#\\\/schema\\\/person\\\/10917387362b3961e882740f6cf6f2a2\",\"name\":\"stefanie Zeng\",\"image\":{\"@type\":\"ImageObject\",\"inLanguage\":\"en-US\",\"@id\":\"https:\\\/\\\/secure.gravatar.com\\\/avatar\\\/eac43faa6e40bb2c41068c95c9d78bbd94c476d5efdff7abaab80bb3ea681e06?s=96&d=mm&r=g\",\"url\":\"https:\\\/\\\/secure.gravatar.com\\\/avatar\\\/eac43faa6e40bb2c41068c95c9d78bbd94c476d5efdff7abaab80bb3ea681e06?s=96&d=mm&r=g\",\"contentUrl\":\"https:\\\/\\\/secure.gravatar.com\\\/avatar\\\/eac43faa6e40bb2c41068c95c9d78bbd94c476d5efdff7abaab80bb3ea681e06?s=96&d=mm&r=g\",\"caption\":\"stefanie Zeng\"},\"url\":\"https:\\\/\\\/news.save.ch\\\/en\\\/author\\\/stefanie-zeng\\\/\"}]}<\/script>\n<!-- \/ Yoast SEO plugin. -->","yoast_head_json":{"title":"Federal Council adopts action plan for dealing with persistent chemicals such as PFAS - Save","description":"The Federal Council wants to reduce the impact of persistent chemicals, particularly PFAS, on people and the environment.","robots":{"index":"index","follow":"follow","max-snippet":"max-snippet:-1","max-image-preview":"max-image-preview:large","max-video-preview":"max-video-preview:-1"},"canonical":"https:\/\/news.save.ch\/en\/bundesrat-beschliesst-aktionsplan-zum-umgang-mit-langlebigen-chemikalien-wie-pfas\/","og_locale":"en_US","og_type":"article","og_title":"Bundesrat beschliesst Aktionsplan zum Umgang mit langlebigen Chemikalien wie PFAS - Save","og_description":"Der Bundesrat will die Belastung von Mensch und Umwelt durch langlebige Chemikalien, insbesondere PFAS, reduzieren.","og_url":"https:\/\/news.save.ch\/en\/bundesrat-beschliesst-aktionsplan-zum-umgang-mit-langlebigen-chemikalien-wie-pfas\/","og_site_name":"Save","article_published_time":"2026-01-14T12:50:21+00:00","og_image":[{"width":1000,"height":735,"url":"https:\/\/news.save.ch\/wp-content\/uploads\/2026\/01\/Depositphotos_739563806_S.jpg","type":"image\/jpeg"}],"author":"stefanie Zeng","twitter_card":"summary_large_image","twitter_misc":{"Written by":"stefanie Zeng","Est. reading time":"2 minutes"},"schema":{"@context":"https:\/\/schema.org","@graph":[{"@type":"Article","@id":"https:\/\/news.save.ch\/bundesrat-beschliesst-aktionsplan-zum-umgang-mit-langlebigen-chemikalien-wie-pfas\/#article","isPartOf":{"@id":"https:\/\/news.save.ch\/bundesrat-beschliesst-aktionsplan-zum-umgang-mit-langlebigen-chemikalien-wie-pfas\/"},"author":{"name":"stefanie Zeng","@id":"https:\/\/news.save.ch\/de\/#\/schema\/person\/10917387362b3961e882740f6cf6f2a2"},"headline":"Bundesrat beschliesst Aktionsplan zum Umgang mit langlebigen Chemikalien wie PFAS","datePublished":"2026-01-14T12:50:21+00:00","mainEntityOfPage":{"@id":"https:\/\/news.save.ch\/bundesrat-beschliesst-aktionsplan-zum-umgang-mit-langlebigen-chemikalien-wie-pfas\/"},"wordCount":231,"publisher":{"@id":"https:\/\/news.save.ch\/de\/#organization"},"image":{"@id":"https:\/\/news.save.ch\/bundesrat-beschliesst-aktionsplan-zum-umgang-mit-langlebigen-chemikalien-wie-pfas\/#primaryimage"},"thumbnailUrl":"https:\/\/news.save.ch\/wp-content\/uploads\/2026\/01\/Depositphotos_739563806_S-680x500.jpg","keywords":["Bundesrat","Ewigkeitschemikalien","PFAS"],"articleSection":["HEALTH &amp; SAFETY"],"inLanguage":"en-US"},{"@type":"WebPage","@id":"https:\/\/news.save.ch\/bundesrat-beschliesst-aktionsplan-zum-umgang-mit-langlebigen-chemikalien-wie-pfas\/","url":"https:\/\/news.save.ch\/bundesrat-beschliesst-aktionsplan-zum-umgang-mit-langlebigen-chemikalien-wie-pfas\/","name":"Federal Council adopts action plan for dealing with persistent chemicals such as PFAS - Save","isPartOf":{"@id":"https:\/\/news.save.ch\/de\/#website"},"primaryImageOfPage":{"@id":"https:\/\/news.save.ch\/bundesrat-beschliesst-aktionsplan-zum-umgang-mit-langlebigen-chemikalien-wie-pfas\/#primaryimage"},"image":{"@id":"https:\/\/news.save.ch\/bundesrat-beschliesst-aktionsplan-zum-umgang-mit-langlebigen-chemikalien-wie-pfas\/#primaryimage"},"thumbnailUrl":"https:\/\/news.save.ch\/wp-content\/uploads\/2026\/01\/Depositphotos_739563806_S-680x500.jpg","datePublished":"2026-01-14T12:50:21+00:00","description":"The Federal Council wants to reduce the impact of persistent chemicals, particularly PFAS, on people and the environment.","breadcrumb":{"@id":"https:\/\/news.save.ch\/bundesrat-beschliesst-aktionsplan-zum-umgang-mit-langlebigen-chemikalien-wie-pfas\/#breadcrumb"},"inLanguage":"en-US","potentialAction":[{"@type":"ReadAction","target":["https:\/\/news.save.ch\/bundesrat-beschliesst-aktionsplan-zum-umgang-mit-langlebigen-chemikalien-wie-pfas\/"]}]},{"@type":"ImageObject","inLanguage":"en-US","@id":"https:\/\/news.save.ch\/bundesrat-beschliesst-aktionsplan-zum-umgang-mit-langlebigen-chemikalien-wie-pfas\/#primaryimage","url":"https:\/\/news.save.ch\/wp-content\/uploads\/2026\/01\/Depositphotos_739563806_S-680x500.jpg","contentUrl":"https:\/\/news.save.ch\/wp-content\/uploads\/2026\/01\/Depositphotos_739563806_S-680x500.jpg"},{"@type":"BreadcrumbList","@id":"https:\/\/news.save.ch\/bundesrat-beschliesst-aktionsplan-zum-umgang-mit-langlebigen-chemikalien-wie-pfas\/#breadcrumb","itemListElement":[{"@type":"ListItem","position":1,"name":"Home","item":"https:\/\/news.save.ch\/de\/"},{"@type":"ListItem","position":2,"name":"Bundesrat beschliesst Aktionsplan zum Umgang mit langlebigen Chemikalien wie PFAS"}]},{"@type":"WebSite","@id":"https:\/\/news.save.ch\/de\/#website","url":"https:\/\/news.save.ch\/de\/","name":"Save","description":"Swiss trade journal for safety","publisher":{"@id":"https:\/\/news.save.ch\/de\/#organization"},"potentialAction":[{"@type":"SearchAction","target":{"@type":"EntryPoint","urlTemplate":"https:\/\/news.save.ch\/de\/?s={search_term_string}"},"query-input":{"@type":"PropertyValueSpecification","valueRequired":true,"valueName":"search_term_string"}}],"inLanguage":"en-US"},{"@type":"Organization","@id":"https:\/\/news.save.ch\/de\/#organization","name":"Security Forum","url":"https:\/\/news.save.ch\/de\/","logo":{"@type":"ImageObject","inLanguage":"en-US","@id":"https:\/\/news.save.ch\/de\/#\/schema\/logo\/image\/","url":"https:\/\/news.save.ch\/wp-content\/uploads\/2022\/06\/Logo_SF_2012.png","contentUrl":"https:\/\/news.save.ch\/wp-content\/uploads\/2022\/06\/Logo_SF_2012.png","width":1100,"height":91,"caption":"Sicherheitsforum"},"image":{"@id":"https:\/\/news.save.ch\/de\/#\/schema\/logo\/image\/"}},{"@type":"Person","@id":"https:\/\/news.save.ch\/de\/#\/schema\/person\/10917387362b3961e882740f6cf6f2a2","name":"Stefanie Zeng","image":{"@type":"ImageObject","inLanguage":"en-US","@id":"https:\/\/secure.gravatar.com\/avatar\/eac43faa6e40bb2c41068c95c9d78bbd94c476d5efdff7abaab80bb3ea681e06?s=96&d=mm&r=g","url":"https:\/\/secure.gravatar.com\/avatar\/eac43faa6e40bb2c41068c95c9d78bbd94c476d5efdff7abaab80bb3ea681e06?s=96&d=mm&r=g","contentUrl":"https:\/\/secure.gravatar.com\/avatar\/eac43faa6e40bb2c41068c95c9d78bbd94c476d5efdff7abaab80bb3ea681e06?s=96&d=mm&r=g","caption":"stefanie Zeng"},"url":"https:\/\/news.save.ch\/en\/author\/stefanie-zeng\/"}]}},"_links":{"self":[{"href":"https:\/\/news.save.ch\/en\/wp-json\/wp\/v2\/posts\/24872","targetHints":{"allow":["GET"]}}],"collection":[{"href":"https:\/\/news.save.ch\/en\/wp-json\/wp\/v2\/posts"}],"about":[{"href":"https:\/\/news.save.ch\/en\/wp-json\/wp\/v2\/types\/post"}],"author":[{"embeddable":true,"href":"https:\/\/news.save.ch\/en\/wp-json\/wp\/v2\/users\/31"}],"replies":[{"embeddable":true,"href":"https:\/\/news.save.ch\/en\/wp-json\/wp\/v2\/comments?post=24872"}],"version-history":[{"count":1,"href":"https:\/\/news.save.ch\/en\/wp-json\/wp\/v2\/posts\/24872\/revisions"}],"predecessor-version":[{"id":24874,"href":"https:\/\/news.save.ch\/en\/wp-json\/wp\/v2\/posts\/24872\/revisions\/24874"}],"wp:attachment":[{"href":"https:\/\/news.save.ch\/en\/wp-json\/wp\/v2\/media?parent=24872"}],"wp:term":[{"taxonomy":"category","embeddable":true,"href":"https:\/\/news.save.ch\/en\/wp-json\/wp\/v2\/categories?post=24872"},{"taxonomy":"post_tag","embeddable":true,"href":"https:\/\/news.save.ch\/en\/wp-json\/wp\/v2\/tags?post=24872"}],"curies":[{"name":"wp","href":"https:\/\/api.w.org\/{rel}","templated":true}]}}