{"id":24880,"date":"2026-01-19T08:27:24","date_gmt":"2026-01-19T07:27:24","guid":{"rendered":"https:\/\/news.save.ch\/?p=24880"},"modified":"2026-01-20T08:52:50","modified_gmt":"2026-01-20T07:52:50","slug":"diplomfeier-projektleiter-sicherheitstechnik-fachkraefte-fuer-eine-wachsende-branche","status":null,"type":"post","link":"https:\/\/news.save.ch\/en\/diplomfeier-projektleiter-sicherheitstechnik-fachkraefte-fuer-eine-wachsende-branche\/","title":{"rendered":"Graduation ceremony for security systems project managers:  Specialists for a growing industry"},"content":{"rendered":"<figure id=\"attachment_24881\" aria-describedby=\"caption-attachment-24881\" style=\"width: 680px\" class=\"wp-caption alignnone\"><img loading=\"lazy\" decoding=\"async\" class=\"size-medium wp-image-24881\" src=\"https:\/\/news.save.ch\/wp-content\/uploads\/2026\/01\/IMG_2781-680x510.jpg\" alt=\"\" width=\"680\" height=\"510\" srcset=\"https:\/\/news.save.ch\/wp-content\/uploads\/2026\/01\/IMG_2781-680x510.jpg 680w, https:\/\/news.save.ch\/wp-content\/uploads\/2026\/01\/IMG_2781-1024x768.jpg 1024w, https:\/\/news.save.ch\/wp-content\/uploads\/2026\/01\/IMG_2781-768x576.jpg 768w, https:\/\/news.save.ch\/wp-content\/uploads\/2026\/01\/IMG_2781-1536x1152.jpg 1536w, https:\/\/news.save.ch\/wp-content\/uploads\/2026\/01\/IMG_2781-2048x1536.jpg 2048w, https:\/\/news.save.ch\/wp-content\/uploads\/2026\/01\/IMG_2781-16x12.jpg 16w, https:\/\/news.save.ch\/wp-content\/uploads\/2026\/01\/IMG_2781-375x281.jpg 375w, https:\/\/news.save.ch\/wp-content\/uploads\/2026\/01\/IMG_2781-467x350.jpg 467w, https:\/\/news.save.ch\/wp-content\/uploads\/2026\/01\/IMG_2781-1000x750.jpg 1000w, https:\/\/news.save.ch\/wp-content\/uploads\/2026\/01\/IMG_2781-scaled.jpg 1200w\" sizes=\"auto, (max-width: 680px) 100vw, 680px\" \/><figcaption id=\"caption-attachment-24881\" class=\"wp-caption-text\">These young professionals have successfully completed the \u00abSecurity Systems Project Manager\u00bb training course. Far right: SES President Martin Altorfer. Picture: save<\/figcaption><\/figure>\n<p>In his speech, Martin Altorfer, President of the Association of Swiss Installers of Security Systems (SES), paid tribute to the great commitment of the participants. He reminded the audience that further training of this kind is more than just learning: \u00abYou often studied late into the night, discovered new things, doubted and gave up a lot. Hopefully it was also difficult - because that's exactly what makes you strong for practice.\u00bb<\/p>\n<p>Altorfer encouraged the graduates to consciously enjoy this moment with their loved ones. At the same time, he placed their achievement in a larger context: over 300 people have completed the course since 2009. The SES Association is thus making an important contribution to the sustainable development of the industry.<\/p>\n<h3><strong>Security technology: no longer a niche<\/strong><\/h3>\n<p>The importance of safety technology is constantly increasing, Altorfer emphasized. The Swiss<br \/>\nThe security technology market currently generates sales of around 850 million Swiss francs and is growing continuously. \u00abSecurity technology is not a niche in building technology, but an independent and central discipline. The demand for well-trained specialists is constantly increasing.\u00bb<\/p>\n<p>The recent past has shown just how important fire safety is, particularly in the specialist area of fire. The fire disaster in Crans Montana made it clear that fire safety is not a theoretical exercise, but a practical necessity. He therefore supports the fact that the new fire safety regulations (BSV) incorporate the findings from this accident and set even stricter standards in future.<\/p>\n<p>The field of security is also becoming increasingly complex: new technologies, international standards such as NIS 2 and the increasing combination of physical and digital security require new skills. \u00abPhysical security is not an optional extra, but a duty. And even if artificial intelligence changes many things, it does not replace people.\u00bb<\/p>\n<h3>Voices from the alumni<\/h3>\n<p>One of the graduates is Alex Kilbey from Securiton. For him, the training was closely linked to his professional development: \u00abThe training was a requirement for the internal step change - my employer therefore also supported me.\u00bb<\/p>\n<p>Today, Kilbey works in field sales and is responsible for video security systems. However, the further training gave him much more than a formal qualification: \u00abIt opened my eyes to the other security trades: intruder alarm systems, access control systems, door management systems, security control systems. Even though I specialize in video security systems, I now understand the overall system much better.\u00bb<\/p>\n<p>Jan Gr\u00fcndler also confirms a sharpened eye for \u00abthe big picture\u00bb, which he was able to gain through further training. At his employer, ES Sicherheit in St. Gallen, he was able to develop his skills to become Deputy Technical Manager.<\/p>\n<h3><strong>Good decision for the future<\/strong><\/h3>\n<p>The graduation ceremony made it clear that the graduates have opted for further training that will make them fit for a challenging future. They combine technology and people - and are thus helping to ensure that Switzerland remains a safe place in the future.<\/p>\n<p>&nbsp;<\/p>\n<div class=\"greybox\">\n<h3 data-start=\"3189\" data-end=\"3501\">The graduates<\/h3>\n<p>Sina Bernet, Tim B\u00fcrkli, Michael Caruso, Halil Ibrahin Caruso, Reto Christen, Elior Fink, Marko Gligorijevic, Jan Gr\u00fcndler, Sandro H\u00fcrlimann, Alex Kilbey, Stefan Leemann, Lukas Oswald, Joel Rodel, Joachim Schmid, Tobias Speich, Alex Stuppan, Lukas W\u00fcrsch, Myrdhin Allaert, Dzenan Isovic<\/p>\n<\/div>","protected":false},"excerpt":{"rendered":"<p>In seiner Festrede w\u00fcrdigte Martin Altorfer, Pr\u00e4sident vom Verband Schweizerischer Errichter von Sicherheitsanlagen (SES) den grossen Einsatz der Teilnehmenden. Er erinnerte daran, dass eine Weiterbildung dieser Art mehr sei als reines Lernen: \u00abOft haben Sie bis sp\u00e4t in die Nacht gelernt, Neues entdeckt, gezweifelt und auf vieles verzichtet. Hoffentlich war es auch schwer \u2013 denn [&hellip;]<\/p>\n","protected":false},"author":31,"featured_media":0,"comment_status":"closed","ping_status":"closed","sticky":false,"template":"","format":"standard","meta":{"_acf_changed":false,"pgc_sgb_lightbox_settings":"","footnotes":""},"categories":[3317],"tags":[],"class_list":["post-24880","post","type-post","status-publish","format-standard","hentry","category-friends"],"acf":[],"hkrextid":null,"publication":null,"issue":null,"workflow":null,"startPage":null,"spitzmarke":null,"_posts_by_tag_page_fields":null,"_at_widget":null,"_yoast_wpseo_primary_category":"3317","_yoast_wpseo_focuskw_text_input":null,"_yoast_wpseo_opengraph-image":null,"_yoast_wpseo_opengraph-description":null,"_yoast_wpseo_opengraph-title":null,"enclosure":null,"_yoast_wpseo_twitter-title":null,"_yoast_wpseo_twitter-description":null,"_yoast_wpseo_twitter-image":null,"_wp_old_slug":null,"_yoast_wpseo_title":null,"_yoast_wpseo_canonical":null,"yoast_head":"<!-- This site is optimized with the Yoast SEO plugin v27.5 - https:\/\/yoast.com\/product\/yoast-seo-wordpress\/ -->\n<title>Diplomfeier Projektleiter Sicherheitssysteme: Fachkr\u00e4fte f\u00fcr eine wachsende Branche - Save<\/title>\n<meta name=\"robots\" content=\"index, follow, max-snippet:-1, max-image-preview:large, max-video-preview:-1\" \/>\n<link rel=\"canonical\" href=\"https:\/\/news.save.ch\/en\/diplomfeier-projektleiter-sicherheitstechnik-fachkraefte-fuer-eine-wachsende-branche\/\" \/>\n<meta property=\"og:locale\" content=\"en_US\" \/>\n<meta property=\"og:type\" content=\"article\" \/>\n<meta property=\"og:title\" content=\"Diplomfeier Projektleiter Sicherheitssysteme: Fachkr\u00e4fte f\u00fcr eine wachsende Branche - Save\" \/>\n<meta property=\"og:description\" content=\"In seiner Festrede w\u00fcrdigte Martin Altorfer, Pr\u00e4sident vom Verband Schweizerischer Errichter von Sicherheitsanlagen (SES) den grossen Einsatz der Teilnehmenden. Er erinnerte daran, dass eine Weiterbildung dieser Art mehr sei als reines Lernen: \u00abOft haben Sie bis sp\u00e4t in die Nacht gelernt, Neues entdeckt, gezweifelt und auf vieles verzichtet. Hoffentlich war es auch schwer \u2013 denn [&hellip;]\" \/>\n<meta property=\"og:url\" content=\"https:\/\/news.save.ch\/en\/diplomfeier-projektleiter-sicherheitstechnik-fachkraefte-fuer-eine-wachsende-branche\/\" \/>\n<meta property=\"og:site_name\" content=\"Save\" \/>\n<meta property=\"article:published_time\" content=\"2026-01-19T07:27:24+00:00\" \/>\n<meta property=\"article:modified_time\" content=\"2026-01-20T07:52:50+00:00\" \/>\n<meta property=\"og:image\" content=\"https:\/\/news.save.ch\/wp-content\/uploads\/2026\/01\/IMG_2781-scaled.jpg\" \/>\n\t<meta property=\"og:image:width\" content=\"1200\" \/>\n\t<meta property=\"og:image:height\" content=\"900\" \/>\n\t<meta property=\"og:image:type\" content=\"image\/jpeg\" \/>\n<meta name=\"author\" content=\"stefanie Zeng\" \/>\n<meta name=\"twitter:card\" content=\"summary_large_image\" \/>\n<meta name=\"twitter:label1\" content=\"Written by\" \/>\n\t<meta name=\"twitter:data1\" content=\"stefanie Zeng\" \/>\n\t<meta name=\"twitter:label2\" content=\"Est. reading time\" \/>\n\t<meta name=\"twitter:data2\" content=\"3 minutes\" \/>\n<script type=\"application\/ld+json\" class=\"yoast-schema-graph\">{\"@context\":\"https:\\\/\\\/schema.org\",\"@graph\":[{\"@type\":\"Article\",\"@id\":\"https:\\\/\\\/news.save.ch\\\/diplomfeier-projektleiter-sicherheitstechnik-fachkraefte-fuer-eine-wachsende-branche\\\/#article\",\"isPartOf\":{\"@id\":\"https:\\\/\\\/news.save.ch\\\/diplomfeier-projektleiter-sicherheitstechnik-fachkraefte-fuer-eine-wachsende-branche\\\/\"},\"author\":{\"name\":\"stefanie Zeng\",\"@id\":\"https:\\\/\\\/news.save.ch\\\/de\\\/#\\\/schema\\\/person\\\/10917387362b3961e882740f6cf6f2a2\"},\"headline\":\"Diplomfeier Projektleiter Sicherheitssysteme: Fachkr\u00e4fte f\u00fcr eine wachsende Branche\",\"datePublished\":\"2026-01-19T07:27:24+00:00\",\"dateModified\":\"2026-01-20T07:52:50+00:00\",\"mainEntityOfPage\":{\"@id\":\"https:\\\/\\\/news.save.ch\\\/diplomfeier-projektleiter-sicherheitstechnik-fachkraefte-fuer-eine-wachsende-branche\\\/\"},\"wordCount\":537,\"publisher\":{\"@id\":\"https:\\\/\\\/news.save.ch\\\/de\\\/#organization\"},\"image\":{\"@id\":\"https:\\\/\\\/news.save.ch\\\/diplomfeier-projektleiter-sicherheitstechnik-fachkraefte-fuer-eine-wachsende-branche\\\/#primaryimage\"},\"thumbnailUrl\":\"https:\\\/\\\/news.save.ch\\\/wp-content\\\/uploads\\\/2026\\\/01\\\/IMG_2781-680x510.jpg\",\"articleSection\":[\"FRIENDS\"],\"inLanguage\":\"en-US\"},{\"@type\":\"WebPage\",\"@id\":\"https:\\\/\\\/news.save.ch\\\/diplomfeier-projektleiter-sicherheitstechnik-fachkraefte-fuer-eine-wachsende-branche\\\/\",\"url\":\"https:\\\/\\\/news.save.ch\\\/diplomfeier-projektleiter-sicherheitstechnik-fachkraefte-fuer-eine-wachsende-branche\\\/\",\"name\":\"Diplomfeier Projektleiter Sicherheitssysteme: Fachkr\u00e4fte f\u00fcr eine wachsende Branche - Save\",\"isPartOf\":{\"@id\":\"https:\\\/\\\/news.save.ch\\\/de\\\/#website\"},\"primaryImageOfPage\":{\"@id\":\"https:\\\/\\\/news.save.ch\\\/diplomfeier-projektleiter-sicherheitstechnik-fachkraefte-fuer-eine-wachsende-branche\\\/#primaryimage\"},\"image\":{\"@id\":\"https:\\\/\\\/news.save.ch\\\/diplomfeier-projektleiter-sicherheitstechnik-fachkraefte-fuer-eine-wachsende-branche\\\/#primaryimage\"},\"thumbnailUrl\":\"https:\\\/\\\/news.save.ch\\\/wp-content\\\/uploads\\\/2026\\\/01\\\/IMG_2781-680x510.jpg\",\"datePublished\":\"2026-01-19T07:27:24+00:00\",\"dateModified\":\"2026-01-20T07:52:50+00:00\",\"breadcrumb\":{\"@id\":\"https:\\\/\\\/news.save.ch\\\/diplomfeier-projektleiter-sicherheitstechnik-fachkraefte-fuer-eine-wachsende-branche\\\/#breadcrumb\"},\"inLanguage\":\"en-US\",\"potentialAction\":[{\"@type\":\"ReadAction\",\"target\":[\"https:\\\/\\\/news.save.ch\\\/diplomfeier-projektleiter-sicherheitstechnik-fachkraefte-fuer-eine-wachsende-branche\\\/\"]}]},{\"@type\":\"ImageObject\",\"inLanguage\":\"en-US\",\"@id\":\"https:\\\/\\\/news.save.ch\\\/diplomfeier-projektleiter-sicherheitstechnik-fachkraefte-fuer-eine-wachsende-branche\\\/#primaryimage\",\"url\":\"https:\\\/\\\/news.save.ch\\\/wp-content\\\/uploads\\\/2026\\\/01\\\/IMG_2781-680x510.jpg\",\"contentUrl\":\"https:\\\/\\\/news.save.ch\\\/wp-content\\\/uploads\\\/2026\\\/01\\\/IMG_2781-680x510.jpg\"},{\"@type\":\"BreadcrumbList\",\"@id\":\"https:\\\/\\\/news.save.ch\\\/diplomfeier-projektleiter-sicherheitstechnik-fachkraefte-fuer-eine-wachsende-branche\\\/#breadcrumb\",\"itemListElement\":[{\"@type\":\"ListItem\",\"position\":1,\"name\":\"Home\",\"item\":\"https:\\\/\\\/news.save.ch\\\/de\\\/\"},{\"@type\":\"ListItem\",\"position\":2,\"name\":\"Diplomfeier Projektleiter Sicherheitssysteme: Fachkr\u00e4fte f\u00fcr eine wachsende Branche\"}]},{\"@type\":\"WebSite\",\"@id\":\"https:\\\/\\\/news.save.ch\\\/de\\\/#website\",\"url\":\"https:\\\/\\\/news.save.ch\\\/de\\\/\",\"name\":\"Save\",\"description\":\"Schweizer Fachzeitschrift f\u00fcr Sicherheit\",\"publisher\":{\"@id\":\"https:\\\/\\\/news.save.ch\\\/de\\\/#organization\"},\"potentialAction\":[{\"@type\":\"SearchAction\",\"target\":{\"@type\":\"EntryPoint\",\"urlTemplate\":\"https:\\\/\\\/news.save.ch\\\/de\\\/?s={search_term_string}\"},\"query-input\":{\"@type\":\"PropertyValueSpecification\",\"valueRequired\":true,\"valueName\":\"search_term_string\"}}],\"inLanguage\":\"en-US\"},{\"@type\":\"Organization\",\"@id\":\"https:\\\/\\\/news.save.ch\\\/de\\\/#organization\",\"name\":\"Sicherheitsforum\",\"url\":\"https:\\\/\\\/news.save.ch\\\/de\\\/\",\"logo\":{\"@type\":\"ImageObject\",\"inLanguage\":\"en-US\",\"@id\":\"https:\\\/\\\/news.save.ch\\\/de\\\/#\\\/schema\\\/logo\\\/image\\\/\",\"url\":\"https:\\\/\\\/news.save.ch\\\/wp-content\\\/uploads\\\/2022\\\/06\\\/Logo_SF_2012.png\",\"contentUrl\":\"https:\\\/\\\/news.save.ch\\\/wp-content\\\/uploads\\\/2022\\\/06\\\/Logo_SF_2012.png\",\"width\":1100,\"height\":91,\"caption\":\"Sicherheitsforum\"},\"image\":{\"@id\":\"https:\\\/\\\/news.save.ch\\\/de\\\/#\\\/schema\\\/logo\\\/image\\\/\"}},{\"@type\":\"Person\",\"@id\":\"https:\\\/\\\/news.save.ch\\\/de\\\/#\\\/schema\\\/person\\\/10917387362b3961e882740f6cf6f2a2\",\"name\":\"stefanie Zeng\",\"image\":{\"@type\":\"ImageObject\",\"inLanguage\":\"en-US\",\"@id\":\"https:\\\/\\\/secure.gravatar.com\\\/avatar\\\/eac43faa6e40bb2c41068c95c9d78bbd94c476d5efdff7abaab80bb3ea681e06?s=96&d=mm&r=g\",\"url\":\"https:\\\/\\\/secure.gravatar.com\\\/avatar\\\/eac43faa6e40bb2c41068c95c9d78bbd94c476d5efdff7abaab80bb3ea681e06?s=96&d=mm&r=g\",\"contentUrl\":\"https:\\\/\\\/secure.gravatar.com\\\/avatar\\\/eac43faa6e40bb2c41068c95c9d78bbd94c476d5efdff7abaab80bb3ea681e06?s=96&d=mm&r=g\",\"caption\":\"stefanie Zeng\"},\"url\":\"https:\\\/\\\/news.save.ch\\\/en\\\/author\\\/stefanie-zeng\\\/\"}]}<\/script>\n<!-- \/ Yoast SEO plugin. -->","yoast_head_json":{"title":"Graduation ceremony for security systems project managers: Specialists for a growing industry - Save","robots":{"index":"index","follow":"follow","max-snippet":"max-snippet:-1","max-image-preview":"max-image-preview:large","max-video-preview":"max-video-preview:-1"},"canonical":"https:\/\/news.save.ch\/en\/diplomfeier-projektleiter-sicherheitstechnik-fachkraefte-fuer-eine-wachsende-branche\/","og_locale":"en_US","og_type":"article","og_title":"Diplomfeier Projektleiter Sicherheitssysteme: Fachkr\u00e4fte f\u00fcr eine wachsende Branche - Save","og_description":"In seiner Festrede w\u00fcrdigte Martin Altorfer, Pr\u00e4sident vom Verband Schweizerischer Errichter von Sicherheitsanlagen (SES) den grossen Einsatz der Teilnehmenden. Er erinnerte daran, dass eine Weiterbildung dieser Art mehr sei als reines Lernen: \u00abOft haben Sie bis sp\u00e4t in die Nacht gelernt, Neues entdeckt, gezweifelt und auf vieles verzichtet. Hoffentlich war es auch schwer \u2013 denn [&hellip;]","og_url":"https:\/\/news.save.ch\/en\/diplomfeier-projektleiter-sicherheitstechnik-fachkraefte-fuer-eine-wachsende-branche\/","og_site_name":"Save","article_published_time":"2026-01-19T07:27:24+00:00","article_modified_time":"2026-01-20T07:52:50+00:00","og_image":[{"width":1200,"height":900,"url":"https:\/\/news.save.ch\/wp-content\/uploads\/2026\/01\/IMG_2781-scaled.jpg","type":"image\/jpeg"}],"author":"stefanie Zeng","twitter_card":"summary_large_image","twitter_misc":{"Written by":"stefanie Zeng","Est. reading time":"3 minutes"},"schema":{"@context":"https:\/\/schema.org","@graph":[{"@type":"Article","@id":"https:\/\/news.save.ch\/diplomfeier-projektleiter-sicherheitstechnik-fachkraefte-fuer-eine-wachsende-branche\/#article","isPartOf":{"@id":"https:\/\/news.save.ch\/diplomfeier-projektleiter-sicherheitstechnik-fachkraefte-fuer-eine-wachsende-branche\/"},"author":{"name":"stefanie Zeng","@id":"https:\/\/news.save.ch\/de\/#\/schema\/person\/10917387362b3961e882740f6cf6f2a2"},"headline":"Diplomfeier Projektleiter Sicherheitssysteme: Fachkr\u00e4fte f\u00fcr eine wachsende Branche","datePublished":"2026-01-19T07:27:24+00:00","dateModified":"2026-01-20T07:52:50+00:00","mainEntityOfPage":{"@id":"https:\/\/news.save.ch\/diplomfeier-projektleiter-sicherheitstechnik-fachkraefte-fuer-eine-wachsende-branche\/"},"wordCount":537,"publisher":{"@id":"https:\/\/news.save.ch\/de\/#organization"},"image":{"@id":"https:\/\/news.save.ch\/diplomfeier-projektleiter-sicherheitstechnik-fachkraefte-fuer-eine-wachsende-branche\/#primaryimage"},"thumbnailUrl":"https:\/\/news.save.ch\/wp-content\/uploads\/2026\/01\/IMG_2781-680x510.jpg","articleSection":["FRIENDS"],"inLanguage":"en-US"},{"@type":"WebPage","@id":"https:\/\/news.save.ch\/diplomfeier-projektleiter-sicherheitstechnik-fachkraefte-fuer-eine-wachsende-branche\/","url":"https:\/\/news.save.ch\/diplomfeier-projektleiter-sicherheitstechnik-fachkraefte-fuer-eine-wachsende-branche\/","name":"Graduation ceremony for security systems project managers: Specialists for a growing industry - Save","isPartOf":{"@id":"https:\/\/news.save.ch\/de\/#website"},"primaryImageOfPage":{"@id":"https:\/\/news.save.ch\/diplomfeier-projektleiter-sicherheitstechnik-fachkraefte-fuer-eine-wachsende-branche\/#primaryimage"},"image":{"@id":"https:\/\/news.save.ch\/diplomfeier-projektleiter-sicherheitstechnik-fachkraefte-fuer-eine-wachsende-branche\/#primaryimage"},"thumbnailUrl":"https:\/\/news.save.ch\/wp-content\/uploads\/2026\/01\/IMG_2781-680x510.jpg","datePublished":"2026-01-19T07:27:24+00:00","dateModified":"2026-01-20T07:52:50+00:00","breadcrumb":{"@id":"https:\/\/news.save.ch\/diplomfeier-projektleiter-sicherheitstechnik-fachkraefte-fuer-eine-wachsende-branche\/#breadcrumb"},"inLanguage":"en-US","potentialAction":[{"@type":"ReadAction","target":["https:\/\/news.save.ch\/diplomfeier-projektleiter-sicherheitstechnik-fachkraefte-fuer-eine-wachsende-branche\/"]}]},{"@type":"ImageObject","inLanguage":"en-US","@id":"https:\/\/news.save.ch\/diplomfeier-projektleiter-sicherheitstechnik-fachkraefte-fuer-eine-wachsende-branche\/#primaryimage","url":"https:\/\/news.save.ch\/wp-content\/uploads\/2026\/01\/IMG_2781-680x510.jpg","contentUrl":"https:\/\/news.save.ch\/wp-content\/uploads\/2026\/01\/IMG_2781-680x510.jpg"},{"@type":"BreadcrumbList","@id":"https:\/\/news.save.ch\/diplomfeier-projektleiter-sicherheitstechnik-fachkraefte-fuer-eine-wachsende-branche\/#breadcrumb","itemListElement":[{"@type":"ListItem","position":1,"name":"Home","item":"https:\/\/news.save.ch\/de\/"},{"@type":"ListItem","position":2,"name":"Diplomfeier Projektleiter Sicherheitssysteme: Fachkr\u00e4fte f\u00fcr eine wachsende Branche"}]},{"@type":"WebSite","@id":"https:\/\/news.save.ch\/de\/#website","url":"https:\/\/news.save.ch\/de\/","name":"Save","description":"Swiss trade journal for safety","publisher":{"@id":"https:\/\/news.save.ch\/de\/#organization"},"potentialAction":[{"@type":"SearchAction","target":{"@type":"EntryPoint","urlTemplate":"https:\/\/news.save.ch\/de\/?s={search_term_string}"},"query-input":{"@type":"PropertyValueSpecification","valueRequired":true,"valueName":"search_term_string"}}],"inLanguage":"en-US"},{"@type":"Organization","@id":"https:\/\/news.save.ch\/de\/#organization","name":"Security Forum","url":"https:\/\/news.save.ch\/de\/","logo":{"@type":"ImageObject","inLanguage":"en-US","@id":"https:\/\/news.save.ch\/de\/#\/schema\/logo\/image\/","url":"https:\/\/news.save.ch\/wp-content\/uploads\/2022\/06\/Logo_SF_2012.png","contentUrl":"https:\/\/news.save.ch\/wp-content\/uploads\/2022\/06\/Logo_SF_2012.png","width":1100,"height":91,"caption":"Sicherheitsforum"},"image":{"@id":"https:\/\/news.save.ch\/de\/#\/schema\/logo\/image\/"}},{"@type":"Person","@id":"https:\/\/news.save.ch\/de\/#\/schema\/person\/10917387362b3961e882740f6cf6f2a2","name":"Stefanie Zeng","image":{"@type":"ImageObject","inLanguage":"en-US","@id":"https:\/\/secure.gravatar.com\/avatar\/eac43faa6e40bb2c41068c95c9d78bbd94c476d5efdff7abaab80bb3ea681e06?s=96&d=mm&r=g","url":"https:\/\/secure.gravatar.com\/avatar\/eac43faa6e40bb2c41068c95c9d78bbd94c476d5efdff7abaab80bb3ea681e06?s=96&d=mm&r=g","contentUrl":"https:\/\/secure.gravatar.com\/avatar\/eac43faa6e40bb2c41068c95c9d78bbd94c476d5efdff7abaab80bb3ea681e06?s=96&d=mm&r=g","caption":"stefanie Zeng"},"url":"https:\/\/news.save.ch\/en\/author\/stefanie-zeng\/"}]}},"_links":{"self":[{"href":"https:\/\/news.save.ch\/en\/wp-json\/wp\/v2\/posts\/24880","targetHints":{"allow":["GET"]}}],"collection":[{"href":"https:\/\/news.save.ch\/en\/wp-json\/wp\/v2\/posts"}],"about":[{"href":"https:\/\/news.save.ch\/en\/wp-json\/wp\/v2\/types\/post"}],"author":[{"embeddable":true,"href":"https:\/\/news.save.ch\/en\/wp-json\/wp\/v2\/users\/31"}],"replies":[{"embeddable":true,"href":"https:\/\/news.save.ch\/en\/wp-json\/wp\/v2\/comments?post=24880"}],"version-history":[{"count":5,"href":"https:\/\/news.save.ch\/en\/wp-json\/wp\/v2\/posts\/24880\/revisions"}],"predecessor-version":[{"id":24886,"href":"https:\/\/news.save.ch\/en\/wp-json\/wp\/v2\/posts\/24880\/revisions\/24886"}],"wp:attachment":[{"href":"https:\/\/news.save.ch\/en\/wp-json\/wp\/v2\/media?parent=24880"}],"wp:term":[{"taxonomy":"category","embeddable":true,"href":"https:\/\/news.save.ch\/en\/wp-json\/wp\/v2\/categories?post=24880"},{"taxonomy":"post_tag","embeddable":true,"href":"https:\/\/news.save.ch\/en\/wp-json\/wp\/v2\/tags?post=24880"}],"curies":[{"name":"wp","href":"https:\/\/api.w.org\/{rel}","templated":true}]}}