{"id":24958,"date":"2026-02-11T09:22:07","date_gmt":"2026-02-11T08:22:07","guid":{"rendered":"https:\/\/news.save.ch\/?p=24958"},"modified":"2026-02-11T09:22:07","modified_gmt":"2026-02-11T08:22:07","slug":"revision-des-nachrichtendienstgesetzes-bundesrat-staerkt-frueherkennung-und-abwehr-von-bedrohungen","status":null,"type":"post","link":"https:\/\/news.save.ch\/en\/revision-des-nachrichtendienstgesetzes-bundesrat-staerkt-frueherkennung-und-abwehr-von-bedrohungen\/","title":{"rendered":"Revision of the Intelligence Service Act: Federal Council strengthens early detection and defense against threats"},"content":{"rendered":"<figure id=\"attachment_24959\" aria-describedby=\"caption-attachment-24959\" style=\"width: 680px\" class=\"wp-caption alignnone\"><img loading=\"lazy\" decoding=\"async\" class=\"size-medium wp-image-24959\" src=\"https:\/\/news.save.ch\/wp-content\/uploads\/2026\/02\/Depositphotos_682792782_S-680x486.jpg\" alt=\"\" width=\"680\" height=\"486\" srcset=\"https:\/\/news.save.ch\/wp-content\/uploads\/2026\/02\/Depositphotos_682792782_S-680x486.jpg 680w, https:\/\/news.save.ch\/wp-content\/uploads\/2026\/02\/Depositphotos_682792782_S-768x548.jpg 768w, https:\/\/news.save.ch\/wp-content\/uploads\/2026\/02\/Depositphotos_682792782_S-18x12.jpg 18w, https:\/\/news.save.ch\/wp-content\/uploads\/2026\/02\/Depositphotos_682792782_S-375x268.jpg 375w, https:\/\/news.save.ch\/wp-content\/uploads\/2026\/02\/Depositphotos_682792782_S-490x350.jpg 490w, https:\/\/news.save.ch\/wp-content\/uploads\/2026\/02\/Depositphotos_682792782_S.jpg 1000w\" sizes=\"auto, (max-width: 680px) 100vw, 680px\" \/><figcaption id=\"caption-attachment-24959\" class=\"wp-caption-text\">Photo: Depositphotos\/sepavone<\/figcaption><\/figure>\n<p id=\"doc-1jg1gmee30\" class=\"font--regular\">The threat situation has become much more acute worldwide - including for Switzerland. Since 2020, the threats prioritized by the Federal Intelligence Service (FIS) have multiplied. These include terrorism, violent extremism, espionage, cyberattacks, the proliferation of weapons of mass destruction and attacks on critical infrastructure.<\/p>\n<p id=\"doc-1jg1gmh1g0\" class=\"font--regular\">The revision of the NDG is in line with the Federal Council's security policy strategy. In December 2025, the Federal Council opened the consultation on the strategy and instructed the departments to begin implementing it. With the revision, the Federal Council is also implementing requirements that Parliament and its committees have formulated since the introduction of the NDG in 2017.<\/p>\n<p id=\"doc-1jg1gmh1h0\" class=\"font--regular\">The NDG revision consists of several parts. Firstly, the present basic package includes changes to the provisions on procurement measures, data retention and supervision. Secondly, an additional package will primarily include measures against cyber threats; the consultation on this is planned for mid-2026. Thirdly, the requirements for radio and cable reconnaissance resulting from a ruling by the Federal Administrative Court in November 2025 will be implemented. This will be done separately to enable careful integration into the NDG and to avoid delaying the current packages. If opportunities for accelerated implementation of the Federal Administrative Court's requirements arise in the course of the revision process, the FIS will make use of them accordingly.<\/p>\n<p id=\"doc-1jg1gmh1h1\" class=\"font--regular\">This basic package provides for three key areas:<\/p>\n<h3 id=\"doc-1jg1gpspp0\" class=\"font--regular\"><strong>Early detection and combating serious threats<\/strong><\/h3>\n<p id=\"doc-1jg1gmh1i1\" class=\"font--regular\">The FIS is tasked with identifying and preventing threats to internal or external security at an early stage. To ensure that it can also implement this mandate in the current heightened threat situation, the Federal Council is extending the mandate to the entire cyberspace and adapting the FIS's instruments.<\/p>\n<p id=\"doc-1jg1gmh1i2\" class=\"font--regular\">In the case of serious threats posed by violent extremism, the same procurement measures requiring authorization (GEBM) should be able to be used in future as is currently the case with terrorism, for example. The FIS will now also be able to collect data from financial intermediaries (banks and other financial service providers) in the event of serious threats such as terrorist financing or espionage. In addition, the Federal Office of Police fedpol will also be able to impose exit restrictions on violent extremists.<\/p>\n<p id=\"doc-1jg1gmh1j0\" class=\"font--regular\">The measures are directed against serious threats to Switzerland's internal or external security. All GEBMs are temporary and subject to strict requirements. The Federal Administrative Court must review and approve each measure. If it approves the measure, it also requires political approval from the head of the DDPS.<\/p>\n<p id=\"doc-1jg1gmh1j1\" class=\"font--regular\">In response to criticism during the consultation process, the Federal Council has abandoned the proposal to allow the surveillance of persons with professional secrecy as third parties under certain restrictions - for example lawyers or doctors and their assistants.<\/p>\n<h3 id=\"doc-1jg1gmh1j2\" class=\"font--regular\"><strong>Clarification of cable reconnaissance and strengthening of independent supervision<\/strong><\/h3>\n<p id=\"doc-1jg1gmh1j3\" class=\"font--regular\">The purpose of cable reconnaissance is to monitor cross-border data traffic in order to identify events abroad that are of significance to security policy. It is clarified here that not only Swiss nationals but all residents of Switzerland are exempt from cable reconnaissance. This is already in line with current practice. Furthermore, the deadline for extensions of the reconnaissance orders is to be extended to six months, which takes into account the strategic nature of this procurement measure and relieves the Federal Administrative Court.<\/p>\n<p id=\"doc-1jg1gmh1k0\" class=\"font--regular\">In return, independent supervision will be strengthened, in particular for radio and cable reconnaissance. The tasks of the former part-time supervisory authority for radio and cable reconnaissance (UKI) will be taken over by the full-time, independent supervisory authority for intelligence activities (AB-ND). This will bundle the supervisory competence in one authority. The AB-ND will also be given extended powers: It will now be able to cooperate with foreign supervisory authorities, inform cantonal authorities directly of its recommendations and apply directly to parliament for its budget.<\/p>\n<h3 id=\"doc-1jg1gmh1k1\" class=\"font--regular\"><strong>Comprehensive new regulation of data processing and adjustments to data protection<\/strong><\/h3>\n<p id=\"doc-1jg1gmh1k2\" class=\"font--regular\">The FIS's data processing will be regulated in a technology-neutral and comprehensive manner and adapted to the Data Protection Act, which comes into force in 2023. At the same time, the right to information will be simplified and also adapted to the new Data Protection Act. In addition, a legal remedy will be introduced that is not provided for in the current Intelligence Service Act, entitling the person requesting information to have the data processing concerning them and the postponement of information based on the Intelligence Service Act reviewed by the Federal Administrative Court.<\/p>","protected":false},"excerpt":{"rendered":"<p>Die Bedrohungslage hat sich weltweit stark versch\u00e4rft \u2013 auch f\u00fcr die Schweiz. Seit 2020 haben sich die Bedrohungen, die der Nachrichtendienst des Bundes (NDB) priorisiert bearbeitet, vervielfacht. Dazu z\u00e4hlen unter anderem Terrorismus, gewaltt\u00e4tiger Extremismus, Spionage, Cyberangriffe, die Verbreitung von Massenvernichtungswaffen und Angriffe auf kritische Infrastrukturen. Die Revision des NDG steht im Einklang mit der sicherheitspolitischen [&hellip;]<\/p>\n","protected":false},"author":31,"featured_media":0,"comment_status":"closed","ping_status":"closed","sticky":false,"template":"","format":"standard","meta":{"_acf_changed":false,"pgc_sgb_lightbox_settings":"","footnotes":""},"categories":[1,3312],"tags":[168,6651],"class_list":["post-24958","post","type-post","status-publish","format-standard","hentry","category-allgemein","category-sicherheit","tag-bundesrat","tag-nachrichtendienstgesetz"],"acf":[],"hkrextid":null,"publication":null,"issue":null,"workflow":null,"startPage":null,"spitzmarke":null,"_posts_by_tag_page_fields":null,"_at_widget":null,"_yoast_wpseo_primary_category":"1","_yoast_wpseo_focuskw_text_input":null,"_yoast_wpseo_opengraph-image":null,"_yoast_wpseo_opengraph-description":null,"_yoast_wpseo_opengraph-title":null,"enclosure":null,"_yoast_wpseo_twitter-title":null,"_yoast_wpseo_twitter-description":null,"_yoast_wpseo_twitter-image":null,"_wp_old_slug":null,"_yoast_wpseo_title":null,"_yoast_wpseo_canonical":null,"yoast_head":"<!-- This site is optimized with the Yoast SEO plugin v27.5 - https:\/\/yoast.com\/product\/yoast-seo-wordpress\/ -->\n<title>Revision des Nachrichtendienstgesetzes: Bundesrat st\u00e4rkt Fr\u00fcherkennung und Abwehr von Bedrohungen - Save<\/title>\n<meta name=\"description\" content=\"Der Bundesrat \u00fcberweist die NDG-Revision ans Parlament und st\u00e4rkt Fr\u00fcherkennung, Abwehr von Terrorismus, Extremismus, Spionage und Cyberangriffen sowie die Aufsicht \u00fcber den NDB.\" \/>\n<meta name=\"robots\" content=\"index, follow, max-snippet:-1, max-image-preview:large, max-video-preview:-1\" \/>\n<link rel=\"canonical\" href=\"https:\/\/news.save.ch\/en\/revision-des-nachrichtendienstgesetzes-bundesrat-staerkt-frueherkennung-und-abwehr-von-bedrohungen\/\" \/>\n<meta property=\"og:locale\" content=\"en_US\" \/>\n<meta property=\"og:type\" content=\"article\" \/>\n<meta property=\"og:title\" content=\"Revision des Nachrichtendienstgesetzes: Bundesrat st\u00e4rkt Fr\u00fcherkennung und Abwehr von Bedrohungen - Save\" \/>\n<meta property=\"og:description\" content=\"Der Bundesrat \u00fcberweist die NDG-Revision ans Parlament und st\u00e4rkt Fr\u00fcherkennung, Abwehr von Terrorismus, Extremismus, Spionage und Cyberangriffen sowie die Aufsicht \u00fcber den NDB.\" \/>\n<meta property=\"og:url\" content=\"https:\/\/news.save.ch\/en\/revision-des-nachrichtendienstgesetzes-bundesrat-staerkt-frueherkennung-und-abwehr-von-bedrohungen\/\" \/>\n<meta property=\"og:site_name\" content=\"Save\" \/>\n<meta property=\"article:published_time\" content=\"2026-02-11T08:22:07+00:00\" \/>\n<meta property=\"og:image\" content=\"https:\/\/news.save.ch\/wp-content\/uploads\/2026\/02\/Depositphotos_682792782_S.jpg\" \/>\n\t<meta property=\"og:image:width\" content=\"1000\" \/>\n\t<meta property=\"og:image:height\" content=\"714\" \/>\n\t<meta property=\"og:image:type\" content=\"image\/jpeg\" \/>\n<meta name=\"author\" content=\"stefanie Zeng\" \/>\n<meta name=\"twitter:card\" content=\"summary_large_image\" \/>\n<meta name=\"twitter:label1\" content=\"Written by\" \/>\n\t<meta name=\"twitter:data1\" content=\"stefanie Zeng\" \/>\n\t<meta name=\"twitter:label2\" content=\"Est. reading time\" \/>\n\t<meta name=\"twitter:data2\" content=\"4 minutes\" \/>\n<script type=\"application\/ld+json\" class=\"yoast-schema-graph\">{\"@context\":\"https:\\\/\\\/schema.org\",\"@graph\":[{\"@type\":\"Article\",\"@id\":\"https:\\\/\\\/news.save.ch\\\/revision-des-nachrichtendienstgesetzes-bundesrat-staerkt-frueherkennung-und-abwehr-von-bedrohungen\\\/#article\",\"isPartOf\":{\"@id\":\"https:\\\/\\\/news.save.ch\\\/revision-des-nachrichtendienstgesetzes-bundesrat-staerkt-frueherkennung-und-abwehr-von-bedrohungen\\\/\"},\"author\":{\"name\":\"stefanie Zeng\",\"@id\":\"https:\\\/\\\/news.save.ch\\\/de\\\/#\\\/schema\\\/person\\\/10917387362b3961e882740f6cf6f2a2\"},\"headline\":\"Revision des Nachrichtendienstgesetzes: Bundesrat st\u00e4rkt Fr\u00fcherkennung und Abwehr von Bedrohungen\",\"datePublished\":\"2026-02-11T08:22:07+00:00\",\"mainEntityOfPage\":{\"@id\":\"https:\\\/\\\/news.save.ch\\\/revision-des-nachrichtendienstgesetzes-bundesrat-staerkt-frueherkennung-und-abwehr-von-bedrohungen\\\/\"},\"wordCount\":696,\"publisher\":{\"@id\":\"https:\\\/\\\/news.save.ch\\\/de\\\/#organization\"},\"image\":{\"@id\":\"https:\\\/\\\/news.save.ch\\\/revision-des-nachrichtendienstgesetzes-bundesrat-staerkt-frueherkennung-und-abwehr-von-bedrohungen\\\/#primaryimage\"},\"thumbnailUrl\":\"https:\\\/\\\/news.save.ch\\\/wp-content\\\/uploads\\\/2026\\\/02\\\/Depositphotos_682792782_S-680x486.jpg\",\"keywords\":[\"Bundesrat\",\"Nachrichtendienstgesetz\"],\"articleSection\":[\"ALLGEMEIN\",\"SICHERHEIT\"],\"inLanguage\":\"en-US\"},{\"@type\":\"WebPage\",\"@id\":\"https:\\\/\\\/news.save.ch\\\/revision-des-nachrichtendienstgesetzes-bundesrat-staerkt-frueherkennung-und-abwehr-von-bedrohungen\\\/\",\"url\":\"https:\\\/\\\/news.save.ch\\\/revision-des-nachrichtendienstgesetzes-bundesrat-staerkt-frueherkennung-und-abwehr-von-bedrohungen\\\/\",\"name\":\"Revision des Nachrichtendienstgesetzes: Bundesrat st\u00e4rkt Fr\u00fcherkennung und Abwehr von Bedrohungen - Save\",\"isPartOf\":{\"@id\":\"https:\\\/\\\/news.save.ch\\\/de\\\/#website\"},\"primaryImageOfPage\":{\"@id\":\"https:\\\/\\\/news.save.ch\\\/revision-des-nachrichtendienstgesetzes-bundesrat-staerkt-frueherkennung-und-abwehr-von-bedrohungen\\\/#primaryimage\"},\"image\":{\"@id\":\"https:\\\/\\\/news.save.ch\\\/revision-des-nachrichtendienstgesetzes-bundesrat-staerkt-frueherkennung-und-abwehr-von-bedrohungen\\\/#primaryimage\"},\"thumbnailUrl\":\"https:\\\/\\\/news.save.ch\\\/wp-content\\\/uploads\\\/2026\\\/02\\\/Depositphotos_682792782_S-680x486.jpg\",\"datePublished\":\"2026-02-11T08:22:07+00:00\",\"description\":\"Der Bundesrat \u00fcberweist die NDG-Revision ans Parlament und st\u00e4rkt Fr\u00fcherkennung, Abwehr von Terrorismus, Extremismus, Spionage und Cyberangriffen sowie die Aufsicht \u00fcber den NDB.\",\"breadcrumb\":{\"@id\":\"https:\\\/\\\/news.save.ch\\\/revision-des-nachrichtendienstgesetzes-bundesrat-staerkt-frueherkennung-und-abwehr-von-bedrohungen\\\/#breadcrumb\"},\"inLanguage\":\"en-US\",\"potentialAction\":[{\"@type\":\"ReadAction\",\"target\":[\"https:\\\/\\\/news.save.ch\\\/revision-des-nachrichtendienstgesetzes-bundesrat-staerkt-frueherkennung-und-abwehr-von-bedrohungen\\\/\"]}]},{\"@type\":\"ImageObject\",\"inLanguage\":\"en-US\",\"@id\":\"https:\\\/\\\/news.save.ch\\\/revision-des-nachrichtendienstgesetzes-bundesrat-staerkt-frueherkennung-und-abwehr-von-bedrohungen\\\/#primaryimage\",\"url\":\"https:\\\/\\\/news.save.ch\\\/wp-content\\\/uploads\\\/2026\\\/02\\\/Depositphotos_682792782_S-680x486.jpg\",\"contentUrl\":\"https:\\\/\\\/news.save.ch\\\/wp-content\\\/uploads\\\/2026\\\/02\\\/Depositphotos_682792782_S-680x486.jpg\"},{\"@type\":\"BreadcrumbList\",\"@id\":\"https:\\\/\\\/news.save.ch\\\/revision-des-nachrichtendienstgesetzes-bundesrat-staerkt-frueherkennung-und-abwehr-von-bedrohungen\\\/#breadcrumb\",\"itemListElement\":[{\"@type\":\"ListItem\",\"position\":1,\"name\":\"Home\",\"item\":\"https:\\\/\\\/news.save.ch\\\/de\\\/\"},{\"@type\":\"ListItem\",\"position\":2,\"name\":\"Revision des Nachrichtendienstgesetzes: Bundesrat st\u00e4rkt Fr\u00fcherkennung und Abwehr von Bedrohungen\"}]},{\"@type\":\"WebSite\",\"@id\":\"https:\\\/\\\/news.save.ch\\\/de\\\/#website\",\"url\":\"https:\\\/\\\/news.save.ch\\\/de\\\/\",\"name\":\"Save\",\"description\":\"Schweizer Fachzeitschrift f\u00fcr Sicherheit\",\"publisher\":{\"@id\":\"https:\\\/\\\/news.save.ch\\\/de\\\/#organization\"},\"potentialAction\":[{\"@type\":\"SearchAction\",\"target\":{\"@type\":\"EntryPoint\",\"urlTemplate\":\"https:\\\/\\\/news.save.ch\\\/de\\\/?s={search_term_string}\"},\"query-input\":{\"@type\":\"PropertyValueSpecification\",\"valueRequired\":true,\"valueName\":\"search_term_string\"}}],\"inLanguage\":\"en-US\"},{\"@type\":\"Organization\",\"@id\":\"https:\\\/\\\/news.save.ch\\\/de\\\/#organization\",\"name\":\"Sicherheitsforum\",\"url\":\"https:\\\/\\\/news.save.ch\\\/de\\\/\",\"logo\":{\"@type\":\"ImageObject\",\"inLanguage\":\"en-US\",\"@id\":\"https:\\\/\\\/news.save.ch\\\/de\\\/#\\\/schema\\\/logo\\\/image\\\/\",\"url\":\"https:\\\/\\\/news.save.ch\\\/wp-content\\\/uploads\\\/2022\\\/06\\\/Logo_SF_2012.png\",\"contentUrl\":\"https:\\\/\\\/news.save.ch\\\/wp-content\\\/uploads\\\/2022\\\/06\\\/Logo_SF_2012.png\",\"width\":1100,\"height\":91,\"caption\":\"Sicherheitsforum\"},\"image\":{\"@id\":\"https:\\\/\\\/news.save.ch\\\/de\\\/#\\\/schema\\\/logo\\\/image\\\/\"}},{\"@type\":\"Person\",\"@id\":\"https:\\\/\\\/news.save.ch\\\/de\\\/#\\\/schema\\\/person\\\/10917387362b3961e882740f6cf6f2a2\",\"name\":\"stefanie Zeng\",\"image\":{\"@type\":\"ImageObject\",\"inLanguage\":\"en-US\",\"@id\":\"https:\\\/\\\/secure.gravatar.com\\\/avatar\\\/eac43faa6e40bb2c41068c95c9d78bbd94c476d5efdff7abaab80bb3ea681e06?s=96&d=mm&r=g\",\"url\":\"https:\\\/\\\/secure.gravatar.com\\\/avatar\\\/eac43faa6e40bb2c41068c95c9d78bbd94c476d5efdff7abaab80bb3ea681e06?s=96&d=mm&r=g\",\"contentUrl\":\"https:\\\/\\\/secure.gravatar.com\\\/avatar\\\/eac43faa6e40bb2c41068c95c9d78bbd94c476d5efdff7abaab80bb3ea681e06?s=96&d=mm&r=g\",\"caption\":\"stefanie Zeng\"},\"url\":\"https:\\\/\\\/news.save.ch\\\/en\\\/author\\\/stefanie-zeng\\\/\"}]}<\/script>\n<!-- \/ Yoast SEO plugin. -->","yoast_head_json":{"title":"Revision of the Intelligence Service Act: Federal Council strengthens early detection and defense against threats - Save","description":"The Federal Council refers the NDG revision to Parliament and strengthens early detection, counter-terrorism, extremism, espionage and cyber-attacks as well as the supervision of the FIS.","robots":{"index":"index","follow":"follow","max-snippet":"max-snippet:-1","max-image-preview":"max-image-preview:large","max-video-preview":"max-video-preview:-1"},"canonical":"https:\/\/news.save.ch\/en\/revision-des-nachrichtendienstgesetzes-bundesrat-staerkt-frueherkennung-und-abwehr-von-bedrohungen\/","og_locale":"en_US","og_type":"article","og_title":"Revision des Nachrichtendienstgesetzes: Bundesrat st\u00e4rkt Fr\u00fcherkennung und Abwehr von Bedrohungen - Save","og_description":"Der Bundesrat \u00fcberweist die NDG-Revision ans Parlament und st\u00e4rkt Fr\u00fcherkennung, Abwehr von Terrorismus, Extremismus, Spionage und Cyberangriffen sowie die Aufsicht \u00fcber den NDB.","og_url":"https:\/\/news.save.ch\/en\/revision-des-nachrichtendienstgesetzes-bundesrat-staerkt-frueherkennung-und-abwehr-von-bedrohungen\/","og_site_name":"Save","article_published_time":"2026-02-11T08:22:07+00:00","og_image":[{"width":1000,"height":714,"url":"https:\/\/news.save.ch\/wp-content\/uploads\/2026\/02\/Depositphotos_682792782_S.jpg","type":"image\/jpeg"}],"author":"stefanie Zeng","twitter_card":"summary_large_image","twitter_misc":{"Written by":"stefanie Zeng","Est. reading time":"4 minutes"},"schema":{"@context":"https:\/\/schema.org","@graph":[{"@type":"Article","@id":"https:\/\/news.save.ch\/revision-des-nachrichtendienstgesetzes-bundesrat-staerkt-frueherkennung-und-abwehr-von-bedrohungen\/#article","isPartOf":{"@id":"https:\/\/news.save.ch\/revision-des-nachrichtendienstgesetzes-bundesrat-staerkt-frueherkennung-und-abwehr-von-bedrohungen\/"},"author":{"name":"stefanie Zeng","@id":"https:\/\/news.save.ch\/de\/#\/schema\/person\/10917387362b3961e882740f6cf6f2a2"},"headline":"Revision des Nachrichtendienstgesetzes: Bundesrat st\u00e4rkt Fr\u00fcherkennung und Abwehr von Bedrohungen","datePublished":"2026-02-11T08:22:07+00:00","mainEntityOfPage":{"@id":"https:\/\/news.save.ch\/revision-des-nachrichtendienstgesetzes-bundesrat-staerkt-frueherkennung-und-abwehr-von-bedrohungen\/"},"wordCount":696,"publisher":{"@id":"https:\/\/news.save.ch\/de\/#organization"},"image":{"@id":"https:\/\/news.save.ch\/revision-des-nachrichtendienstgesetzes-bundesrat-staerkt-frueherkennung-und-abwehr-von-bedrohungen\/#primaryimage"},"thumbnailUrl":"https:\/\/news.save.ch\/wp-content\/uploads\/2026\/02\/Depositphotos_682792782_S-680x486.jpg","keywords":["Bundesrat","Nachrichtendienstgesetz"],"articleSection":["ALLGEMEIN","SICHERHEIT"],"inLanguage":"en-US"},{"@type":"WebPage","@id":"https:\/\/news.save.ch\/revision-des-nachrichtendienstgesetzes-bundesrat-staerkt-frueherkennung-und-abwehr-von-bedrohungen\/","url":"https:\/\/news.save.ch\/revision-des-nachrichtendienstgesetzes-bundesrat-staerkt-frueherkennung-und-abwehr-von-bedrohungen\/","name":"Revision of the Intelligence Service Act: Federal Council strengthens early detection and defense against threats - Save","isPartOf":{"@id":"https:\/\/news.save.ch\/de\/#website"},"primaryImageOfPage":{"@id":"https:\/\/news.save.ch\/revision-des-nachrichtendienstgesetzes-bundesrat-staerkt-frueherkennung-und-abwehr-von-bedrohungen\/#primaryimage"},"image":{"@id":"https:\/\/news.save.ch\/revision-des-nachrichtendienstgesetzes-bundesrat-staerkt-frueherkennung-und-abwehr-von-bedrohungen\/#primaryimage"},"thumbnailUrl":"https:\/\/news.save.ch\/wp-content\/uploads\/2026\/02\/Depositphotos_682792782_S-680x486.jpg","datePublished":"2026-02-11T08:22:07+00:00","description":"The Federal Council refers the NDG revision to Parliament and strengthens early detection, counter-terrorism, extremism, espionage and cyber-attacks as well as the supervision of the FIS.","breadcrumb":{"@id":"https:\/\/news.save.ch\/revision-des-nachrichtendienstgesetzes-bundesrat-staerkt-frueherkennung-und-abwehr-von-bedrohungen\/#breadcrumb"},"inLanguage":"en-US","potentialAction":[{"@type":"ReadAction","target":["https:\/\/news.save.ch\/revision-des-nachrichtendienstgesetzes-bundesrat-staerkt-frueherkennung-und-abwehr-von-bedrohungen\/"]}]},{"@type":"ImageObject","inLanguage":"en-US","@id":"https:\/\/news.save.ch\/revision-des-nachrichtendienstgesetzes-bundesrat-staerkt-frueherkennung-und-abwehr-von-bedrohungen\/#primaryimage","url":"https:\/\/news.save.ch\/wp-content\/uploads\/2026\/02\/Depositphotos_682792782_S-680x486.jpg","contentUrl":"https:\/\/news.save.ch\/wp-content\/uploads\/2026\/02\/Depositphotos_682792782_S-680x486.jpg"},{"@type":"BreadcrumbList","@id":"https:\/\/news.save.ch\/revision-des-nachrichtendienstgesetzes-bundesrat-staerkt-frueherkennung-und-abwehr-von-bedrohungen\/#breadcrumb","itemListElement":[{"@type":"ListItem","position":1,"name":"Home","item":"https:\/\/news.save.ch\/de\/"},{"@type":"ListItem","position":2,"name":"Revision des Nachrichtendienstgesetzes: Bundesrat st\u00e4rkt Fr\u00fcherkennung und Abwehr von Bedrohungen"}]},{"@type":"WebSite","@id":"https:\/\/news.save.ch\/de\/#website","url":"https:\/\/news.save.ch\/de\/","name":"Save","description":"Swiss trade journal for safety","publisher":{"@id":"https:\/\/news.save.ch\/de\/#organization"},"potentialAction":[{"@type":"SearchAction","target":{"@type":"EntryPoint","urlTemplate":"https:\/\/news.save.ch\/de\/?s={search_term_string}"},"query-input":{"@type":"PropertyValueSpecification","valueRequired":true,"valueName":"search_term_string"}}],"inLanguage":"en-US"},{"@type":"Organization","@id":"https:\/\/news.save.ch\/de\/#organization","name":"Security Forum","url":"https:\/\/news.save.ch\/de\/","logo":{"@type":"ImageObject","inLanguage":"en-US","@id":"https:\/\/news.save.ch\/de\/#\/schema\/logo\/image\/","url":"https:\/\/news.save.ch\/wp-content\/uploads\/2022\/06\/Logo_SF_2012.png","contentUrl":"https:\/\/news.save.ch\/wp-content\/uploads\/2022\/06\/Logo_SF_2012.png","width":1100,"height":91,"caption":"Sicherheitsforum"},"image":{"@id":"https:\/\/news.save.ch\/de\/#\/schema\/logo\/image\/"}},{"@type":"Person","@id":"https:\/\/news.save.ch\/de\/#\/schema\/person\/10917387362b3961e882740f6cf6f2a2","name":"Stefanie Zeng","image":{"@type":"ImageObject","inLanguage":"en-US","@id":"https:\/\/secure.gravatar.com\/avatar\/eac43faa6e40bb2c41068c95c9d78bbd94c476d5efdff7abaab80bb3ea681e06?s=96&d=mm&r=g","url":"https:\/\/secure.gravatar.com\/avatar\/eac43faa6e40bb2c41068c95c9d78bbd94c476d5efdff7abaab80bb3ea681e06?s=96&d=mm&r=g","contentUrl":"https:\/\/secure.gravatar.com\/avatar\/eac43faa6e40bb2c41068c95c9d78bbd94c476d5efdff7abaab80bb3ea681e06?s=96&d=mm&r=g","caption":"stefanie Zeng"},"url":"https:\/\/news.save.ch\/en\/author\/stefanie-zeng\/"}]}},"_links":{"self":[{"href":"https:\/\/news.save.ch\/en\/wp-json\/wp\/v2\/posts\/24958","targetHints":{"allow":["GET"]}}],"collection":[{"href":"https:\/\/news.save.ch\/en\/wp-json\/wp\/v2\/posts"}],"about":[{"href":"https:\/\/news.save.ch\/en\/wp-json\/wp\/v2\/types\/post"}],"author":[{"embeddable":true,"href":"https:\/\/news.save.ch\/en\/wp-json\/wp\/v2\/users\/31"}],"replies":[{"embeddable":true,"href":"https:\/\/news.save.ch\/en\/wp-json\/wp\/v2\/comments?post=24958"}],"version-history":[{"count":1,"href":"https:\/\/news.save.ch\/en\/wp-json\/wp\/v2\/posts\/24958\/revisions"}],"predecessor-version":[{"id":24960,"href":"https:\/\/news.save.ch\/en\/wp-json\/wp\/v2\/posts\/24958\/revisions\/24960"}],"wp:attachment":[{"href":"https:\/\/news.save.ch\/en\/wp-json\/wp\/v2\/media?parent=24958"}],"wp:term":[{"taxonomy":"category","embeddable":true,"href":"https:\/\/news.save.ch\/en\/wp-json\/wp\/v2\/categories?post=24958"},{"taxonomy":"post_tag","embeddable":true,"href":"https:\/\/news.save.ch\/en\/wp-json\/wp\/v2\/tags?post=24958"}],"curies":[{"name":"wp","href":"https:\/\/api.w.org\/{rel}","templated":true}]}}