{"id":24977,"date":"2026-02-17T12:23:38","date_gmt":"2026-02-17T11:23:38","guid":{"rendered":"https:\/\/news.save.ch\/?p=24977"},"modified":"2026-02-17T12:23:38","modified_gmt":"2026-02-17T11:23:38","slug":"babs-lanciert-digitales-tool-fuer-notfallplaene-zum-schutz-von-kulturguetern","status":null,"type":"post","link":"https:\/\/news.save.ch\/en\/babs-lanciert-digitales-tool-fuer-notfallplaene-zum-schutz-von-kulturguetern\/","title":{"rendered":"FOCP launches digital tool for emergency plans to protect cultural assets"},"content":{"rendered":"<figure id=\"attachment_24978\" aria-describedby=\"caption-attachment-24978\" style=\"width: 680px\" class=\"wp-caption alignnone\"><img loading=\"lazy\" decoding=\"async\" class=\"wp-image-24978 size-medium\" src=\"https:\/\/news.save.ch\/wp-content\/uploads\/2026\/02\/Depositphotos_333564912_S-680x383.jpg\" alt=\"\" width=\"680\" height=\"383\" srcset=\"https:\/\/news.save.ch\/wp-content\/uploads\/2026\/02\/Depositphotos_333564912_S-680x383.jpg 680w, https:\/\/news.save.ch\/wp-content\/uploads\/2026\/02\/Depositphotos_333564912_S-768x432.jpg 768w, https:\/\/news.save.ch\/wp-content\/uploads\/2026\/02\/Depositphotos_333564912_S-18x10.jpg 18w, https:\/\/news.save.ch\/wp-content\/uploads\/2026\/02\/Depositphotos_333564912_S-375x211.jpg 375w, https:\/\/news.save.ch\/wp-content\/uploads\/2026\/02\/Depositphotos_333564912_S-622x350.jpg 622w, https:\/\/news.save.ch\/wp-content\/uploads\/2026\/02\/Depositphotos_333564912_S.jpg 1000w\" sizes=\"auto, (max-width: 680px) 100vw, 680px\" \/><figcaption id=\"caption-attachment-24978\" class=\"wp-caption-text\">Museums, such as the Zentrum Paul Klee in Bern, contain many works of art worthy of protection. Photo: MaykovNikita<\/figcaption><\/figure>\n<p data-start=\"182\" data-end=\"770\">The Federal Office for Civil Protection (FOCP) has published a new digital template for emergency plans. The aim is to help museums, archives, libraries, parishes and other institutions to better protect cultural assets in the event of a crisis. Cultural assets are not only of artistic and historical value, but also create identity - and can be just as threatened in emergencies as critical infrastructure, for example by water or fire damage. Cultural heritage is also frequently targeted in armed conflicts.<\/p>\n<h3 data-start=\"182\" data-end=\"770\">Responsibilities defined<\/h3>\n<p data-start=\"772\" data-end=\"1303\">In particular, an emergency plan should regulate the procedure in the event of an evacuation. This includes setting priorities in advance: Which properties need to be secured or evacuated first in the event of an incident? In addition, roles and responsibilities of personnel are defined and important information is provided for emergency organizations such as the fire department or civil defence. The FOCP encourages all those responsible to draw up such an emergency plan and is now providing a standardized tool for this purpose.<\/p>\n<p data-start=\"1305\" data-end=\"1810\">The template was developed on behalf of the Federal Commission for the Protection of Cultural Property (EKKGS) together with a specialist working group. It has a modular structure and is available as a website. Each module contains an interactive PDF template, instructions, a completed example and additional assistance. The modules include a risk analysis, an alarm scheme, emergency contacts, the organization of a crisis team and locations and lists of priority objects.<\/p>\n<h3 data-start=\"1305\" data-end=\"1810\">Training courses planned<\/h3>\n<p data-start=\"1812\" data-end=\"2113\">Institutions can compile their emergency plan individually according to their needs, omitting or adding modules. The tool is deliberately designed to be simple so that it can be used without in-depth prior knowledge. The FOCP is also planning to offer training courses on its use over the course of the year.<\/p>\n<p data-start=\"2115\" data-end=\"2383\">At the same time, the Federal Office points out that an emergency plan alone is not enough: It must be regularly updated and, above all, practiced. Effective protection of cultural property requires well-trained specialists and close cooperation with the emergency services.<\/p>\n<p data-start=\"2115\" data-end=\"2383\"><em>Source: babs.admin.ch<\/em><\/p>","protected":false},"excerpt":{"rendered":"<p>Das Bundesamt f\u00fcr Bev\u00f6lkerungsschutz (BABS) hat eine neue digitale Vorlage f\u00fcr Notfallpl\u00e4ne ver\u00f6ffentlicht. Ziel ist es, Museen, Archive, Bibliotheken, Kirchgemeinden sowie weitere Institutionen dabei zu unterst\u00fctzen, Kulturg\u00fcter im Krisenfall besser zu sch\u00fctzen. Kulturg\u00fcter seien nicht nur von k\u00fcnstlerischem und historischem Wert, sondern auch identit\u00e4tsstiftend \u2013 und k\u00f6nnten in Notlagen ebenso bedroht werden wie kritische Infrastrukturen, [&hellip;]<\/p>\n","protected":false},"author":31,"featured_media":24978,"comment_status":"closed","ping_status":"closed","sticky":false,"template":"","format":"standard","meta":{"_acf_changed":false,"pgc_sgb_lightbox_settings":"","footnotes":""},"categories":[3315,3312],"tags":[],"class_list":["post-24977","post","type-post","status-publish","format-standard","has-post-thumbnail","hentry","category-infrastruktur","category-sicherheit"],"acf":[],"hkrextid":null,"publication":null,"issue":null,"workflow":null,"startPage":null,"spitzmarke":null,"_posts_by_tag_page_fields":null,"_at_widget":null,"_yoast_wpseo_primary_category":"3312","_yoast_wpseo_focuskw_text_input":null,"_yoast_wpseo_opengraph-image":null,"_yoast_wpseo_opengraph-description":null,"_yoast_wpseo_opengraph-title":null,"enclosure":null,"_yoast_wpseo_twitter-title":null,"_yoast_wpseo_twitter-description":null,"_yoast_wpseo_twitter-image":null,"_wp_old_slug":null,"_yoast_wpseo_title":null,"_yoast_wpseo_canonical":null,"yoast_head":"<!-- This site is optimized with the Yoast SEO plugin v27.5 - https:\/\/yoast.com\/product\/yoast-seo-wordpress\/ -->\n<title>BABS lanciert digitales Tool f\u00fcr Notfallpl\u00e4ne zum Schutz von Kulturg\u00fctern - Save<\/title>\n<meta name=\"description\" content=\"Das BABS ver\u00f6ffentlicht ein neues digitales Tool, mit dem Institutionen Notfallpl\u00e4ne f\u00fcr den Schutz von Kulturg\u00fctern erstellen k\u00f6nnen.\" \/>\n<meta name=\"robots\" content=\"index, follow, max-snippet:-1, max-image-preview:large, max-video-preview:-1\" \/>\n<link rel=\"canonical\" href=\"https:\/\/news.save.ch\/en\/babs-lanciert-digitales-tool-fuer-notfallplaene-zum-schutz-von-kulturguetern\/\" \/>\n<meta property=\"og:locale\" content=\"en_US\" \/>\n<meta property=\"og:type\" content=\"article\" \/>\n<meta property=\"og:title\" content=\"BABS lanciert digitales Tool f\u00fcr Notfallpl\u00e4ne zum Schutz von Kulturg\u00fctern - Save\" \/>\n<meta property=\"og:description\" content=\"Das BABS ver\u00f6ffentlicht ein neues digitales Tool, mit dem Institutionen Notfallpl\u00e4ne f\u00fcr den Schutz von Kulturg\u00fctern erstellen k\u00f6nnen.\" \/>\n<meta property=\"og:url\" content=\"https:\/\/news.save.ch\/en\/babs-lanciert-digitales-tool-fuer-notfallplaene-zum-schutz-von-kulturguetern\/\" \/>\n<meta property=\"og:site_name\" content=\"Save\" \/>\n<meta property=\"article:published_time\" content=\"2026-02-17T11:23:38+00:00\" \/>\n<meta property=\"og:image\" content=\"https:\/\/news.save.ch\/wp-content\/uploads\/2026\/02\/Depositphotos_333564912_S.jpg\" \/>\n\t<meta property=\"og:image:width\" content=\"1000\" \/>\n\t<meta property=\"og:image:height\" content=\"563\" \/>\n\t<meta property=\"og:image:type\" content=\"image\/jpeg\" \/>\n<meta name=\"author\" content=\"stefanie Zeng\" \/>\n<meta name=\"twitter:card\" content=\"summary_large_image\" \/>\n<meta name=\"twitter:label1\" content=\"Written by\" \/>\n\t<meta name=\"twitter:data1\" content=\"stefanie Zeng\" \/>\n\t<meta name=\"twitter:label2\" content=\"Est. reading time\" \/>\n\t<meta name=\"twitter:data2\" content=\"3 minutes\" \/>\n<script type=\"application\/ld+json\" class=\"yoast-schema-graph\">{\"@context\":\"https:\\\/\\\/schema.org\",\"@graph\":[{\"@type\":\"Article\",\"@id\":\"https:\\\/\\\/news.save.ch\\\/babs-lanciert-digitales-tool-fuer-notfallplaene-zum-schutz-von-kulturguetern\\\/#article\",\"isPartOf\":{\"@id\":\"https:\\\/\\\/news.save.ch\\\/babs-lanciert-digitales-tool-fuer-notfallplaene-zum-schutz-von-kulturguetern\\\/\"},\"author\":{\"name\":\"stefanie Zeng\",\"@id\":\"https:\\\/\\\/news.save.ch\\\/de\\\/#\\\/schema\\\/person\\\/10917387362b3961e882740f6cf6f2a2\"},\"headline\":\"BABS lanciert digitales Tool f\u00fcr Notfallpl\u00e4ne zum Schutz von Kulturg\u00fctern\",\"datePublished\":\"2026-02-17T11:23:38+00:00\",\"mainEntityOfPage\":{\"@id\":\"https:\\\/\\\/news.save.ch\\\/babs-lanciert-digitales-tool-fuer-notfallplaene-zum-schutz-von-kulturguetern\\\/\"},\"wordCount\":352,\"publisher\":{\"@id\":\"https:\\\/\\\/news.save.ch\\\/de\\\/#organization\"},\"image\":{\"@id\":\"https:\\\/\\\/news.save.ch\\\/babs-lanciert-digitales-tool-fuer-notfallplaene-zum-schutz-von-kulturguetern\\\/#primaryimage\"},\"thumbnailUrl\":\"https:\\\/\\\/news.save.ch\\\/wp-content\\\/uploads\\\/2026\\\/02\\\/Depositphotos_333564912_S.jpg\",\"articleSection\":[\"INFRASTRUKTUREN\",\"SICHERHEIT\"],\"inLanguage\":\"en-US\"},{\"@type\":\"WebPage\",\"@id\":\"https:\\\/\\\/news.save.ch\\\/babs-lanciert-digitales-tool-fuer-notfallplaene-zum-schutz-von-kulturguetern\\\/\",\"url\":\"https:\\\/\\\/news.save.ch\\\/babs-lanciert-digitales-tool-fuer-notfallplaene-zum-schutz-von-kulturguetern\\\/\",\"name\":\"BABS lanciert digitales Tool f\u00fcr Notfallpl\u00e4ne zum Schutz von Kulturg\u00fctern - Save\",\"isPartOf\":{\"@id\":\"https:\\\/\\\/news.save.ch\\\/de\\\/#website\"},\"primaryImageOfPage\":{\"@id\":\"https:\\\/\\\/news.save.ch\\\/babs-lanciert-digitales-tool-fuer-notfallplaene-zum-schutz-von-kulturguetern\\\/#primaryimage\"},\"image\":{\"@id\":\"https:\\\/\\\/news.save.ch\\\/babs-lanciert-digitales-tool-fuer-notfallplaene-zum-schutz-von-kulturguetern\\\/#primaryimage\"},\"thumbnailUrl\":\"https:\\\/\\\/news.save.ch\\\/wp-content\\\/uploads\\\/2026\\\/02\\\/Depositphotos_333564912_S.jpg\",\"datePublished\":\"2026-02-17T11:23:38+00:00\",\"description\":\"Das BABS ver\u00f6ffentlicht ein neues digitales Tool, mit dem Institutionen Notfallpl\u00e4ne f\u00fcr den Schutz von Kulturg\u00fctern erstellen k\u00f6nnen.\",\"breadcrumb\":{\"@id\":\"https:\\\/\\\/news.save.ch\\\/babs-lanciert-digitales-tool-fuer-notfallplaene-zum-schutz-von-kulturguetern\\\/#breadcrumb\"},\"inLanguage\":\"en-US\",\"potentialAction\":[{\"@type\":\"ReadAction\",\"target\":[\"https:\\\/\\\/news.save.ch\\\/babs-lanciert-digitales-tool-fuer-notfallplaene-zum-schutz-von-kulturguetern\\\/\"]}]},{\"@type\":\"ImageObject\",\"inLanguage\":\"en-US\",\"@id\":\"https:\\\/\\\/news.save.ch\\\/babs-lanciert-digitales-tool-fuer-notfallplaene-zum-schutz-von-kulturguetern\\\/#primaryimage\",\"url\":\"https:\\\/\\\/news.save.ch\\\/wp-content\\\/uploads\\\/2026\\\/02\\\/Depositphotos_333564912_S.jpg\",\"contentUrl\":\"https:\\\/\\\/news.save.ch\\\/wp-content\\\/uploads\\\/2026\\\/02\\\/Depositphotos_333564912_S.jpg\",\"width\":1000,\"height\":563,\"caption\":\"Foto: MaykovNikita\"},{\"@type\":\"BreadcrumbList\",\"@id\":\"https:\\\/\\\/news.save.ch\\\/babs-lanciert-digitales-tool-fuer-notfallplaene-zum-schutz-von-kulturguetern\\\/#breadcrumb\",\"itemListElement\":[{\"@type\":\"ListItem\",\"position\":1,\"name\":\"Home\",\"item\":\"https:\\\/\\\/news.save.ch\\\/de\\\/\"},{\"@type\":\"ListItem\",\"position\":2,\"name\":\"BABS lanciert digitales Tool f\u00fcr Notfallpl\u00e4ne zum Schutz von Kulturg\u00fctern\"}]},{\"@type\":\"WebSite\",\"@id\":\"https:\\\/\\\/news.save.ch\\\/de\\\/#website\",\"url\":\"https:\\\/\\\/news.save.ch\\\/de\\\/\",\"name\":\"Save\",\"description\":\"Schweizer Fachzeitschrift f\u00fcr Sicherheit\",\"publisher\":{\"@id\":\"https:\\\/\\\/news.save.ch\\\/de\\\/#organization\"},\"potentialAction\":[{\"@type\":\"SearchAction\",\"target\":{\"@type\":\"EntryPoint\",\"urlTemplate\":\"https:\\\/\\\/news.save.ch\\\/de\\\/?s={search_term_string}\"},\"query-input\":{\"@type\":\"PropertyValueSpecification\",\"valueRequired\":true,\"valueName\":\"search_term_string\"}}],\"inLanguage\":\"en-US\"},{\"@type\":\"Organization\",\"@id\":\"https:\\\/\\\/news.save.ch\\\/de\\\/#organization\",\"name\":\"Sicherheitsforum\",\"url\":\"https:\\\/\\\/news.save.ch\\\/de\\\/\",\"logo\":{\"@type\":\"ImageObject\",\"inLanguage\":\"en-US\",\"@id\":\"https:\\\/\\\/news.save.ch\\\/de\\\/#\\\/schema\\\/logo\\\/image\\\/\",\"url\":\"https:\\\/\\\/news.save.ch\\\/wp-content\\\/uploads\\\/2022\\\/06\\\/Logo_SF_2012.png\",\"contentUrl\":\"https:\\\/\\\/news.save.ch\\\/wp-content\\\/uploads\\\/2022\\\/06\\\/Logo_SF_2012.png\",\"width\":1100,\"height\":91,\"caption\":\"Sicherheitsforum\"},\"image\":{\"@id\":\"https:\\\/\\\/news.save.ch\\\/de\\\/#\\\/schema\\\/logo\\\/image\\\/\"}},{\"@type\":\"Person\",\"@id\":\"https:\\\/\\\/news.save.ch\\\/de\\\/#\\\/schema\\\/person\\\/10917387362b3961e882740f6cf6f2a2\",\"name\":\"stefanie Zeng\",\"image\":{\"@type\":\"ImageObject\",\"inLanguage\":\"en-US\",\"@id\":\"https:\\\/\\\/secure.gravatar.com\\\/avatar\\\/eac43faa6e40bb2c41068c95c9d78bbd94c476d5efdff7abaab80bb3ea681e06?s=96&d=mm&r=g\",\"url\":\"https:\\\/\\\/secure.gravatar.com\\\/avatar\\\/eac43faa6e40bb2c41068c95c9d78bbd94c476d5efdff7abaab80bb3ea681e06?s=96&d=mm&r=g\",\"contentUrl\":\"https:\\\/\\\/secure.gravatar.com\\\/avatar\\\/eac43faa6e40bb2c41068c95c9d78bbd94c476d5efdff7abaab80bb3ea681e06?s=96&d=mm&r=g\",\"caption\":\"stefanie Zeng\"},\"url\":\"https:\\\/\\\/news.save.ch\\\/en\\\/author\\\/stefanie-zeng\\\/\"}]}<\/script>\n<!-- \/ Yoast SEO plugin. -->","yoast_head_json":{"title":"FOCP launches digital tool for emergency plans to protect cultural assets - Save","description":"The FOCP is publishing a new digital tool that institutions can use to draw up emergency plans for the protection of cultural assets.","robots":{"index":"index","follow":"follow","max-snippet":"max-snippet:-1","max-image-preview":"max-image-preview:large","max-video-preview":"max-video-preview:-1"},"canonical":"https:\/\/news.save.ch\/en\/babs-lanciert-digitales-tool-fuer-notfallplaene-zum-schutz-von-kulturguetern\/","og_locale":"en_US","og_type":"article","og_title":"BABS lanciert digitales Tool f\u00fcr Notfallpl\u00e4ne zum Schutz von Kulturg\u00fctern - Save","og_description":"Das BABS ver\u00f6ffentlicht ein neues digitales Tool, mit dem Institutionen Notfallpl\u00e4ne f\u00fcr den Schutz von Kulturg\u00fctern erstellen k\u00f6nnen.","og_url":"https:\/\/news.save.ch\/en\/babs-lanciert-digitales-tool-fuer-notfallplaene-zum-schutz-von-kulturguetern\/","og_site_name":"Save","article_published_time":"2026-02-17T11:23:38+00:00","og_image":[{"width":1000,"height":563,"url":"https:\/\/news.save.ch\/wp-content\/uploads\/2026\/02\/Depositphotos_333564912_S.jpg","type":"image\/jpeg"}],"author":"stefanie Zeng","twitter_card":"summary_large_image","twitter_misc":{"Written by":"stefanie Zeng","Est. reading time":"3 minutes"},"schema":{"@context":"https:\/\/schema.org","@graph":[{"@type":"Article","@id":"https:\/\/news.save.ch\/babs-lanciert-digitales-tool-fuer-notfallplaene-zum-schutz-von-kulturguetern\/#article","isPartOf":{"@id":"https:\/\/news.save.ch\/babs-lanciert-digitales-tool-fuer-notfallplaene-zum-schutz-von-kulturguetern\/"},"author":{"name":"stefanie Zeng","@id":"https:\/\/news.save.ch\/de\/#\/schema\/person\/10917387362b3961e882740f6cf6f2a2"},"headline":"BABS lanciert digitales Tool f\u00fcr Notfallpl\u00e4ne zum Schutz von Kulturg\u00fctern","datePublished":"2026-02-17T11:23:38+00:00","mainEntityOfPage":{"@id":"https:\/\/news.save.ch\/babs-lanciert-digitales-tool-fuer-notfallplaene-zum-schutz-von-kulturguetern\/"},"wordCount":352,"publisher":{"@id":"https:\/\/news.save.ch\/de\/#organization"},"image":{"@id":"https:\/\/news.save.ch\/babs-lanciert-digitales-tool-fuer-notfallplaene-zum-schutz-von-kulturguetern\/#primaryimage"},"thumbnailUrl":"https:\/\/news.save.ch\/wp-content\/uploads\/2026\/02\/Depositphotos_333564912_S.jpg","articleSection":["INFRASTRUKTUREN","SICHERHEIT"],"inLanguage":"en-US"},{"@type":"WebPage","@id":"https:\/\/news.save.ch\/babs-lanciert-digitales-tool-fuer-notfallplaene-zum-schutz-von-kulturguetern\/","url":"https:\/\/news.save.ch\/babs-lanciert-digitales-tool-fuer-notfallplaene-zum-schutz-von-kulturguetern\/","name":"FOCP launches digital tool for emergency plans to protect cultural assets - Save","isPartOf":{"@id":"https:\/\/news.save.ch\/de\/#website"},"primaryImageOfPage":{"@id":"https:\/\/news.save.ch\/babs-lanciert-digitales-tool-fuer-notfallplaene-zum-schutz-von-kulturguetern\/#primaryimage"},"image":{"@id":"https:\/\/news.save.ch\/babs-lanciert-digitales-tool-fuer-notfallplaene-zum-schutz-von-kulturguetern\/#primaryimage"},"thumbnailUrl":"https:\/\/news.save.ch\/wp-content\/uploads\/2026\/02\/Depositphotos_333564912_S.jpg","datePublished":"2026-02-17T11:23:38+00:00","description":"The FOCP is publishing a new digital tool that institutions can use to draw up emergency plans for the protection of cultural assets.","breadcrumb":{"@id":"https:\/\/news.save.ch\/babs-lanciert-digitales-tool-fuer-notfallplaene-zum-schutz-von-kulturguetern\/#breadcrumb"},"inLanguage":"en-US","potentialAction":[{"@type":"ReadAction","target":["https:\/\/news.save.ch\/babs-lanciert-digitales-tool-fuer-notfallplaene-zum-schutz-von-kulturguetern\/"]}]},{"@type":"ImageObject","inLanguage":"en-US","@id":"https:\/\/news.save.ch\/babs-lanciert-digitales-tool-fuer-notfallplaene-zum-schutz-von-kulturguetern\/#primaryimage","url":"https:\/\/news.save.ch\/wp-content\/uploads\/2026\/02\/Depositphotos_333564912_S.jpg","contentUrl":"https:\/\/news.save.ch\/wp-content\/uploads\/2026\/02\/Depositphotos_333564912_S.jpg","width":1000,"height":563,"caption":"Foto: MaykovNikita"},{"@type":"BreadcrumbList","@id":"https:\/\/news.save.ch\/babs-lanciert-digitales-tool-fuer-notfallplaene-zum-schutz-von-kulturguetern\/#breadcrumb","itemListElement":[{"@type":"ListItem","position":1,"name":"Home","item":"https:\/\/news.save.ch\/de\/"},{"@type":"ListItem","position":2,"name":"BABS lanciert digitales Tool f\u00fcr Notfallpl\u00e4ne zum Schutz von Kulturg\u00fctern"}]},{"@type":"WebSite","@id":"https:\/\/news.save.ch\/de\/#website","url":"https:\/\/news.save.ch\/de\/","name":"Save","description":"Swiss trade journal for safety","publisher":{"@id":"https:\/\/news.save.ch\/de\/#organization"},"potentialAction":[{"@type":"SearchAction","target":{"@type":"EntryPoint","urlTemplate":"https:\/\/news.save.ch\/de\/?s={search_term_string}"},"query-input":{"@type":"PropertyValueSpecification","valueRequired":true,"valueName":"search_term_string"}}],"inLanguage":"en-US"},{"@type":"Organization","@id":"https:\/\/news.save.ch\/de\/#organization","name":"Security Forum","url":"https:\/\/news.save.ch\/de\/","logo":{"@type":"ImageObject","inLanguage":"en-US","@id":"https:\/\/news.save.ch\/de\/#\/schema\/logo\/image\/","url":"https:\/\/news.save.ch\/wp-content\/uploads\/2022\/06\/Logo_SF_2012.png","contentUrl":"https:\/\/news.save.ch\/wp-content\/uploads\/2022\/06\/Logo_SF_2012.png","width":1100,"height":91,"caption":"Sicherheitsforum"},"image":{"@id":"https:\/\/news.save.ch\/de\/#\/schema\/logo\/image\/"}},{"@type":"Person","@id":"https:\/\/news.save.ch\/de\/#\/schema\/person\/10917387362b3961e882740f6cf6f2a2","name":"Stefanie Zeng","image":{"@type":"ImageObject","inLanguage":"en-US","@id":"https:\/\/secure.gravatar.com\/avatar\/eac43faa6e40bb2c41068c95c9d78bbd94c476d5efdff7abaab80bb3ea681e06?s=96&d=mm&r=g","url":"https:\/\/secure.gravatar.com\/avatar\/eac43faa6e40bb2c41068c95c9d78bbd94c476d5efdff7abaab80bb3ea681e06?s=96&d=mm&r=g","contentUrl":"https:\/\/secure.gravatar.com\/avatar\/eac43faa6e40bb2c41068c95c9d78bbd94c476d5efdff7abaab80bb3ea681e06?s=96&d=mm&r=g","caption":"stefanie Zeng"},"url":"https:\/\/news.save.ch\/en\/author\/stefanie-zeng\/"}]}},"_links":{"self":[{"href":"https:\/\/news.save.ch\/en\/wp-json\/wp\/v2\/posts\/24977","targetHints":{"allow":["GET"]}}],"collection":[{"href":"https:\/\/news.save.ch\/en\/wp-json\/wp\/v2\/posts"}],"about":[{"href":"https:\/\/news.save.ch\/en\/wp-json\/wp\/v2\/types\/post"}],"author":[{"embeddable":true,"href":"https:\/\/news.save.ch\/en\/wp-json\/wp\/v2\/users\/31"}],"replies":[{"embeddable":true,"href":"https:\/\/news.save.ch\/en\/wp-json\/wp\/v2\/comments?post=24977"}],"version-history":[{"count":2,"href":"https:\/\/news.save.ch\/en\/wp-json\/wp\/v2\/posts\/24977\/revisions"}],"predecessor-version":[{"id":24980,"href":"https:\/\/news.save.ch\/en\/wp-json\/wp\/v2\/posts\/24977\/revisions\/24980"}],"wp:featuredmedia":[{"embeddable":true,"href":"https:\/\/news.save.ch\/en\/wp-json\/wp\/v2\/media\/24978"}],"wp:attachment":[{"href":"https:\/\/news.save.ch\/en\/wp-json\/wp\/v2\/media?parent=24977"}],"wp:term":[{"taxonomy":"category","embeddable":true,"href":"https:\/\/news.save.ch\/en\/wp-json\/wp\/v2\/categories?post=24977"},{"taxonomy":"post_tag","embeddable":true,"href":"https:\/\/news.save.ch\/en\/wp-json\/wp\/v2\/tags?post=24977"}],"curies":[{"name":"wp","href":"https:\/\/api.w.org\/{rel}","templated":true}]}}