{"id":25008,"date":"2026-03-02T11:50:21","date_gmt":"2026-03-02T10:50:21","guid":{"rendered":"https:\/\/news.save.ch\/?p=25008"},"modified":"2026-03-04T11:29:27","modified_gmt":"2026-03-04T10:29:27","slug":"bevoelkerungsschutz-pandemie-und-strommangellage-sind-die-groessten-risiken","status":null,"type":"post","link":"https:\/\/news.save.ch\/en\/bevoelkerungsschutz-pandemie-und-strommangellage-sind-die-groessten-risiken\/","title":{"rendered":"Civil protection: pandemic and power shortages are the biggest risks"},"content":{"rendered":"<figure id=\"attachment_25009\" aria-describedby=\"caption-attachment-25009\" style=\"width: 680px\" class=\"wp-caption alignnone\"><img loading=\"lazy\" decoding=\"async\" class=\"size-medium wp-image-25009\" src=\"https:\/\/news.save.ch\/wp-content\/uploads\/2026\/03\/Depositphotos_328488324_S-680x509.jpg\" alt=\"\" width=\"680\" height=\"509\" srcset=\"https:\/\/news.save.ch\/wp-content\/uploads\/2026\/03\/Depositphotos_328488324_S-680x509.jpg 680w, https:\/\/news.save.ch\/wp-content\/uploads\/2026\/03\/Depositphotos_328488324_S-768x575.jpg 768w, https:\/\/news.save.ch\/wp-content\/uploads\/2026\/03\/Depositphotos_328488324_S-16x12.jpg 16w, https:\/\/news.save.ch\/wp-content\/uploads\/2026\/03\/Depositphotos_328488324_S-375x281.jpg 375w, https:\/\/news.save.ch\/wp-content\/uploads\/2026\/03\/Depositphotos_328488324_S-467x350.jpg 467w, https:\/\/news.save.ch\/wp-content\/uploads\/2026\/03\/Depositphotos_328488324_S.jpg 1000w\" sizes=\"auto, (max-width: 680px) 100vw, 680px\" \/><figcaption id=\"caption-attachment-25009\" class=\"wp-caption-text\">Electricity shortages are considered a major risk for Switzerland (depositphotos\/oiramm)<\/figcaption><\/figure>\n<p data-start=\"219\" data-end=\"523\">The national risk analysis \u00abDisasters and Emergencies Switzerland\u00bb (KNS) 2025 identifies a prolonged power shortage and a pandemic as the two greatest risks for Switzerland. Both scenarios have a high potential for damage and a relatively high probability of occurrence.<\/p>\n<p data-start=\"525\" data-end=\"999\">The probability of a pandemic occurring is estimated to be higher than in the 2020 analysis. The main reasons for this are ongoing globalization, increased human-animal contact and risks arising from climate change. The extent of damage is also estimated to be higher, as the current scenario assumes a novel, unknown pathogen. As a result, the development of a vaccine would take longer and mutations would be more likely.<\/p>\n<p data-start=\"1001\" data-end=\"1223\">In the power shortage scenario, however, the extent of damage was estimated to be lower. Thanks to new contingency measures, the risk of uncontrolled power outages and cyclical grid shutdowns was reduced.<\/p>\n<p data-start=\"1225\" data-end=\"1710\">Armed conflict remains the threat with the greatest extent of damage. It would cause a high number of fatalities, considerable economic losses and extensive damage to buildings and infrastructure. It is also the only threat examined that could have a negative impact on Switzerland's territorial integrity. The expected disruption to the supply of numerous goods and services would be particularly serious.<\/p>\n<p data-start=\"1712\" data-end=\"2028\">Based on Article 8 of the Federal Act on Civil Protection and Civil Defense (CPA), the Federal Office for Civil Protection (FOCP) published its first comprehensive national risk analysis in spring 2013 with twelve hazards in the area of disasters and emergencies. The last analysis was published in 2020.<\/p>\n<p data-start=\"2030\" data-end=\"2368\">With KNS, the FOCP provides a strategic tool that enables a comprehensive view of the current risk landscape. The analysis systematically classifies the risks, assesses their potential impact and thus creates a reliable basis for planning, prevention and preparedness at all levels of government.<\/p>\n<h3 data-section-id=\"1x74dwf\" data-start=\"2370\" data-end=\"2432\">The most important key data for the national risk analysis 2025<\/h3>\n<p data-start=\"2434\" data-end=\"2699\">Under the direction of the FOCP, 265 experts were involved in the development, validation and evaluation of the scenarios. They came from federal agencies, cantons and communes as well as from industry - in particular from operators of critical infrastructure - and academia.<\/p>\n<p data-start=\"2701\" data-end=\"3087\">A total of 44 hazards relevant to population protection were systematically examined in terms of their potential extent of damage and their probability of occurrence in order to determine the respective risk. The spectrum ranges from natural hazards such as earthquakes to technical hazards such as a nuclear power plant accident and social hazards such as an armed conflict.<\/p>\n<p data-start=\"3089\" data-end=\"3296\">The inclusion of numerous experts from various fields means that the results are broadly based. In addition, a comparison was made with Switzerland's security policy strategy.<\/p>\n<h3 data-section-id=\"g8o2ev\" data-start=\"3298\" data-end=\"3349\">Working tool for politics, federal government and cantons<\/h3>\n<p data-start=\"3351\" data-end=\"3556\">The national risk analysis is updated every five years by the FOCP. It forms a central basis for the systematic planning of measures to prepare for disasters and emergencies.<\/p>\n<p data-start=\"3558\" data-end=\"3901\">A common understanding of risk across administrative and specialist areas facilitates coordination between strategic planning, operational preparation and political decision-making. KNS 2025 supports the partner organizations in prioritizing risks, targeting precautionary measures and planning joint exercises.<\/p>\n<p data-start=\"3903\" data-end=\"4193\">Cantons and municipalities receive guidance for their own hazard analyses and action planning. Emergency organizations use the results for training and preparation, while operators of critical infrastructures use them to strengthen their resilience to various risks.<\/p>\n<h3 data-section-id=\"1fghnfm\" data-start=\"4195\" data-end=\"4217\">Documents available<\/h3>\n<p data-start=\"4219\" data-end=\"4514\">The risk report \u00abReport on the national risk analysis - disasters and emergencies in Switzerland 2025\u00bb is accompanied by a risk brochure, a methodology report, a collection of all 44 hazard dossiers and, for the first time, interactive risk matrices on the FOCP website (<a class=\"decorated-link\" href=\"http:\/\/www.risk-ch.ch\" target=\"_new\" rel=\"noopener\" data-start=\"4487\" data-end=\"4501\">www.risk-ch.ch<\/a>). The risk report, the risk brochure and the methodology report are also available in printed form from the FOCP.<\/p>\n<p data-start=\"4219\" data-end=\"4514\"><em>Source: FOCP<\/em><\/p>\n<p data-start=\"4219\" data-end=\"4514\">","protected":false},"excerpt":{"rendered":"<p>Die nationale Risikoanalyse \u00abKatastrophen und Notlagen Schweiz\u00bb (KNS) 2025 identifiziert eine langandauernde Strommangellage und eine Pandemie als die zwei gr\u00f6ssten Risiken f\u00fcr die Schweiz. Beide Szenarien weisen ein hohes Schadenspotenzial und haben gleichzeitig eine relativ hohe Eintrittswahrscheinlichkeit. Die Eintrittswahrscheinlichkeit einer Pandemie wird im Vergleich zur Analyse von 2020 h\u00f6her eingesch\u00e4tzt. Gr\u00fcnde daf\u00fcr sind insbesondere die [&hellip;]<\/p>\n","protected":false},"author":31,"featured_media":0,"comment_status":"closed","ping_status":"closed","sticky":false,"template":"","format":"standard","meta":{"_acf_changed":false,"pgc_sgb_lightbox_settings":"","footnotes":""},"categories":[3315,3312],"tags":[6658,6657,6468,689,554],"class_list":["post-25008","post","type-post","status-publish","format-standard","hentry","category-infrastruktur","category-sicherheit","tag-katastrophen-und-notlagen-schweiz-2025","tag-kns","tag-kritis","tag-pandemie","tag-strommangellage"],"acf":[],"hkrextid":null,"publication":null,"issue":null,"workflow":null,"startPage":null,"spitzmarke":null,"_posts_by_tag_page_fields":null,"_at_widget":null,"_yoast_wpseo_primary_category":"3315","_yoast_wpseo_focuskw_text_input":null,"_yoast_wpseo_opengraph-image":null,"_yoast_wpseo_opengraph-description":null,"_yoast_wpseo_opengraph-title":null,"enclosure":null,"_yoast_wpseo_twitter-title":null,"_yoast_wpseo_twitter-description":null,"_yoast_wpseo_twitter-image":null,"_wp_old_slug":null,"_yoast_wpseo_title":null,"_yoast_wpseo_canonical":null,"yoast_head":"<!-- This site is optimized with the Yoast SEO plugin v27.5 - https:\/\/yoast.com\/product\/yoast-seo-wordpress\/ -->\n<title>Bev\u00f6lkerungsschutz: Pandemie und Strommangellage sind die gr\u00f6ssten Risiken - Save<\/title>\n<meta name=\"description\" content=\"Das BABS hat in der nationalen Analyse \u00abKatastrophen und Notlagen Schweiz\u00bb (KNS) Pandemie und Strommangellage als gr\u00f6sste Risiken f\u00fcr die Schweiz identifiziert.\" \/>\n<meta name=\"robots\" content=\"index, follow, max-snippet:-1, max-image-preview:large, max-video-preview:-1\" \/>\n<link rel=\"canonical\" href=\"https:\/\/news.save.ch\/en\/bevoelkerungsschutz-pandemie-und-strommangellage-sind-die-groessten-risiken\/\" \/>\n<meta property=\"og:locale\" content=\"en_US\" \/>\n<meta property=\"og:type\" content=\"article\" \/>\n<meta property=\"og:title\" content=\"Bev\u00f6lkerungsschutz: Pandemie und Strommangellage sind die gr\u00f6ssten Risiken - Save\" \/>\n<meta property=\"og:description\" content=\"Das BABS hat in der nationalen Analyse \u00abKatastrophen und Notlagen Schweiz\u00bb (KNS) Pandemie und Strommangellage als gr\u00f6sste Risiken f\u00fcr die Schweiz identifiziert.\" \/>\n<meta property=\"og:url\" content=\"https:\/\/news.save.ch\/en\/bevoelkerungsschutz-pandemie-und-strommangellage-sind-die-groessten-risiken\/\" \/>\n<meta property=\"og:site_name\" content=\"Save\" \/>\n<meta property=\"article:published_time\" content=\"2026-03-02T10:50:21+00:00\" \/>\n<meta property=\"article:modified_time\" content=\"2026-03-04T10:29:27+00:00\" \/>\n<meta property=\"og:image\" content=\"https:\/\/news.save.ch\/wp-content\/uploads\/2026\/03\/Depositphotos_328488324_S.jpg\" \/>\n\t<meta property=\"og:image:width\" content=\"1000\" \/>\n\t<meta property=\"og:image:height\" content=\"749\" \/>\n\t<meta property=\"og:image:type\" content=\"image\/jpeg\" \/>\n<meta name=\"author\" content=\"stefanie Zeng\" \/>\n<meta name=\"twitter:card\" content=\"summary_large_image\" \/>\n<meta name=\"twitter:label1\" content=\"Written by\" \/>\n\t<meta name=\"twitter:data1\" content=\"stefanie Zeng\" \/>\n\t<meta name=\"twitter:label2\" content=\"Est. reading time\" \/>\n\t<meta name=\"twitter:data2\" content=\"4 minutes\" \/>\n<script type=\"application\/ld+json\" class=\"yoast-schema-graph\">{\"@context\":\"https:\\\/\\\/schema.org\",\"@graph\":[{\"@type\":\"Article\",\"@id\":\"https:\\\/\\\/news.save.ch\\\/bevoelkerungsschutz-pandemie-und-strommangellage-sind-die-groessten-risiken\\\/#article\",\"isPartOf\":{\"@id\":\"https:\\\/\\\/news.save.ch\\\/bevoelkerungsschutz-pandemie-und-strommangellage-sind-die-groessten-risiken\\\/\"},\"author\":{\"name\":\"stefanie Zeng\",\"@id\":\"https:\\\/\\\/news.save.ch\\\/de\\\/#\\\/schema\\\/person\\\/10917387362b3961e882740f6cf6f2a2\"},\"headline\":\"Bev\u00f6lkerungsschutz: Pandemie und Strommangellage sind die gr\u00f6ssten Risiken\",\"datePublished\":\"2026-03-02T10:50:21+00:00\",\"dateModified\":\"2026-03-04T10:29:27+00:00\",\"mainEntityOfPage\":{\"@id\":\"https:\\\/\\\/news.save.ch\\\/bevoelkerungsschutz-pandemie-und-strommangellage-sind-die-groessten-risiken\\\/\"},\"wordCount\":601,\"publisher\":{\"@id\":\"https:\\\/\\\/news.save.ch\\\/de\\\/#organization\"},\"image\":{\"@id\":\"https:\\\/\\\/news.save.ch\\\/bevoelkerungsschutz-pandemie-und-strommangellage-sind-die-groessten-risiken\\\/#primaryimage\"},\"thumbnailUrl\":\"https:\\\/\\\/news.save.ch\\\/wp-content\\\/uploads\\\/2026\\\/03\\\/Depositphotos_328488324_S-680x509.jpg\",\"keywords\":[\"Katastrophen und Notlagen Schweiz 2025\",\"KNS\",\"KRITIS\",\"Pandemie\",\"Strommangellage\"],\"articleSection\":[\"INFRASTRUKTUREN\",\"SICHERHEIT\"],\"inLanguage\":\"en-US\"},{\"@type\":\"WebPage\",\"@id\":\"https:\\\/\\\/news.save.ch\\\/bevoelkerungsschutz-pandemie-und-strommangellage-sind-die-groessten-risiken\\\/\",\"url\":\"https:\\\/\\\/news.save.ch\\\/bevoelkerungsschutz-pandemie-und-strommangellage-sind-die-groessten-risiken\\\/\",\"name\":\"Bev\u00f6lkerungsschutz: Pandemie und Strommangellage sind die gr\u00f6ssten Risiken - Save\",\"isPartOf\":{\"@id\":\"https:\\\/\\\/news.save.ch\\\/de\\\/#website\"},\"primaryImageOfPage\":{\"@id\":\"https:\\\/\\\/news.save.ch\\\/bevoelkerungsschutz-pandemie-und-strommangellage-sind-die-groessten-risiken\\\/#primaryimage\"},\"image\":{\"@id\":\"https:\\\/\\\/news.save.ch\\\/bevoelkerungsschutz-pandemie-und-strommangellage-sind-die-groessten-risiken\\\/#primaryimage\"},\"thumbnailUrl\":\"https:\\\/\\\/news.save.ch\\\/wp-content\\\/uploads\\\/2026\\\/03\\\/Depositphotos_328488324_S-680x509.jpg\",\"datePublished\":\"2026-03-02T10:50:21+00:00\",\"dateModified\":\"2026-03-04T10:29:27+00:00\",\"description\":\"Das BABS hat in der nationalen Analyse \u00abKatastrophen und Notlagen Schweiz\u00bb (KNS) Pandemie und Strommangellage als gr\u00f6sste Risiken f\u00fcr die Schweiz identifiziert.\",\"breadcrumb\":{\"@id\":\"https:\\\/\\\/news.save.ch\\\/bevoelkerungsschutz-pandemie-und-strommangellage-sind-die-groessten-risiken\\\/#breadcrumb\"},\"inLanguage\":\"en-US\",\"potentialAction\":[{\"@type\":\"ReadAction\",\"target\":[\"https:\\\/\\\/news.save.ch\\\/bevoelkerungsschutz-pandemie-und-strommangellage-sind-die-groessten-risiken\\\/\"]}]},{\"@type\":\"ImageObject\",\"inLanguage\":\"en-US\",\"@id\":\"https:\\\/\\\/news.save.ch\\\/bevoelkerungsschutz-pandemie-und-strommangellage-sind-die-groessten-risiken\\\/#primaryimage\",\"url\":\"https:\\\/\\\/news.save.ch\\\/wp-content\\\/uploads\\\/2026\\\/03\\\/Depositphotos_328488324_S-680x509.jpg\",\"contentUrl\":\"https:\\\/\\\/news.save.ch\\\/wp-content\\\/uploads\\\/2026\\\/03\\\/Depositphotos_328488324_S-680x509.jpg\"},{\"@type\":\"BreadcrumbList\",\"@id\":\"https:\\\/\\\/news.save.ch\\\/bevoelkerungsschutz-pandemie-und-strommangellage-sind-die-groessten-risiken\\\/#breadcrumb\",\"itemListElement\":[{\"@type\":\"ListItem\",\"position\":1,\"name\":\"Home\",\"item\":\"https:\\\/\\\/news.save.ch\\\/de\\\/\"},{\"@type\":\"ListItem\",\"position\":2,\"name\":\"Bev\u00f6lkerungsschutz: Pandemie und Strommangellage sind die gr\u00f6ssten Risiken\"}]},{\"@type\":\"WebSite\",\"@id\":\"https:\\\/\\\/news.save.ch\\\/de\\\/#website\",\"url\":\"https:\\\/\\\/news.save.ch\\\/de\\\/\",\"name\":\"Save\",\"description\":\"Schweizer Fachzeitschrift f\u00fcr Sicherheit\",\"publisher\":{\"@id\":\"https:\\\/\\\/news.save.ch\\\/de\\\/#organization\"},\"potentialAction\":[{\"@type\":\"SearchAction\",\"target\":{\"@type\":\"EntryPoint\",\"urlTemplate\":\"https:\\\/\\\/news.save.ch\\\/de\\\/?s={search_term_string}\"},\"query-input\":{\"@type\":\"PropertyValueSpecification\",\"valueRequired\":true,\"valueName\":\"search_term_string\"}}],\"inLanguage\":\"en-US\"},{\"@type\":\"Organization\",\"@id\":\"https:\\\/\\\/news.save.ch\\\/de\\\/#organization\",\"name\":\"Sicherheitsforum\",\"url\":\"https:\\\/\\\/news.save.ch\\\/de\\\/\",\"logo\":{\"@type\":\"ImageObject\",\"inLanguage\":\"en-US\",\"@id\":\"https:\\\/\\\/news.save.ch\\\/de\\\/#\\\/schema\\\/logo\\\/image\\\/\",\"url\":\"https:\\\/\\\/news.save.ch\\\/wp-content\\\/uploads\\\/2022\\\/06\\\/Logo_SF_2012.png\",\"contentUrl\":\"https:\\\/\\\/news.save.ch\\\/wp-content\\\/uploads\\\/2022\\\/06\\\/Logo_SF_2012.png\",\"width\":1100,\"height\":91,\"caption\":\"Sicherheitsforum\"},\"image\":{\"@id\":\"https:\\\/\\\/news.save.ch\\\/de\\\/#\\\/schema\\\/logo\\\/image\\\/\"}},{\"@type\":\"Person\",\"@id\":\"https:\\\/\\\/news.save.ch\\\/de\\\/#\\\/schema\\\/person\\\/10917387362b3961e882740f6cf6f2a2\",\"name\":\"stefanie Zeng\",\"image\":{\"@type\":\"ImageObject\",\"inLanguage\":\"en-US\",\"@id\":\"https:\\\/\\\/secure.gravatar.com\\\/avatar\\\/eac43faa6e40bb2c41068c95c9d78bbd94c476d5efdff7abaab80bb3ea681e06?s=96&d=mm&r=g\",\"url\":\"https:\\\/\\\/secure.gravatar.com\\\/avatar\\\/eac43faa6e40bb2c41068c95c9d78bbd94c476d5efdff7abaab80bb3ea681e06?s=96&d=mm&r=g\",\"contentUrl\":\"https:\\\/\\\/secure.gravatar.com\\\/avatar\\\/eac43faa6e40bb2c41068c95c9d78bbd94c476d5efdff7abaab80bb3ea681e06?s=96&d=mm&r=g\",\"caption\":\"stefanie Zeng\"},\"url\":\"https:\\\/\\\/news.save.ch\\\/en\\\/author\\\/stefanie-zeng\\\/\"}]}<\/script>\n<!-- \/ Yoast SEO plugin. -->","yoast_head_json":{"title":"Civil protection: pandemic and power shortages are the biggest risks - Save","description":"In its national analysis \u00abDisasters and Emergencies in Switzerland\u00bb (KNS), the FOCP identified the pandemic and power shortages as the greatest risks for Switzerland.","robots":{"index":"index","follow":"follow","max-snippet":"max-snippet:-1","max-image-preview":"max-image-preview:large","max-video-preview":"max-video-preview:-1"},"canonical":"https:\/\/news.save.ch\/en\/bevoelkerungsschutz-pandemie-und-strommangellage-sind-die-groessten-risiken\/","og_locale":"en_US","og_type":"article","og_title":"Bev\u00f6lkerungsschutz: Pandemie und Strommangellage sind die gr\u00f6ssten Risiken - Save","og_description":"Das BABS hat in der nationalen Analyse \u00abKatastrophen und Notlagen Schweiz\u00bb (KNS) Pandemie und Strommangellage als gr\u00f6sste Risiken f\u00fcr die Schweiz identifiziert.","og_url":"https:\/\/news.save.ch\/en\/bevoelkerungsschutz-pandemie-und-strommangellage-sind-die-groessten-risiken\/","og_site_name":"Save","article_published_time":"2026-03-02T10:50:21+00:00","article_modified_time":"2026-03-04T10:29:27+00:00","og_image":[{"width":1000,"height":749,"url":"https:\/\/news.save.ch\/wp-content\/uploads\/2026\/03\/Depositphotos_328488324_S.jpg","type":"image\/jpeg"}],"author":"stefanie Zeng","twitter_card":"summary_large_image","twitter_misc":{"Written by":"stefanie Zeng","Est. reading time":"4 minutes"},"schema":{"@context":"https:\/\/schema.org","@graph":[{"@type":"Article","@id":"https:\/\/news.save.ch\/bevoelkerungsschutz-pandemie-und-strommangellage-sind-die-groessten-risiken\/#article","isPartOf":{"@id":"https:\/\/news.save.ch\/bevoelkerungsschutz-pandemie-und-strommangellage-sind-die-groessten-risiken\/"},"author":{"name":"stefanie Zeng","@id":"https:\/\/news.save.ch\/de\/#\/schema\/person\/10917387362b3961e882740f6cf6f2a2"},"headline":"Bev\u00f6lkerungsschutz: Pandemie und Strommangellage sind die gr\u00f6ssten Risiken","datePublished":"2026-03-02T10:50:21+00:00","dateModified":"2026-03-04T10:29:27+00:00","mainEntityOfPage":{"@id":"https:\/\/news.save.ch\/bevoelkerungsschutz-pandemie-und-strommangellage-sind-die-groessten-risiken\/"},"wordCount":601,"publisher":{"@id":"https:\/\/news.save.ch\/de\/#organization"},"image":{"@id":"https:\/\/news.save.ch\/bevoelkerungsschutz-pandemie-und-strommangellage-sind-die-groessten-risiken\/#primaryimage"},"thumbnailUrl":"https:\/\/news.save.ch\/wp-content\/uploads\/2026\/03\/Depositphotos_328488324_S-680x509.jpg","keywords":["Katastrophen und Notlagen Schweiz 2025","KNS","KRITIS","Pandemie","Strommangellage"],"articleSection":["INFRASTRUKTUREN","SICHERHEIT"],"inLanguage":"en-US"},{"@type":"WebPage","@id":"https:\/\/news.save.ch\/bevoelkerungsschutz-pandemie-und-strommangellage-sind-die-groessten-risiken\/","url":"https:\/\/news.save.ch\/bevoelkerungsschutz-pandemie-und-strommangellage-sind-die-groessten-risiken\/","name":"Civil protection: pandemic and power shortages are the biggest risks - Save","isPartOf":{"@id":"https:\/\/news.save.ch\/de\/#website"},"primaryImageOfPage":{"@id":"https:\/\/news.save.ch\/bevoelkerungsschutz-pandemie-und-strommangellage-sind-die-groessten-risiken\/#primaryimage"},"image":{"@id":"https:\/\/news.save.ch\/bevoelkerungsschutz-pandemie-und-strommangellage-sind-die-groessten-risiken\/#primaryimage"},"thumbnailUrl":"https:\/\/news.save.ch\/wp-content\/uploads\/2026\/03\/Depositphotos_328488324_S-680x509.jpg","datePublished":"2026-03-02T10:50:21+00:00","dateModified":"2026-03-04T10:29:27+00:00","description":"In its national analysis \u00abDisasters and Emergencies in Switzerland\u00bb (KNS), the FOCP identified the pandemic and power shortages as the greatest risks for Switzerland.","breadcrumb":{"@id":"https:\/\/news.save.ch\/bevoelkerungsschutz-pandemie-und-strommangellage-sind-die-groessten-risiken\/#breadcrumb"},"inLanguage":"en-US","potentialAction":[{"@type":"ReadAction","target":["https:\/\/news.save.ch\/bevoelkerungsschutz-pandemie-und-strommangellage-sind-die-groessten-risiken\/"]}]},{"@type":"ImageObject","inLanguage":"en-US","@id":"https:\/\/news.save.ch\/bevoelkerungsschutz-pandemie-und-strommangellage-sind-die-groessten-risiken\/#primaryimage","url":"https:\/\/news.save.ch\/wp-content\/uploads\/2026\/03\/Depositphotos_328488324_S-680x509.jpg","contentUrl":"https:\/\/news.save.ch\/wp-content\/uploads\/2026\/03\/Depositphotos_328488324_S-680x509.jpg"},{"@type":"BreadcrumbList","@id":"https:\/\/news.save.ch\/bevoelkerungsschutz-pandemie-und-strommangellage-sind-die-groessten-risiken\/#breadcrumb","itemListElement":[{"@type":"ListItem","position":1,"name":"Home","item":"https:\/\/news.save.ch\/de\/"},{"@type":"ListItem","position":2,"name":"Bev\u00f6lkerungsschutz: Pandemie und Strommangellage sind die gr\u00f6ssten Risiken"}]},{"@type":"WebSite","@id":"https:\/\/news.save.ch\/de\/#website","url":"https:\/\/news.save.ch\/de\/","name":"Save","description":"Swiss trade journal for safety","publisher":{"@id":"https:\/\/news.save.ch\/de\/#organization"},"potentialAction":[{"@type":"SearchAction","target":{"@type":"EntryPoint","urlTemplate":"https:\/\/news.save.ch\/de\/?s={search_term_string}"},"query-input":{"@type":"PropertyValueSpecification","valueRequired":true,"valueName":"search_term_string"}}],"inLanguage":"en-US"},{"@type":"Organization","@id":"https:\/\/news.save.ch\/de\/#organization","name":"Security Forum","url":"https:\/\/news.save.ch\/de\/","logo":{"@type":"ImageObject","inLanguage":"en-US","@id":"https:\/\/news.save.ch\/de\/#\/schema\/logo\/image\/","url":"https:\/\/news.save.ch\/wp-content\/uploads\/2022\/06\/Logo_SF_2012.png","contentUrl":"https:\/\/news.save.ch\/wp-content\/uploads\/2022\/06\/Logo_SF_2012.png","width":1100,"height":91,"caption":"Sicherheitsforum"},"image":{"@id":"https:\/\/news.save.ch\/de\/#\/schema\/logo\/image\/"}},{"@type":"Person","@id":"https:\/\/news.save.ch\/de\/#\/schema\/person\/10917387362b3961e882740f6cf6f2a2","name":"Stefanie Zeng","image":{"@type":"ImageObject","inLanguage":"en-US","@id":"https:\/\/secure.gravatar.com\/avatar\/eac43faa6e40bb2c41068c95c9d78bbd94c476d5efdff7abaab80bb3ea681e06?s=96&d=mm&r=g","url":"https:\/\/secure.gravatar.com\/avatar\/eac43faa6e40bb2c41068c95c9d78bbd94c476d5efdff7abaab80bb3ea681e06?s=96&d=mm&r=g","contentUrl":"https:\/\/secure.gravatar.com\/avatar\/eac43faa6e40bb2c41068c95c9d78bbd94c476d5efdff7abaab80bb3ea681e06?s=96&d=mm&r=g","caption":"stefanie Zeng"},"url":"https:\/\/news.save.ch\/en\/author\/stefanie-zeng\/"}]}},"_links":{"self":[{"href":"https:\/\/news.save.ch\/en\/wp-json\/wp\/v2\/posts\/25008","targetHints":{"allow":["GET"]}}],"collection":[{"href":"https:\/\/news.save.ch\/en\/wp-json\/wp\/v2\/posts"}],"about":[{"href":"https:\/\/news.save.ch\/en\/wp-json\/wp\/v2\/types\/post"}],"author":[{"embeddable":true,"href":"https:\/\/news.save.ch\/en\/wp-json\/wp\/v2\/users\/31"}],"replies":[{"embeddable":true,"href":"https:\/\/news.save.ch\/en\/wp-json\/wp\/v2\/comments?post=25008"}],"version-history":[{"count":3,"href":"https:\/\/news.save.ch\/en\/wp-json\/wp\/v2\/posts\/25008\/revisions"}],"predecessor-version":[{"id":25023,"href":"https:\/\/news.save.ch\/en\/wp-json\/wp\/v2\/posts\/25008\/revisions\/25023"}],"wp:attachment":[{"href":"https:\/\/news.save.ch\/en\/wp-json\/wp\/v2\/media?parent=25008"}],"wp:term":[{"taxonomy":"category","embeddable":true,"href":"https:\/\/news.save.ch\/en\/wp-json\/wp\/v2\/categories?post=25008"},{"taxonomy":"post_tag","embeddable":true,"href":"https:\/\/news.save.ch\/en\/wp-json\/wp\/v2\/tags?post=25008"}],"curies":[{"name":"wp","href":"https:\/\/api.w.org\/{rel}","templated":true}]}}