{"id":25011,"date":"2026-03-03T09:19:21","date_gmt":"2026-03-03T08:19:21","guid":{"rendered":"https:\/\/news.save.ch\/?p=25011"},"modified":"2026-03-03T09:19:21","modified_gmt":"2026-03-03T08:19:21","slug":"uebung-mit-lastwagen-beim-kernkraftwerk-beznau","status":null,"type":"post","link":"https:\/\/news.save.ch\/en\/uebung-mit-lastwagen-beim-kernkraftwerk-beznau\/","title":{"rendered":"Exercise with trucks at the Beznau nuclear power plant"},"content":{"rendered":"<figure id=\"attachment_25012\" aria-describedby=\"caption-attachment-25012\" style=\"width: 680px\" class=\"wp-caption alignnone\"><img loading=\"lazy\" decoding=\"async\" class=\"size-medium wp-image-25012\" src=\"https:\/\/news.save.ch\/wp-content\/uploads\/2026\/03\/Axpo-Kernkraftwerk_Beznau_2021-680x425.jpg\" alt=\"\" width=\"680\" height=\"425\" srcset=\"https:\/\/news.save.ch\/wp-content\/uploads\/2026\/03\/Axpo-Kernkraftwerk_Beznau_2021-680x425.jpg 680w, https:\/\/news.save.ch\/wp-content\/uploads\/2026\/03\/Axpo-Kernkraftwerk_Beznau_2021-1024x640.jpg 1024w, https:\/\/news.save.ch\/wp-content\/uploads\/2026\/03\/Axpo-Kernkraftwerk_Beznau_2021-768x480.jpg 768w, https:\/\/news.save.ch\/wp-content\/uploads\/2026\/03\/Axpo-Kernkraftwerk_Beznau_2021-1536x960.jpg 1536w, https:\/\/news.save.ch\/wp-content\/uploads\/2026\/03\/Axpo-Kernkraftwerk_Beznau_2021-2048x1280.jpg 2048w, https:\/\/news.save.ch\/wp-content\/uploads\/2026\/03\/Axpo-Kernkraftwerk_Beznau_2021-18x12.jpg 18w, https:\/\/news.save.ch\/wp-content\/uploads\/2026\/03\/Axpo-Kernkraftwerk_Beznau_2021-375x234.jpg 375w, https:\/\/news.save.ch\/wp-content\/uploads\/2026\/03\/Axpo-Kernkraftwerk_Beznau_2021-560x350.jpg 560w, https:\/\/news.save.ch\/wp-content\/uploads\/2026\/03\/Axpo-Kernkraftwerk_Beznau_2021-1000x625.jpg 1000w, https:\/\/news.save.ch\/wp-content\/uploads\/2026\/03\/Axpo-Kernkraftwerk_Beznau_2021-scaled.jpg 1200w\" sizes=\"auto, (max-width: 680px) 100vw, 680px\" \/><figcaption id=\"caption-attachment-25012\" class=\"wp-caption-text\">Photo: JoachimKohler-HB - Own work, CC BY-SA 4.0<\/figcaption><\/figure>\n<p id=\"doc-1jgf0155u0\" class=\"font--regular\">In an emergency, the transportation of radiation protection material, generators, pumps or fuel could be used to supplement the emergency material already available on the Beznau nuclear power plant site. This additional material for emergency protection is stored jointly by all Swiss nuclear power plant operators in Reitnau and transported to the nuclear power plants by army truck or helicopter as part of regular exercises.<\/p>\n<p id=\"doc-1jif810g70\" class=\"font--regular\">On March 3, 2026, army trucks bring various loads to the Beznau nuclear power plant as part of an exercise. There, they will be placed at predefined deployment points on the plant site for training purposes. Similar exercises are carried out regularly with all operating nuclear power plants in Switzerland.<\/p>\n<p id=\"doc-1jif810g90\" class=\"font--regular\">This exercise serves as a supplementary exercise in preparation for the full-scale emergency exercise that will take place again this fall. Full-scale emergency exercises are carried out every two years under the direction of the Federal Office for Civil Protection (FOCP) and review the emergency response throughout Switzerland in the event of an assumed serious incident at a nuclear power plant, including cooperation between the federal government, cantons, operators, the army and other partners.<\/p>\n<p><em>Source: FOCP<\/em><\/p>","protected":false},"excerpt":{"rendered":"<p>Mit dem Transport von Strahlenschutzmaterial, Generatoren, Pumpen oder Treibstoff k\u00f6nnte in einem Notfall das bereits auf dem Werksgel\u00e4nde des KKW Beznau vorhandene Einsatzmaterial erg\u00e4nzt werden. Dieses zus\u00e4tzliche Material f\u00fcr den Notfallschutz wird von allen schweizerischen Kernkraftwerksbetreibern gemeinsam in Reitnau gelagert und im Rahmen von regelm\u00e4ssigen \u00dcbungen per Lastwagen oder Helikopter der Armee zu den Kernkraftwerken [&hellip;]<\/p>\n","protected":false},"author":31,"featured_media":0,"comment_status":"closed","ping_status":"closed","sticky":false,"template":"","format":"standard","meta":{"_acf_changed":false,"pgc_sgb_lightbox_settings":"","footnotes":""},"categories":[3315,3312],"tags":[6659,601,1405],"class_list":["post-25011","post","type-post","status-publish","format-standard","hentry","category-infrastruktur","category-sicherheit","tag-beznau","tag-kernkraftwerk","tag-notfalluebung"],"acf":[],"hkrextid":null,"publication":null,"issue":null,"workflow":null,"startPage":null,"spitzmarke":null,"_posts_by_tag_page_fields":null,"_at_widget":null,"_yoast_wpseo_primary_category":"3312","_yoast_wpseo_focuskw_text_input":null,"_yoast_wpseo_opengraph-image":null,"_yoast_wpseo_opengraph-description":null,"_yoast_wpseo_opengraph-title":null,"enclosure":null,"_yoast_wpseo_twitter-title":null,"_yoast_wpseo_twitter-description":null,"_yoast_wpseo_twitter-image":null,"_wp_old_slug":null,"_yoast_wpseo_title":null,"_yoast_wpseo_canonical":null,"yoast_head":"<!-- This site is optimized with the Yoast SEO plugin v27.5 - https:\/\/yoast.com\/product\/yoast-seo-wordpress\/ -->\n<title>\u00dcbung mit Lastwagen beim Kernkraftwerk Beznau - Save<\/title>\n<meta name=\"description\" content=\"Heute \u00fcben Einsatzkr\u00e4fte des Bundes, der Armee und des Kernkraftwerks Beznau (AG) den Transport von Notfallmaterial.\" \/>\n<meta name=\"robots\" content=\"index, follow, max-snippet:-1, max-image-preview:large, max-video-preview:-1\" \/>\n<link rel=\"canonical\" href=\"https:\/\/news.save.ch\/en\/uebung-mit-lastwagen-beim-kernkraftwerk-beznau\/\" \/>\n<meta property=\"og:locale\" content=\"en_US\" \/>\n<meta property=\"og:type\" content=\"article\" \/>\n<meta property=\"og:title\" content=\"\u00dcbung mit Lastwagen beim Kernkraftwerk Beznau - Save\" \/>\n<meta property=\"og:description\" content=\"Heute \u00fcben Einsatzkr\u00e4fte des Bundes, der Armee und des Kernkraftwerks Beznau (AG) den Transport von Notfallmaterial.\" \/>\n<meta property=\"og:url\" content=\"https:\/\/news.save.ch\/en\/uebung-mit-lastwagen-beim-kernkraftwerk-beznau\/\" \/>\n<meta property=\"og:site_name\" content=\"Save\" \/>\n<meta property=\"article:published_time\" content=\"2026-03-03T08:19:21+00:00\" \/>\n<meta property=\"og:image\" content=\"https:\/\/news.save.ch\/wp-content\/uploads\/2026\/03\/Axpo-Kernkraftwerk_Beznau_2021-scaled.jpg\" \/>\n\t<meta property=\"og:image:width\" content=\"1200\" \/>\n\t<meta property=\"og:image:height\" content=\"750\" \/>\n\t<meta property=\"og:image:type\" content=\"image\/jpeg\" \/>\n<meta name=\"author\" content=\"stefanie Zeng\" \/>\n<meta name=\"twitter:card\" content=\"summary_large_image\" \/>\n<meta name=\"twitter:label1\" content=\"Written by\" \/>\n\t<meta name=\"twitter:data1\" content=\"stefanie Zeng\" \/>\n\t<meta name=\"twitter:label2\" content=\"Est. reading time\" \/>\n\t<meta name=\"twitter:data2\" content=\"2 minutes\" \/>\n<script type=\"application\/ld+json\" class=\"yoast-schema-graph\">{\"@context\":\"https:\\\/\\\/schema.org\",\"@graph\":[{\"@type\":\"Article\",\"@id\":\"https:\\\/\\\/news.save.ch\\\/uebung-mit-lastwagen-beim-kernkraftwerk-beznau\\\/#article\",\"isPartOf\":{\"@id\":\"https:\\\/\\\/news.save.ch\\\/uebung-mit-lastwagen-beim-kernkraftwerk-beznau\\\/\"},\"author\":{\"name\":\"stefanie Zeng\",\"@id\":\"https:\\\/\\\/news.save.ch\\\/de\\\/#\\\/schema\\\/person\\\/10917387362b3961e882740f6cf6f2a2\"},\"headline\":\"\u00dcbung mit Lastwagen beim Kernkraftwerk Beznau\",\"datePublished\":\"2026-03-03T08:19:21+00:00\",\"mainEntityOfPage\":{\"@id\":\"https:\\\/\\\/news.save.ch\\\/uebung-mit-lastwagen-beim-kernkraftwerk-beznau\\\/\"},\"wordCount\":194,\"publisher\":{\"@id\":\"https:\\\/\\\/news.save.ch\\\/de\\\/#organization\"},\"image\":{\"@id\":\"https:\\\/\\\/news.save.ch\\\/uebung-mit-lastwagen-beim-kernkraftwerk-beznau\\\/#primaryimage\"},\"thumbnailUrl\":\"https:\\\/\\\/news.save.ch\\\/wp-content\\\/uploads\\\/2026\\\/03\\\/Axpo-Kernkraftwerk_Beznau_2021-680x425.jpg\",\"keywords\":[\"Beznau\",\"Kernkraftwerk\",\"Notfall\u00fcbung\"],\"articleSection\":[\"INFRASTRUKTUREN\",\"SICHERHEIT\"],\"inLanguage\":\"en-US\"},{\"@type\":\"WebPage\",\"@id\":\"https:\\\/\\\/news.save.ch\\\/uebung-mit-lastwagen-beim-kernkraftwerk-beznau\\\/\",\"url\":\"https:\\\/\\\/news.save.ch\\\/uebung-mit-lastwagen-beim-kernkraftwerk-beznau\\\/\",\"name\":\"\u00dcbung mit Lastwagen beim Kernkraftwerk Beznau - Save\",\"isPartOf\":{\"@id\":\"https:\\\/\\\/news.save.ch\\\/de\\\/#website\"},\"primaryImageOfPage\":{\"@id\":\"https:\\\/\\\/news.save.ch\\\/uebung-mit-lastwagen-beim-kernkraftwerk-beznau\\\/#primaryimage\"},\"image\":{\"@id\":\"https:\\\/\\\/news.save.ch\\\/uebung-mit-lastwagen-beim-kernkraftwerk-beznau\\\/#primaryimage\"},\"thumbnailUrl\":\"https:\\\/\\\/news.save.ch\\\/wp-content\\\/uploads\\\/2026\\\/03\\\/Axpo-Kernkraftwerk_Beznau_2021-680x425.jpg\",\"datePublished\":\"2026-03-03T08:19:21+00:00\",\"description\":\"Heute \u00fcben Einsatzkr\u00e4fte des Bundes, der Armee und des Kernkraftwerks Beznau (AG) den Transport von Notfallmaterial.\",\"breadcrumb\":{\"@id\":\"https:\\\/\\\/news.save.ch\\\/uebung-mit-lastwagen-beim-kernkraftwerk-beznau\\\/#breadcrumb\"},\"inLanguage\":\"en-US\",\"potentialAction\":[{\"@type\":\"ReadAction\",\"target\":[\"https:\\\/\\\/news.save.ch\\\/uebung-mit-lastwagen-beim-kernkraftwerk-beznau\\\/\"]}]},{\"@type\":\"ImageObject\",\"inLanguage\":\"en-US\",\"@id\":\"https:\\\/\\\/news.save.ch\\\/uebung-mit-lastwagen-beim-kernkraftwerk-beznau\\\/#primaryimage\",\"url\":\"https:\\\/\\\/news.save.ch\\\/wp-content\\\/uploads\\\/2026\\\/03\\\/Axpo-Kernkraftwerk_Beznau_2021-680x425.jpg\",\"contentUrl\":\"https:\\\/\\\/news.save.ch\\\/wp-content\\\/uploads\\\/2026\\\/03\\\/Axpo-Kernkraftwerk_Beznau_2021-680x425.jpg\"},{\"@type\":\"BreadcrumbList\",\"@id\":\"https:\\\/\\\/news.save.ch\\\/uebung-mit-lastwagen-beim-kernkraftwerk-beznau\\\/#breadcrumb\",\"itemListElement\":[{\"@type\":\"ListItem\",\"position\":1,\"name\":\"Home\",\"item\":\"https:\\\/\\\/news.save.ch\\\/de\\\/\"},{\"@type\":\"ListItem\",\"position\":2,\"name\":\"\u00dcbung mit Lastwagen beim Kernkraftwerk Beznau\"}]},{\"@type\":\"WebSite\",\"@id\":\"https:\\\/\\\/news.save.ch\\\/de\\\/#website\",\"url\":\"https:\\\/\\\/news.save.ch\\\/de\\\/\",\"name\":\"Save\",\"description\":\"Schweizer Fachzeitschrift f\u00fcr Sicherheit\",\"publisher\":{\"@id\":\"https:\\\/\\\/news.save.ch\\\/de\\\/#organization\"},\"potentialAction\":[{\"@type\":\"SearchAction\",\"target\":{\"@type\":\"EntryPoint\",\"urlTemplate\":\"https:\\\/\\\/news.save.ch\\\/de\\\/?s={search_term_string}\"},\"query-input\":{\"@type\":\"PropertyValueSpecification\",\"valueRequired\":true,\"valueName\":\"search_term_string\"}}],\"inLanguage\":\"en-US\"},{\"@type\":\"Organization\",\"@id\":\"https:\\\/\\\/news.save.ch\\\/de\\\/#organization\",\"name\":\"Sicherheitsforum\",\"url\":\"https:\\\/\\\/news.save.ch\\\/de\\\/\",\"logo\":{\"@type\":\"ImageObject\",\"inLanguage\":\"en-US\",\"@id\":\"https:\\\/\\\/news.save.ch\\\/de\\\/#\\\/schema\\\/logo\\\/image\\\/\",\"url\":\"https:\\\/\\\/news.save.ch\\\/wp-content\\\/uploads\\\/2022\\\/06\\\/Logo_SF_2012.png\",\"contentUrl\":\"https:\\\/\\\/news.save.ch\\\/wp-content\\\/uploads\\\/2022\\\/06\\\/Logo_SF_2012.png\",\"width\":1100,\"height\":91,\"caption\":\"Sicherheitsforum\"},\"image\":{\"@id\":\"https:\\\/\\\/news.save.ch\\\/de\\\/#\\\/schema\\\/logo\\\/image\\\/\"}},{\"@type\":\"Person\",\"@id\":\"https:\\\/\\\/news.save.ch\\\/de\\\/#\\\/schema\\\/person\\\/10917387362b3961e882740f6cf6f2a2\",\"name\":\"stefanie Zeng\",\"image\":{\"@type\":\"ImageObject\",\"inLanguage\":\"en-US\",\"@id\":\"https:\\\/\\\/secure.gravatar.com\\\/avatar\\\/eac43faa6e40bb2c41068c95c9d78bbd94c476d5efdff7abaab80bb3ea681e06?s=96&d=mm&r=g\",\"url\":\"https:\\\/\\\/secure.gravatar.com\\\/avatar\\\/eac43faa6e40bb2c41068c95c9d78bbd94c476d5efdff7abaab80bb3ea681e06?s=96&d=mm&r=g\",\"contentUrl\":\"https:\\\/\\\/secure.gravatar.com\\\/avatar\\\/eac43faa6e40bb2c41068c95c9d78bbd94c476d5efdff7abaab80bb3ea681e06?s=96&d=mm&r=g\",\"caption\":\"stefanie Zeng\"},\"url\":\"https:\\\/\\\/news.save.ch\\\/en\\\/author\\\/stefanie-zeng\\\/\"}]}<\/script>\n<!-- \/ Yoast SEO plugin. -->","yoast_head_json":{"title":"Exercise with trucks at Beznau nuclear power plant - Save","description":"Today, emergency personnel from the federal government, the army and the Beznau nuclear power plant (AG) are practising the transportation of emergency materials.","robots":{"index":"index","follow":"follow","max-snippet":"max-snippet:-1","max-image-preview":"max-image-preview:large","max-video-preview":"max-video-preview:-1"},"canonical":"https:\/\/news.save.ch\/en\/uebung-mit-lastwagen-beim-kernkraftwerk-beznau\/","og_locale":"en_US","og_type":"article","og_title":"\u00dcbung mit Lastwagen beim Kernkraftwerk Beznau - Save","og_description":"Heute \u00fcben Einsatzkr\u00e4fte des Bundes, der Armee und des Kernkraftwerks Beznau (AG) den Transport von Notfallmaterial.","og_url":"https:\/\/news.save.ch\/en\/uebung-mit-lastwagen-beim-kernkraftwerk-beznau\/","og_site_name":"Save","article_published_time":"2026-03-03T08:19:21+00:00","og_image":[{"width":1200,"height":750,"url":"https:\/\/news.save.ch\/wp-content\/uploads\/2026\/03\/Axpo-Kernkraftwerk_Beznau_2021-scaled.jpg","type":"image\/jpeg"}],"author":"stefanie Zeng","twitter_card":"summary_large_image","twitter_misc":{"Written by":"stefanie Zeng","Est. reading time":"2 minutes"},"schema":{"@context":"https:\/\/schema.org","@graph":[{"@type":"Article","@id":"https:\/\/news.save.ch\/uebung-mit-lastwagen-beim-kernkraftwerk-beznau\/#article","isPartOf":{"@id":"https:\/\/news.save.ch\/uebung-mit-lastwagen-beim-kernkraftwerk-beznau\/"},"author":{"name":"stefanie Zeng","@id":"https:\/\/news.save.ch\/de\/#\/schema\/person\/10917387362b3961e882740f6cf6f2a2"},"headline":"\u00dcbung mit Lastwagen beim Kernkraftwerk Beznau","datePublished":"2026-03-03T08:19:21+00:00","mainEntityOfPage":{"@id":"https:\/\/news.save.ch\/uebung-mit-lastwagen-beim-kernkraftwerk-beznau\/"},"wordCount":194,"publisher":{"@id":"https:\/\/news.save.ch\/de\/#organization"},"image":{"@id":"https:\/\/news.save.ch\/uebung-mit-lastwagen-beim-kernkraftwerk-beznau\/#primaryimage"},"thumbnailUrl":"https:\/\/news.save.ch\/wp-content\/uploads\/2026\/03\/Axpo-Kernkraftwerk_Beznau_2021-680x425.jpg","keywords":["Beznau","Kernkraftwerk","Notfall\u00fcbung"],"articleSection":["INFRASTRUKTUREN","SICHERHEIT"],"inLanguage":"en-US"},{"@type":"WebPage","@id":"https:\/\/news.save.ch\/uebung-mit-lastwagen-beim-kernkraftwerk-beznau\/","url":"https:\/\/news.save.ch\/uebung-mit-lastwagen-beim-kernkraftwerk-beznau\/","name":"Exercise with trucks at Beznau nuclear power plant - Save","isPartOf":{"@id":"https:\/\/news.save.ch\/de\/#website"},"primaryImageOfPage":{"@id":"https:\/\/news.save.ch\/uebung-mit-lastwagen-beim-kernkraftwerk-beznau\/#primaryimage"},"image":{"@id":"https:\/\/news.save.ch\/uebung-mit-lastwagen-beim-kernkraftwerk-beznau\/#primaryimage"},"thumbnailUrl":"https:\/\/news.save.ch\/wp-content\/uploads\/2026\/03\/Axpo-Kernkraftwerk_Beznau_2021-680x425.jpg","datePublished":"2026-03-03T08:19:21+00:00","description":"Today, emergency personnel from the federal government, the army and the Beznau nuclear power plant (AG) are practising the transportation of emergency materials.","breadcrumb":{"@id":"https:\/\/news.save.ch\/uebung-mit-lastwagen-beim-kernkraftwerk-beznau\/#breadcrumb"},"inLanguage":"en-US","potentialAction":[{"@type":"ReadAction","target":["https:\/\/news.save.ch\/uebung-mit-lastwagen-beim-kernkraftwerk-beznau\/"]}]},{"@type":"ImageObject","inLanguage":"en-US","@id":"https:\/\/news.save.ch\/uebung-mit-lastwagen-beim-kernkraftwerk-beznau\/#primaryimage","url":"https:\/\/news.save.ch\/wp-content\/uploads\/2026\/03\/Axpo-Kernkraftwerk_Beznau_2021-680x425.jpg","contentUrl":"https:\/\/news.save.ch\/wp-content\/uploads\/2026\/03\/Axpo-Kernkraftwerk_Beznau_2021-680x425.jpg"},{"@type":"BreadcrumbList","@id":"https:\/\/news.save.ch\/uebung-mit-lastwagen-beim-kernkraftwerk-beznau\/#breadcrumb","itemListElement":[{"@type":"ListItem","position":1,"name":"Home","item":"https:\/\/news.save.ch\/de\/"},{"@type":"ListItem","position":2,"name":"\u00dcbung mit Lastwagen beim Kernkraftwerk Beznau"}]},{"@type":"WebSite","@id":"https:\/\/news.save.ch\/de\/#website","url":"https:\/\/news.save.ch\/de\/","name":"Save","description":"Swiss trade journal for safety","publisher":{"@id":"https:\/\/news.save.ch\/de\/#organization"},"potentialAction":[{"@type":"SearchAction","target":{"@type":"EntryPoint","urlTemplate":"https:\/\/news.save.ch\/de\/?s={search_term_string}"},"query-input":{"@type":"PropertyValueSpecification","valueRequired":true,"valueName":"search_term_string"}}],"inLanguage":"en-US"},{"@type":"Organization","@id":"https:\/\/news.save.ch\/de\/#organization","name":"Security Forum","url":"https:\/\/news.save.ch\/de\/","logo":{"@type":"ImageObject","inLanguage":"en-US","@id":"https:\/\/news.save.ch\/de\/#\/schema\/logo\/image\/","url":"https:\/\/news.save.ch\/wp-content\/uploads\/2022\/06\/Logo_SF_2012.png","contentUrl":"https:\/\/news.save.ch\/wp-content\/uploads\/2022\/06\/Logo_SF_2012.png","width":1100,"height":91,"caption":"Sicherheitsforum"},"image":{"@id":"https:\/\/news.save.ch\/de\/#\/schema\/logo\/image\/"}},{"@type":"Person","@id":"https:\/\/news.save.ch\/de\/#\/schema\/person\/10917387362b3961e882740f6cf6f2a2","name":"Stefanie Zeng","image":{"@type":"ImageObject","inLanguage":"en-US","@id":"https:\/\/secure.gravatar.com\/avatar\/eac43faa6e40bb2c41068c95c9d78bbd94c476d5efdff7abaab80bb3ea681e06?s=96&d=mm&r=g","url":"https:\/\/secure.gravatar.com\/avatar\/eac43faa6e40bb2c41068c95c9d78bbd94c476d5efdff7abaab80bb3ea681e06?s=96&d=mm&r=g","contentUrl":"https:\/\/secure.gravatar.com\/avatar\/eac43faa6e40bb2c41068c95c9d78bbd94c476d5efdff7abaab80bb3ea681e06?s=96&d=mm&r=g","caption":"stefanie Zeng"},"url":"https:\/\/news.save.ch\/en\/author\/stefanie-zeng\/"}]}},"_links":{"self":[{"href":"https:\/\/news.save.ch\/en\/wp-json\/wp\/v2\/posts\/25011","targetHints":{"allow":["GET"]}}],"collection":[{"href":"https:\/\/news.save.ch\/en\/wp-json\/wp\/v2\/posts"}],"about":[{"href":"https:\/\/news.save.ch\/en\/wp-json\/wp\/v2\/types\/post"}],"author":[{"embeddable":true,"href":"https:\/\/news.save.ch\/en\/wp-json\/wp\/v2\/users\/31"}],"replies":[{"embeddable":true,"href":"https:\/\/news.save.ch\/en\/wp-json\/wp\/v2\/comments?post=25011"}],"version-history":[{"count":2,"href":"https:\/\/news.save.ch\/en\/wp-json\/wp\/v2\/posts\/25011\/revisions"}],"predecessor-version":[{"id":25014,"href":"https:\/\/news.save.ch\/en\/wp-json\/wp\/v2\/posts\/25011\/revisions\/25014"}],"wp:attachment":[{"href":"https:\/\/news.save.ch\/en\/wp-json\/wp\/v2\/media?parent=25011"}],"wp:term":[{"taxonomy":"category","embeddable":true,"href":"https:\/\/news.save.ch\/en\/wp-json\/wp\/v2\/categories?post=25011"},{"taxonomy":"post_tag","embeddable":true,"href":"https:\/\/news.save.ch\/en\/wp-json\/wp\/v2\/tags?post=25011"}],"curies":[{"name":"wp","href":"https:\/\/api.w.org\/{rel}","templated":true}]}}