{"id":25024,"date":"2026-03-04T12:04:07","date_gmt":"2026-03-04T11:04:07","guid":{"rendered":"https:\/\/news.save.ch\/?p=25024"},"modified":"2026-03-04T12:04:07","modified_gmt":"2026-03-04T11:04:07","slug":"studie-radikalisierung-in-deutschland-nimmt-zu","status":null,"type":"post","link":"https:\/\/news.save.ch\/en\/studie-radikalisierung-in-deutschland-nimmt-zu\/","title":{"rendered":"Study: Radicalization on the rise in Germany"},"content":{"rendered":"<figure id=\"attachment_25025\" aria-describedby=\"caption-attachment-25025\" style=\"width: 680px\" class=\"wp-caption alignnone\"><img loading=\"lazy\" decoding=\"async\" class=\"size-medium wp-image-25025\" src=\"https:\/\/news.save.ch\/wp-content\/uploads\/2026\/03\/Depositphotos_345858634_S-680x454.jpg\" alt=\"\" width=\"680\" height=\"454\" srcset=\"https:\/\/news.save.ch\/wp-content\/uploads\/2026\/03\/Depositphotos_345858634_S-680x454.jpg 680w, https:\/\/news.save.ch\/wp-content\/uploads\/2026\/03\/Depositphotos_345858634_S-768x512.jpg 768w, https:\/\/news.save.ch\/wp-content\/uploads\/2026\/03\/Depositphotos_345858634_S-18x12.jpg 18w, https:\/\/news.save.ch\/wp-content\/uploads\/2026\/03\/Depositphotos_345858634_S-375x250.jpg 375w, https:\/\/news.save.ch\/wp-content\/uploads\/2026\/03\/Depositphotos_345858634_S-525x350.jpg 525w, https:\/\/news.save.ch\/wp-content\/uploads\/2026\/03\/Depositphotos_345858634_S.jpg 1000w\" sizes=\"auto, (max-width: 680px) 100vw, 680px\" \/><figcaption id=\"caption-attachment-25025\" class=\"wp-caption-text\">Opposing forces: the desire for democracy faces increasing radicalization. Photo: depositphotos\/Wirestock<\/figcaption><\/figure>\n<p data-start=\"509\" data-end=\"860\">The representative surveys show a significant increase in extremist political attitudes for the years 2021 to 2025. The proportion of people who are open to right-wing extremist ideologies rose from 21.8% in 2021 to 29.6% in 2025. This increase is particularly pronounced among younger age groups.<\/p>\n<p data-start=\"862\" data-end=\"1228\">At the same time, politically motivated crime is also on the rise. At 100.7 offenses per 100,000 inhabitants, a new high was reached in 2024. In addition, the number of victims of politically motivated crimes motivated by prejudice registered by the police has risen significantly since 2020 - from 1,221 to 2,162 cases, an increase of around 77%.<\/p>\n<p data-start=\"1230\" data-end=\"1491\">The researchers also see indications of growing anti-Semitic and anti-Muslim attitudes. In mid-2025, 7.2 percent of respondents had manifest anti-Semitic attitudes, while 28.3 percent had manifest anti-Muslim attitudes.<\/p>\n<p data-start=\"1493\" data-end=\"1879\">Despite these developments, the report also shows stable support for fundamental democratic values. 85.6% of respondents have a positive attitude towards the principles of a liberal democracy. The proportion of people with anti-democratic attitudes is 14.4%, which is slightly lower than the previous high of 16.1% in 2023.<\/p>\n<p data-start=\"1881\" data-end=\"2110\" data-is-last-node=\"\" data-is-only-node=\"\">According to the researchers, it is not yet possible to conclusively assess whether this decline already indicates a possible easing of radicalization. Monitoring will continue to observe developments in the coming years.<\/p>\n<p data-start=\"1881\" data-end=\"2110\" data-is-last-node=\"\" data-is-only-node=\"\"><em>Source: Federal Criminal Police Office (BKA)<\/em><\/p>","protected":false},"excerpt":{"rendered":"<p>Die repr\u00e4sentativen Befragungen zeigen f\u00fcr die Jahre 2021 bis 2025 eine deutliche Zunahme extremistischer politischer Einstellungen. So stieg der Anteil der Menschen, die rechtsextremen Ideologien gegen\u00fcber offen sind, von 21,8 Prozent im Jahr 2021 auf 29,6 Prozent im Jahr 2025. Besonders ausgepr\u00e4gt ist dieser Anstieg bei j\u00fcngeren Altersgruppen. Parallel dazu nimmt auch die politisch motivierte [&hellip;]<\/p>\n","protected":false},"author":31,"featured_media":0,"comment_status":"closed","ping_status":"closed","sticky":false,"template":"","format":"standard","meta":{"_acf_changed":false,"pgc_sgb_lightbox_settings":"","footnotes":""},"categories":[3312],"tags":[382,5507,5786,1207],"class_list":["post-25024","post","type-post","status-publish","format-standard","hentry","category-sicherheit","tag-demokratie","tag-linksextremismus","tag-radikalisierung","tag-rechtsextremismus"],"acf":[],"hkrextid":null,"publication":null,"issue":null,"workflow":null,"startPage":null,"spitzmarke":null,"_posts_by_tag_page_fields":null,"_at_widget":null,"_yoast_wpseo_primary_category":"3312","_yoast_wpseo_focuskw_text_input":null,"_yoast_wpseo_opengraph-image":null,"_yoast_wpseo_opengraph-description":null,"_yoast_wpseo_opengraph-title":null,"enclosure":null,"_yoast_wpseo_twitter-title":null,"_yoast_wpseo_twitter-description":null,"_yoast_wpseo_twitter-image":null,"_wp_old_slug":null,"_yoast_wpseo_title":null,"_yoast_wpseo_canonical":null,"yoast_head":"<!-- This site is optimized with the Yoast SEO plugin v27.5 - https:\/\/yoast.com\/product\/yoast-seo-wordpress\/ -->\n<title>Studie: Radikalisierung in Deutschland nimmt zu - Save<\/title>\n<meta name=\"description\" content=\"Immer mehr Menschen in Deutschland zeigen sich offen gegen\u00fcber extremistischen Ideologien. Gleichzeitig unterst\u00fctzt eine klare Mehrheit der Bev\u00f6lkerung die Demokratie.\" \/>\n<meta name=\"robots\" content=\"index, follow, max-snippet:-1, max-image-preview:large, max-video-preview:-1\" \/>\n<link rel=\"canonical\" href=\"https:\/\/news.save.ch\/en\/studie-radikalisierung-in-deutschland-nimmt-zu\/\" \/>\n<meta property=\"og:locale\" content=\"en_US\" \/>\n<meta property=\"og:type\" content=\"article\" \/>\n<meta property=\"og:title\" content=\"Studie: Radikalisierung in Deutschland nimmt zu - Save\" \/>\n<meta property=\"og:description\" content=\"Immer mehr Menschen in Deutschland zeigen sich offen gegen\u00fcber extremistischen Ideologien. Gleichzeitig unterst\u00fctzt eine klare Mehrheit der Bev\u00f6lkerung die Demokratie.\" \/>\n<meta property=\"og:url\" content=\"https:\/\/news.save.ch\/en\/studie-radikalisierung-in-deutschland-nimmt-zu\/\" \/>\n<meta property=\"og:site_name\" content=\"Save\" \/>\n<meta property=\"article:published_time\" content=\"2026-03-04T11:04:07+00:00\" \/>\n<meta property=\"og:image\" content=\"https:\/\/news.save.ch\/wp-content\/uploads\/2026\/03\/Depositphotos_345858634_S.jpg\" \/>\n\t<meta property=\"og:image:width\" content=\"1000\" \/>\n\t<meta property=\"og:image:height\" content=\"667\" \/>\n\t<meta property=\"og:image:type\" content=\"image\/jpeg\" \/>\n<meta name=\"author\" content=\"stefanie Zeng\" \/>\n<meta name=\"twitter:card\" content=\"summary_large_image\" \/>\n<meta name=\"twitter:label1\" content=\"Written by\" \/>\n\t<meta name=\"twitter:data1\" content=\"stefanie Zeng\" \/>\n\t<meta name=\"twitter:label2\" content=\"Est. reading time\" \/>\n\t<meta name=\"twitter:data2\" content=\"2 minutes\" \/>\n<script type=\"application\/ld+json\" class=\"yoast-schema-graph\">{\"@context\":\"https:\\\/\\\/schema.org\",\"@graph\":[{\"@type\":\"Article\",\"@id\":\"https:\\\/\\\/news.save.ch\\\/studie-radikalisierung-in-deutschland-nimmt-zu\\\/#article\",\"isPartOf\":{\"@id\":\"https:\\\/\\\/news.save.ch\\\/studie-radikalisierung-in-deutschland-nimmt-zu\\\/\"},\"author\":{\"name\":\"stefanie Zeng\",\"@id\":\"https:\\\/\\\/news.save.ch\\\/de\\\/#\\\/schema\\\/person\\\/10917387362b3961e882740f6cf6f2a2\"},\"headline\":\"Studie: Radikalisierung in Deutschland nimmt zu\",\"datePublished\":\"2026-03-04T11:04:07+00:00\",\"mainEntityOfPage\":{\"@id\":\"https:\\\/\\\/news.save.ch\\\/studie-radikalisierung-in-deutschland-nimmt-zu\\\/\"},\"wordCount\":233,\"publisher\":{\"@id\":\"https:\\\/\\\/news.save.ch\\\/de\\\/#organization\"},\"image\":{\"@id\":\"https:\\\/\\\/news.save.ch\\\/studie-radikalisierung-in-deutschland-nimmt-zu\\\/#primaryimage\"},\"thumbnailUrl\":\"https:\\\/\\\/news.save.ch\\\/wp-content\\\/uploads\\\/2026\\\/03\\\/Depositphotos_345858634_S-680x454.jpg\",\"keywords\":[\"Demokratie\",\"Linksextremismus\",\"Radikalisierung\",\"Rechtsextremismus\"],\"articleSection\":[\"SICHERHEIT\"],\"inLanguage\":\"en-US\"},{\"@type\":\"WebPage\",\"@id\":\"https:\\\/\\\/news.save.ch\\\/studie-radikalisierung-in-deutschland-nimmt-zu\\\/\",\"url\":\"https:\\\/\\\/news.save.ch\\\/studie-radikalisierung-in-deutschland-nimmt-zu\\\/\",\"name\":\"Studie: Radikalisierung in Deutschland nimmt zu - Save\",\"isPartOf\":{\"@id\":\"https:\\\/\\\/news.save.ch\\\/de\\\/#website\"},\"primaryImageOfPage\":{\"@id\":\"https:\\\/\\\/news.save.ch\\\/studie-radikalisierung-in-deutschland-nimmt-zu\\\/#primaryimage\"},\"image\":{\"@id\":\"https:\\\/\\\/news.save.ch\\\/studie-radikalisierung-in-deutschland-nimmt-zu\\\/#primaryimage\"},\"thumbnailUrl\":\"https:\\\/\\\/news.save.ch\\\/wp-content\\\/uploads\\\/2026\\\/03\\\/Depositphotos_345858634_S-680x454.jpg\",\"datePublished\":\"2026-03-04T11:04:07+00:00\",\"description\":\"Immer mehr Menschen in Deutschland zeigen sich offen gegen\u00fcber extremistischen Ideologien. Gleichzeitig unterst\u00fctzt eine klare Mehrheit der Bev\u00f6lkerung die Demokratie.\",\"breadcrumb\":{\"@id\":\"https:\\\/\\\/news.save.ch\\\/studie-radikalisierung-in-deutschland-nimmt-zu\\\/#breadcrumb\"},\"inLanguage\":\"en-US\",\"potentialAction\":[{\"@type\":\"ReadAction\",\"target\":[\"https:\\\/\\\/news.save.ch\\\/studie-radikalisierung-in-deutschland-nimmt-zu\\\/\"]}]},{\"@type\":\"ImageObject\",\"inLanguage\":\"en-US\",\"@id\":\"https:\\\/\\\/news.save.ch\\\/studie-radikalisierung-in-deutschland-nimmt-zu\\\/#primaryimage\",\"url\":\"https:\\\/\\\/news.save.ch\\\/wp-content\\\/uploads\\\/2026\\\/03\\\/Depositphotos_345858634_S-680x454.jpg\",\"contentUrl\":\"https:\\\/\\\/news.save.ch\\\/wp-content\\\/uploads\\\/2026\\\/03\\\/Depositphotos_345858634_S-680x454.jpg\"},{\"@type\":\"BreadcrumbList\",\"@id\":\"https:\\\/\\\/news.save.ch\\\/studie-radikalisierung-in-deutschland-nimmt-zu\\\/#breadcrumb\",\"itemListElement\":[{\"@type\":\"ListItem\",\"position\":1,\"name\":\"Home\",\"item\":\"https:\\\/\\\/news.save.ch\\\/de\\\/\"},{\"@type\":\"ListItem\",\"position\":2,\"name\":\"Studie: Radikalisierung in Deutschland nimmt zu\"}]},{\"@type\":\"WebSite\",\"@id\":\"https:\\\/\\\/news.save.ch\\\/de\\\/#website\",\"url\":\"https:\\\/\\\/news.save.ch\\\/de\\\/\",\"name\":\"Save\",\"description\":\"Schweizer Fachzeitschrift f\u00fcr Sicherheit\",\"publisher\":{\"@id\":\"https:\\\/\\\/news.save.ch\\\/de\\\/#organization\"},\"potentialAction\":[{\"@type\":\"SearchAction\",\"target\":{\"@type\":\"EntryPoint\",\"urlTemplate\":\"https:\\\/\\\/news.save.ch\\\/de\\\/?s={search_term_string}\"},\"query-input\":{\"@type\":\"PropertyValueSpecification\",\"valueRequired\":true,\"valueName\":\"search_term_string\"}}],\"inLanguage\":\"en-US\"},{\"@type\":\"Organization\",\"@id\":\"https:\\\/\\\/news.save.ch\\\/de\\\/#organization\",\"name\":\"Sicherheitsforum\",\"url\":\"https:\\\/\\\/news.save.ch\\\/de\\\/\",\"logo\":{\"@type\":\"ImageObject\",\"inLanguage\":\"en-US\",\"@id\":\"https:\\\/\\\/news.save.ch\\\/de\\\/#\\\/schema\\\/logo\\\/image\\\/\",\"url\":\"https:\\\/\\\/news.save.ch\\\/wp-content\\\/uploads\\\/2022\\\/06\\\/Logo_SF_2012.png\",\"contentUrl\":\"https:\\\/\\\/news.save.ch\\\/wp-content\\\/uploads\\\/2022\\\/06\\\/Logo_SF_2012.png\",\"width\":1100,\"height\":91,\"caption\":\"Sicherheitsforum\"},\"image\":{\"@id\":\"https:\\\/\\\/news.save.ch\\\/de\\\/#\\\/schema\\\/logo\\\/image\\\/\"}},{\"@type\":\"Person\",\"@id\":\"https:\\\/\\\/news.save.ch\\\/de\\\/#\\\/schema\\\/person\\\/10917387362b3961e882740f6cf6f2a2\",\"name\":\"stefanie Zeng\",\"image\":{\"@type\":\"ImageObject\",\"inLanguage\":\"en-US\",\"@id\":\"https:\\\/\\\/secure.gravatar.com\\\/avatar\\\/eac43faa6e40bb2c41068c95c9d78bbd94c476d5efdff7abaab80bb3ea681e06?s=96&d=mm&r=g\",\"url\":\"https:\\\/\\\/secure.gravatar.com\\\/avatar\\\/eac43faa6e40bb2c41068c95c9d78bbd94c476d5efdff7abaab80bb3ea681e06?s=96&d=mm&r=g\",\"contentUrl\":\"https:\\\/\\\/secure.gravatar.com\\\/avatar\\\/eac43faa6e40bb2c41068c95c9d78bbd94c476d5efdff7abaab80bb3ea681e06?s=96&d=mm&r=g\",\"caption\":\"stefanie Zeng\"},\"url\":\"https:\\\/\\\/news.save.ch\\\/en\\\/author\\\/stefanie-zeng\\\/\"}]}<\/script>\n<!-- \/ Yoast SEO plugin. -->","yoast_head_json":{"title":"Study: Radicalization on the rise in Germany - Save","description":"More and more people in Germany are open to extremist ideologies. At the same time, a clear majority of the population supports democracy.","robots":{"index":"index","follow":"follow","max-snippet":"max-snippet:-1","max-image-preview":"max-image-preview:large","max-video-preview":"max-video-preview:-1"},"canonical":"https:\/\/news.save.ch\/en\/studie-radikalisierung-in-deutschland-nimmt-zu\/","og_locale":"en_US","og_type":"article","og_title":"Studie: Radikalisierung in Deutschland nimmt zu - Save","og_description":"Immer mehr Menschen in Deutschland zeigen sich offen gegen\u00fcber extremistischen Ideologien. Gleichzeitig unterst\u00fctzt eine klare Mehrheit der Bev\u00f6lkerung die Demokratie.","og_url":"https:\/\/news.save.ch\/en\/studie-radikalisierung-in-deutschland-nimmt-zu\/","og_site_name":"Save","article_published_time":"2026-03-04T11:04:07+00:00","og_image":[{"width":1000,"height":667,"url":"https:\/\/news.save.ch\/wp-content\/uploads\/2026\/03\/Depositphotos_345858634_S.jpg","type":"image\/jpeg"}],"author":"stefanie Zeng","twitter_card":"summary_large_image","twitter_misc":{"Written by":"stefanie Zeng","Est. reading time":"2 minutes"},"schema":{"@context":"https:\/\/schema.org","@graph":[{"@type":"Article","@id":"https:\/\/news.save.ch\/studie-radikalisierung-in-deutschland-nimmt-zu\/#article","isPartOf":{"@id":"https:\/\/news.save.ch\/studie-radikalisierung-in-deutschland-nimmt-zu\/"},"author":{"name":"stefanie Zeng","@id":"https:\/\/news.save.ch\/de\/#\/schema\/person\/10917387362b3961e882740f6cf6f2a2"},"headline":"Studie: Radikalisierung in Deutschland nimmt zu","datePublished":"2026-03-04T11:04:07+00:00","mainEntityOfPage":{"@id":"https:\/\/news.save.ch\/studie-radikalisierung-in-deutschland-nimmt-zu\/"},"wordCount":233,"publisher":{"@id":"https:\/\/news.save.ch\/de\/#organization"},"image":{"@id":"https:\/\/news.save.ch\/studie-radikalisierung-in-deutschland-nimmt-zu\/#primaryimage"},"thumbnailUrl":"https:\/\/news.save.ch\/wp-content\/uploads\/2026\/03\/Depositphotos_345858634_S-680x454.jpg","keywords":["Demokratie","Linksextremismus","Radikalisierung","Rechtsextremismus"],"articleSection":["SICHERHEIT"],"inLanguage":"en-US"},{"@type":"WebPage","@id":"https:\/\/news.save.ch\/studie-radikalisierung-in-deutschland-nimmt-zu\/","url":"https:\/\/news.save.ch\/studie-radikalisierung-in-deutschland-nimmt-zu\/","name":"Study: Radicalization on the rise in Germany - Save","isPartOf":{"@id":"https:\/\/news.save.ch\/de\/#website"},"primaryImageOfPage":{"@id":"https:\/\/news.save.ch\/studie-radikalisierung-in-deutschland-nimmt-zu\/#primaryimage"},"image":{"@id":"https:\/\/news.save.ch\/studie-radikalisierung-in-deutschland-nimmt-zu\/#primaryimage"},"thumbnailUrl":"https:\/\/news.save.ch\/wp-content\/uploads\/2026\/03\/Depositphotos_345858634_S-680x454.jpg","datePublished":"2026-03-04T11:04:07+00:00","description":"More and more people in Germany are open to extremist ideologies. At the same time, a clear majority of the population supports democracy.","breadcrumb":{"@id":"https:\/\/news.save.ch\/studie-radikalisierung-in-deutschland-nimmt-zu\/#breadcrumb"},"inLanguage":"en-US","potentialAction":[{"@type":"ReadAction","target":["https:\/\/news.save.ch\/studie-radikalisierung-in-deutschland-nimmt-zu\/"]}]},{"@type":"ImageObject","inLanguage":"en-US","@id":"https:\/\/news.save.ch\/studie-radikalisierung-in-deutschland-nimmt-zu\/#primaryimage","url":"https:\/\/news.save.ch\/wp-content\/uploads\/2026\/03\/Depositphotos_345858634_S-680x454.jpg","contentUrl":"https:\/\/news.save.ch\/wp-content\/uploads\/2026\/03\/Depositphotos_345858634_S-680x454.jpg"},{"@type":"BreadcrumbList","@id":"https:\/\/news.save.ch\/studie-radikalisierung-in-deutschland-nimmt-zu\/#breadcrumb","itemListElement":[{"@type":"ListItem","position":1,"name":"Home","item":"https:\/\/news.save.ch\/de\/"},{"@type":"ListItem","position":2,"name":"Studie: Radikalisierung in Deutschland nimmt zu"}]},{"@type":"WebSite","@id":"https:\/\/news.save.ch\/de\/#website","url":"https:\/\/news.save.ch\/de\/","name":"Save","description":"Swiss trade journal for safety","publisher":{"@id":"https:\/\/news.save.ch\/de\/#organization"},"potentialAction":[{"@type":"SearchAction","target":{"@type":"EntryPoint","urlTemplate":"https:\/\/news.save.ch\/de\/?s={search_term_string}"},"query-input":{"@type":"PropertyValueSpecification","valueRequired":true,"valueName":"search_term_string"}}],"inLanguage":"en-US"},{"@type":"Organization","@id":"https:\/\/news.save.ch\/de\/#organization","name":"Security Forum","url":"https:\/\/news.save.ch\/de\/","logo":{"@type":"ImageObject","inLanguage":"en-US","@id":"https:\/\/news.save.ch\/de\/#\/schema\/logo\/image\/","url":"https:\/\/news.save.ch\/wp-content\/uploads\/2022\/06\/Logo_SF_2012.png","contentUrl":"https:\/\/news.save.ch\/wp-content\/uploads\/2022\/06\/Logo_SF_2012.png","width":1100,"height":91,"caption":"Sicherheitsforum"},"image":{"@id":"https:\/\/news.save.ch\/de\/#\/schema\/logo\/image\/"}},{"@type":"Person","@id":"https:\/\/news.save.ch\/de\/#\/schema\/person\/10917387362b3961e882740f6cf6f2a2","name":"Stefanie Zeng","image":{"@type":"ImageObject","inLanguage":"en-US","@id":"https:\/\/secure.gravatar.com\/avatar\/eac43faa6e40bb2c41068c95c9d78bbd94c476d5efdff7abaab80bb3ea681e06?s=96&d=mm&r=g","url":"https:\/\/secure.gravatar.com\/avatar\/eac43faa6e40bb2c41068c95c9d78bbd94c476d5efdff7abaab80bb3ea681e06?s=96&d=mm&r=g","contentUrl":"https:\/\/secure.gravatar.com\/avatar\/eac43faa6e40bb2c41068c95c9d78bbd94c476d5efdff7abaab80bb3ea681e06?s=96&d=mm&r=g","caption":"stefanie Zeng"},"url":"https:\/\/news.save.ch\/en\/author\/stefanie-zeng\/"}]}},"_links":{"self":[{"href":"https:\/\/news.save.ch\/en\/wp-json\/wp\/v2\/posts\/25024","targetHints":{"allow":["GET"]}}],"collection":[{"href":"https:\/\/news.save.ch\/en\/wp-json\/wp\/v2\/posts"}],"about":[{"href":"https:\/\/news.save.ch\/en\/wp-json\/wp\/v2\/types\/post"}],"author":[{"embeddable":true,"href":"https:\/\/news.save.ch\/en\/wp-json\/wp\/v2\/users\/31"}],"replies":[{"embeddable":true,"href":"https:\/\/news.save.ch\/en\/wp-json\/wp\/v2\/comments?post=25024"}],"version-history":[{"count":2,"href":"https:\/\/news.save.ch\/en\/wp-json\/wp\/v2\/posts\/25024\/revisions"}],"predecessor-version":[{"id":25027,"href":"https:\/\/news.save.ch\/en\/wp-json\/wp\/v2\/posts\/25024\/revisions\/25027"}],"wp:attachment":[{"href":"https:\/\/news.save.ch\/en\/wp-json\/wp\/v2\/media?parent=25024"}],"wp:term":[{"taxonomy":"category","embeddable":true,"href":"https:\/\/news.save.ch\/en\/wp-json\/wp\/v2\/categories?post=25024"},{"taxonomy":"post_tag","embeddable":true,"href":"https:\/\/news.save.ch\/en\/wp-json\/wp\/v2\/tags?post=25024"}],"curies":[{"name":"wp","href":"https:\/\/api.w.org\/{rel}","templated":true}]}}