{"id":25044,"date":"2026-03-16T09:41:57","date_gmt":"2026-03-16T08:41:57","guid":{"rendered":"https:\/\/news.save.ch\/?p=25044"},"modified":"2026-03-16T09:41:57","modified_gmt":"2026-03-16T08:41:57","slug":"uebermuedet-im-job-unfallrisiko-fast-doppelt-so-hoch","status":null,"type":"post","link":"https:\/\/news.save.ch\/en\/uebermuedet-im-job-unfallrisiko-fast-doppelt-so-hoch\/","title":{"rendered":"Tired at work: accident risk almost twice as high"},"content":{"rendered":"<div class=\"container\">\n<div class=\"row sch-page-intro\"><\/div>\n<\/div>\n<div class=\"sch-anchor-navi-content-height-wrapper\">\n<div class=\"sch-service-icons-host sux-section-content\">\n<div class=\"sch-service-icon-container sux-gap-9 sch-sidebar-panel\">\n<div class=\"sux-context-menu__container\" tabindex=\"0\" role=\"menu\" aria-label=\"Context\">\n<div class=\"sux-icon\">\n<figure id=\"attachment_25045\" aria-describedby=\"caption-attachment-25045\" style=\"width: 680px\" class=\"wp-caption alignnone\"><img loading=\"lazy\" decoding=\"async\" class=\"size-medium wp-image-25045\" src=\"https:\/\/news.save.ch\/wp-content\/uploads\/2026\/03\/Depositphotos_692777892_S-680x454.jpg\" alt=\"\" width=\"680\" height=\"454\" srcset=\"https:\/\/news.save.ch\/wp-content\/uploads\/2026\/03\/Depositphotos_692777892_S-680x454.jpg 680w, https:\/\/news.save.ch\/wp-content\/uploads\/2026\/03\/Depositphotos_692777892_S-768x512.jpg 768w, https:\/\/news.save.ch\/wp-content\/uploads\/2026\/03\/Depositphotos_692777892_S-18x12.jpg 18w, https:\/\/news.save.ch\/wp-content\/uploads\/2026\/03\/Depositphotos_692777892_S-375x250.jpg 375w, https:\/\/news.save.ch\/wp-content\/uploads\/2026\/03\/Depositphotos_692777892_S-525x350.jpg 525w, https:\/\/news.save.ch\/wp-content\/uploads\/2026\/03\/Depositphotos_692777892_S.jpg 1000w\" sizes=\"auto, (max-width: 680px) 100vw, 680px\" \/><figcaption id=\"caption-attachment-25045\" class=\"wp-caption-text\">People who are chronically overtired make more mistakes at work (Photo: depositphotos\/IgorVetushko)<\/figcaption><\/figure>\n<\/div>\n<\/div>\n<\/div>\n<\/div>\n<\/div>\n<section class=\"container sux-section-content\">\n<div class=\"row\">\n<div class=\"col-lg-6 offset-lg-3 col-md-8 offset-md-2 col-sm-10 offset-sm-1\">\n<h3 id=\"anchor-EEAF9B25-FB74-4B24-9DD2-B68CF3A1B184\" class=\"h3 sch-h3\">Tiredness is a safety risk<\/h3>\n<div>\n<p>Lack of sleep reduces the ability to react and concentrate. Motor skills are also impaired: Overtired people are more likely to stumble, drop objects or underestimate dangers. According to international studies, people with chronic insomnia even have a two to two-and-a-half times higher risk of work errors and accidents.<\/p>\n<p>\u00abLack of sleep is serious for safety in the workplace,\u00bb says Inglina Keller, prevention advisor and health specialist at Suva. Short lapses in attention can have serious consequences, especially in professions with increased risk potential. Fatigued employees are almost twice as likely to have an accident - in road traffic, the risk is even seven to eight times higher.<\/p>\n<\/div>\n<h3 id=\"anchor-E8F7295B-4959-4F53-AE8D-A18D70C81B9C\" class=\"h3 sch-h3\">Less sleep, more absences<\/h3>\n<div>\n<p>Anyone who sleeps less than six hours a night loses an average of around seven working days a year due to illness or reduced performance. Even with six to seven hours of sleep, this is still around 3.7 days more compared to well-rested employees. Sleep problems are also often a long-term phenomenon: around half of those affected continue to suffer from persistent complaints even after several years.<\/p>\n<p>Chronic sleep deprivation also increases the risk of mental illness and cardiovascular diseases such as high blood pressure and strokes.<\/p>\n<p>The economic consequences are considerable: in Europe, chronic sleep disorders cost billions of euros every year - mainly through lost productivity, absenteeism and increased healthcare expenditure.<\/p>\n<p>Sleep is therefore not just a private issue, but also a factor for success at work: well-rested employees are more focused, make better decisions and are less likely to be absent due to illness.<\/p>\n<\/div>\n<h3 id=\"anchor-6F1D26ED-906B-4F33-AF92-A2349266A519\" class=\"h3 sch-h3\">How companies strengthen sleep health<\/h3>\n<div>\n<ul>\n<li>Clearly regulate availability and limit overtime<\/li>\n<li>Sensitize managers<\/li>\n<li>Enable flexible working hours where feasible<\/li>\n<li>Encourage breaks and short power naps (15-20 minutes)<\/li>\n<li>Offer training on stress management and sleep hygiene<\/li>\n<\/ul>\n<\/div>\n<h3 id=\"anchor-ED300711-3B36-4D44-BF2B-658A8EA22485\" class=\"h3 sch-h3\">Important for restful sleep<\/h3>\n<div>\n<ul>\n<li>Maintain regular sleeping and rising times<\/li>\n<li>Switch off electronic devices at least one hour before going to bed<\/li>\n<li>Keep the bedroom quiet, dark and cool (16-18 degrees)<\/li>\n<li>Avoid caffeine four to six hours before sleep<\/li>\n<li>If lying awake for a long time, get up and carry out a quiet activity<\/li>\n<\/ul>\n<p>&nbsp;<\/p>\n<p><em>Source: Suva<\/em><\/p>\n<\/div>\n<div class=\"sch-teaser-click-animation\">\n<div class=\"sch-teaser-content-container sch-teaser-small-image sch-teaser-image-right\"><\/div>\n<\/div>\n<\/div>\n<\/div>\n<\/section>","protected":false},"excerpt":{"rendered":"<p>M\u00fcdigkeit ist ein Sicherheitsrisiko Schlafmangel reduziert Reaktionsf\u00e4higkeit und Konzentration. Auch die motorischen F\u00e4higkeiten sind eingeschr\u00e4nkt: \u00dcberm\u00fcdete Personen stolpern h\u00e4ufiger, lassen Gegenst\u00e4nde fallen oder untersch\u00e4tzen Gefahren. Menschen mit chronischer Insomnie haben gem\u00e4ss internationalen Studien gar ein zwei- bis zweieinhalbfach erh\u00f6htes Risiko f\u00fcr Arbeitsfehler und Unf\u00e4lle. \u00abSchlafmangel ist f\u00fcr die Sicherheit am Arbeitsplatz gravierend\u00bb, sagt Inglina\u00a0Keller, Pr\u00e4ventionsberaterin [&hellip;]<\/p>\n","protected":false},"author":31,"featured_media":25045,"comment_status":"closed","ping_status":"closed","sticky":false,"template":"","format":"standard","meta":{"_acf_changed":false,"pgc_sgb_lightbox_settings":"","footnotes":""},"categories":[3314],"tags":[174,6665,6666],"class_list":["post-25044","post","type-post","status-publish","format-standard","has-post-thumbnail","hentry","category-health-safety","tag-arbeitsunfaelle","tag-insomnie","tag-schlaflosigkeit"],"acf":[],"hkrextid":null,"publication":null,"issue":null,"workflow":null,"startPage":null,"spitzmarke":null,"_posts_by_tag_page_fields":null,"_at_widget":null,"_yoast_wpseo_primary_category":"3314","_yoast_wpseo_focuskw_text_input":null,"_yoast_wpseo_opengraph-image":null,"_yoast_wpseo_opengraph-description":null,"_yoast_wpseo_opengraph-title":null,"enclosure":null,"_yoast_wpseo_twitter-title":null,"_yoast_wpseo_twitter-description":null,"_yoast_wpseo_twitter-image":null,"_wp_old_slug":null,"_yoast_wpseo_title":null,"_yoast_wpseo_canonical":null,"yoast_head":"<!-- This site is optimized with the Yoast SEO plugin v27.5 - https:\/\/yoast.com\/product\/yoast-seo-wordpress\/ -->\n<title>\u00dcberm\u00fcdet im Job: Unfallrisiko fast doppelt so hoch - Save<\/title>\n<meta name=\"description\" content=\"Jede dritte Person schl\u00e4ft schlecht, jede zehnte leidet an einer chronischen\u00a0Schlafst\u00f6rung (Insomnie). Die Folgen zeigen sich auch im Job.\" \/>\n<meta name=\"robots\" content=\"index, follow, max-snippet:-1, max-image-preview:large, max-video-preview:-1\" \/>\n<link rel=\"canonical\" href=\"https:\/\/news.save.ch\/en\/uebermuedet-im-job-unfallrisiko-fast-doppelt-so-hoch\/\" \/>\n<meta property=\"og:locale\" content=\"en_US\" \/>\n<meta property=\"og:type\" content=\"article\" \/>\n<meta property=\"og:title\" content=\"\u00dcberm\u00fcdet im Job: Unfallrisiko fast doppelt so hoch - Save\" \/>\n<meta property=\"og:description\" content=\"Jede dritte Person schl\u00e4ft schlecht, jede zehnte leidet an einer chronischen\u00a0Schlafst\u00f6rung (Insomnie). Die Folgen zeigen sich auch im Job.\" \/>\n<meta property=\"og:url\" content=\"https:\/\/news.save.ch\/en\/uebermuedet-im-job-unfallrisiko-fast-doppelt-so-hoch\/\" \/>\n<meta property=\"og:site_name\" content=\"Save\" \/>\n<meta property=\"article:published_time\" content=\"2026-03-16T08:41:57+00:00\" \/>\n<meta property=\"og:image\" content=\"https:\/\/news.save.ch\/wp-content\/uploads\/2026\/03\/Depositphotos_692777892_S.jpg\" \/>\n\t<meta property=\"og:image:width\" content=\"1000\" \/>\n\t<meta property=\"og:image:height\" content=\"667\" \/>\n\t<meta property=\"og:image:type\" content=\"image\/jpeg\" \/>\n<meta name=\"author\" content=\"stefanie Zeng\" \/>\n<meta name=\"twitter:card\" content=\"summary_large_image\" \/>\n<meta name=\"twitter:label1\" content=\"Written by\" \/>\n\t<meta name=\"twitter:data1\" content=\"stefanie Zeng\" \/>\n\t<meta name=\"twitter:label2\" content=\"Est. reading time\" \/>\n\t<meta name=\"twitter:data2\" content=\"3 minutes\" \/>\n<script type=\"application\/ld+json\" class=\"yoast-schema-graph\">{\"@context\":\"https:\\\/\\\/schema.org\",\"@graph\":[{\"@type\":\"Article\",\"@id\":\"https:\\\/\\\/news.save.ch\\\/uebermuedet-im-job-unfallrisiko-fast-doppelt-so-hoch\\\/#article\",\"isPartOf\":{\"@id\":\"https:\\\/\\\/news.save.ch\\\/uebermuedet-im-job-unfallrisiko-fast-doppelt-so-hoch\\\/\"},\"author\":{\"name\":\"stefanie Zeng\",\"@id\":\"https:\\\/\\\/news.save.ch\\\/de\\\/#\\\/schema\\\/person\\\/10917387362b3961e882740f6cf6f2a2\"},\"headline\":\"\u00dcberm\u00fcdet im Job: Unfallrisiko fast doppelt so hoch\",\"datePublished\":\"2026-03-16T08:41:57+00:00\",\"mainEntityOfPage\":{\"@id\":\"https:\\\/\\\/news.save.ch\\\/uebermuedet-im-job-unfallrisiko-fast-doppelt-so-hoch\\\/\"},\"wordCount\":369,\"publisher\":{\"@id\":\"https:\\\/\\\/news.save.ch\\\/de\\\/#organization\"},\"image\":{\"@id\":\"https:\\\/\\\/news.save.ch\\\/uebermuedet-im-job-unfallrisiko-fast-doppelt-so-hoch\\\/#primaryimage\"},\"thumbnailUrl\":\"https:\\\/\\\/news.save.ch\\\/wp-content\\\/uploads\\\/2026\\\/03\\\/Depositphotos_692777892_S.jpg\",\"keywords\":[\"Arbeitsunf\u00e4lle\",\"Insomnie\",\"Schlaflosigkeit\"],\"articleSection\":[\"HEALTH &amp; SAFETY\"],\"inLanguage\":\"en-US\"},{\"@type\":\"WebPage\",\"@id\":\"https:\\\/\\\/news.save.ch\\\/uebermuedet-im-job-unfallrisiko-fast-doppelt-so-hoch\\\/\",\"url\":\"https:\\\/\\\/news.save.ch\\\/uebermuedet-im-job-unfallrisiko-fast-doppelt-so-hoch\\\/\",\"name\":\"\u00dcberm\u00fcdet im Job: Unfallrisiko fast doppelt so hoch - Save\",\"isPartOf\":{\"@id\":\"https:\\\/\\\/news.save.ch\\\/de\\\/#website\"},\"primaryImageOfPage\":{\"@id\":\"https:\\\/\\\/news.save.ch\\\/uebermuedet-im-job-unfallrisiko-fast-doppelt-so-hoch\\\/#primaryimage\"},\"image\":{\"@id\":\"https:\\\/\\\/news.save.ch\\\/uebermuedet-im-job-unfallrisiko-fast-doppelt-so-hoch\\\/#primaryimage\"},\"thumbnailUrl\":\"https:\\\/\\\/news.save.ch\\\/wp-content\\\/uploads\\\/2026\\\/03\\\/Depositphotos_692777892_S.jpg\",\"datePublished\":\"2026-03-16T08:41:57+00:00\",\"description\":\"Jede dritte Person schl\u00e4ft schlecht, jede zehnte leidet an einer chronischen\u00a0Schlafst\u00f6rung (Insomnie). Die Folgen zeigen sich auch im Job.\",\"breadcrumb\":{\"@id\":\"https:\\\/\\\/news.save.ch\\\/uebermuedet-im-job-unfallrisiko-fast-doppelt-so-hoch\\\/#breadcrumb\"},\"inLanguage\":\"en-US\",\"potentialAction\":[{\"@type\":\"ReadAction\",\"target\":[\"https:\\\/\\\/news.save.ch\\\/uebermuedet-im-job-unfallrisiko-fast-doppelt-so-hoch\\\/\"]}]},{\"@type\":\"ImageObject\",\"inLanguage\":\"en-US\",\"@id\":\"https:\\\/\\\/news.save.ch\\\/uebermuedet-im-job-unfallrisiko-fast-doppelt-so-hoch\\\/#primaryimage\",\"url\":\"https:\\\/\\\/news.save.ch\\\/wp-content\\\/uploads\\\/2026\\\/03\\\/Depositphotos_692777892_S.jpg\",\"contentUrl\":\"https:\\\/\\\/news.save.ch\\\/wp-content\\\/uploads\\\/2026\\\/03\\\/Depositphotos_692777892_S.jpg\",\"width\":1000,\"height\":667,\"caption\":\"Wer chronisch \u00fcberm\u00fcdet ist, begeht bei der Arbeit mehr Fehler (Foto: depositphotos\\\/IgorVetushko)\"},{\"@type\":\"BreadcrumbList\",\"@id\":\"https:\\\/\\\/news.save.ch\\\/uebermuedet-im-job-unfallrisiko-fast-doppelt-so-hoch\\\/#breadcrumb\",\"itemListElement\":[{\"@type\":\"ListItem\",\"position\":1,\"name\":\"Home\",\"item\":\"https:\\\/\\\/news.save.ch\\\/de\\\/\"},{\"@type\":\"ListItem\",\"position\":2,\"name\":\"\u00dcberm\u00fcdet im Job: Unfallrisiko fast doppelt so hoch\"}]},{\"@type\":\"WebSite\",\"@id\":\"https:\\\/\\\/news.save.ch\\\/de\\\/#website\",\"url\":\"https:\\\/\\\/news.save.ch\\\/de\\\/\",\"name\":\"Save\",\"description\":\"Schweizer Fachzeitschrift f\u00fcr Sicherheit\",\"publisher\":{\"@id\":\"https:\\\/\\\/news.save.ch\\\/de\\\/#organization\"},\"potentialAction\":[{\"@type\":\"SearchAction\",\"target\":{\"@type\":\"EntryPoint\",\"urlTemplate\":\"https:\\\/\\\/news.save.ch\\\/de\\\/?s={search_term_string}\"},\"query-input\":{\"@type\":\"PropertyValueSpecification\",\"valueRequired\":true,\"valueName\":\"search_term_string\"}}],\"inLanguage\":\"en-US\"},{\"@type\":\"Organization\",\"@id\":\"https:\\\/\\\/news.save.ch\\\/de\\\/#organization\",\"name\":\"Sicherheitsforum\",\"url\":\"https:\\\/\\\/news.save.ch\\\/de\\\/\",\"logo\":{\"@type\":\"ImageObject\",\"inLanguage\":\"en-US\",\"@id\":\"https:\\\/\\\/news.save.ch\\\/de\\\/#\\\/schema\\\/logo\\\/image\\\/\",\"url\":\"https:\\\/\\\/news.save.ch\\\/wp-content\\\/uploads\\\/2022\\\/06\\\/Logo_SF_2012.png\",\"contentUrl\":\"https:\\\/\\\/news.save.ch\\\/wp-content\\\/uploads\\\/2022\\\/06\\\/Logo_SF_2012.png\",\"width\":1100,\"height\":91,\"caption\":\"Sicherheitsforum\"},\"image\":{\"@id\":\"https:\\\/\\\/news.save.ch\\\/de\\\/#\\\/schema\\\/logo\\\/image\\\/\"}},{\"@type\":\"Person\",\"@id\":\"https:\\\/\\\/news.save.ch\\\/de\\\/#\\\/schema\\\/person\\\/10917387362b3961e882740f6cf6f2a2\",\"name\":\"stefanie Zeng\",\"image\":{\"@type\":\"ImageObject\",\"inLanguage\":\"en-US\",\"@id\":\"https:\\\/\\\/secure.gravatar.com\\\/avatar\\\/eac43faa6e40bb2c41068c95c9d78bbd94c476d5efdff7abaab80bb3ea681e06?s=96&d=mm&r=g\",\"url\":\"https:\\\/\\\/secure.gravatar.com\\\/avatar\\\/eac43faa6e40bb2c41068c95c9d78bbd94c476d5efdff7abaab80bb3ea681e06?s=96&d=mm&r=g\",\"contentUrl\":\"https:\\\/\\\/secure.gravatar.com\\\/avatar\\\/eac43faa6e40bb2c41068c95c9d78bbd94c476d5efdff7abaab80bb3ea681e06?s=96&d=mm&r=g\",\"caption\":\"stefanie Zeng\"},\"url\":\"https:\\\/\\\/news.save.ch\\\/en\\\/author\\\/stefanie-zeng\\\/\"}]}<\/script>\n<!-- \/ Yoast SEO plugin. -->","yoast_head_json":{"title":"Tired at work: accident risk almost twice as high - Save","description":"One in three people sleep poorly and one in ten suffers from a chronic sleep disorder (insomnia). The consequences can also be seen at work.","robots":{"index":"index","follow":"follow","max-snippet":"max-snippet:-1","max-image-preview":"max-image-preview:large","max-video-preview":"max-video-preview:-1"},"canonical":"https:\/\/news.save.ch\/en\/uebermuedet-im-job-unfallrisiko-fast-doppelt-so-hoch\/","og_locale":"en_US","og_type":"article","og_title":"\u00dcberm\u00fcdet im Job: Unfallrisiko fast doppelt so hoch - Save","og_description":"Jede dritte Person schl\u00e4ft schlecht, jede zehnte leidet an einer chronischen\u00a0Schlafst\u00f6rung (Insomnie). Die Folgen zeigen sich auch im Job.","og_url":"https:\/\/news.save.ch\/en\/uebermuedet-im-job-unfallrisiko-fast-doppelt-so-hoch\/","og_site_name":"Save","article_published_time":"2026-03-16T08:41:57+00:00","og_image":[{"width":1000,"height":667,"url":"https:\/\/news.save.ch\/wp-content\/uploads\/2026\/03\/Depositphotos_692777892_S.jpg","type":"image\/jpeg"}],"author":"stefanie Zeng","twitter_card":"summary_large_image","twitter_misc":{"Written by":"stefanie Zeng","Est. reading time":"3 minutes"},"schema":{"@context":"https:\/\/schema.org","@graph":[{"@type":"Article","@id":"https:\/\/news.save.ch\/uebermuedet-im-job-unfallrisiko-fast-doppelt-so-hoch\/#article","isPartOf":{"@id":"https:\/\/news.save.ch\/uebermuedet-im-job-unfallrisiko-fast-doppelt-so-hoch\/"},"author":{"name":"stefanie Zeng","@id":"https:\/\/news.save.ch\/de\/#\/schema\/person\/10917387362b3961e882740f6cf6f2a2"},"headline":"\u00dcberm\u00fcdet im Job: Unfallrisiko fast doppelt so hoch","datePublished":"2026-03-16T08:41:57+00:00","mainEntityOfPage":{"@id":"https:\/\/news.save.ch\/uebermuedet-im-job-unfallrisiko-fast-doppelt-so-hoch\/"},"wordCount":369,"publisher":{"@id":"https:\/\/news.save.ch\/de\/#organization"},"image":{"@id":"https:\/\/news.save.ch\/uebermuedet-im-job-unfallrisiko-fast-doppelt-so-hoch\/#primaryimage"},"thumbnailUrl":"https:\/\/news.save.ch\/wp-content\/uploads\/2026\/03\/Depositphotos_692777892_S.jpg","keywords":["Arbeitsunf\u00e4lle","Insomnie","Schlaflosigkeit"],"articleSection":["HEALTH &amp; SAFETY"],"inLanguage":"en-US"},{"@type":"WebPage","@id":"https:\/\/news.save.ch\/uebermuedet-im-job-unfallrisiko-fast-doppelt-so-hoch\/","url":"https:\/\/news.save.ch\/uebermuedet-im-job-unfallrisiko-fast-doppelt-so-hoch\/","name":"Tired at work: accident risk almost twice as high - Save","isPartOf":{"@id":"https:\/\/news.save.ch\/de\/#website"},"primaryImageOfPage":{"@id":"https:\/\/news.save.ch\/uebermuedet-im-job-unfallrisiko-fast-doppelt-so-hoch\/#primaryimage"},"image":{"@id":"https:\/\/news.save.ch\/uebermuedet-im-job-unfallrisiko-fast-doppelt-so-hoch\/#primaryimage"},"thumbnailUrl":"https:\/\/news.save.ch\/wp-content\/uploads\/2026\/03\/Depositphotos_692777892_S.jpg","datePublished":"2026-03-16T08:41:57+00:00","description":"One in three people sleep poorly and one in ten suffers from a chronic sleep disorder (insomnia). The consequences can also be seen at work.","breadcrumb":{"@id":"https:\/\/news.save.ch\/uebermuedet-im-job-unfallrisiko-fast-doppelt-so-hoch\/#breadcrumb"},"inLanguage":"en-US","potentialAction":[{"@type":"ReadAction","target":["https:\/\/news.save.ch\/uebermuedet-im-job-unfallrisiko-fast-doppelt-so-hoch\/"]}]},{"@type":"ImageObject","inLanguage":"en-US","@id":"https:\/\/news.save.ch\/uebermuedet-im-job-unfallrisiko-fast-doppelt-so-hoch\/#primaryimage","url":"https:\/\/news.save.ch\/wp-content\/uploads\/2026\/03\/Depositphotos_692777892_S.jpg","contentUrl":"https:\/\/news.save.ch\/wp-content\/uploads\/2026\/03\/Depositphotos_692777892_S.jpg","width":1000,"height":667,"caption":"Wer chronisch \u00fcberm\u00fcdet ist, begeht bei der Arbeit mehr Fehler (Foto: depositphotos\/IgorVetushko)"},{"@type":"BreadcrumbList","@id":"https:\/\/news.save.ch\/uebermuedet-im-job-unfallrisiko-fast-doppelt-so-hoch\/#breadcrumb","itemListElement":[{"@type":"ListItem","position":1,"name":"Home","item":"https:\/\/news.save.ch\/de\/"},{"@type":"ListItem","position":2,"name":"\u00dcberm\u00fcdet im Job: Unfallrisiko fast doppelt so hoch"}]},{"@type":"WebSite","@id":"https:\/\/news.save.ch\/de\/#website","url":"https:\/\/news.save.ch\/de\/","name":"Save","description":"Swiss trade journal for safety","publisher":{"@id":"https:\/\/news.save.ch\/de\/#organization"},"potentialAction":[{"@type":"SearchAction","target":{"@type":"EntryPoint","urlTemplate":"https:\/\/news.save.ch\/de\/?s={search_term_string}"},"query-input":{"@type":"PropertyValueSpecification","valueRequired":true,"valueName":"search_term_string"}}],"inLanguage":"en-US"},{"@type":"Organization","@id":"https:\/\/news.save.ch\/de\/#organization","name":"Security Forum","url":"https:\/\/news.save.ch\/de\/","logo":{"@type":"ImageObject","inLanguage":"en-US","@id":"https:\/\/news.save.ch\/de\/#\/schema\/logo\/image\/","url":"https:\/\/news.save.ch\/wp-content\/uploads\/2022\/06\/Logo_SF_2012.png","contentUrl":"https:\/\/news.save.ch\/wp-content\/uploads\/2022\/06\/Logo_SF_2012.png","width":1100,"height":91,"caption":"Sicherheitsforum"},"image":{"@id":"https:\/\/news.save.ch\/de\/#\/schema\/logo\/image\/"}},{"@type":"Person","@id":"https:\/\/news.save.ch\/de\/#\/schema\/person\/10917387362b3961e882740f6cf6f2a2","name":"Stefanie Zeng","image":{"@type":"ImageObject","inLanguage":"en-US","@id":"https:\/\/secure.gravatar.com\/avatar\/eac43faa6e40bb2c41068c95c9d78bbd94c476d5efdff7abaab80bb3ea681e06?s=96&d=mm&r=g","url":"https:\/\/secure.gravatar.com\/avatar\/eac43faa6e40bb2c41068c95c9d78bbd94c476d5efdff7abaab80bb3ea681e06?s=96&d=mm&r=g","contentUrl":"https:\/\/secure.gravatar.com\/avatar\/eac43faa6e40bb2c41068c95c9d78bbd94c476d5efdff7abaab80bb3ea681e06?s=96&d=mm&r=g","caption":"stefanie Zeng"},"url":"https:\/\/news.save.ch\/en\/author\/stefanie-zeng\/"}]}},"_links":{"self":[{"href":"https:\/\/news.save.ch\/en\/wp-json\/wp\/v2\/posts\/25044","targetHints":{"allow":["GET"]}}],"collection":[{"href":"https:\/\/news.save.ch\/en\/wp-json\/wp\/v2\/posts"}],"about":[{"href":"https:\/\/news.save.ch\/en\/wp-json\/wp\/v2\/types\/post"}],"author":[{"embeddable":true,"href":"https:\/\/news.save.ch\/en\/wp-json\/wp\/v2\/users\/31"}],"replies":[{"embeddable":true,"href":"https:\/\/news.save.ch\/en\/wp-json\/wp\/v2\/comments?post=25044"}],"version-history":[{"count":1,"href":"https:\/\/news.save.ch\/en\/wp-json\/wp\/v2\/posts\/25044\/revisions"}],"predecessor-version":[{"id":25046,"href":"https:\/\/news.save.ch\/en\/wp-json\/wp\/v2\/posts\/25044\/revisions\/25046"}],"wp:featuredmedia":[{"embeddable":true,"href":"https:\/\/news.save.ch\/en\/wp-json\/wp\/v2\/media\/25045"}],"wp:attachment":[{"href":"https:\/\/news.save.ch\/en\/wp-json\/wp\/v2\/media?parent=25044"}],"wp:term":[{"taxonomy":"category","embeddable":true,"href":"https:\/\/news.save.ch\/en\/wp-json\/wp\/v2\/categories?post=25044"},{"taxonomy":"post_tag","embeddable":true,"href":"https:\/\/news.save.ch\/en\/wp-json\/wp\/v2\/tags?post=25044"}],"curies":[{"name":"wp","href":"https:\/\/api.w.org\/{rel}","templated":true}]}}