{"id":25150,"date":"2026-04-27T13:31:11","date_gmt":"2026-04-27T11:31:11","guid":{"rendered":"https:\/\/news.save.ch\/?p=25150"},"modified":"2026-04-27T13:31:11","modified_gmt":"2026-04-27T11:31:11","slug":"jubilaeums-gv-von-swiss-safety-im-kkl-luzern","status":null,"type":"post","link":"https:\/\/news.save.ch\/en\/jubilaeums-gv-von-swiss-safety-im-kkl-luzern\/","title":{"rendered":"Anniversary AGM of swiss safety at the KKL Lucerne"},"content":{"rendered":"<figure id=\"attachment_25152\" aria-describedby=\"caption-attachment-25152\" style=\"width: 680px\" class=\"wp-caption alignnone\"><img loading=\"lazy\" decoding=\"async\" class=\"wp-image-25152 size-medium\" src=\"https:\/\/news.save.ch\/wp-content\/uploads\/2026\/04\/Bild_02_DormanLaura_GraberDominique_Ehrenmitglied_MartinClaude-680x510.jpg\" alt=\"\" width=\"680\" height=\"510\" srcset=\"https:\/\/news.save.ch\/wp-content\/uploads\/2026\/04\/Bild_02_DormanLaura_GraberDominique_Ehrenmitglied_MartinClaude-680x510.jpg 680w, https:\/\/news.save.ch\/wp-content\/uploads\/2026\/04\/Bild_02_DormanLaura_GraberDominique_Ehrenmitglied_MartinClaude-1024x768.jpg 1024w, https:\/\/news.save.ch\/wp-content\/uploads\/2026\/04\/Bild_02_DormanLaura_GraberDominique_Ehrenmitglied_MartinClaude-768x576.jpg 768w, https:\/\/news.save.ch\/wp-content\/uploads\/2026\/04\/Bild_02_DormanLaura_GraberDominique_Ehrenmitglied_MartinClaude-1536x1152.jpg 1536w, https:\/\/news.save.ch\/wp-content\/uploads\/2026\/04\/Bild_02_DormanLaura_GraberDominique_Ehrenmitglied_MartinClaude-2048x1536.jpg 2048w, https:\/\/news.save.ch\/wp-content\/uploads\/2026\/04\/Bild_02_DormanLaura_GraberDominique_Ehrenmitglied_MartinClaude-16x12.jpg 16w, https:\/\/news.save.ch\/wp-content\/uploads\/2026\/04\/Bild_02_DormanLaura_GraberDominique_Ehrenmitglied_MartinClaude-375x281.jpg 375w, https:\/\/news.save.ch\/wp-content\/uploads\/2026\/04\/Bild_02_DormanLaura_GraberDominique_Ehrenmitglied_MartinClaude-467x350.jpg 467w, https:\/\/news.save.ch\/wp-content\/uploads\/2026\/04\/Bild_02_DormanLaura_GraberDominique_Ehrenmitglied_MartinClaude-1000x750.jpg 1000w, https:\/\/news.save.ch\/wp-content\/uploads\/2026\/04\/Bild_02_DormanLaura_GraberDominique_Ehrenmitglied_MartinClaude-scaled.jpg 1200w\" sizes=\"auto, (max-width: 680px) 100vw, 680px\" \/><figcaption id=\"caption-attachment-25152\" class=\"wp-caption-text\">Laura Dorman (new President of swiss safety) accompanied by retiring Dominique Graber and honorary member Claude Martin (Photo: Markus Good)<\/figcaption><\/figure>\n<p>The statutory business was dealt with swiftly. The association is on a solid financial footing and can easily cope with the loss budgeted for 2026 due to greater expenditure in the areas of marketing, website and more intensive activities on social media. Membership development was also discussed. Swiss safety currently has 53 active members, eight specialist members, five passive members and five honorary members. swiss safety was also able to continue working on a good basis in terms of communication and cooperation with partner organizations and intensify its relationships.<\/p>\n<h3>Focus of the association's work<\/h3>\n<p>An important focus of the association's work last year was also on the new training concept for members. A new \u00abPPE sales workshop\u00bb was launched for this purpose. There was great interest in the workshop, which was held for the first time. Follow-up events are therefore planned. The e-Toolbox, which was launched by the association a few years ago as an online reference work for the use of personal protective equipment (PPE) and is freely accessible to all interested parties, is also a major focus for the association and offers awareness-raising measures in the market to draw the attention of at-risk employees to the effective use of PPE. The educational videos in particular provide valuable support for training courses and the practical transfer of specialist knowledge.<\/p>\n<figure id=\"attachment_25153\" aria-describedby=\"caption-attachment-25153\" style=\"width: 680px\" class=\"wp-caption alignnone\"><img loading=\"lazy\" decoding=\"async\" class=\"wp-image-25153 size-medium\" src=\"https:\/\/news.save.ch\/wp-content\/uploads\/2026\/04\/Bild_03_GV_swiss_safety_Luzern-680x510.jpg\" alt=\"\" width=\"680\" height=\"510\" srcset=\"https:\/\/news.save.ch\/wp-content\/uploads\/2026\/04\/Bild_03_GV_swiss_safety_Luzern-680x510.jpg 680w, https:\/\/news.save.ch\/wp-content\/uploads\/2026\/04\/Bild_03_GV_swiss_safety_Luzern-1024x768.jpg 1024w, https:\/\/news.save.ch\/wp-content\/uploads\/2026\/04\/Bild_03_GV_swiss_safety_Luzern-768x576.jpg 768w, https:\/\/news.save.ch\/wp-content\/uploads\/2026\/04\/Bild_03_GV_swiss_safety_Luzern-1536x1152.jpg 1536w, https:\/\/news.save.ch\/wp-content\/uploads\/2026\/04\/Bild_03_GV_swiss_safety_Luzern-2048x1536.jpg 2048w, https:\/\/news.save.ch\/wp-content\/uploads\/2026\/04\/Bild_03_GV_swiss_safety_Luzern-16x12.jpg 16w, https:\/\/news.save.ch\/wp-content\/uploads\/2026\/04\/Bild_03_GV_swiss_safety_Luzern-375x281.jpg 375w, https:\/\/news.save.ch\/wp-content\/uploads\/2026\/04\/Bild_03_GV_swiss_safety_Luzern-467x350.jpg 467w, https:\/\/news.save.ch\/wp-content\/uploads\/2026\/04\/Bild_03_GV_swiss_safety_Luzern-1000x750.jpg 1000w, https:\/\/news.save.ch\/wp-content\/uploads\/2026\/04\/Bild_03_GV_swiss_safety_Luzern-scaled.jpg 1200w\" sizes=\"auto, (max-width: 680px) 100vw, 680px\" \/><figcaption id=\"caption-attachment-25153\" class=\"wp-caption-text\">Ordinary part of the swiss safety anniversary General Assembly at the KKL in Lucerne (Photo: Markus Good)<\/figcaption><\/figure>\n<p>&nbsp;<\/p>\n<p>A special moment at the anniversary General Assembly was the retirement of Dominique Graber from the presidency. He had been active as President of the association for almost 15 years and had already been a member of the Board for several years. During this time, he brought a great deal of momentum to the association's work, initiated numerous activities in the interests of swiss safety and successfully implemented these together with the Board. Dominique Graber has now stepped down from his position. His fellow Board member Ralph Jaschek paid tribute to his great commitment in a laudatory speech. Dominique Graber was then appointed as a new honorary member to great applause.<\/p>\n<p>Denis B\u00fcrgi, who had played a key role in shaping the association for more than a decade, was also dismissed from the Board. Her commitment was also honored by fellow Board member Ralph Jaschek in a laudatory speech. The meeting thanked both individuals warmly for their many years of commitment, their services and their solidarity with swiss safety.<\/p>\n<h3>New president elected<\/h3>\n<p>Due to the two departures mentioned above, the elections took center stage. Laura Dorman was elected as the new President of swiss safety. She takes over the presidency from Dominique Graber and will lead the association into the next phase. She describes herself as a passionate PPE enthusiast. Together with the association and all its members, she will continue to work hard to ensure that only certified, high-quality PPE is used and sold in Switzerland. Stefan Bissig from Zeder AG and Lisa Weber from W\u00fcrth AG Switzerland were newly elected to the Board of Directors. The existing Board members Ralf W. Jaschek, Yves Schwarz, Sandro Natuzzi and Alois Benz were re-elected.<\/p>\n<p>The next activities and focal points were presented as part of the annual program. Special attention was also paid to the chronicle of the last 50 years, which documents the development of the association and important milestones in its history.<\/p>\n<p>The anniversary General Assembly was enriched by various messages of welcome. Simon Schnyder from the Swiss Trade Association praised the commitment of swiss safety. He emphasized how important it is that protection does not remain pure theory, but is actually applied in the market with pragmatic solutions. Marcel Knecht from the Swiss Association for Standardization underlined the importance of standards as a basis for quality and safety and as a single but important piece of the puzzle in the area of personal protective equipment. It is also to the credit of swiss safety that its awareness-raising activities and the marketing of certified, high-quality PPE lead to increased safety in the workplace. And Henk Vanhoutte from the European Safety Federation emphasized the importance of a strong network like swiss safety. Especially in a specialized industry, the exchange between members, partners and institutions is central to developing effective solutions together and strengthening safety in the long term.<\/p>\n<figure id=\"attachment_25154\" aria-describedby=\"caption-attachment-25154\" style=\"width: 680px\" class=\"wp-caption alignnone\"><img loading=\"lazy\" decoding=\"async\" class=\"wp-image-25154 size-medium\" src=\"https:\/\/news.save.ch\/wp-content\/uploads\/2026\/04\/Bild_04_Fuehrung_KKL-680x510.jpg\" alt=\"\" width=\"680\" height=\"510\" srcset=\"https:\/\/news.save.ch\/wp-content\/uploads\/2026\/04\/Bild_04_Fuehrung_KKL-680x510.jpg 680w, https:\/\/news.save.ch\/wp-content\/uploads\/2026\/04\/Bild_04_Fuehrung_KKL-1024x768.jpg 1024w, https:\/\/news.save.ch\/wp-content\/uploads\/2026\/04\/Bild_04_Fuehrung_KKL-768x576.jpg 768w, https:\/\/news.save.ch\/wp-content\/uploads\/2026\/04\/Bild_04_Fuehrung_KKL-1536x1152.jpg 1536w, https:\/\/news.save.ch\/wp-content\/uploads\/2026\/04\/Bild_04_Fuehrung_KKL-2048x1536.jpg 2048w, https:\/\/news.save.ch\/wp-content\/uploads\/2026\/04\/Bild_04_Fuehrung_KKL-16x12.jpg 16w, https:\/\/news.save.ch\/wp-content\/uploads\/2026\/04\/Bild_04_Fuehrung_KKL-375x281.jpg 375w, https:\/\/news.save.ch\/wp-content\/uploads\/2026\/04\/Bild_04_Fuehrung_KKL-467x350.jpg 467w, https:\/\/news.save.ch\/wp-content\/uploads\/2026\/04\/Bild_04_Fuehrung_KKL-1000x750.jpg 1000w, https:\/\/news.save.ch\/wp-content\/uploads\/2026\/04\/Bild_04_Fuehrung_KKL-scaled.jpg 1200w\" sizes=\"auto, (max-width: 680px) 100vw, 680px\" \/><figcaption id=\"caption-attachment-25154\" class=\"wp-caption-text\">Guided tour of the KKL on the occasion of the swiss safety AGM (Photo: Markus Good)<\/figcaption><\/figure>\n<p>At its 50th General Assembly, swiss safety not only looked back on half a century of association history, but also set the course for the future. The anniversary meeting at the KKL Lucerne made it clear that the association has a strong network, committed members and a clear focus on practical, effective solutions in the field of personal protective equipment.<\/p>\n<p>After the official part, the participants were given an exciting tour of the KKL Luzern, which provided interesting insights into the architecture, history and operation of the renowned culture and congress center. This was followed by an aperitif, which provided an opportunity for exchange and personal discussions. Afterwards, the celebrations on the ship came to a memorable conclusion with a shared lunch and many stimulating conversations. The \u00ab50 years of swiss safety\u00bb anniversary was thus celebrated in a worthy setting and impressively rounded off.<\/p>","protected":false},"excerpt":{"rendered":"<p>Die statutarischen Gesch\u00e4fte konnten speditiv behandelt werden. Der Verband steht auf einem soliden finanziellen Fundament und kann den f\u00fcr 2026 budgetierten Verlust aufgrund gr\u00f6sserer Aufwendungen im Bereich Marketing, Webauftritt und intensiveren Aktivit\u00e4ten auf Social Media locker verkraften. Auch die Mitgliederentwicklung wurde thematisiert. Swiss safety z\u00e4hlt aktuell 53 Aktivmitglieder, acht Fachmitglieder, f\u00fcnf Passivmitglieder sowie f\u00fcnf Ehrenmitglieder. [&hellip;]<\/p>\n","protected":false},"author":31,"featured_media":0,"comment_status":"closed","ping_status":"closed","sticky":false,"template":"","format":"standard","meta":{"_acf_changed":false,"pgc_sgb_lightbox_settings":"","footnotes":""},"categories":[3317],"tags":[2722,3052],"class_list":["post-25150","post","type-post","status-publish","format-standard","hentry","category-friends","tag-psa","tag-swiss-safety"],"acf":[],"hkrextid":null,"publication":null,"issue":null,"workflow":null,"startPage":null,"spitzmarke":null,"_posts_by_tag_page_fields":null,"_at_widget":null,"_yoast_wpseo_primary_category":"3317","_yoast_wpseo_focuskw_text_input":null,"_yoast_wpseo_opengraph-image":null,"_yoast_wpseo_opengraph-description":null,"_yoast_wpseo_opengraph-title":null,"enclosure":null,"_yoast_wpseo_twitter-title":null,"_yoast_wpseo_twitter-description":null,"_yoast_wpseo_twitter-image":null,"_wp_old_slug":null,"_yoast_wpseo_title":null,"_yoast_wpseo_canonical":null,"yoast_head":"<!-- This site is optimized with the Yoast SEO plugin v27.4 - https:\/\/yoast.com\/product\/yoast-seo-wordpress\/ -->\n<title>Jubil\u00e4ums-GV von swiss safety im KKL Luzern - Save<\/title>\n<meta name=\"description\" content=\"Die 50. Generalversammlung des Branchenverbands swiss safety fand am 24. April 2026 im KKL Luzern statt.\" \/>\n<meta name=\"robots\" content=\"index, follow, max-snippet:-1, max-image-preview:large, max-video-preview:-1\" \/>\n<link rel=\"canonical\" href=\"https:\/\/news.save.ch\/en\/jubilaeums-gv-von-swiss-safety-im-kkl-luzern\/\" \/>\n<meta property=\"og:locale\" content=\"en_US\" \/>\n<meta property=\"og:type\" content=\"article\" \/>\n<meta property=\"og:title\" content=\"Jubil\u00e4ums-GV von swiss safety im KKL Luzern - Save\" \/>\n<meta property=\"og:description\" content=\"Die 50. Generalversammlung des Branchenverbands swiss safety fand am 24. April 2026 im KKL Luzern statt.\" \/>\n<meta property=\"og:url\" content=\"https:\/\/news.save.ch\/en\/jubilaeums-gv-von-swiss-safety-im-kkl-luzern\/\" \/>\n<meta property=\"og:site_name\" content=\"Save\" \/>\n<meta property=\"article:published_time\" content=\"2026-04-27T11:31:11+00:00\" \/>\n<meta property=\"og:image\" content=\"https:\/\/news.save.ch\/wp-content\/uploads\/2026\/04\/Bild_02_DormanLaura_GraberDominique_Ehrenmitglied_MartinClaude-scaled.jpg\" \/>\n\t<meta property=\"og:image:width\" content=\"1200\" \/>\n\t<meta property=\"og:image:height\" content=\"900\" \/>\n\t<meta property=\"og:image:type\" content=\"image\/jpeg\" \/>\n<meta name=\"author\" content=\"stefanie Zeng\" \/>\n<meta name=\"twitter:card\" content=\"summary_large_image\" \/>\n<meta name=\"twitter:label1\" content=\"Written by\" \/>\n\t<meta name=\"twitter:data1\" content=\"stefanie Zeng\" \/>\n\t<meta name=\"twitter:label2\" content=\"Est. reading time\" \/>\n\t<meta name=\"twitter:data2\" content=\"6 minutes\" \/>\n<script type=\"application\/ld+json\" class=\"yoast-schema-graph\">{\"@context\":\"https:\\\/\\\/schema.org\",\"@graph\":[{\"@type\":\"Article\",\"@id\":\"https:\\\/\\\/news.save.ch\\\/jubilaeums-gv-von-swiss-safety-im-kkl-luzern\\\/#article\",\"isPartOf\":{\"@id\":\"https:\\\/\\\/news.save.ch\\\/jubilaeums-gv-von-swiss-safety-im-kkl-luzern\\\/\"},\"author\":{\"name\":\"stefanie Zeng\",\"@id\":\"https:\\\/\\\/news.save.ch\\\/de\\\/#\\\/schema\\\/person\\\/10917387362b3961e882740f6cf6f2a2\"},\"headline\":\"Jubil\u00e4ums-GV von swiss safety im KKL Luzern\",\"datePublished\":\"2026-04-27T11:31:11+00:00\",\"mainEntityOfPage\":{\"@id\":\"https:\\\/\\\/news.save.ch\\\/jubilaeums-gv-von-swiss-safety-im-kkl-luzern\\\/\"},\"wordCount\":886,\"publisher\":{\"@id\":\"https:\\\/\\\/news.save.ch\\\/de\\\/#organization\"},\"image\":{\"@id\":\"https:\\\/\\\/news.save.ch\\\/jubilaeums-gv-von-swiss-safety-im-kkl-luzern\\\/#primaryimage\"},\"thumbnailUrl\":\"https:\\\/\\\/news.save.ch\\\/wp-content\\\/uploads\\\/2026\\\/04\\\/Bild_02_DormanLaura_GraberDominique_Ehrenmitglied_MartinClaude-680x510.jpg\",\"keywords\":[\"PSA\",\"Swiss Safety\"],\"articleSection\":[\"FRIENDS\"],\"inLanguage\":\"en-US\"},{\"@type\":\"WebPage\",\"@id\":\"https:\\\/\\\/news.save.ch\\\/jubilaeums-gv-von-swiss-safety-im-kkl-luzern\\\/\",\"url\":\"https:\\\/\\\/news.save.ch\\\/jubilaeums-gv-von-swiss-safety-im-kkl-luzern\\\/\",\"name\":\"Jubil\u00e4ums-GV von swiss safety im KKL Luzern - Save\",\"isPartOf\":{\"@id\":\"https:\\\/\\\/news.save.ch\\\/de\\\/#website\"},\"primaryImageOfPage\":{\"@id\":\"https:\\\/\\\/news.save.ch\\\/jubilaeums-gv-von-swiss-safety-im-kkl-luzern\\\/#primaryimage\"},\"image\":{\"@id\":\"https:\\\/\\\/news.save.ch\\\/jubilaeums-gv-von-swiss-safety-im-kkl-luzern\\\/#primaryimage\"},\"thumbnailUrl\":\"https:\\\/\\\/news.save.ch\\\/wp-content\\\/uploads\\\/2026\\\/04\\\/Bild_02_DormanLaura_GraberDominique_Ehrenmitglied_MartinClaude-680x510.jpg\",\"datePublished\":\"2026-04-27T11:31:11+00:00\",\"description\":\"Die 50. Generalversammlung des Branchenverbands swiss safety fand am 24. April 2026 im KKL Luzern statt.\",\"breadcrumb\":{\"@id\":\"https:\\\/\\\/news.save.ch\\\/jubilaeums-gv-von-swiss-safety-im-kkl-luzern\\\/#breadcrumb\"},\"inLanguage\":\"en-US\",\"potentialAction\":[{\"@type\":\"ReadAction\",\"target\":[\"https:\\\/\\\/news.save.ch\\\/jubilaeums-gv-von-swiss-safety-im-kkl-luzern\\\/\"]}]},{\"@type\":\"ImageObject\",\"inLanguage\":\"en-US\",\"@id\":\"https:\\\/\\\/news.save.ch\\\/jubilaeums-gv-von-swiss-safety-im-kkl-luzern\\\/#primaryimage\",\"url\":\"https:\\\/\\\/news.save.ch\\\/wp-content\\\/uploads\\\/2026\\\/04\\\/Bild_02_DormanLaura_GraberDominique_Ehrenmitglied_MartinClaude-680x510.jpg\",\"contentUrl\":\"https:\\\/\\\/news.save.ch\\\/wp-content\\\/uploads\\\/2026\\\/04\\\/Bild_02_DormanLaura_GraberDominique_Ehrenmitglied_MartinClaude-680x510.jpg\"},{\"@type\":\"BreadcrumbList\",\"@id\":\"https:\\\/\\\/news.save.ch\\\/jubilaeums-gv-von-swiss-safety-im-kkl-luzern\\\/#breadcrumb\",\"itemListElement\":[{\"@type\":\"ListItem\",\"position\":1,\"name\":\"Home\",\"item\":\"https:\\\/\\\/news.save.ch\\\/de\\\/\"},{\"@type\":\"ListItem\",\"position\":2,\"name\":\"Jubil\u00e4ums-GV von swiss safety im KKL Luzern\"}]},{\"@type\":\"WebSite\",\"@id\":\"https:\\\/\\\/news.save.ch\\\/de\\\/#website\",\"url\":\"https:\\\/\\\/news.save.ch\\\/de\\\/\",\"name\":\"Save\",\"description\":\"Schweizer Fachzeitschrift f\u00fcr Sicherheit\",\"publisher\":{\"@id\":\"https:\\\/\\\/news.save.ch\\\/de\\\/#organization\"},\"potentialAction\":[{\"@type\":\"SearchAction\",\"target\":{\"@type\":\"EntryPoint\",\"urlTemplate\":\"https:\\\/\\\/news.save.ch\\\/de\\\/?s={search_term_string}\"},\"query-input\":{\"@type\":\"PropertyValueSpecification\",\"valueRequired\":true,\"valueName\":\"search_term_string\"}}],\"inLanguage\":\"en-US\"},{\"@type\":\"Organization\",\"@id\":\"https:\\\/\\\/news.save.ch\\\/de\\\/#organization\",\"name\":\"Sicherheitsforum\",\"url\":\"https:\\\/\\\/news.save.ch\\\/de\\\/\",\"logo\":{\"@type\":\"ImageObject\",\"inLanguage\":\"en-US\",\"@id\":\"https:\\\/\\\/news.save.ch\\\/de\\\/#\\\/schema\\\/logo\\\/image\\\/\",\"url\":\"https:\\\/\\\/news.save.ch\\\/wp-content\\\/uploads\\\/2022\\\/06\\\/Logo_SF_2012.png\",\"contentUrl\":\"https:\\\/\\\/news.save.ch\\\/wp-content\\\/uploads\\\/2022\\\/06\\\/Logo_SF_2012.png\",\"width\":1100,\"height\":91,\"caption\":\"Sicherheitsforum\"},\"image\":{\"@id\":\"https:\\\/\\\/news.save.ch\\\/de\\\/#\\\/schema\\\/logo\\\/image\\\/\"}},{\"@type\":\"Person\",\"@id\":\"https:\\\/\\\/news.save.ch\\\/de\\\/#\\\/schema\\\/person\\\/10917387362b3961e882740f6cf6f2a2\",\"name\":\"stefanie Zeng\",\"image\":{\"@type\":\"ImageObject\",\"inLanguage\":\"en-US\",\"@id\":\"https:\\\/\\\/secure.gravatar.com\\\/avatar\\\/eac43faa6e40bb2c41068c95c9d78bbd94c476d5efdff7abaab80bb3ea681e06?s=96&d=mm&r=g\",\"url\":\"https:\\\/\\\/secure.gravatar.com\\\/avatar\\\/eac43faa6e40bb2c41068c95c9d78bbd94c476d5efdff7abaab80bb3ea681e06?s=96&d=mm&r=g\",\"contentUrl\":\"https:\\\/\\\/secure.gravatar.com\\\/avatar\\\/eac43faa6e40bb2c41068c95c9d78bbd94c476d5efdff7abaab80bb3ea681e06?s=96&d=mm&r=g\",\"caption\":\"stefanie Zeng\"},\"url\":\"https:\\\/\\\/news.save.ch\\\/en\\\/author\\\/stefanie-zeng\\\/\"}]}<\/script>\n<!-- \/ Yoast SEO plugin. -->","yoast_head_json":{"title":"Anniversary AGM of swiss safety at the KKL Lucerne - Save","description":"The 50th General Assembly of the swiss safety industry association took place on April 24, 2026 at the KKL Lucerne.","robots":{"index":"index","follow":"follow","max-snippet":"max-snippet:-1","max-image-preview":"max-image-preview:large","max-video-preview":"max-video-preview:-1"},"canonical":"https:\/\/news.save.ch\/en\/jubilaeums-gv-von-swiss-safety-im-kkl-luzern\/","og_locale":"en_US","og_type":"article","og_title":"Jubil\u00e4ums-GV von swiss safety im KKL Luzern - Save","og_description":"Die 50. Generalversammlung des Branchenverbands swiss safety fand am 24. April 2026 im KKL Luzern statt.","og_url":"https:\/\/news.save.ch\/en\/jubilaeums-gv-von-swiss-safety-im-kkl-luzern\/","og_site_name":"Save","article_published_time":"2026-04-27T11:31:11+00:00","og_image":[{"width":1200,"height":900,"url":"https:\/\/news.save.ch\/wp-content\/uploads\/2026\/04\/Bild_02_DormanLaura_GraberDominique_Ehrenmitglied_MartinClaude-scaled.jpg","type":"image\/jpeg"}],"author":"stefanie Zeng","twitter_card":"summary_large_image","twitter_misc":{"Written by":"stefanie Zeng","Est. reading time":"6 minutes"},"schema":{"@context":"https:\/\/schema.org","@graph":[{"@type":"Article","@id":"https:\/\/news.save.ch\/jubilaeums-gv-von-swiss-safety-im-kkl-luzern\/#article","isPartOf":{"@id":"https:\/\/news.save.ch\/jubilaeums-gv-von-swiss-safety-im-kkl-luzern\/"},"author":{"name":"stefanie Zeng","@id":"https:\/\/news.save.ch\/de\/#\/schema\/person\/10917387362b3961e882740f6cf6f2a2"},"headline":"Jubil\u00e4ums-GV von swiss safety im KKL Luzern","datePublished":"2026-04-27T11:31:11+00:00","mainEntityOfPage":{"@id":"https:\/\/news.save.ch\/jubilaeums-gv-von-swiss-safety-im-kkl-luzern\/"},"wordCount":886,"publisher":{"@id":"https:\/\/news.save.ch\/de\/#organization"},"image":{"@id":"https:\/\/news.save.ch\/jubilaeums-gv-von-swiss-safety-im-kkl-luzern\/#primaryimage"},"thumbnailUrl":"https:\/\/news.save.ch\/wp-content\/uploads\/2026\/04\/Bild_02_DormanLaura_GraberDominique_Ehrenmitglied_MartinClaude-680x510.jpg","keywords":["PSA","Swiss Safety"],"articleSection":["FRIENDS"],"inLanguage":"en-US"},{"@type":"WebPage","@id":"https:\/\/news.save.ch\/jubilaeums-gv-von-swiss-safety-im-kkl-luzern\/","url":"https:\/\/news.save.ch\/jubilaeums-gv-von-swiss-safety-im-kkl-luzern\/","name":"Anniversary AGM of swiss safety at the KKL Lucerne - Save","isPartOf":{"@id":"https:\/\/news.save.ch\/de\/#website"},"primaryImageOfPage":{"@id":"https:\/\/news.save.ch\/jubilaeums-gv-von-swiss-safety-im-kkl-luzern\/#primaryimage"},"image":{"@id":"https:\/\/news.save.ch\/jubilaeums-gv-von-swiss-safety-im-kkl-luzern\/#primaryimage"},"thumbnailUrl":"https:\/\/news.save.ch\/wp-content\/uploads\/2026\/04\/Bild_02_DormanLaura_GraberDominique_Ehrenmitglied_MartinClaude-680x510.jpg","datePublished":"2026-04-27T11:31:11+00:00","description":"The 50th General Assembly of the swiss safety industry association took place on April 24, 2026 at the KKL Lucerne.","breadcrumb":{"@id":"https:\/\/news.save.ch\/jubilaeums-gv-von-swiss-safety-im-kkl-luzern\/#breadcrumb"},"inLanguage":"en-US","potentialAction":[{"@type":"ReadAction","target":["https:\/\/news.save.ch\/jubilaeums-gv-von-swiss-safety-im-kkl-luzern\/"]}]},{"@type":"ImageObject","inLanguage":"en-US","@id":"https:\/\/news.save.ch\/jubilaeums-gv-von-swiss-safety-im-kkl-luzern\/#primaryimage","url":"https:\/\/news.save.ch\/wp-content\/uploads\/2026\/04\/Bild_02_DormanLaura_GraberDominique_Ehrenmitglied_MartinClaude-680x510.jpg","contentUrl":"https:\/\/news.save.ch\/wp-content\/uploads\/2026\/04\/Bild_02_DormanLaura_GraberDominique_Ehrenmitglied_MartinClaude-680x510.jpg"},{"@type":"BreadcrumbList","@id":"https:\/\/news.save.ch\/jubilaeums-gv-von-swiss-safety-im-kkl-luzern\/#breadcrumb","itemListElement":[{"@type":"ListItem","position":1,"name":"Home","item":"https:\/\/news.save.ch\/de\/"},{"@type":"ListItem","position":2,"name":"Jubil\u00e4ums-GV von swiss safety im KKL Luzern"}]},{"@type":"WebSite","@id":"https:\/\/news.save.ch\/de\/#website","url":"https:\/\/news.save.ch\/de\/","name":"Save","description":"Swiss trade journal for safety","publisher":{"@id":"https:\/\/news.save.ch\/de\/#organization"},"potentialAction":[{"@type":"SearchAction","target":{"@type":"EntryPoint","urlTemplate":"https:\/\/news.save.ch\/de\/?s={search_term_string}"},"query-input":{"@type":"PropertyValueSpecification","valueRequired":true,"valueName":"search_term_string"}}],"inLanguage":"en-US"},{"@type":"Organization","@id":"https:\/\/news.save.ch\/de\/#organization","name":"Security Forum","url":"https:\/\/news.save.ch\/de\/","logo":{"@type":"ImageObject","inLanguage":"en-US","@id":"https:\/\/news.save.ch\/de\/#\/schema\/logo\/image\/","url":"https:\/\/news.save.ch\/wp-content\/uploads\/2022\/06\/Logo_SF_2012.png","contentUrl":"https:\/\/news.save.ch\/wp-content\/uploads\/2022\/06\/Logo_SF_2012.png","width":1100,"height":91,"caption":"Sicherheitsforum"},"image":{"@id":"https:\/\/news.save.ch\/de\/#\/schema\/logo\/image\/"}},{"@type":"Person","@id":"https:\/\/news.save.ch\/de\/#\/schema\/person\/10917387362b3961e882740f6cf6f2a2","name":"Stefanie Zeng","image":{"@type":"ImageObject","inLanguage":"en-US","@id":"https:\/\/secure.gravatar.com\/avatar\/eac43faa6e40bb2c41068c95c9d78bbd94c476d5efdff7abaab80bb3ea681e06?s=96&d=mm&r=g","url":"https:\/\/secure.gravatar.com\/avatar\/eac43faa6e40bb2c41068c95c9d78bbd94c476d5efdff7abaab80bb3ea681e06?s=96&d=mm&r=g","contentUrl":"https:\/\/secure.gravatar.com\/avatar\/eac43faa6e40bb2c41068c95c9d78bbd94c476d5efdff7abaab80bb3ea681e06?s=96&d=mm&r=g","caption":"stefanie Zeng"},"url":"https:\/\/news.save.ch\/en\/author\/stefanie-zeng\/"}]}},"_links":{"self":[{"href":"https:\/\/news.save.ch\/en\/wp-json\/wp\/v2\/posts\/25150","targetHints":{"allow":["GET"]}}],"collection":[{"href":"https:\/\/news.save.ch\/en\/wp-json\/wp\/v2\/posts"}],"about":[{"href":"https:\/\/news.save.ch\/en\/wp-json\/wp\/v2\/types\/post"}],"author":[{"embeddable":true,"href":"https:\/\/news.save.ch\/en\/wp-json\/wp\/v2\/users\/31"}],"replies":[{"embeddable":true,"href":"https:\/\/news.save.ch\/en\/wp-json\/wp\/v2\/comments?post=25150"}],"version-history":[{"count":1,"href":"https:\/\/news.save.ch\/en\/wp-json\/wp\/v2\/posts\/25150\/revisions"}],"predecessor-version":[{"id":25156,"href":"https:\/\/news.save.ch\/en\/wp-json\/wp\/v2\/posts\/25150\/revisions\/25156"}],"wp:attachment":[{"href":"https:\/\/news.save.ch\/en\/wp-json\/wp\/v2\/media?parent=25150"}],"wp:term":[{"taxonomy":"category","embeddable":true,"href":"https:\/\/news.save.ch\/en\/wp-json\/wp\/v2\/categories?post=25150"},{"taxonomy":"post_tag","embeddable":true,"href":"https:\/\/news.save.ch\/en\/wp-json\/wp\/v2\/tags?post=25150"}],"curies":[{"name":"wp","href":"https:\/\/api.w.org\/{rel}","templated":true}]}}