{"id":25157,"date":"2026-04-28T10:33:37","date_gmt":"2026-04-28T08:33:37","guid":{"rendered":"https:\/\/news.save.ch\/?p=25157"},"modified":"2026-04-28T10:33:37","modified_gmt":"2026-04-28T08:33:37","slug":"organisierte-kriminalitaet-fedpol-jahresbericht-2025","status":null,"type":"post","link":"https:\/\/news.save.ch\/en\/organisierte-kriminalitaet-fedpol-jahresbericht-2025\/","title":{"rendered":"Organized crime: fedpol annual report 2025"},"content":{"rendered":"<section id=\"doc-1jm5dojgg0\" class=\"hero hero--default\">\n<div class=\"container container--grid gap--responsive\">\n<div class=\"hero__content\">\n<figure id=\"attachment_25158\" aria-describedby=\"caption-attachment-25158\" style=\"width: 680px\" class=\"wp-caption alignnone\"><img loading=\"lazy\" decoding=\"async\" class=\"size-medium wp-image-25158\" src=\"https:\/\/news.save.ch\/wp-content\/uploads\/2026\/04\/Depositphotos_593207568_S-680x367.jpg\" alt=\"\" width=\"680\" height=\"367\" srcset=\"https:\/\/news.save.ch\/wp-content\/uploads\/2026\/04\/Depositphotos_593207568_S-680x367.jpg 680w, https:\/\/news.save.ch\/wp-content\/uploads\/2026\/04\/Depositphotos_593207568_S-768x414.jpg 768w, https:\/\/news.save.ch\/wp-content\/uploads\/2026\/04\/Depositphotos_593207568_S-18x10.jpg 18w, https:\/\/news.save.ch\/wp-content\/uploads\/2026\/04\/Depositphotos_593207568_S-375x202.jpg 375w, https:\/\/news.save.ch\/wp-content\/uploads\/2026\/04\/Depositphotos_593207568_S-649x350.jpg 649w, https:\/\/news.save.ch\/wp-content\/uploads\/2026\/04\/Depositphotos_593207568_S.jpg 1000w\" sizes=\"auto, (max-width: 680px) 100vw, 680px\" \/><figcaption id=\"caption-attachment-25158\" class=\"wp-caption-text\">Photo: depositphotos\/4kclips<\/figcaption><\/figure>\n<p>&nbsp;<\/p>\n<p class=\"font--regular hero__description\">\n<\/div>\n<\/div>\n<\/section>\n<section class=\"section section--default\">\n<div class=\"container container--grid gap--responsive\">\n<div class=\"container__center--xs vertical-spacing\">\n<p id=\"doc-1jm5dpf660\" class=\"font--regular\">Human traffickers who exploit their victims in areas such as sex work; criminal organizations that launder illegal funds by investing in real estate and luxury goods; cyber criminals who target Swiss websites and young people who are recruited for criminal acts via social media. Organized crime (OC) has many faces - fedpol is taking decisive action against it.<\/p>\n<p id=\"doc-1jm5ds8ub0\" class=\"font--regular\">This is demonstrated by the cases in which the Annual Report 2025 provides an in-depth insight. It sheds light on cooperation with partner authorities, presents key police work tools and provides an outlook for the current year. This includes the development of the National Action Plan to combat organized crime by the end of 2026.<\/p>\n<h3 id=\"doc-1jm5e42540\" class=\"h2\">From international searches and state visits to parcel bombs<\/h3>\n<p id=\"doc-1jm5ds8ud0\" class=\"font--regular\">In addition to combating OC, fedpol is active in other areas of internal security in Switzerland:<\/p>\n<ul id=\"doc-1jm5dsf170\" class=\"list list--default\" title=\"\">\n<li>An internationally wanted suspect lived under various aliases in several European countries - until he was identified and arrested in Switzerland thanks to reliable biometric information systems.<\/li>\n<li>Against the backdrop of geopolitical tensions, Switzerland is particularly challenged as a diplomatic hub: 1305 persons protected under international law were protected by fedpol and its partner authorities in 2025.<\/li>\n<li>Following extortion and bomb attacks in the watch sector in Geneva, fedpol and the cantonal police of Geneva formed a joint task force. As part of the international cooperation, specialists from Europol were called in, among others. Modern analysis tools for tracking cryptocurrency transactions made a decisive contribution to the success of the investigation.<\/li>\n<\/ul>\n<p id=\"doc-1jm5ds8uf1\" class=\"font--regular\">These and other examples show: National and international cooperation is key to fighting crime effectively. This is also confirmed by the figures in the 2025 Annual Report: thousands of search hits in the Schengen Information System, several hundred entry bans and over 20,000 suspicious activity reports in connection with money laundering, terrorist financing and funds of criminal origin.<\/p>\n<p id=\"doc-1jm5ds8uf2\" class=\"font--regular\">You can find the fedpol Annual Report 2025 here: <em><a class=\"link--external\" href=\"https:\/\/fedpol.report\/de\/\" target=\"_blank\" rel=\"external noopener\" aria-label=\"fedpol.report\/en\/ Open link in a new tab\">fedpol.report\/en<\/a><\/em><\/p>\n<\/div>\n<\/div>\n<\/section>","protected":false},"excerpt":{"rendered":"<p>&nbsp; Menschenh\u00e4ndler, die ihre Opfer unter anderem in der Sexarbeit ausbeuten; kriminelle Organisationen, die illegale Gelder waschen, indem sie in Immobilien und Luxusg\u00fcter investieren; Cyberkriminelle, die gezielt Schweizer Webseiten angreifen und Jugendliche, die \u00fcber soziale Medien f\u00fcr Straftaten rekrutiert werden. Die Organisierte Kriminalit\u00e4t (OK) hat viele Gesichter &#8211; fedpol geht entschieden dagegen vor. Dies belegen [&hellip;]<\/p>\n","protected":false},"author":31,"featured_media":0,"comment_status":"closed","ping_status":"closed","sticky":false,"template":"","format":"standard","meta":{"_acf_changed":false,"pgc_sgb_lightbox_settings":"","footnotes":""},"categories":[3312],"tags":[4107,6529],"class_list":["post-25157","post","type-post","status-publish","format-standard","hentry","category-sicherheit","tag-bundesamt-fuer-polizei-fedpol","tag-organisierte-kriminalitaet"],"acf":[],"hkrextid":null,"publication":null,"issue":null,"workflow":null,"startPage":null,"spitzmarke":null,"_posts_by_tag_page_fields":null,"_at_widget":null,"_yoast_wpseo_primary_category":"3312","_yoast_wpseo_focuskw_text_input":null,"_yoast_wpseo_opengraph-image":null,"_yoast_wpseo_opengraph-description":null,"_yoast_wpseo_opengraph-title":null,"enclosure":null,"_yoast_wpseo_twitter-title":null,"_yoast_wpseo_twitter-description":null,"_yoast_wpseo_twitter-image":null,"_wp_old_slug":null,"_yoast_wpseo_title":null,"_yoast_wpseo_canonical":null,"yoast_head":"<!-- This site is optimized with the Yoast SEO plugin v27.4 - https:\/\/yoast.com\/product\/yoast-seo-wordpress\/ -->\n<title>Organisierte Kriminalit\u00e4t: fedpol Jahresbericht 2025 - Save<\/title>\n<meta name=\"description\" content=\"Der fedpol-Jahresbericht gibt Einblick in F\u00e4lle, Operationen und Zahlen zur Arbeit des Bundesamts f\u00fcr Polizei (fedpol) \u2013 mit besonderem Fokus auf die Bek\u00e4mpfung der Organisierten Kriminalit\u00e4t.\" \/>\n<meta name=\"robots\" content=\"index, follow, max-snippet:-1, max-image-preview:large, max-video-preview:-1\" \/>\n<link rel=\"canonical\" href=\"https:\/\/news.save.ch\/en\/organisierte-kriminalitaet-fedpol-jahresbericht-2025\/\" \/>\n<meta property=\"og:locale\" content=\"en_US\" \/>\n<meta property=\"og:type\" content=\"article\" \/>\n<meta property=\"og:title\" content=\"Organisierte Kriminalit\u00e4t: fedpol Jahresbericht 2025 - Save\" \/>\n<meta property=\"og:description\" content=\"Der fedpol-Jahresbericht gibt Einblick in F\u00e4lle, Operationen und Zahlen zur Arbeit des Bundesamts f\u00fcr Polizei (fedpol) \u2013 mit besonderem Fokus auf die Bek\u00e4mpfung der Organisierten Kriminalit\u00e4t.\" \/>\n<meta property=\"og:url\" content=\"https:\/\/news.save.ch\/en\/organisierte-kriminalitaet-fedpol-jahresbericht-2025\/\" \/>\n<meta property=\"og:site_name\" content=\"Save\" \/>\n<meta property=\"article:published_time\" content=\"2026-04-28T08:33:37+00:00\" \/>\n<meta property=\"og:image\" content=\"https:\/\/news.save.ch\/wp-content\/uploads\/2026\/04\/Depositphotos_593207568_S.jpg\" \/>\n\t<meta property=\"og:image:width\" content=\"1000\" \/>\n\t<meta property=\"og:image:height\" content=\"539\" \/>\n\t<meta property=\"og:image:type\" content=\"image\/jpeg\" \/>\n<meta name=\"author\" content=\"stefanie Zeng\" \/>\n<meta name=\"twitter:card\" content=\"summary_large_image\" \/>\n<meta name=\"twitter:label1\" content=\"Written by\" \/>\n\t<meta name=\"twitter:data1\" content=\"stefanie Zeng\" \/>\n\t<meta name=\"twitter:label2\" content=\"Est. reading time\" \/>\n\t<meta name=\"twitter:data2\" content=\"2 minutes\" \/>\n<script type=\"application\/ld+json\" class=\"yoast-schema-graph\">{\"@context\":\"https:\\\/\\\/schema.org\",\"@graph\":[{\"@type\":\"Article\",\"@id\":\"https:\\\/\\\/news.save.ch\\\/organisierte-kriminalitaet-fedpol-jahresbericht-2025\\\/#article\",\"isPartOf\":{\"@id\":\"https:\\\/\\\/news.save.ch\\\/organisierte-kriminalitaet-fedpol-jahresbericht-2025\\\/\"},\"author\":{\"name\":\"stefanie Zeng\",\"@id\":\"https:\\\/\\\/news.save.ch\\\/de\\\/#\\\/schema\\\/person\\\/10917387362b3961e882740f6cf6f2a2\"},\"headline\":\"Organisierte Kriminalit\u00e4t: fedpol Jahresbericht 2025\",\"datePublished\":\"2026-04-28T08:33:37+00:00\",\"mainEntityOfPage\":{\"@id\":\"https:\\\/\\\/news.save.ch\\\/organisierte-kriminalitaet-fedpol-jahresbericht-2025\\\/\"},\"wordCount\":307,\"publisher\":{\"@id\":\"https:\\\/\\\/news.save.ch\\\/de\\\/#organization\"},\"image\":{\"@id\":\"https:\\\/\\\/news.save.ch\\\/organisierte-kriminalitaet-fedpol-jahresbericht-2025\\\/#primaryimage\"},\"thumbnailUrl\":\"https:\\\/\\\/news.save.ch\\\/wp-content\\\/uploads\\\/2026\\\/04\\\/Depositphotos_593207568_S-680x367.jpg\",\"keywords\":[\"Bundesamt f\u00fcr Polizei (Fedpol)\",\"Organisierte Kriminalit\u00e4t\"],\"articleSection\":[\"SICHERHEIT\"],\"inLanguage\":\"en-US\"},{\"@type\":\"WebPage\",\"@id\":\"https:\\\/\\\/news.save.ch\\\/organisierte-kriminalitaet-fedpol-jahresbericht-2025\\\/\",\"url\":\"https:\\\/\\\/news.save.ch\\\/organisierte-kriminalitaet-fedpol-jahresbericht-2025\\\/\",\"name\":\"Organisierte Kriminalit\u00e4t: fedpol Jahresbericht 2025 - Save\",\"isPartOf\":{\"@id\":\"https:\\\/\\\/news.save.ch\\\/de\\\/#website\"},\"primaryImageOfPage\":{\"@id\":\"https:\\\/\\\/news.save.ch\\\/organisierte-kriminalitaet-fedpol-jahresbericht-2025\\\/#primaryimage\"},\"image\":{\"@id\":\"https:\\\/\\\/news.save.ch\\\/organisierte-kriminalitaet-fedpol-jahresbericht-2025\\\/#primaryimage\"},\"thumbnailUrl\":\"https:\\\/\\\/news.save.ch\\\/wp-content\\\/uploads\\\/2026\\\/04\\\/Depositphotos_593207568_S-680x367.jpg\",\"datePublished\":\"2026-04-28T08:33:37+00:00\",\"description\":\"Der fedpol-Jahresbericht gibt Einblick in F\u00e4lle, Operationen und Zahlen zur Arbeit des Bundesamts f\u00fcr Polizei (fedpol) \u2013 mit besonderem Fokus auf die Bek\u00e4mpfung der Organisierten Kriminalit\u00e4t.\",\"breadcrumb\":{\"@id\":\"https:\\\/\\\/news.save.ch\\\/organisierte-kriminalitaet-fedpol-jahresbericht-2025\\\/#breadcrumb\"},\"inLanguage\":\"en-US\",\"potentialAction\":[{\"@type\":\"ReadAction\",\"target\":[\"https:\\\/\\\/news.save.ch\\\/organisierte-kriminalitaet-fedpol-jahresbericht-2025\\\/\"]}]},{\"@type\":\"ImageObject\",\"inLanguage\":\"en-US\",\"@id\":\"https:\\\/\\\/news.save.ch\\\/organisierte-kriminalitaet-fedpol-jahresbericht-2025\\\/#primaryimage\",\"url\":\"https:\\\/\\\/news.save.ch\\\/wp-content\\\/uploads\\\/2026\\\/04\\\/Depositphotos_593207568_S-680x367.jpg\",\"contentUrl\":\"https:\\\/\\\/news.save.ch\\\/wp-content\\\/uploads\\\/2026\\\/04\\\/Depositphotos_593207568_S-680x367.jpg\"},{\"@type\":\"BreadcrumbList\",\"@id\":\"https:\\\/\\\/news.save.ch\\\/organisierte-kriminalitaet-fedpol-jahresbericht-2025\\\/#breadcrumb\",\"itemListElement\":[{\"@type\":\"ListItem\",\"position\":1,\"name\":\"Home\",\"item\":\"https:\\\/\\\/news.save.ch\\\/de\\\/\"},{\"@type\":\"ListItem\",\"position\":2,\"name\":\"Organisierte Kriminalit\u00e4t: fedpol Jahresbericht 2025\"}]},{\"@type\":\"WebSite\",\"@id\":\"https:\\\/\\\/news.save.ch\\\/de\\\/#website\",\"url\":\"https:\\\/\\\/news.save.ch\\\/de\\\/\",\"name\":\"Save\",\"description\":\"Schweizer Fachzeitschrift f\u00fcr Sicherheit\",\"publisher\":{\"@id\":\"https:\\\/\\\/news.save.ch\\\/de\\\/#organization\"},\"potentialAction\":[{\"@type\":\"SearchAction\",\"target\":{\"@type\":\"EntryPoint\",\"urlTemplate\":\"https:\\\/\\\/news.save.ch\\\/de\\\/?s={search_term_string}\"},\"query-input\":{\"@type\":\"PropertyValueSpecification\",\"valueRequired\":true,\"valueName\":\"search_term_string\"}}],\"inLanguage\":\"en-US\"},{\"@type\":\"Organization\",\"@id\":\"https:\\\/\\\/news.save.ch\\\/de\\\/#organization\",\"name\":\"Sicherheitsforum\",\"url\":\"https:\\\/\\\/news.save.ch\\\/de\\\/\",\"logo\":{\"@type\":\"ImageObject\",\"inLanguage\":\"en-US\",\"@id\":\"https:\\\/\\\/news.save.ch\\\/de\\\/#\\\/schema\\\/logo\\\/image\\\/\",\"url\":\"https:\\\/\\\/news.save.ch\\\/wp-content\\\/uploads\\\/2022\\\/06\\\/Logo_SF_2012.png\",\"contentUrl\":\"https:\\\/\\\/news.save.ch\\\/wp-content\\\/uploads\\\/2022\\\/06\\\/Logo_SF_2012.png\",\"width\":1100,\"height\":91,\"caption\":\"Sicherheitsforum\"},\"image\":{\"@id\":\"https:\\\/\\\/news.save.ch\\\/de\\\/#\\\/schema\\\/logo\\\/image\\\/\"}},{\"@type\":\"Person\",\"@id\":\"https:\\\/\\\/news.save.ch\\\/de\\\/#\\\/schema\\\/person\\\/10917387362b3961e882740f6cf6f2a2\",\"name\":\"stefanie Zeng\",\"image\":{\"@type\":\"ImageObject\",\"inLanguage\":\"en-US\",\"@id\":\"https:\\\/\\\/secure.gravatar.com\\\/avatar\\\/eac43faa6e40bb2c41068c95c9d78bbd94c476d5efdff7abaab80bb3ea681e06?s=96&d=mm&r=g\",\"url\":\"https:\\\/\\\/secure.gravatar.com\\\/avatar\\\/eac43faa6e40bb2c41068c95c9d78bbd94c476d5efdff7abaab80bb3ea681e06?s=96&d=mm&r=g\",\"contentUrl\":\"https:\\\/\\\/secure.gravatar.com\\\/avatar\\\/eac43faa6e40bb2c41068c95c9d78bbd94c476d5efdff7abaab80bb3ea681e06?s=96&d=mm&r=g\",\"caption\":\"stefanie Zeng\"},\"url\":\"https:\\\/\\\/news.save.ch\\\/en\\\/author\\\/stefanie-zeng\\\/\"}]}<\/script>\n<!-- \/ Yoast SEO plugin. -->","yoast_head_json":{"title":"Organized crime: fedpol annual report 2025 - Save","description":"The fedpol annual report provides an insight into cases, operations and figures on the work of the Federal Office of Police (fedpol) - with a particular focus on the fight against organized crime.","robots":{"index":"index","follow":"follow","max-snippet":"max-snippet:-1","max-image-preview":"max-image-preview:large","max-video-preview":"max-video-preview:-1"},"canonical":"https:\/\/news.save.ch\/en\/organisierte-kriminalitaet-fedpol-jahresbericht-2025\/","og_locale":"en_US","og_type":"article","og_title":"Organisierte Kriminalit\u00e4t: fedpol Jahresbericht 2025 - Save","og_description":"Der fedpol-Jahresbericht gibt Einblick in F\u00e4lle, Operationen und Zahlen zur Arbeit des Bundesamts f\u00fcr Polizei (fedpol) \u2013 mit besonderem Fokus auf die Bek\u00e4mpfung der Organisierten Kriminalit\u00e4t.","og_url":"https:\/\/news.save.ch\/en\/organisierte-kriminalitaet-fedpol-jahresbericht-2025\/","og_site_name":"Save","article_published_time":"2026-04-28T08:33:37+00:00","og_image":[{"width":1000,"height":539,"url":"https:\/\/news.save.ch\/wp-content\/uploads\/2026\/04\/Depositphotos_593207568_S.jpg","type":"image\/jpeg"}],"author":"stefanie Zeng","twitter_card":"summary_large_image","twitter_misc":{"Written by":"stefanie Zeng","Est. reading time":"2 minutes"},"schema":{"@context":"https:\/\/schema.org","@graph":[{"@type":"Article","@id":"https:\/\/news.save.ch\/organisierte-kriminalitaet-fedpol-jahresbericht-2025\/#article","isPartOf":{"@id":"https:\/\/news.save.ch\/organisierte-kriminalitaet-fedpol-jahresbericht-2025\/"},"author":{"name":"stefanie Zeng","@id":"https:\/\/news.save.ch\/de\/#\/schema\/person\/10917387362b3961e882740f6cf6f2a2"},"headline":"Organisierte Kriminalit\u00e4t: fedpol Jahresbericht 2025","datePublished":"2026-04-28T08:33:37+00:00","mainEntityOfPage":{"@id":"https:\/\/news.save.ch\/organisierte-kriminalitaet-fedpol-jahresbericht-2025\/"},"wordCount":307,"publisher":{"@id":"https:\/\/news.save.ch\/de\/#organization"},"image":{"@id":"https:\/\/news.save.ch\/organisierte-kriminalitaet-fedpol-jahresbericht-2025\/#primaryimage"},"thumbnailUrl":"https:\/\/news.save.ch\/wp-content\/uploads\/2026\/04\/Depositphotos_593207568_S-680x367.jpg","keywords":["Bundesamt f\u00fcr Polizei (Fedpol)","Organisierte Kriminalit\u00e4t"],"articleSection":["SICHERHEIT"],"inLanguage":"en-US"},{"@type":"WebPage","@id":"https:\/\/news.save.ch\/organisierte-kriminalitaet-fedpol-jahresbericht-2025\/","url":"https:\/\/news.save.ch\/organisierte-kriminalitaet-fedpol-jahresbericht-2025\/","name":"Organized crime: fedpol annual report 2025 - Save","isPartOf":{"@id":"https:\/\/news.save.ch\/de\/#website"},"primaryImageOfPage":{"@id":"https:\/\/news.save.ch\/organisierte-kriminalitaet-fedpol-jahresbericht-2025\/#primaryimage"},"image":{"@id":"https:\/\/news.save.ch\/organisierte-kriminalitaet-fedpol-jahresbericht-2025\/#primaryimage"},"thumbnailUrl":"https:\/\/news.save.ch\/wp-content\/uploads\/2026\/04\/Depositphotos_593207568_S-680x367.jpg","datePublished":"2026-04-28T08:33:37+00:00","description":"The fedpol annual report provides an insight into cases, operations and figures on the work of the Federal Office of Police (fedpol) - with a particular focus on the fight against organized crime.","breadcrumb":{"@id":"https:\/\/news.save.ch\/organisierte-kriminalitaet-fedpol-jahresbericht-2025\/#breadcrumb"},"inLanguage":"en-US","potentialAction":[{"@type":"ReadAction","target":["https:\/\/news.save.ch\/organisierte-kriminalitaet-fedpol-jahresbericht-2025\/"]}]},{"@type":"ImageObject","inLanguage":"en-US","@id":"https:\/\/news.save.ch\/organisierte-kriminalitaet-fedpol-jahresbericht-2025\/#primaryimage","url":"https:\/\/news.save.ch\/wp-content\/uploads\/2026\/04\/Depositphotos_593207568_S-680x367.jpg","contentUrl":"https:\/\/news.save.ch\/wp-content\/uploads\/2026\/04\/Depositphotos_593207568_S-680x367.jpg"},{"@type":"BreadcrumbList","@id":"https:\/\/news.save.ch\/organisierte-kriminalitaet-fedpol-jahresbericht-2025\/#breadcrumb","itemListElement":[{"@type":"ListItem","position":1,"name":"Home","item":"https:\/\/news.save.ch\/de\/"},{"@type":"ListItem","position":2,"name":"Organisierte Kriminalit\u00e4t: fedpol Jahresbericht 2025"}]},{"@type":"WebSite","@id":"https:\/\/news.save.ch\/de\/#website","url":"https:\/\/news.save.ch\/de\/","name":"Save","description":"Swiss trade journal for safety","publisher":{"@id":"https:\/\/news.save.ch\/de\/#organization"},"potentialAction":[{"@type":"SearchAction","target":{"@type":"EntryPoint","urlTemplate":"https:\/\/news.save.ch\/de\/?s={search_term_string}"},"query-input":{"@type":"PropertyValueSpecification","valueRequired":true,"valueName":"search_term_string"}}],"inLanguage":"en-US"},{"@type":"Organization","@id":"https:\/\/news.save.ch\/de\/#organization","name":"Security Forum","url":"https:\/\/news.save.ch\/de\/","logo":{"@type":"ImageObject","inLanguage":"en-US","@id":"https:\/\/news.save.ch\/de\/#\/schema\/logo\/image\/","url":"https:\/\/news.save.ch\/wp-content\/uploads\/2022\/06\/Logo_SF_2012.png","contentUrl":"https:\/\/news.save.ch\/wp-content\/uploads\/2022\/06\/Logo_SF_2012.png","width":1100,"height":91,"caption":"Sicherheitsforum"},"image":{"@id":"https:\/\/news.save.ch\/de\/#\/schema\/logo\/image\/"}},{"@type":"Person","@id":"https:\/\/news.save.ch\/de\/#\/schema\/person\/10917387362b3961e882740f6cf6f2a2","name":"Stefanie Zeng","image":{"@type":"ImageObject","inLanguage":"en-US","@id":"https:\/\/secure.gravatar.com\/avatar\/eac43faa6e40bb2c41068c95c9d78bbd94c476d5efdff7abaab80bb3ea681e06?s=96&d=mm&r=g","url":"https:\/\/secure.gravatar.com\/avatar\/eac43faa6e40bb2c41068c95c9d78bbd94c476d5efdff7abaab80bb3ea681e06?s=96&d=mm&r=g","contentUrl":"https:\/\/secure.gravatar.com\/avatar\/eac43faa6e40bb2c41068c95c9d78bbd94c476d5efdff7abaab80bb3ea681e06?s=96&d=mm&r=g","caption":"stefanie Zeng"},"url":"https:\/\/news.save.ch\/en\/author\/stefanie-zeng\/"}]}},"_links":{"self":[{"href":"https:\/\/news.save.ch\/en\/wp-json\/wp\/v2\/posts\/25157","targetHints":{"allow":["GET"]}}],"collection":[{"href":"https:\/\/news.save.ch\/en\/wp-json\/wp\/v2\/posts"}],"about":[{"href":"https:\/\/news.save.ch\/en\/wp-json\/wp\/v2\/types\/post"}],"author":[{"embeddable":true,"href":"https:\/\/news.save.ch\/en\/wp-json\/wp\/v2\/users\/31"}],"replies":[{"embeddable":true,"href":"https:\/\/news.save.ch\/en\/wp-json\/wp\/v2\/comments?post=25157"}],"version-history":[{"count":1,"href":"https:\/\/news.save.ch\/en\/wp-json\/wp\/v2\/posts\/25157\/revisions"}],"predecessor-version":[{"id":25159,"href":"https:\/\/news.save.ch\/en\/wp-json\/wp\/v2\/posts\/25157\/revisions\/25159"}],"wp:attachment":[{"href":"https:\/\/news.save.ch\/en\/wp-json\/wp\/v2\/media?parent=25157"}],"wp:term":[{"taxonomy":"category","embeddable":true,"href":"https:\/\/news.save.ch\/en\/wp-json\/wp\/v2\/categories?post=25157"},{"taxonomy":"post_tag","embeddable":true,"href":"https:\/\/news.save.ch\/en\/wp-json\/wp\/v2\/tags?post=25157"}],"curies":[{"name":"wp","href":"https:\/\/api.w.org\/{rel}","templated":true}]}}