{"id":2544,"date":"2016-06-22T13:34:45","date_gmt":"2016-06-22T11:34:45","guid":{"rendered":"https:\/\/dev.sicherheitsforum.ch\/?p=2544"},"modified":"2016-06-22T13:34:45","modified_gmt":"2016-06-22T11:34:45","slug":"forum-securite-mit-anerkannter-fortbildung","status":null,"type":"post","link":"https:\/\/news.save.ch\/en\/forum-securite-mit-anerkannter-fortbildung\/","title":{"rendered":"Forum S\u00e9curit\u00e9 with recognized advanced training"},"content":{"rendered":"<figure id=\"attachment_2545\" aria-describedby=\"caption-attachment-2545\" style=\"width: 680px\" class=\"wp-caption alignnone\"><img loading=\"lazy\" decoding=\"async\" class=\"wp-image-2545 size-medium\" src=\"https:\/\/news.save.ch\/wp-content\/uploads\/2016\/12\/Forum-Securite-mit-anerkannter-Fortbildung_sicherheitsforum.jpg\" width=\"680\" height=\"453\" \/><figcaption id=\"caption-attachment-2545\" class=\"wp-caption-text\">Lively use: The Forum S\u00e9curit\u00e9. (Photo: Thomas Entzeroth)<\/figcaption><\/figure>\n<p>The lecture series are a central component of the trade fair, which will be held from November 2 to 4 at Expo Beaulieu in Lausanne. The free but high-quality presentations with neutrally prepared specialist information always attract a large audience: During the 2014 fair, around 900 participants came to Forum S\u00e9curit\u00e9. Thanks to the division into half-day modules, interested parties were able to visit both the trade fair and the forum in one day and thus benefit optimally from this knowledge platform of the security industry in Western Switzerland.<\/p>\n<p>The Forum S\u00e9curit\u00e9 once again offers a wealth of current and exciting topics, all of which will be presented by highly qualified speakers. Special care is taken to ensure that participants have sufficient time to ask their questions and discuss them in the plenary session.<\/p>\n<p>The detailed programs for the Forum will be published in print in July 2016 and will be available at <a href=\"https:\/\/www.securite-expo.ch\" target=\"_blank\" data-cke-saved-href=\"https:\/\/www.securite-expo.ch\" rel=\"noopener\">www.securite-expo.ch<\/a> be available. They include half-day modules on topics such as: Threats and Security Service Providers, Corporate Occupational Safety, Current Fire Technology, Natural Hazards, Public Safety in the Age of Big Data, New Aspects of Fire Safety, and Security Technology and Systems Integration.<\/p>\n<p>The main industry associations are once again participating in the design of the thematic blocks this year, and several associations and organizations will award continuing education credits for participation in Forum S\u00e9curit\u00e9.<\/p>","protected":false},"excerpt":{"rendered":"<p>Die Vortragsreihen sind ein zentraler Bestandteil der Fachmesse, die vom 2. bis 4. November in der Expo Beaulieu in Lausanne durchgef\u00fchrt wird. Die kostenlosen aber qualitativ hochstehenden Referate mit neutral aufbereiteten Fachinformationen ziehen jeweils zahlreiche Zuh\u00f6rer an: W\u00e4hrend der Messe 2014 kamen rund 900 Teilnehmer ins Forum S\u00e9curit\u00e9. Dank der Gliederung in Halbtagesmodule konnten Interessierte [&hellip;]<\/p>\n","protected":false},"author":1,"featured_media":2545,"comment_status":"open","ping_status":"open","sticky":false,"template":"","format":"standard","meta":{"_acf_changed":false,"pgc_sgb_lightbox_settings":"","footnotes":""},"categories":[1],"tags":[264,109,84],"class_list":["post-2544","post","type-post","status-publish","format-standard","has-post-thumbnail","hentry","category-allgemein","tag-absturzsicherung","tag-aus-und-weiterbildung","tag-fachkongressfachmesse"],"acf":[],"hkrextid":null,"publication":null,"issue":null,"workflow":null,"startPage":null,"spitzmarke":null,"_posts_by_tag_page_fields":{"widget_title":"","widget_tags":""},"_at_widget":"1","_yoast_wpseo_primary_category":"","_yoast_wpseo_focuskw_text_input":"Forum S\u00e9curit\u00e9","_yoast_wpseo_opengraph-image":"https:\/\/news.save.ch\/wp-content\/uploads\/2016\/12\/Forum-S\u00e9curit\u00e9-mit-anerkannter-Fortbildung_sicherheitsforum.jpg","_yoast_wpseo_opengraph-description":"W\u00e4hrend der S\u00e9curit\u00e9 Lausanne 2016 findet das begleitende Forum S\u00e9curit\u00e9 mit einem breiten Angebot an Sicherheitsthemen statt.","_yoast_wpseo_opengraph-title":"Forum S\u00e9curit\u00e9 mit anerkannter Fortbildung","enclosure":null,"_yoast_wpseo_twitter-title":null,"_yoast_wpseo_twitter-description":null,"_yoast_wpseo_twitter-image":null,"_wp_old_slug":null,"_yoast_wpseo_title":null,"_yoast_wpseo_canonical":null,"yoast_head":"<!-- This site is optimized with the Yoast SEO plugin v27.4 - https:\/\/yoast.com\/product\/yoast-seo-wordpress\/ -->\n<title>Forum S\u00e9curit\u00e9 mit anerkannter Fortbildung - Save<\/title>\n<meta name=\"description\" content=\"W\u00e4hrend der S\u00e9curit\u00e9 Lausanne 2016 findet das begleitende Forum S\u00e9curit\u00e9 mit einem breiten Angebot an Sicherheitsthemen statt.\" \/>\n<meta name=\"robots\" content=\"index, follow, max-snippet:-1, max-image-preview:large, max-video-preview:-1\" \/>\n<link rel=\"canonical\" href=\"https:\/\/news.save.ch\/en\/forum-securite-mit-anerkannter-fortbildung\/\" \/>\n<meta property=\"og:locale\" content=\"en_US\" \/>\n<meta property=\"og:type\" content=\"article\" \/>\n<meta property=\"og:title\" content=\"Forum S\u00e9curit\u00e9 mit anerkannter Fortbildung\" \/>\n<meta property=\"og:description\" content=\"W\u00e4hrend der S\u00e9curit\u00e9 Lausanne 2016 findet das begleitende Forum S\u00e9curit\u00e9 mit einem breiten Angebot an Sicherheitsthemen statt.\" \/>\n<meta property=\"og:url\" content=\"https:\/\/news.save.ch\/en\/forum-securite-mit-anerkannter-fortbildung\/\" \/>\n<meta property=\"og:site_name\" content=\"Save\" \/>\n<meta property=\"article:published_time\" content=\"2016-06-22T11:34:45+00:00\" \/>\n<meta property=\"og:image\" content=\"https:\/\/news.save.ch\/wp-content\/uploads\/2016\/12\/Forum-S\u00e9curit\u00e9-mit-anerkannter-Fortbildung_sicherheitsforum.jpg\" \/>\n<meta name=\"author\" content=\"admin\" \/>\n<meta name=\"twitter:card\" content=\"summary_large_image\" \/>\n<meta name=\"twitter:label1\" content=\"Written by\" \/>\n\t<meta name=\"twitter:data1\" content=\"admin\" \/>\n\t<meta name=\"twitter:label2\" content=\"Est. reading time\" \/>\n\t<meta name=\"twitter:data2\" content=\"1 minute\" \/>\n<script type=\"application\/ld+json\" class=\"yoast-schema-graph\">{\"@context\":\"https:\\\/\\\/schema.org\",\"@graph\":[{\"@type\":\"Article\",\"@id\":\"https:\\\/\\\/news.save.ch\\\/forum-securite-mit-anerkannter-fortbildung\\\/#article\",\"isPartOf\":{\"@id\":\"https:\\\/\\\/news.save.ch\\\/forum-securite-mit-anerkannter-fortbildung\\\/\"},\"author\":{\"name\":\"admin\",\"@id\":\"https:\\\/\\\/news.save.ch\\\/de\\\/#\\\/schema\\\/person\\\/d49e199490bad7c70d64b9ab51142f2b\"},\"headline\":\"Forum S\u00e9curit\u00e9 mit anerkannter Fortbildung\",\"datePublished\":\"2016-06-22T11:34:45+00:00\",\"mainEntityOfPage\":{\"@id\":\"https:\\\/\\\/news.save.ch\\\/forum-securite-mit-anerkannter-fortbildung\\\/\"},\"wordCount\":224,\"commentCount\":0,\"publisher\":{\"@id\":\"https:\\\/\\\/news.save.ch\\\/de\\\/#organization\"},\"image\":{\"@id\":\"https:\\\/\\\/news.save.ch\\\/forum-securite-mit-anerkannter-fortbildung\\\/#primaryimage\"},\"thumbnailUrl\":\"https:\\\/\\\/news.save.ch\\\/wp-content\\\/uploads\\\/2016\\\/12\\\/Forum-Securite-mit-anerkannter-Fortbildung_sicherheitsforum-scaled.jpg\",\"keywords\":[\"Absturzsicherung\",\"Aus- und Weiterbildung\",\"Fachkongress\\\/Fachmesse\"],\"articleSection\":[\"ALLGEMEIN\"],\"inLanguage\":\"en-US\"},{\"@type\":\"WebPage\",\"@id\":\"https:\\\/\\\/news.save.ch\\\/forum-securite-mit-anerkannter-fortbildung\\\/\",\"url\":\"https:\\\/\\\/news.save.ch\\\/forum-securite-mit-anerkannter-fortbildung\\\/\",\"name\":\"Forum S\u00e9curit\u00e9 mit anerkannter Fortbildung - Save\",\"isPartOf\":{\"@id\":\"https:\\\/\\\/news.save.ch\\\/de\\\/#website\"},\"primaryImageOfPage\":{\"@id\":\"https:\\\/\\\/news.save.ch\\\/forum-securite-mit-anerkannter-fortbildung\\\/#primaryimage\"},\"image\":{\"@id\":\"https:\\\/\\\/news.save.ch\\\/forum-securite-mit-anerkannter-fortbildung\\\/#primaryimage\"},\"thumbnailUrl\":\"https:\\\/\\\/news.save.ch\\\/wp-content\\\/uploads\\\/2016\\\/12\\\/Forum-Securite-mit-anerkannter-Fortbildung_sicherheitsforum-scaled.jpg\",\"datePublished\":\"2016-06-22T11:34:45+00:00\",\"description\":\"W\u00e4hrend der S\u00e9curit\u00e9 Lausanne 2016 findet das begleitende Forum S\u00e9curit\u00e9 mit einem breiten Angebot an Sicherheitsthemen statt.\",\"breadcrumb\":{\"@id\":\"https:\\\/\\\/news.save.ch\\\/forum-securite-mit-anerkannter-fortbildung\\\/#breadcrumb\"},\"inLanguage\":\"en-US\",\"potentialAction\":[{\"@type\":\"ReadAction\",\"target\":[\"https:\\\/\\\/news.save.ch\\\/forum-securite-mit-anerkannter-fortbildung\\\/\"]}]},{\"@type\":\"ImageObject\",\"inLanguage\":\"en-US\",\"@id\":\"https:\\\/\\\/news.save.ch\\\/forum-securite-mit-anerkannter-fortbildung\\\/#primaryimage\",\"url\":\"https:\\\/\\\/news.save.ch\\\/wp-content\\\/uploads\\\/2016\\\/12\\\/Forum-Securite-mit-anerkannter-Fortbildung_sicherheitsforum-scaled.jpg\",\"contentUrl\":\"https:\\\/\\\/news.save.ch\\\/wp-content\\\/uploads\\\/2016\\\/12\\\/Forum-Securite-mit-anerkannter-Fortbildung_sicherheitsforum-scaled.jpg\",\"width\":1400,\"height\":932,\"caption\":\"Rege genutzt: Das Forum S\u00e9curit\u00e9. (Foto: Thomas Entzeroth)\"},{\"@type\":\"BreadcrumbList\",\"@id\":\"https:\\\/\\\/news.save.ch\\\/forum-securite-mit-anerkannter-fortbildung\\\/#breadcrumb\",\"itemListElement\":[{\"@type\":\"ListItem\",\"position\":1,\"name\":\"Home\",\"item\":\"https:\\\/\\\/news.save.ch\\\/de\\\/\"},{\"@type\":\"ListItem\",\"position\":2,\"name\":\"Forum S\u00e9curit\u00e9 mit anerkannter Fortbildung\"}]},{\"@type\":\"WebSite\",\"@id\":\"https:\\\/\\\/news.save.ch\\\/de\\\/#website\",\"url\":\"https:\\\/\\\/news.save.ch\\\/de\\\/\",\"name\":\"Save\",\"description\":\"Schweizer Fachzeitschrift f\u00fcr Sicherheit\",\"publisher\":{\"@id\":\"https:\\\/\\\/news.save.ch\\\/de\\\/#organization\"},\"potentialAction\":[{\"@type\":\"SearchAction\",\"target\":{\"@type\":\"EntryPoint\",\"urlTemplate\":\"https:\\\/\\\/news.save.ch\\\/de\\\/?s={search_term_string}\"},\"query-input\":{\"@type\":\"PropertyValueSpecification\",\"valueRequired\":true,\"valueName\":\"search_term_string\"}}],\"inLanguage\":\"en-US\"},{\"@type\":\"Organization\",\"@id\":\"https:\\\/\\\/news.save.ch\\\/de\\\/#organization\",\"name\":\"Sicherheitsforum\",\"url\":\"https:\\\/\\\/news.save.ch\\\/de\\\/\",\"logo\":{\"@type\":\"ImageObject\",\"inLanguage\":\"en-US\",\"@id\":\"https:\\\/\\\/news.save.ch\\\/de\\\/#\\\/schema\\\/logo\\\/image\\\/\",\"url\":\"https:\\\/\\\/news.save.ch\\\/wp-content\\\/uploads\\\/2022\\\/06\\\/Logo_SF_2012.png\",\"contentUrl\":\"https:\\\/\\\/news.save.ch\\\/wp-content\\\/uploads\\\/2022\\\/06\\\/Logo_SF_2012.png\",\"width\":1100,\"height\":91,\"caption\":\"Sicherheitsforum\"},\"image\":{\"@id\":\"https:\\\/\\\/news.save.ch\\\/de\\\/#\\\/schema\\\/logo\\\/image\\\/\"}},{\"@type\":\"Person\",\"@id\":\"https:\\\/\\\/news.save.ch\\\/de\\\/#\\\/schema\\\/person\\\/d49e199490bad7c70d64b9ab51142f2b\",\"name\":\"admin\",\"image\":{\"@type\":\"ImageObject\",\"inLanguage\":\"en-US\",\"@id\":\"https:\\\/\\\/secure.gravatar.com\\\/avatar\\\/ae2f4d718e6c49043e314ce431e7e645d646302a24a5ef5a8bc8e3f5a032e319?s=96&d=mm&r=g\",\"url\":\"https:\\\/\\\/secure.gravatar.com\\\/avatar\\\/ae2f4d718e6c49043e314ce431e7e645d646302a24a5ef5a8bc8e3f5a032e319?s=96&d=mm&r=g\",\"contentUrl\":\"https:\\\/\\\/secure.gravatar.com\\\/avatar\\\/ae2f4d718e6c49043e314ce431e7e645d646302a24a5ef5a8bc8e3f5a032e319?s=96&d=mm&r=g\",\"caption\":\"admin\"},\"sameAs\":[\"https:\\\/\\\/develop.organisator.galledia.ch\"],\"url\":\"https:\\\/\\\/news.save.ch\\\/en\\\/author\\\/admin\\\/\"}]}<\/script>\n<!-- \/ Yoast SEO plugin. -->","yoast_head_json":{"title":"Forum S\u00e9curit\u00e9 with recognized training - Save","description":"During S\u00e9curit\u00e9 Lausanne 2016, the accompanying Forum S\u00e9curit\u00e9 will take place with a wide range of security topics.","robots":{"index":"index","follow":"follow","max-snippet":"max-snippet:-1","max-image-preview":"max-image-preview:large","max-video-preview":"max-video-preview:-1"},"canonical":"https:\/\/news.save.ch\/en\/forum-securite-mit-anerkannter-fortbildung\/","og_locale":"en_US","og_type":"article","og_title":"Forum S\u00e9curit\u00e9 mit anerkannter Fortbildung","og_description":"W\u00e4hrend der S\u00e9curit\u00e9 Lausanne 2016 findet das begleitende Forum S\u00e9curit\u00e9 mit einem breiten Angebot an Sicherheitsthemen statt.","og_url":"https:\/\/news.save.ch\/en\/forum-securite-mit-anerkannter-fortbildung\/","og_site_name":"Save","article_published_time":"2016-06-22T11:34:45+00:00","og_image":[{"url":"https:\/\/news.save.ch\/wp-content\/uploads\/2016\/12\/Forum-S\u00e9curit\u00e9-mit-anerkannter-Fortbildung_sicherheitsforum.jpg","type":"","width":"","height":""}],"author":"admin","twitter_card":"summary_large_image","twitter_misc":{"Written by":"admin","Est. reading time":"1 minute"},"schema":{"@context":"https:\/\/schema.org","@graph":[{"@type":"Article","@id":"https:\/\/news.save.ch\/forum-securite-mit-anerkannter-fortbildung\/#article","isPartOf":{"@id":"https:\/\/news.save.ch\/forum-securite-mit-anerkannter-fortbildung\/"},"author":{"name":"admin","@id":"https:\/\/news.save.ch\/de\/#\/schema\/person\/d49e199490bad7c70d64b9ab51142f2b"},"headline":"Forum S\u00e9curit\u00e9 mit anerkannter Fortbildung","datePublished":"2016-06-22T11:34:45+00:00","mainEntityOfPage":{"@id":"https:\/\/news.save.ch\/forum-securite-mit-anerkannter-fortbildung\/"},"wordCount":224,"commentCount":0,"publisher":{"@id":"https:\/\/news.save.ch\/de\/#organization"},"image":{"@id":"https:\/\/news.save.ch\/forum-securite-mit-anerkannter-fortbildung\/#primaryimage"},"thumbnailUrl":"https:\/\/news.save.ch\/wp-content\/uploads\/2016\/12\/Forum-Securite-mit-anerkannter-Fortbildung_sicherheitsforum-scaled.jpg","keywords":["Absturzsicherung","Aus- und Weiterbildung","Fachkongress\/Fachmesse"],"articleSection":["ALLGEMEIN"],"inLanguage":"en-US"},{"@type":"WebPage","@id":"https:\/\/news.save.ch\/forum-securite-mit-anerkannter-fortbildung\/","url":"https:\/\/news.save.ch\/forum-securite-mit-anerkannter-fortbildung\/","name":"Forum S\u00e9curit\u00e9 with recognized training - Save","isPartOf":{"@id":"https:\/\/news.save.ch\/de\/#website"},"primaryImageOfPage":{"@id":"https:\/\/news.save.ch\/forum-securite-mit-anerkannter-fortbildung\/#primaryimage"},"image":{"@id":"https:\/\/news.save.ch\/forum-securite-mit-anerkannter-fortbildung\/#primaryimage"},"thumbnailUrl":"https:\/\/news.save.ch\/wp-content\/uploads\/2016\/12\/Forum-Securite-mit-anerkannter-Fortbildung_sicherheitsforum-scaled.jpg","datePublished":"2016-06-22T11:34:45+00:00","description":"During S\u00e9curit\u00e9 Lausanne 2016, the accompanying Forum S\u00e9curit\u00e9 will take place with a wide range of security topics.","breadcrumb":{"@id":"https:\/\/news.save.ch\/forum-securite-mit-anerkannter-fortbildung\/#breadcrumb"},"inLanguage":"en-US","potentialAction":[{"@type":"ReadAction","target":["https:\/\/news.save.ch\/forum-securite-mit-anerkannter-fortbildung\/"]}]},{"@type":"ImageObject","inLanguage":"en-US","@id":"https:\/\/news.save.ch\/forum-securite-mit-anerkannter-fortbildung\/#primaryimage","url":"https:\/\/news.save.ch\/wp-content\/uploads\/2016\/12\/Forum-Securite-mit-anerkannter-Fortbildung_sicherheitsforum-scaled.jpg","contentUrl":"https:\/\/news.save.ch\/wp-content\/uploads\/2016\/12\/Forum-Securite-mit-anerkannter-Fortbildung_sicherheitsforum-scaled.jpg","width":1400,"height":932,"caption":"Rege genutzt: Das Forum S\u00e9curit\u00e9. (Foto: Thomas Entzeroth)"},{"@type":"BreadcrumbList","@id":"https:\/\/news.save.ch\/forum-securite-mit-anerkannter-fortbildung\/#breadcrumb","itemListElement":[{"@type":"ListItem","position":1,"name":"Home","item":"https:\/\/news.save.ch\/de\/"},{"@type":"ListItem","position":2,"name":"Forum S\u00e9curit\u00e9 mit anerkannter Fortbildung"}]},{"@type":"WebSite","@id":"https:\/\/news.save.ch\/de\/#website","url":"https:\/\/news.save.ch\/de\/","name":"Save","description":"Swiss trade journal for safety","publisher":{"@id":"https:\/\/news.save.ch\/de\/#organization"},"potentialAction":[{"@type":"SearchAction","target":{"@type":"EntryPoint","urlTemplate":"https:\/\/news.save.ch\/de\/?s={search_term_string}"},"query-input":{"@type":"PropertyValueSpecification","valueRequired":true,"valueName":"search_term_string"}}],"inLanguage":"en-US"},{"@type":"Organization","@id":"https:\/\/news.save.ch\/de\/#organization","name":"Security Forum","url":"https:\/\/news.save.ch\/de\/","logo":{"@type":"ImageObject","inLanguage":"en-US","@id":"https:\/\/news.save.ch\/de\/#\/schema\/logo\/image\/","url":"https:\/\/news.save.ch\/wp-content\/uploads\/2022\/06\/Logo_SF_2012.png","contentUrl":"https:\/\/news.save.ch\/wp-content\/uploads\/2022\/06\/Logo_SF_2012.png","width":1100,"height":91,"caption":"Sicherheitsforum"},"image":{"@id":"https:\/\/news.save.ch\/de\/#\/schema\/logo\/image\/"}},{"@type":"Person","@id":"https:\/\/news.save.ch\/de\/#\/schema\/person\/d49e199490bad7c70d64b9ab51142f2b","name":"admin","image":{"@type":"ImageObject","inLanguage":"en-US","@id":"https:\/\/secure.gravatar.com\/avatar\/ae2f4d718e6c49043e314ce431e7e645d646302a24a5ef5a8bc8e3f5a032e319?s=96&d=mm&r=g","url":"https:\/\/secure.gravatar.com\/avatar\/ae2f4d718e6c49043e314ce431e7e645d646302a24a5ef5a8bc8e3f5a032e319?s=96&d=mm&r=g","contentUrl":"https:\/\/secure.gravatar.com\/avatar\/ae2f4d718e6c49043e314ce431e7e645d646302a24a5ef5a8bc8e3f5a032e319?s=96&d=mm&r=g","caption":"admin"},"sameAs":["https:\/\/develop.organisator.galledia.ch"],"url":"https:\/\/news.save.ch\/en\/author\/admin\/"}]}},"_links":{"self":[{"href":"https:\/\/news.save.ch\/en\/wp-json\/wp\/v2\/posts\/2544","targetHints":{"allow":["GET"]}}],"collection":[{"href":"https:\/\/news.save.ch\/en\/wp-json\/wp\/v2\/posts"}],"about":[{"href":"https:\/\/news.save.ch\/en\/wp-json\/wp\/v2\/types\/post"}],"author":[{"embeddable":true,"href":"https:\/\/news.save.ch\/en\/wp-json\/wp\/v2\/users\/1"}],"replies":[{"embeddable":true,"href":"https:\/\/news.save.ch\/en\/wp-json\/wp\/v2\/comments?post=2544"}],"version-history":[{"count":0,"href":"https:\/\/news.save.ch\/en\/wp-json\/wp\/v2\/posts\/2544\/revisions"}],"wp:featuredmedia":[{"embeddable":true,"href":"https:\/\/news.save.ch\/en\/wp-json\/wp\/v2\/media\/2545"}],"wp:attachment":[{"href":"https:\/\/news.save.ch\/en\/wp-json\/wp\/v2\/media?parent=2544"}],"wp:term":[{"taxonomy":"category","embeddable":true,"href":"https:\/\/news.save.ch\/en\/wp-json\/wp\/v2\/categories?post=2544"},{"taxonomy":"post_tag","embeddable":true,"href":"https:\/\/news.save.ch\/en\/wp-json\/wp\/v2\/tags?post=2544"}],"curies":[{"name":"wp","href":"https:\/\/api.w.org\/{rel}","templated":true}]}}