{"id":2552,"date":"2016-06-17T13:38:42","date_gmt":"2016-06-17T11:38:42","guid":{"rendered":"https:\/\/dev.sicherheitsforum.ch\/?p=2552"},"modified":"2016-06-17T13:38:42","modified_gmt":"2016-06-17T11:38:42","slug":"dormakaba-und-der-zukunftsplan-deutschland","status":null,"type":"post","link":"https:\/\/news.save.ch\/en\/dormakaba-und-der-zukunftsplan-deutschland\/","title":{"rendered":"Dorma+Kaba and the Future Plan Germany"},"content":{"rendered":"<figure id=\"attachment_2553\" aria-describedby=\"caption-attachment-2553\" style=\"width: 680px\" class=\"wp-caption alignnone\"><img loading=\"lazy\" decoding=\"async\" class=\"wp-image-2553 size-medium\" src=\"https:\/\/news.save.ch\/wp-content\/uploads\/2016\/12\/DormaKaba-und-der-Zukunftsplan-Deutschland_sicherheitsforum.jpg\" width=\"680\" height=\"454\" srcset=\"https:\/\/news.save.ch\/wp-content\/uploads\/2016\/12\/DormaKaba-und-der-Zukunftsplan-Deutschland_sicherheitsforum.jpg 1286w, https:\/\/news.save.ch\/wp-content\/uploads\/2016\/12\/DormaKaba-und-der-Zukunftsplan-Deutschland_sicherheitsforum-375x250.jpg 375w\" sizes=\"auto, (max-width: 680px) 100vw, 680px\" \/><figcaption id=\"caption-attachment-2553\" class=\"wp-caption-text\">Undergoing major reconstruction: The Dorma+Kaba site in Germany. Photo: Dorma<\/figcaption><\/figure>\n<p>In this plan for the future, the German site plays a key role, to which both integration measures from the merger to form the <a href=\"https:\/\/www.dormakaba.com\" target=\"_blank\" data-cke-saved-href=\"https:\/\/www.dormakaba.com\" rel=\"noopener\">Dorma+Kaba<\/a> as well as existing business plans of the former Dorma Group, according to the statement. The plan is an important building block of the already announced targets to achieve an Ebitda margin of 18% and organic sales growth of at least 2% points above adjusted global economic growth in the financial year 2018\/2019, it said.<\/p>\n<p><strong>Strengthen innovation location<\/strong><\/p>\n<p>For the next few years, Dorma+Kaba plans to invest funds in the double-digit million range for<\/p>\n<ul>\n<li>the new development of technologically high-quality products,<\/li>\n<li>the relocation and modernization of production facilities<\/li>\n<li>and the further development of information technology.<\/li>\n<\/ul>\n<p>The Future Plan for Germany contains the following core elements:<\/p>\n<ul>\n<li>The Ennepetal site as a competence center for mechanical and electronic door technology is to be expanded and thus consistently developed further.<\/li>\n<li>At the same time, the manufacture of certain standard products (door closers TS 93 and BTS 80) is to be relocated from Ennepetal to Singapore, while other products will be moved from Singapore to Suzhou (China).<\/li>\n<li>The Ocholt site (Movable Walls segment) is to be made fit for the future by automating production for movable partition systems.<\/li>\n<li>The unsatisfactory earnings situation of Hardware Technology at the Velbert site, which has been evident for some time, is to be improved by cost-cutting measures.<\/li>\n<li>The activities of Kaba Mauer in Heiligenhaus are to be relocated to the existing sites in Bad Berka and Velbert, among others.<\/li>\n<li>A restructuring concept is currently being negotiated for the loss-making sanitary ware business at the Rietberg site; alternatively, a sale or closure is being considered; for the sanitary ware business at the Bad Salzuflen site, this will also mean an adjustment of production capacities with a corresponding reduction in personnel.<\/li>\n<\/ul>\n<p><strong>Job cuts in Germany and relocation to Asia <\/strong><\/p>\n<p>The realignment, the relocation of production areas and the more effective organizational structure will lead to a reduction of around 440 jobs at various Dorma+Kaba sites in Germany, the group writes. On the other hand, the industrial group intends to strengthen its sites in Singapore and Suzhou (China), with talk of around 160 new jobs to cover increased production requirements. The German headquarters of Dorma+Kaba, the head office for the Access Solutions DACH segment and some of the group functions would remain at the Ennepetal site. The implementation of all measures is expected to be completed in the course of 2018.<\/p>","protected":false},"excerpt":{"rendered":"<p>Bei diesem Zukunftsplan nimmt der Standort Deutschland eine Schl\u00fcsselrolle ein, dem sowohl Integrationsmassnahmen aus dem Zusammenschluss zur Dorma+Kaba als auch bereits bestehende Gesch\u00e4ftspl\u00e4ne der ehemaligen Dorma-Gruppe zugrunde liegen, wie es heisst. Der Plan sei ein wichtiger Baustein der bereits angek\u00fcndigten Zielsetzungen, im Gesch\u00e4ftsjahr 2018\/2019 eine Ebitda-Marge von 18% sowie ein organisches Umsatzwachstum von mindestens 2%-Punkten [&hellip;]<\/p>\n","protected":false},"author":1,"featured_media":2553,"comment_status":"open","ping_status":"open","sticky":false,"template":"","format":"standard","meta":{"_acf_changed":false,"pgc_sgb_lightbox_settings":"","footnotes":""},"categories":[1],"tags":[65],"class_list":["post-2552","post","type-post","status-publish","format-standard","has-post-thumbnail","hentry","category-allgemein","tag-unternehmen"],"acf":[],"hkrextid":null,"publication":null,"issue":null,"workflow":null,"startPage":null,"spitzmarke":null,"_posts_by_tag_page_fields":{"widget_title":"","widget_tags":""},"_at_widget":"1","_yoast_wpseo_primary_category":"","_yoast_wpseo_focuskw_text_input":"Dorma+Kaba","_yoast_wpseo_opengraph-image":"https:\/\/news.save.ch\/wp-content\/uploads\/2016\/12\/DormaKaba-und-der-Zukunftsplan-Deutschland_sicherheitsforum.jpg","_yoast_wpseo_opengraph-description":"Die Dorma+Kaba will ein h\u00f6heres Innovationstempo, eine schnellere Produktentwicklung, eine straffere Organisation sowie eine konsequentere Ausnutzung der Synergien aus der Fusion. Hinter den Worten steckt jedoch ein Abbau von fast 450 Stellen in Deutschland.","_yoast_wpseo_opengraph-title":"Dorma+Kaba und der Zukunftsplan Deutschland","enclosure":null,"_yoast_wpseo_twitter-title":null,"_yoast_wpseo_twitter-description":null,"_yoast_wpseo_twitter-image":null,"_wp_old_slug":null,"_yoast_wpseo_title":null,"_yoast_wpseo_canonical":null,"yoast_head":"<!-- This site is optimized with the Yoast SEO plugin v27.5 - https:\/\/yoast.com\/product\/yoast-seo-wordpress\/ -->\n<title>Dorma+Kaba und der Zukunftsplan Deutschland - Save<\/title>\n<meta name=\"description\" content=\"Die Dorma+Kaba will h\u00f6heres Innovationstempo, schnellere Produktentwicklung, straffere Organisation sowie konsequentere Ausnutzung der Synergien.\" \/>\n<meta name=\"robots\" content=\"index, follow, max-snippet:-1, max-image-preview:large, max-video-preview:-1\" \/>\n<link rel=\"canonical\" href=\"https:\/\/news.save.ch\/en\/dormakaba-und-der-zukunftsplan-deutschland\/\" \/>\n<meta property=\"og:locale\" content=\"en_US\" \/>\n<meta property=\"og:type\" content=\"article\" \/>\n<meta property=\"og:title\" content=\"Dorma+Kaba und der Zukunftsplan Deutschland\" \/>\n<meta property=\"og:description\" content=\"Die Dorma+Kaba will ein h\u00f6heres Innovationstempo, eine schnellere Produktentwicklung, eine straffere Organisation sowie eine konsequentere Ausnutzung der Synergien aus der Fusion. Hinter den Worten steckt jedoch ein Abbau von fast 450 Stellen in Deutschland.\" \/>\n<meta property=\"og:url\" content=\"https:\/\/news.save.ch\/en\/dormakaba-und-der-zukunftsplan-deutschland\/\" \/>\n<meta property=\"og:site_name\" content=\"Save\" \/>\n<meta property=\"article:published_time\" content=\"2016-06-17T11:38:42+00:00\" \/>\n<meta property=\"og:image\" content=\"https:\/\/news.save.ch\/wp-content\/uploads\/2016\/12\/DormaKaba-und-der-Zukunftsplan-Deutschland_sicherheitsforum.jpg\" \/>\n<meta name=\"author\" content=\"admin\" \/>\n<meta name=\"twitter:card\" content=\"summary_large_image\" \/>\n<meta name=\"twitter:label1\" content=\"Written by\" \/>\n\t<meta name=\"twitter:data1\" content=\"admin\" \/>\n\t<meta name=\"twitter:label2\" content=\"Est. reading time\" \/>\n\t<meta name=\"twitter:data2\" content=\"2 minutes\" \/>\n<script type=\"application\/ld+json\" class=\"yoast-schema-graph\">{\"@context\":\"https:\\\/\\\/schema.org\",\"@graph\":[{\"@type\":\"Article\",\"@id\":\"https:\\\/\\\/news.save.ch\\\/dormakaba-und-der-zukunftsplan-deutschland\\\/#article\",\"isPartOf\":{\"@id\":\"https:\\\/\\\/news.save.ch\\\/dormakaba-und-der-zukunftsplan-deutschland\\\/\"},\"author\":{\"name\":\"admin\",\"@id\":\"https:\\\/\\\/news.save.ch\\\/de\\\/#\\\/schema\\\/person\\\/d49e199490bad7c70d64b9ab51142f2b\"},\"headline\":\"Dorma+Kaba und der Zukunftsplan Deutschland\",\"datePublished\":\"2016-06-17T11:38:42+00:00\",\"mainEntityOfPage\":{\"@id\":\"https:\\\/\\\/news.save.ch\\\/dormakaba-und-der-zukunftsplan-deutschland\\\/\"},\"wordCount\":390,\"commentCount\":0,\"publisher\":{\"@id\":\"https:\\\/\\\/news.save.ch\\\/de\\\/#organization\"},\"image\":{\"@id\":\"https:\\\/\\\/news.save.ch\\\/dormakaba-und-der-zukunftsplan-deutschland\\\/#primaryimage\"},\"thumbnailUrl\":\"https:\\\/\\\/news.save.ch\\\/wp-content\\\/uploads\\\/2016\\\/12\\\/DormaKaba-und-der-Zukunftsplan-Deutschland_sicherheitsforum.jpg\",\"keywords\":[\"Unternehmen\"],\"articleSection\":[\"ALLGEMEIN\"],\"inLanguage\":\"en-US\"},{\"@type\":\"WebPage\",\"@id\":\"https:\\\/\\\/news.save.ch\\\/dormakaba-und-der-zukunftsplan-deutschland\\\/\",\"url\":\"https:\\\/\\\/news.save.ch\\\/dormakaba-und-der-zukunftsplan-deutschland\\\/\",\"name\":\"Dorma+Kaba und der Zukunftsplan Deutschland - Save\",\"isPartOf\":{\"@id\":\"https:\\\/\\\/news.save.ch\\\/de\\\/#website\"},\"primaryImageOfPage\":{\"@id\":\"https:\\\/\\\/news.save.ch\\\/dormakaba-und-der-zukunftsplan-deutschland\\\/#primaryimage\"},\"image\":{\"@id\":\"https:\\\/\\\/news.save.ch\\\/dormakaba-und-der-zukunftsplan-deutschland\\\/#primaryimage\"},\"thumbnailUrl\":\"https:\\\/\\\/news.save.ch\\\/wp-content\\\/uploads\\\/2016\\\/12\\\/DormaKaba-und-der-Zukunftsplan-Deutschland_sicherheitsforum.jpg\",\"datePublished\":\"2016-06-17T11:38:42+00:00\",\"description\":\"Die Dorma+Kaba will h\u00f6heres Innovationstempo, schnellere Produktentwicklung, straffere Organisation sowie konsequentere Ausnutzung der Synergien.\",\"breadcrumb\":{\"@id\":\"https:\\\/\\\/news.save.ch\\\/dormakaba-und-der-zukunftsplan-deutschland\\\/#breadcrumb\"},\"inLanguage\":\"en-US\",\"potentialAction\":[{\"@type\":\"ReadAction\",\"target\":[\"https:\\\/\\\/news.save.ch\\\/dormakaba-und-der-zukunftsplan-deutschland\\\/\"]}]},{\"@type\":\"ImageObject\",\"inLanguage\":\"en-US\",\"@id\":\"https:\\\/\\\/news.save.ch\\\/dormakaba-und-der-zukunftsplan-deutschland\\\/#primaryimage\",\"url\":\"https:\\\/\\\/news.save.ch\\\/wp-content\\\/uploads\\\/2016\\\/12\\\/DormaKaba-und-der-Zukunftsplan-Deutschland_sicherheitsforum.jpg\",\"contentUrl\":\"https:\\\/\\\/news.save.ch\\\/wp-content\\\/uploads\\\/2016\\\/12\\\/DormaKaba-und-der-Zukunftsplan-Deutschland_sicherheitsforum.jpg\",\"width\":1286,\"height\":858,\"caption\":\"Wird kr\u00e4ftig umgebaut: Der Dorma+Kaba-Standort in Deutschland. Foto: Dorma\"},{\"@type\":\"BreadcrumbList\",\"@id\":\"https:\\\/\\\/news.save.ch\\\/dormakaba-und-der-zukunftsplan-deutschland\\\/#breadcrumb\",\"itemListElement\":[{\"@type\":\"ListItem\",\"position\":1,\"name\":\"Home\",\"item\":\"https:\\\/\\\/news.save.ch\\\/de\\\/\"},{\"@type\":\"ListItem\",\"position\":2,\"name\":\"Dorma+Kaba und der Zukunftsplan Deutschland\"}]},{\"@type\":\"WebSite\",\"@id\":\"https:\\\/\\\/news.save.ch\\\/de\\\/#website\",\"url\":\"https:\\\/\\\/news.save.ch\\\/de\\\/\",\"name\":\"Save\",\"description\":\"Schweizer Fachzeitschrift f\u00fcr Sicherheit\",\"publisher\":{\"@id\":\"https:\\\/\\\/news.save.ch\\\/de\\\/#organization\"},\"potentialAction\":[{\"@type\":\"SearchAction\",\"target\":{\"@type\":\"EntryPoint\",\"urlTemplate\":\"https:\\\/\\\/news.save.ch\\\/de\\\/?s={search_term_string}\"},\"query-input\":{\"@type\":\"PropertyValueSpecification\",\"valueRequired\":true,\"valueName\":\"search_term_string\"}}],\"inLanguage\":\"en-US\"},{\"@type\":\"Organization\",\"@id\":\"https:\\\/\\\/news.save.ch\\\/de\\\/#organization\",\"name\":\"Sicherheitsforum\",\"url\":\"https:\\\/\\\/news.save.ch\\\/de\\\/\",\"logo\":{\"@type\":\"ImageObject\",\"inLanguage\":\"en-US\",\"@id\":\"https:\\\/\\\/news.save.ch\\\/de\\\/#\\\/schema\\\/logo\\\/image\\\/\",\"url\":\"https:\\\/\\\/news.save.ch\\\/wp-content\\\/uploads\\\/2022\\\/06\\\/Logo_SF_2012.png\",\"contentUrl\":\"https:\\\/\\\/news.save.ch\\\/wp-content\\\/uploads\\\/2022\\\/06\\\/Logo_SF_2012.png\",\"width\":1100,\"height\":91,\"caption\":\"Sicherheitsforum\"},\"image\":{\"@id\":\"https:\\\/\\\/news.save.ch\\\/de\\\/#\\\/schema\\\/logo\\\/image\\\/\"}},{\"@type\":\"Person\",\"@id\":\"https:\\\/\\\/news.save.ch\\\/de\\\/#\\\/schema\\\/person\\\/d49e199490bad7c70d64b9ab51142f2b\",\"name\":\"admin\",\"image\":{\"@type\":\"ImageObject\",\"inLanguage\":\"en-US\",\"@id\":\"https:\\\/\\\/secure.gravatar.com\\\/avatar\\\/ae2f4d718e6c49043e314ce431e7e645d646302a24a5ef5a8bc8e3f5a032e319?s=96&d=mm&r=g\",\"url\":\"https:\\\/\\\/secure.gravatar.com\\\/avatar\\\/ae2f4d718e6c49043e314ce431e7e645d646302a24a5ef5a8bc8e3f5a032e319?s=96&d=mm&r=g\",\"contentUrl\":\"https:\\\/\\\/secure.gravatar.com\\\/avatar\\\/ae2f4d718e6c49043e314ce431e7e645d646302a24a5ef5a8bc8e3f5a032e319?s=96&d=mm&r=g\",\"caption\":\"admin\"},\"sameAs\":[\"https:\\\/\\\/develop.organisator.galledia.ch\"],\"url\":\"https:\\\/\\\/news.save.ch\\\/en\\\/author\\\/admin\\\/\"}]}<\/script>\n<!-- \/ Yoast SEO plugin. -->","yoast_head_json":{"title":"Dorma+Kaba and the Future Plan Germany - Save","description":"Dorma+Kaba wants to increase the pace of innovation, speed up product development, streamline the organization and make more consistent use of synergies.","robots":{"index":"index","follow":"follow","max-snippet":"max-snippet:-1","max-image-preview":"max-image-preview:large","max-video-preview":"max-video-preview:-1"},"canonical":"https:\/\/news.save.ch\/en\/dormakaba-und-der-zukunftsplan-deutschland\/","og_locale":"en_US","og_type":"article","og_title":"Dorma+Kaba und der Zukunftsplan Deutschland","og_description":"Die Dorma+Kaba will ein h\u00f6heres Innovationstempo, eine schnellere Produktentwicklung, eine straffere Organisation sowie eine konsequentere Ausnutzung der Synergien aus der Fusion. Hinter den Worten steckt jedoch ein Abbau von fast 450 Stellen in Deutschland.","og_url":"https:\/\/news.save.ch\/en\/dormakaba-und-der-zukunftsplan-deutschland\/","og_site_name":"Save","article_published_time":"2016-06-17T11:38:42+00:00","og_image":[{"url":"https:\/\/news.save.ch\/wp-content\/uploads\/2016\/12\/DormaKaba-und-der-Zukunftsplan-Deutschland_sicherheitsforum.jpg","type":"","width":"","height":""}],"author":"admin","twitter_card":"summary_large_image","twitter_misc":{"Written by":"admin","Est. reading time":"2 minutes"},"schema":{"@context":"https:\/\/schema.org","@graph":[{"@type":"Article","@id":"https:\/\/news.save.ch\/dormakaba-und-der-zukunftsplan-deutschland\/#article","isPartOf":{"@id":"https:\/\/news.save.ch\/dormakaba-und-der-zukunftsplan-deutschland\/"},"author":{"name":"admin","@id":"https:\/\/news.save.ch\/de\/#\/schema\/person\/d49e199490bad7c70d64b9ab51142f2b"},"headline":"Dorma+Kaba und der Zukunftsplan Deutschland","datePublished":"2016-06-17T11:38:42+00:00","mainEntityOfPage":{"@id":"https:\/\/news.save.ch\/dormakaba-und-der-zukunftsplan-deutschland\/"},"wordCount":390,"commentCount":0,"publisher":{"@id":"https:\/\/news.save.ch\/de\/#organization"},"image":{"@id":"https:\/\/news.save.ch\/dormakaba-und-der-zukunftsplan-deutschland\/#primaryimage"},"thumbnailUrl":"https:\/\/news.save.ch\/wp-content\/uploads\/2016\/12\/DormaKaba-und-der-Zukunftsplan-Deutschland_sicherheitsforum.jpg","keywords":["Unternehmen"],"articleSection":["ALLGEMEIN"],"inLanguage":"en-US"},{"@type":"WebPage","@id":"https:\/\/news.save.ch\/dormakaba-und-der-zukunftsplan-deutschland\/","url":"https:\/\/news.save.ch\/dormakaba-und-der-zukunftsplan-deutschland\/","name":"Dorma+Kaba and the Future Plan Germany - Save","isPartOf":{"@id":"https:\/\/news.save.ch\/de\/#website"},"primaryImageOfPage":{"@id":"https:\/\/news.save.ch\/dormakaba-und-der-zukunftsplan-deutschland\/#primaryimage"},"image":{"@id":"https:\/\/news.save.ch\/dormakaba-und-der-zukunftsplan-deutschland\/#primaryimage"},"thumbnailUrl":"https:\/\/news.save.ch\/wp-content\/uploads\/2016\/12\/DormaKaba-und-der-Zukunftsplan-Deutschland_sicherheitsforum.jpg","datePublished":"2016-06-17T11:38:42+00:00","description":"Dorma+Kaba wants to increase the pace of innovation, speed up product development, streamline the organization and make more consistent use of synergies.","breadcrumb":{"@id":"https:\/\/news.save.ch\/dormakaba-und-der-zukunftsplan-deutschland\/#breadcrumb"},"inLanguage":"en-US","potentialAction":[{"@type":"ReadAction","target":["https:\/\/news.save.ch\/dormakaba-und-der-zukunftsplan-deutschland\/"]}]},{"@type":"ImageObject","inLanguage":"en-US","@id":"https:\/\/news.save.ch\/dormakaba-und-der-zukunftsplan-deutschland\/#primaryimage","url":"https:\/\/news.save.ch\/wp-content\/uploads\/2016\/12\/DormaKaba-und-der-Zukunftsplan-Deutschland_sicherheitsforum.jpg","contentUrl":"https:\/\/news.save.ch\/wp-content\/uploads\/2016\/12\/DormaKaba-und-der-Zukunftsplan-Deutschland_sicherheitsforum.jpg","width":1286,"height":858,"caption":"Wird kr\u00e4ftig umgebaut: Der Dorma+Kaba-Standort in Deutschland. Foto: Dorma"},{"@type":"BreadcrumbList","@id":"https:\/\/news.save.ch\/dormakaba-und-der-zukunftsplan-deutschland\/#breadcrumb","itemListElement":[{"@type":"ListItem","position":1,"name":"Home","item":"https:\/\/news.save.ch\/de\/"},{"@type":"ListItem","position":2,"name":"Dorma+Kaba und der Zukunftsplan Deutschland"}]},{"@type":"WebSite","@id":"https:\/\/news.save.ch\/de\/#website","url":"https:\/\/news.save.ch\/de\/","name":"Save","description":"Swiss trade journal for safety","publisher":{"@id":"https:\/\/news.save.ch\/de\/#organization"},"potentialAction":[{"@type":"SearchAction","target":{"@type":"EntryPoint","urlTemplate":"https:\/\/news.save.ch\/de\/?s={search_term_string}"},"query-input":{"@type":"PropertyValueSpecification","valueRequired":true,"valueName":"search_term_string"}}],"inLanguage":"en-US"},{"@type":"Organization","@id":"https:\/\/news.save.ch\/de\/#organization","name":"Security Forum","url":"https:\/\/news.save.ch\/de\/","logo":{"@type":"ImageObject","inLanguage":"en-US","@id":"https:\/\/news.save.ch\/de\/#\/schema\/logo\/image\/","url":"https:\/\/news.save.ch\/wp-content\/uploads\/2022\/06\/Logo_SF_2012.png","contentUrl":"https:\/\/news.save.ch\/wp-content\/uploads\/2022\/06\/Logo_SF_2012.png","width":1100,"height":91,"caption":"Sicherheitsforum"},"image":{"@id":"https:\/\/news.save.ch\/de\/#\/schema\/logo\/image\/"}},{"@type":"Person","@id":"https:\/\/news.save.ch\/de\/#\/schema\/person\/d49e199490bad7c70d64b9ab51142f2b","name":"admin","image":{"@type":"ImageObject","inLanguage":"en-US","@id":"https:\/\/secure.gravatar.com\/avatar\/ae2f4d718e6c49043e314ce431e7e645d646302a24a5ef5a8bc8e3f5a032e319?s=96&d=mm&r=g","url":"https:\/\/secure.gravatar.com\/avatar\/ae2f4d718e6c49043e314ce431e7e645d646302a24a5ef5a8bc8e3f5a032e319?s=96&d=mm&r=g","contentUrl":"https:\/\/secure.gravatar.com\/avatar\/ae2f4d718e6c49043e314ce431e7e645d646302a24a5ef5a8bc8e3f5a032e319?s=96&d=mm&r=g","caption":"admin"},"sameAs":["https:\/\/develop.organisator.galledia.ch"],"url":"https:\/\/news.save.ch\/en\/author\/admin\/"}]}},"_links":{"self":[{"href":"https:\/\/news.save.ch\/en\/wp-json\/wp\/v2\/posts\/2552","targetHints":{"allow":["GET"]}}],"collection":[{"href":"https:\/\/news.save.ch\/en\/wp-json\/wp\/v2\/posts"}],"about":[{"href":"https:\/\/news.save.ch\/en\/wp-json\/wp\/v2\/types\/post"}],"author":[{"embeddable":true,"href":"https:\/\/news.save.ch\/en\/wp-json\/wp\/v2\/users\/1"}],"replies":[{"embeddable":true,"href":"https:\/\/news.save.ch\/en\/wp-json\/wp\/v2\/comments?post=2552"}],"version-history":[{"count":0,"href":"https:\/\/news.save.ch\/en\/wp-json\/wp\/v2\/posts\/2552\/revisions"}],"wp:featuredmedia":[{"embeddable":true,"href":"https:\/\/news.save.ch\/en\/wp-json\/wp\/v2\/media\/2553"}],"wp:attachment":[{"href":"https:\/\/news.save.ch\/en\/wp-json\/wp\/v2\/media?parent=2552"}],"wp:term":[{"taxonomy":"category","embeddable":true,"href":"https:\/\/news.save.ch\/en\/wp-json\/wp\/v2\/categories?post=2552"},{"taxonomy":"post_tag","embeddable":true,"href":"https:\/\/news.save.ch\/en\/wp-json\/wp\/v2\/tags?post=2552"}],"curies":[{"name":"wp","href":"https:\/\/api.w.org\/{rel}","templated":true}]}}