{"id":2586,"date":"2016-06-03T13:54:20","date_gmt":"2016-06-03T11:54:20","guid":{"rendered":"https:\/\/dev.sicherheitsforum.ch\/?p=2586"},"modified":"2016-06-03T13:54:20","modified_gmt":"2016-06-03T11:54:20","slug":"swiss-ts-neu-zu-100-beim-svti","status":null,"type":"post","link":"https:\/\/news.save.ch\/en\/swiss-ts-neu-zu-100-beim-svti\/","title":{"rendered":"Swiss TS new to 100% at SVTI"},"content":{"rendered":"<figure id=\"attachment_2587\" aria-describedby=\"caption-attachment-2587\" style=\"width: 680px\" class=\"wp-caption alignnone\"><img loading=\"lazy\" decoding=\"async\" class=\"wp-image-2587 size-medium\" src=\"https:\/\/news.save.ch\/wp-content\/uploads\/2016\/12\/Swiss-TS-neu-zu-100-beim-SVTI_sicherheitsforum.jpg\" width=\"680\" height=\"319\" \/><figcaption id=\"caption-attachment-2587\" class=\"wp-caption-text\">The SVTI headquarters in Wallisellen with the planned extension on the right.<\/figcaption><\/figure>\n<p>The Swiss Association for Technical Inspections (SVTI) and the German company T\u00dcV S\u00dcD are linked by a long-standing partnership. Since 2001, the two organizations have owned Swiss TS Technical Services AG (Swiss TS), which was founded jointly at that time. In order to consolidate their shareholdings and areas of activity, SVTI and T\u00dcV S\u00dcD have now agreed that 100% of the shares in Swiss TS will go to SVTI, the company announced yesterday.<\/p>\n<p>The <a href=\"https:\/\/www.svti.ch\/gruppe\" target=\"_blank\" data-cke-saved-href=\"https:\/\/www.svti.ch\/gruppe\" rel=\"noopener\">SVTI Group <\/a>is an independent competence center for technical safety and risk management.<\/p>","protected":false},"excerpt":{"rendered":"<p>Den Schweizerischen Verein f\u00fcr technische Inspektionen (SVTI) und das deutsche Unternehmen T\u00dcV S\u00dcD verbindet eine langj\u00e4hrige Partnerschaft. Seit dem Jahr 2001 sind die zwei Organisationen Besitzer der damals gemeinsam gegr\u00fcndeten Swiss TS Technical Services AG (Swiss TS). Im Sinne einer Konsolidierung der Beteiligungen und T\u00e4tigkeitsbereiche haben sich der SVTI und der T\u00dcV S\u00dcD nun geeinigt, [&hellip;]<\/p>\n","protected":false},"author":1,"featured_media":2587,"comment_status":"open","ping_status":"open","sticky":false,"template":"","format":"standard","meta":{"_acf_changed":false,"pgc_sgb_lightbox_settings":"","footnotes":""},"categories":[1],"tags":[65],"class_list":["post-2586","post","type-post","status-publish","format-standard","has-post-thumbnail","hentry","category-allgemein","tag-unternehmen"],"acf":[],"hkrextid":null,"publication":null,"issue":null,"workflow":null,"startPage":null,"spitzmarke":null,"_posts_by_tag_page_fields":{"widget_title":"","widget_tags":""},"_at_widget":"1","_yoast_wpseo_primary_category":"","_yoast_wpseo_focuskw_text_input":"Swiss TS","_yoast_wpseo_opengraph-image":"https:\/\/news.save.ch\/wp-content\/uploads\/2016\/12\/Swiss-TS-neu-zu-100-beim-SVTI_sicherheitsforum.jpg","_yoast_wpseo_opengraph-description":"Nach 15 Jahren gemeinsamer Beteiligung an der Swiss TS \u00fcbernimmt der SVTI das gesamte Aktienpaket der Swiss TS.","_yoast_wpseo_opengraph-title":"Swiss TS neu zu 100% beim SVTI","enclosure":null,"_yoast_wpseo_twitter-title":null,"_yoast_wpseo_twitter-description":null,"_yoast_wpseo_twitter-image":null,"_wp_old_slug":null,"_yoast_wpseo_title":null,"_yoast_wpseo_canonical":null,"yoast_head":"<!-- This site is optimized with the Yoast SEO plugin v27.5 - https:\/\/yoast.com\/product\/yoast-seo-wordpress\/ -->\n<title>Swiss TS neu zu 100% beim SVTI - Save<\/title>\n<meta name=\"description\" content=\"Nach 15 Jahren gemeinsamer Beteiligung an der Swiss TS \u00fcbernimmt der SVTI das gesamte Aktienpaket der Swiss TS.\" \/>\n<meta name=\"robots\" content=\"index, follow, max-snippet:-1, max-image-preview:large, max-video-preview:-1\" \/>\n<link rel=\"canonical\" href=\"https:\/\/news.save.ch\/en\/swiss-ts-neu-zu-100-beim-svti\/\" \/>\n<meta property=\"og:locale\" content=\"en_US\" \/>\n<meta property=\"og:type\" content=\"article\" \/>\n<meta property=\"og:title\" content=\"Swiss TS neu zu 100% beim SVTI\" \/>\n<meta property=\"og:description\" content=\"Nach 15 Jahren gemeinsamer Beteiligung an der Swiss TS \u00fcbernimmt der SVTI das gesamte Aktienpaket der Swiss TS.\" \/>\n<meta property=\"og:url\" content=\"https:\/\/news.save.ch\/en\/swiss-ts-neu-zu-100-beim-svti\/\" \/>\n<meta property=\"og:site_name\" content=\"Save\" \/>\n<meta property=\"article:published_time\" content=\"2016-06-03T11:54:20+00:00\" \/>\n<meta property=\"og:image\" content=\"https:\/\/news.save.ch\/wp-content\/uploads\/2016\/12\/Swiss-TS-neu-zu-100-beim-SVTI_sicherheitsforum.jpg\" \/>\n<meta name=\"author\" content=\"admin\" \/>\n<meta name=\"twitter:card\" content=\"summary_large_image\" \/>\n<meta name=\"twitter:label1\" content=\"Written by\" \/>\n\t<meta name=\"twitter:data1\" content=\"admin\" \/>\n\t<meta name=\"twitter:label2\" content=\"Est. reading time\" \/>\n\t<meta name=\"twitter:data2\" content=\"1 minute\" \/>\n<script type=\"application\/ld+json\" class=\"yoast-schema-graph\">{\"@context\":\"https:\\\/\\\/schema.org\",\"@graph\":[{\"@type\":\"Article\",\"@id\":\"https:\\\/\\\/news.save.ch\\\/swiss-ts-neu-zu-100-beim-svti\\\/#article\",\"isPartOf\":{\"@id\":\"https:\\\/\\\/news.save.ch\\\/swiss-ts-neu-zu-100-beim-svti\\\/\"},\"author\":{\"name\":\"admin\",\"@id\":\"https:\\\/\\\/news.save.ch\\\/de\\\/#\\\/schema\\\/person\\\/d49e199490bad7c70d64b9ab51142f2b\"},\"headline\":\"Swiss TS neu zu 100% beim SVTI\",\"datePublished\":\"2016-06-03T11:54:20+00:00\",\"mainEntityOfPage\":{\"@id\":\"https:\\\/\\\/news.save.ch\\\/swiss-ts-neu-zu-100-beim-svti\\\/\"},\"wordCount\":114,\"commentCount\":0,\"publisher\":{\"@id\":\"https:\\\/\\\/news.save.ch\\\/de\\\/#organization\"},\"image\":{\"@id\":\"https:\\\/\\\/news.save.ch\\\/swiss-ts-neu-zu-100-beim-svti\\\/#primaryimage\"},\"thumbnailUrl\":\"https:\\\/\\\/news.save.ch\\\/wp-content\\\/uploads\\\/2016\\\/12\\\/Swiss-TS-neu-zu-100-beim-SVTI_sicherheitsforum-scaled.jpg\",\"keywords\":[\"Unternehmen\"],\"articleSection\":[\"ALLGEMEIN\"],\"inLanguage\":\"en-US\"},{\"@type\":\"WebPage\",\"@id\":\"https:\\\/\\\/news.save.ch\\\/swiss-ts-neu-zu-100-beim-svti\\\/\",\"url\":\"https:\\\/\\\/news.save.ch\\\/swiss-ts-neu-zu-100-beim-svti\\\/\",\"name\":\"Swiss TS neu zu 100% beim SVTI - Save\",\"isPartOf\":{\"@id\":\"https:\\\/\\\/news.save.ch\\\/de\\\/#website\"},\"primaryImageOfPage\":{\"@id\":\"https:\\\/\\\/news.save.ch\\\/swiss-ts-neu-zu-100-beim-svti\\\/#primaryimage\"},\"image\":{\"@id\":\"https:\\\/\\\/news.save.ch\\\/swiss-ts-neu-zu-100-beim-svti\\\/#primaryimage\"},\"thumbnailUrl\":\"https:\\\/\\\/news.save.ch\\\/wp-content\\\/uploads\\\/2016\\\/12\\\/Swiss-TS-neu-zu-100-beim-SVTI_sicherheitsforum-scaled.jpg\",\"datePublished\":\"2016-06-03T11:54:20+00:00\",\"description\":\"Nach 15 Jahren gemeinsamer Beteiligung an der Swiss TS \u00fcbernimmt der SVTI das gesamte Aktienpaket der Swiss TS.\",\"breadcrumb\":{\"@id\":\"https:\\\/\\\/news.save.ch\\\/swiss-ts-neu-zu-100-beim-svti\\\/#breadcrumb\"},\"inLanguage\":\"en-US\",\"potentialAction\":[{\"@type\":\"ReadAction\",\"target\":[\"https:\\\/\\\/news.save.ch\\\/swiss-ts-neu-zu-100-beim-svti\\\/\"]}]},{\"@type\":\"ImageObject\",\"inLanguage\":\"en-US\",\"@id\":\"https:\\\/\\\/news.save.ch\\\/swiss-ts-neu-zu-100-beim-svti\\\/#primaryimage\",\"url\":\"https:\\\/\\\/news.save.ch\\\/wp-content\\\/uploads\\\/2016\\\/12\\\/Swiss-TS-neu-zu-100-beim-SVTI_sicherheitsforum-scaled.jpg\",\"contentUrl\":\"https:\\\/\\\/news.save.ch\\\/wp-content\\\/uploads\\\/2016\\\/12\\\/Swiss-TS-neu-zu-100-beim-SVTI_sicherheitsforum-scaled.jpg\",\"width\":1400,\"height\":657,\"caption\":\"Der SVTI-Sitz in Wallisellen mit dem geplanten Erweiterungsbau rechts.\"},{\"@type\":\"BreadcrumbList\",\"@id\":\"https:\\\/\\\/news.save.ch\\\/swiss-ts-neu-zu-100-beim-svti\\\/#breadcrumb\",\"itemListElement\":[{\"@type\":\"ListItem\",\"position\":1,\"name\":\"Home\",\"item\":\"https:\\\/\\\/news.save.ch\\\/de\\\/\"},{\"@type\":\"ListItem\",\"position\":2,\"name\":\"Swiss TS neu zu 100% beim SVTI\"}]},{\"@type\":\"WebSite\",\"@id\":\"https:\\\/\\\/news.save.ch\\\/de\\\/#website\",\"url\":\"https:\\\/\\\/news.save.ch\\\/de\\\/\",\"name\":\"Save\",\"description\":\"Schweizer Fachzeitschrift f\u00fcr Sicherheit\",\"publisher\":{\"@id\":\"https:\\\/\\\/news.save.ch\\\/de\\\/#organization\"},\"potentialAction\":[{\"@type\":\"SearchAction\",\"target\":{\"@type\":\"EntryPoint\",\"urlTemplate\":\"https:\\\/\\\/news.save.ch\\\/de\\\/?s={search_term_string}\"},\"query-input\":{\"@type\":\"PropertyValueSpecification\",\"valueRequired\":true,\"valueName\":\"search_term_string\"}}],\"inLanguage\":\"en-US\"},{\"@type\":\"Organization\",\"@id\":\"https:\\\/\\\/news.save.ch\\\/de\\\/#organization\",\"name\":\"Sicherheitsforum\",\"url\":\"https:\\\/\\\/news.save.ch\\\/de\\\/\",\"logo\":{\"@type\":\"ImageObject\",\"inLanguage\":\"en-US\",\"@id\":\"https:\\\/\\\/news.save.ch\\\/de\\\/#\\\/schema\\\/logo\\\/image\\\/\",\"url\":\"https:\\\/\\\/news.save.ch\\\/wp-content\\\/uploads\\\/2022\\\/06\\\/Logo_SF_2012.png\",\"contentUrl\":\"https:\\\/\\\/news.save.ch\\\/wp-content\\\/uploads\\\/2022\\\/06\\\/Logo_SF_2012.png\",\"width\":1100,\"height\":91,\"caption\":\"Sicherheitsforum\"},\"image\":{\"@id\":\"https:\\\/\\\/news.save.ch\\\/de\\\/#\\\/schema\\\/logo\\\/image\\\/\"}},{\"@type\":\"Person\",\"@id\":\"https:\\\/\\\/news.save.ch\\\/de\\\/#\\\/schema\\\/person\\\/d49e199490bad7c70d64b9ab51142f2b\",\"name\":\"admin\",\"image\":{\"@type\":\"ImageObject\",\"inLanguage\":\"en-US\",\"@id\":\"https:\\\/\\\/secure.gravatar.com\\\/avatar\\\/ae2f4d718e6c49043e314ce431e7e645d646302a24a5ef5a8bc8e3f5a032e319?s=96&d=mm&r=g\",\"url\":\"https:\\\/\\\/secure.gravatar.com\\\/avatar\\\/ae2f4d718e6c49043e314ce431e7e645d646302a24a5ef5a8bc8e3f5a032e319?s=96&d=mm&r=g\",\"contentUrl\":\"https:\\\/\\\/secure.gravatar.com\\\/avatar\\\/ae2f4d718e6c49043e314ce431e7e645d646302a24a5ef5a8bc8e3f5a032e319?s=96&d=mm&r=g\",\"caption\":\"admin\"},\"sameAs\":[\"https:\\\/\\\/develop.organisator.galledia.ch\"],\"url\":\"https:\\\/\\\/news.save.ch\\\/en\\\/author\\\/admin\\\/\"}]}<\/script>\n<!-- \/ Yoast SEO plugin. -->","yoast_head_json":{"title":"Swiss TS new to 100% at SVTI - Save","description":"After 15 years of joint participation in Swiss TS, SVTI takes over the entire share package of Swiss TS.","robots":{"index":"index","follow":"follow","max-snippet":"max-snippet:-1","max-image-preview":"max-image-preview:large","max-video-preview":"max-video-preview:-1"},"canonical":"https:\/\/news.save.ch\/en\/swiss-ts-neu-zu-100-beim-svti\/","og_locale":"en_US","og_type":"article","og_title":"Swiss TS neu zu 100% beim SVTI","og_description":"Nach 15 Jahren gemeinsamer Beteiligung an der Swiss TS \u00fcbernimmt der SVTI das gesamte Aktienpaket der Swiss TS.","og_url":"https:\/\/news.save.ch\/en\/swiss-ts-neu-zu-100-beim-svti\/","og_site_name":"Save","article_published_time":"2016-06-03T11:54:20+00:00","og_image":[{"url":"https:\/\/news.save.ch\/wp-content\/uploads\/2016\/12\/Swiss-TS-neu-zu-100-beim-SVTI_sicherheitsforum.jpg","type":"","width":"","height":""}],"author":"admin","twitter_card":"summary_large_image","twitter_misc":{"Written by":"admin","Est. reading time":"1 minute"},"schema":{"@context":"https:\/\/schema.org","@graph":[{"@type":"Article","@id":"https:\/\/news.save.ch\/swiss-ts-neu-zu-100-beim-svti\/#article","isPartOf":{"@id":"https:\/\/news.save.ch\/swiss-ts-neu-zu-100-beim-svti\/"},"author":{"name":"admin","@id":"https:\/\/news.save.ch\/de\/#\/schema\/person\/d49e199490bad7c70d64b9ab51142f2b"},"headline":"Swiss TS neu zu 100% beim SVTI","datePublished":"2016-06-03T11:54:20+00:00","mainEntityOfPage":{"@id":"https:\/\/news.save.ch\/swiss-ts-neu-zu-100-beim-svti\/"},"wordCount":114,"commentCount":0,"publisher":{"@id":"https:\/\/news.save.ch\/de\/#organization"},"image":{"@id":"https:\/\/news.save.ch\/swiss-ts-neu-zu-100-beim-svti\/#primaryimage"},"thumbnailUrl":"https:\/\/news.save.ch\/wp-content\/uploads\/2016\/12\/Swiss-TS-neu-zu-100-beim-SVTI_sicherheitsforum-scaled.jpg","keywords":["Unternehmen"],"articleSection":["ALLGEMEIN"],"inLanguage":"en-US"},{"@type":"WebPage","@id":"https:\/\/news.save.ch\/swiss-ts-neu-zu-100-beim-svti\/","url":"https:\/\/news.save.ch\/swiss-ts-neu-zu-100-beim-svti\/","name":"Swiss TS new to 100% at SVTI - Save","isPartOf":{"@id":"https:\/\/news.save.ch\/de\/#website"},"primaryImageOfPage":{"@id":"https:\/\/news.save.ch\/swiss-ts-neu-zu-100-beim-svti\/#primaryimage"},"image":{"@id":"https:\/\/news.save.ch\/swiss-ts-neu-zu-100-beim-svti\/#primaryimage"},"thumbnailUrl":"https:\/\/news.save.ch\/wp-content\/uploads\/2016\/12\/Swiss-TS-neu-zu-100-beim-SVTI_sicherheitsforum-scaled.jpg","datePublished":"2016-06-03T11:54:20+00:00","description":"After 15 years of joint participation in Swiss TS, SVTI takes over the entire share package of Swiss TS.","breadcrumb":{"@id":"https:\/\/news.save.ch\/swiss-ts-neu-zu-100-beim-svti\/#breadcrumb"},"inLanguage":"en-US","potentialAction":[{"@type":"ReadAction","target":["https:\/\/news.save.ch\/swiss-ts-neu-zu-100-beim-svti\/"]}]},{"@type":"ImageObject","inLanguage":"en-US","@id":"https:\/\/news.save.ch\/swiss-ts-neu-zu-100-beim-svti\/#primaryimage","url":"https:\/\/news.save.ch\/wp-content\/uploads\/2016\/12\/Swiss-TS-neu-zu-100-beim-SVTI_sicherheitsforum-scaled.jpg","contentUrl":"https:\/\/news.save.ch\/wp-content\/uploads\/2016\/12\/Swiss-TS-neu-zu-100-beim-SVTI_sicherheitsforum-scaled.jpg","width":1400,"height":657,"caption":"Der SVTI-Sitz in Wallisellen mit dem geplanten Erweiterungsbau rechts."},{"@type":"BreadcrumbList","@id":"https:\/\/news.save.ch\/swiss-ts-neu-zu-100-beim-svti\/#breadcrumb","itemListElement":[{"@type":"ListItem","position":1,"name":"Home","item":"https:\/\/news.save.ch\/de\/"},{"@type":"ListItem","position":2,"name":"Swiss TS neu zu 100% beim SVTI"}]},{"@type":"WebSite","@id":"https:\/\/news.save.ch\/de\/#website","url":"https:\/\/news.save.ch\/de\/","name":"Save","description":"Swiss trade journal for safety","publisher":{"@id":"https:\/\/news.save.ch\/de\/#organization"},"potentialAction":[{"@type":"SearchAction","target":{"@type":"EntryPoint","urlTemplate":"https:\/\/news.save.ch\/de\/?s={search_term_string}"},"query-input":{"@type":"PropertyValueSpecification","valueRequired":true,"valueName":"search_term_string"}}],"inLanguage":"en-US"},{"@type":"Organization","@id":"https:\/\/news.save.ch\/de\/#organization","name":"Security Forum","url":"https:\/\/news.save.ch\/de\/","logo":{"@type":"ImageObject","inLanguage":"en-US","@id":"https:\/\/news.save.ch\/de\/#\/schema\/logo\/image\/","url":"https:\/\/news.save.ch\/wp-content\/uploads\/2022\/06\/Logo_SF_2012.png","contentUrl":"https:\/\/news.save.ch\/wp-content\/uploads\/2022\/06\/Logo_SF_2012.png","width":1100,"height":91,"caption":"Sicherheitsforum"},"image":{"@id":"https:\/\/news.save.ch\/de\/#\/schema\/logo\/image\/"}},{"@type":"Person","@id":"https:\/\/news.save.ch\/de\/#\/schema\/person\/d49e199490bad7c70d64b9ab51142f2b","name":"admin","image":{"@type":"ImageObject","inLanguage":"en-US","@id":"https:\/\/secure.gravatar.com\/avatar\/ae2f4d718e6c49043e314ce431e7e645d646302a24a5ef5a8bc8e3f5a032e319?s=96&d=mm&r=g","url":"https:\/\/secure.gravatar.com\/avatar\/ae2f4d718e6c49043e314ce431e7e645d646302a24a5ef5a8bc8e3f5a032e319?s=96&d=mm&r=g","contentUrl":"https:\/\/secure.gravatar.com\/avatar\/ae2f4d718e6c49043e314ce431e7e645d646302a24a5ef5a8bc8e3f5a032e319?s=96&d=mm&r=g","caption":"admin"},"sameAs":["https:\/\/develop.organisator.galledia.ch"],"url":"https:\/\/news.save.ch\/en\/author\/admin\/"}]}},"_links":{"self":[{"href":"https:\/\/news.save.ch\/en\/wp-json\/wp\/v2\/posts\/2586","targetHints":{"allow":["GET"]}}],"collection":[{"href":"https:\/\/news.save.ch\/en\/wp-json\/wp\/v2\/posts"}],"about":[{"href":"https:\/\/news.save.ch\/en\/wp-json\/wp\/v2\/types\/post"}],"author":[{"embeddable":true,"href":"https:\/\/news.save.ch\/en\/wp-json\/wp\/v2\/users\/1"}],"replies":[{"embeddable":true,"href":"https:\/\/news.save.ch\/en\/wp-json\/wp\/v2\/comments?post=2586"}],"version-history":[{"count":0,"href":"https:\/\/news.save.ch\/en\/wp-json\/wp\/v2\/posts\/2586\/revisions"}],"wp:featuredmedia":[{"embeddable":true,"href":"https:\/\/news.save.ch\/en\/wp-json\/wp\/v2\/media\/2587"}],"wp:attachment":[{"href":"https:\/\/news.save.ch\/en\/wp-json\/wp\/v2\/media?parent=2586"}],"wp:term":[{"taxonomy":"category","embeddable":true,"href":"https:\/\/news.save.ch\/en\/wp-json\/wp\/v2\/categories?post=2586"},{"taxonomy":"post_tag","embeddable":true,"href":"https:\/\/news.save.ch\/en\/wp-json\/wp\/v2\/tags?post=2586"}],"curies":[{"name":"wp","href":"https:\/\/api.w.org\/{rel}","templated":true}]}}