{"id":2590,"date":"2016-06-02T13:56:20","date_gmt":"2016-06-02T11:56:20","guid":{"rendered":"https:\/\/dev.sicherheitsforum.ch\/?p=2590"},"modified":"2016-06-02T13:56:20","modified_gmt":"2016-06-02T11:56:20","slug":"axis-setzt-mit-2n-verstaerkt-auf-ip-intercom","status":null,"type":"post","link":"https:\/\/news.save.ch\/en\/axis-setzt-mit-2n-verstaerkt-auf-ip-intercom\/","title":{"rendered":"Axis increases its focus on IP intercom with 2N"},"content":{"rendered":"<p><img loading=\"lazy\" decoding=\"async\" class=\"alignnone wp-image-2591 size-medium\" src=\"https:\/\/news.save.ch\/wp-content\/uploads\/2016\/12\/Axis-setzt-mit-2N-verstaerkt-auf-IP-Intercom_sicherheitsforum.jpg\" width=\"680\" height=\"641\" srcset=\"https:\/\/news.save.ch\/wp-content\/uploads\/2016\/12\/Axis-setzt-mit-2N-verstaerkt-auf-IP-Intercom_sicherheitsforum.jpg 714w, https:\/\/news.save.ch\/wp-content\/uploads\/2016\/12\/Axis-setzt-mit-2N-verstaerkt-auf-IP-Intercom_sicherheitsforum-318x300.jpg 318w\" sizes=\"auto, (max-width: 680px) 100vw, 680px\" \/><\/p>\n<p>The enterprise <a href=\"https:\/\/www.2n.cz\/de\" target=\"_blank\" data-cke-saved-href=\"https:\/\/www.2n.cz\/de\" rel=\"noopener\">2N<\/a> headquartered in Prague, is active not only in IP-Intercom but also in IP-Audio and IP-Intercom for elevators. The company with about 200 employees relies on established sales channels which include electricians, installers for the telecommunication sector as well as manufacturers of elevators, such as <a href=\"https:\/\/www.axis.com\" target=\"_blank\" data-cke-saved-href=\"https:\/\/www.axis.com\" rel=\"noopener\">Axis<\/a> writes. This is a useful addition to Axis' existing global sales channels. \"Together with 2N, we can now serve the increased customer demand for integrated solutions with open standards and further strengthen our goal to make the world safer and smarter,\" says Peter Lindstr\u00f6m, Vice President New Business at Axis Communications.<\/p>\n<p>The 2N brand will be retained and the company will be managed as a subsidiary within the Axis Group. The cooperation covers the following areas: Exchange of know-how, mutual support in research and development, and joint efforts to expand market access. An important point for both companies is to accelerate the convergence of analog systems to IP intercom and to generate new opportunities in this area.<\/p>","protected":false},"excerpt":{"rendered":"<p>Die Unternehmung 2N mit Hauptsitz in Prag ist nebst IP-Intercom auch in den Bereichen IP-Audio und IP-Intercom f\u00fcr Aufz\u00fcge t\u00e4tig. Die Firma mit rund 200 Mitarbeitenden setzt auf etablierte Verkaufschannels die Elektriker, Installateure f\u00fcr den Telekommunikationsbereich sowie Hersteller von Aufz\u00fcgen beinhaltet, wie Axis schreibt. Dies stelle eine sinnvolle Erg\u00e4nzung zu den bereits bestehenden weltweiten Axis-Verkaufskan\u00e4len [&hellip;]<\/p>\n","protected":false},"author":1,"featured_media":2591,"comment_status":"open","ping_status":"open","sticky":false,"template":"","format":"standard","meta":{"_acf_changed":false,"pgc_sgb_lightbox_settings":"","footnotes":""},"categories":[1],"tags":[151,65],"class_list":["post-2590","post","type-post","status-publish","format-standard","has-post-thumbnail","hentry","category-allgemein","tag-alarmierung","tag-unternehmen"],"acf":[],"hkrextid":null,"publication":null,"issue":null,"workflow":null,"startPage":null,"spitzmarke":null,"_posts_by_tag_page_fields":{"widget_title":"","widget_tags":""},"_at_widget":"1","_yoast_wpseo_primary_category":"","_yoast_wpseo_focuskw_text_input":"Axis","_yoast_wpseo_opengraph-image":"https:\/\/news.save.ch\/wp-content\/uploads\/2016\/12\/Axis-setzt-mit-2N-verst\u00e4rkt-auf-IP-Intercom_sicherheitsforum.jpg","_yoast_wpseo_opengraph-description":"Axis \u00fcbernimmt mit 2N eine Spezialistin f\u00fcr IP-Intercom und adressiert mit der Akquisition vor allem den wachsenden Markt von IP-basierten Video-Intercom-Systemen.","_yoast_wpseo_opengraph-title":"Axis setzt mit 2N verst\u00e4rkt auf IP-Intercom","enclosure":null,"_yoast_wpseo_twitter-title":null,"_yoast_wpseo_twitter-description":null,"_yoast_wpseo_twitter-image":null,"_wp_old_slug":null,"_yoast_wpseo_title":null,"_yoast_wpseo_canonical":null,"yoast_head":"<!-- This site is optimized with the Yoast SEO plugin v27.5 - https:\/\/yoast.com\/product\/yoast-seo-wordpress\/ -->\n<title>Axis setzt mit 2N verst\u00e4rkt auf IP-Intercom - Save<\/title>\n<meta name=\"description\" content=\"Axis \u00fcbernimmt mit 2N eine Spezialistin f\u00fcr IP-Intercom und adressiert mit der Akquisition vor allem den Markt von IP-basierten Video-Intercom-Systemen.\" \/>\n<meta name=\"robots\" content=\"index, follow, max-snippet:-1, max-image-preview:large, max-video-preview:-1\" \/>\n<link rel=\"canonical\" href=\"https:\/\/news.save.ch\/en\/axis-setzt-mit-2n-verstaerkt-auf-ip-intercom\/\" \/>\n<meta property=\"og:locale\" content=\"en_US\" \/>\n<meta property=\"og:type\" content=\"article\" \/>\n<meta property=\"og:title\" content=\"Axis setzt mit 2N verst\u00e4rkt auf IP-Intercom\" \/>\n<meta property=\"og:description\" content=\"Axis \u00fcbernimmt mit 2N eine Spezialistin f\u00fcr IP-Intercom und adressiert mit der Akquisition vor allem den wachsenden Markt von IP-basierten Video-Intercom-Systemen.\" \/>\n<meta property=\"og:url\" content=\"https:\/\/news.save.ch\/en\/axis-setzt-mit-2n-verstaerkt-auf-ip-intercom\/\" \/>\n<meta property=\"og:site_name\" content=\"Save\" \/>\n<meta property=\"article:published_time\" content=\"2016-06-02T11:56:20+00:00\" \/>\n<meta property=\"og:image\" content=\"https:\/\/news.save.ch\/wp-content\/uploads\/2016\/12\/Axis-setzt-mit-2N-verst\u00e4rkt-auf-IP-Intercom_sicherheitsforum.jpg\" \/>\n<meta name=\"author\" content=\"admin\" \/>\n<meta name=\"twitter:card\" content=\"summary_large_image\" \/>\n<meta name=\"twitter:label1\" content=\"Written by\" \/>\n\t<meta name=\"twitter:data1\" content=\"admin\" \/>\n\t<meta name=\"twitter:label2\" content=\"Est. reading time\" \/>\n\t<meta name=\"twitter:data2\" content=\"1 minute\" \/>\n<script type=\"application\/ld+json\" class=\"yoast-schema-graph\">{\"@context\":\"https:\\\/\\\/schema.org\",\"@graph\":[{\"@type\":\"Article\",\"@id\":\"https:\\\/\\\/news.save.ch\\\/axis-setzt-mit-2n-verstaerkt-auf-ip-intercom\\\/#article\",\"isPartOf\":{\"@id\":\"https:\\\/\\\/news.save.ch\\\/axis-setzt-mit-2n-verstaerkt-auf-ip-intercom\\\/\"},\"author\":{\"name\":\"admin\",\"@id\":\"https:\\\/\\\/news.save.ch\\\/de\\\/#\\\/schema\\\/person\\\/d49e199490bad7c70d64b9ab51142f2b\"},\"headline\":\"Axis setzt mit 2N verst\u00e4rkt auf IP-Intercom\",\"datePublished\":\"2016-06-02T11:56:20+00:00\",\"mainEntityOfPage\":{\"@id\":\"https:\\\/\\\/news.save.ch\\\/axis-setzt-mit-2n-verstaerkt-auf-ip-intercom\\\/\"},\"wordCount\":177,\"commentCount\":0,\"publisher\":{\"@id\":\"https:\\\/\\\/news.save.ch\\\/de\\\/#organization\"},\"image\":{\"@id\":\"https:\\\/\\\/news.save.ch\\\/axis-setzt-mit-2n-verstaerkt-auf-ip-intercom\\\/#primaryimage\"},\"thumbnailUrl\":\"https:\\\/\\\/news.save.ch\\\/wp-content\\\/uploads\\\/2016\\\/12\\\/Axis-setzt-mit-2N-verstaerkt-auf-IP-Intercom_sicherheitsforum.jpg\",\"keywords\":[\"Alarmierung\",\"Unternehmen\"],\"articleSection\":[\"ALLGEMEIN\"],\"inLanguage\":\"en-US\"},{\"@type\":\"WebPage\",\"@id\":\"https:\\\/\\\/news.save.ch\\\/axis-setzt-mit-2n-verstaerkt-auf-ip-intercom\\\/\",\"url\":\"https:\\\/\\\/news.save.ch\\\/axis-setzt-mit-2n-verstaerkt-auf-ip-intercom\\\/\",\"name\":\"Axis setzt mit 2N verst\u00e4rkt auf IP-Intercom - Save\",\"isPartOf\":{\"@id\":\"https:\\\/\\\/news.save.ch\\\/de\\\/#website\"},\"primaryImageOfPage\":{\"@id\":\"https:\\\/\\\/news.save.ch\\\/axis-setzt-mit-2n-verstaerkt-auf-ip-intercom\\\/#primaryimage\"},\"image\":{\"@id\":\"https:\\\/\\\/news.save.ch\\\/axis-setzt-mit-2n-verstaerkt-auf-ip-intercom\\\/#primaryimage\"},\"thumbnailUrl\":\"https:\\\/\\\/news.save.ch\\\/wp-content\\\/uploads\\\/2016\\\/12\\\/Axis-setzt-mit-2N-verstaerkt-auf-IP-Intercom_sicherheitsforum.jpg\",\"datePublished\":\"2016-06-02T11:56:20+00:00\",\"description\":\"Axis \u00fcbernimmt mit 2N eine Spezialistin f\u00fcr IP-Intercom und adressiert mit der Akquisition vor allem den Markt von IP-basierten Video-Intercom-Systemen.\",\"breadcrumb\":{\"@id\":\"https:\\\/\\\/news.save.ch\\\/axis-setzt-mit-2n-verstaerkt-auf-ip-intercom\\\/#breadcrumb\"},\"inLanguage\":\"en-US\",\"potentialAction\":[{\"@type\":\"ReadAction\",\"target\":[\"https:\\\/\\\/news.save.ch\\\/axis-setzt-mit-2n-verstaerkt-auf-ip-intercom\\\/\"]}]},{\"@type\":\"ImageObject\",\"inLanguage\":\"en-US\",\"@id\":\"https:\\\/\\\/news.save.ch\\\/axis-setzt-mit-2n-verstaerkt-auf-ip-intercom\\\/#primaryimage\",\"url\":\"https:\\\/\\\/news.save.ch\\\/wp-content\\\/uploads\\\/2016\\\/12\\\/Axis-setzt-mit-2N-verstaerkt-auf-IP-Intercom_sicherheitsforum.jpg\",\"contentUrl\":\"https:\\\/\\\/news.save.ch\\\/wp-content\\\/uploads\\\/2016\\\/12\\\/Axis-setzt-mit-2N-verstaerkt-auf-IP-Intercom_sicherheitsforum.jpg\",\"width\":714,\"height\":673},{\"@type\":\"BreadcrumbList\",\"@id\":\"https:\\\/\\\/news.save.ch\\\/axis-setzt-mit-2n-verstaerkt-auf-ip-intercom\\\/#breadcrumb\",\"itemListElement\":[{\"@type\":\"ListItem\",\"position\":1,\"name\":\"Home\",\"item\":\"https:\\\/\\\/news.save.ch\\\/de\\\/\"},{\"@type\":\"ListItem\",\"position\":2,\"name\":\"Axis setzt mit 2N verst\u00e4rkt auf IP-Intercom\"}]},{\"@type\":\"WebSite\",\"@id\":\"https:\\\/\\\/news.save.ch\\\/de\\\/#website\",\"url\":\"https:\\\/\\\/news.save.ch\\\/de\\\/\",\"name\":\"Save\",\"description\":\"Schweizer Fachzeitschrift f\u00fcr Sicherheit\",\"publisher\":{\"@id\":\"https:\\\/\\\/news.save.ch\\\/de\\\/#organization\"},\"potentialAction\":[{\"@type\":\"SearchAction\",\"target\":{\"@type\":\"EntryPoint\",\"urlTemplate\":\"https:\\\/\\\/news.save.ch\\\/de\\\/?s={search_term_string}\"},\"query-input\":{\"@type\":\"PropertyValueSpecification\",\"valueRequired\":true,\"valueName\":\"search_term_string\"}}],\"inLanguage\":\"en-US\"},{\"@type\":\"Organization\",\"@id\":\"https:\\\/\\\/news.save.ch\\\/de\\\/#organization\",\"name\":\"Sicherheitsforum\",\"url\":\"https:\\\/\\\/news.save.ch\\\/de\\\/\",\"logo\":{\"@type\":\"ImageObject\",\"inLanguage\":\"en-US\",\"@id\":\"https:\\\/\\\/news.save.ch\\\/de\\\/#\\\/schema\\\/logo\\\/image\\\/\",\"url\":\"https:\\\/\\\/news.save.ch\\\/wp-content\\\/uploads\\\/2022\\\/06\\\/Logo_SF_2012.png\",\"contentUrl\":\"https:\\\/\\\/news.save.ch\\\/wp-content\\\/uploads\\\/2022\\\/06\\\/Logo_SF_2012.png\",\"width\":1100,\"height\":91,\"caption\":\"Sicherheitsforum\"},\"image\":{\"@id\":\"https:\\\/\\\/news.save.ch\\\/de\\\/#\\\/schema\\\/logo\\\/image\\\/\"}},{\"@type\":\"Person\",\"@id\":\"https:\\\/\\\/news.save.ch\\\/de\\\/#\\\/schema\\\/person\\\/d49e199490bad7c70d64b9ab51142f2b\",\"name\":\"admin\",\"image\":{\"@type\":\"ImageObject\",\"inLanguage\":\"en-US\",\"@id\":\"https:\\\/\\\/secure.gravatar.com\\\/avatar\\\/ae2f4d718e6c49043e314ce431e7e645d646302a24a5ef5a8bc8e3f5a032e319?s=96&d=mm&r=g\",\"url\":\"https:\\\/\\\/secure.gravatar.com\\\/avatar\\\/ae2f4d718e6c49043e314ce431e7e645d646302a24a5ef5a8bc8e3f5a032e319?s=96&d=mm&r=g\",\"contentUrl\":\"https:\\\/\\\/secure.gravatar.com\\\/avatar\\\/ae2f4d718e6c49043e314ce431e7e645d646302a24a5ef5a8bc8e3f5a032e319?s=96&d=mm&r=g\",\"caption\":\"admin\"},\"sameAs\":[\"https:\\\/\\\/develop.organisator.galledia.ch\"],\"url\":\"https:\\\/\\\/news.save.ch\\\/en\\\/author\\\/admin\\\/\"}]}<\/script>\n<!-- \/ Yoast SEO plugin. -->","yoast_head_json":{"title":"Axis strengthens its focus on IP intercom with 2N - Save","description":"Axis acquires 2N, a specialist in IP intercom, primarily addressing the market for IP-based video intercom systems.","robots":{"index":"index","follow":"follow","max-snippet":"max-snippet:-1","max-image-preview":"max-image-preview:large","max-video-preview":"max-video-preview:-1"},"canonical":"https:\/\/news.save.ch\/en\/axis-setzt-mit-2n-verstaerkt-auf-ip-intercom\/","og_locale":"en_US","og_type":"article","og_title":"Axis setzt mit 2N verst\u00e4rkt auf IP-Intercom","og_description":"Axis \u00fcbernimmt mit 2N eine Spezialistin f\u00fcr IP-Intercom und adressiert mit der Akquisition vor allem den wachsenden Markt von IP-basierten Video-Intercom-Systemen.","og_url":"https:\/\/news.save.ch\/en\/axis-setzt-mit-2n-verstaerkt-auf-ip-intercom\/","og_site_name":"Save","article_published_time":"2016-06-02T11:56:20+00:00","og_image":[{"url":"https:\/\/news.save.ch\/wp-content\/uploads\/2016\/12\/Axis-setzt-mit-2N-verst\u00e4rkt-auf-IP-Intercom_sicherheitsforum.jpg","type":"","width":"","height":""}],"author":"admin","twitter_card":"summary_large_image","twitter_misc":{"Written by":"admin","Est. reading time":"1 minute"},"schema":{"@context":"https:\/\/schema.org","@graph":[{"@type":"Article","@id":"https:\/\/news.save.ch\/axis-setzt-mit-2n-verstaerkt-auf-ip-intercom\/#article","isPartOf":{"@id":"https:\/\/news.save.ch\/axis-setzt-mit-2n-verstaerkt-auf-ip-intercom\/"},"author":{"name":"admin","@id":"https:\/\/news.save.ch\/de\/#\/schema\/person\/d49e199490bad7c70d64b9ab51142f2b"},"headline":"Axis setzt mit 2N verst\u00e4rkt auf IP-Intercom","datePublished":"2016-06-02T11:56:20+00:00","mainEntityOfPage":{"@id":"https:\/\/news.save.ch\/axis-setzt-mit-2n-verstaerkt-auf-ip-intercom\/"},"wordCount":177,"commentCount":0,"publisher":{"@id":"https:\/\/news.save.ch\/de\/#organization"},"image":{"@id":"https:\/\/news.save.ch\/axis-setzt-mit-2n-verstaerkt-auf-ip-intercom\/#primaryimage"},"thumbnailUrl":"https:\/\/news.save.ch\/wp-content\/uploads\/2016\/12\/Axis-setzt-mit-2N-verstaerkt-auf-IP-Intercom_sicherheitsforum.jpg","keywords":["Alarmierung","Unternehmen"],"articleSection":["ALLGEMEIN"],"inLanguage":"en-US"},{"@type":"WebPage","@id":"https:\/\/news.save.ch\/axis-setzt-mit-2n-verstaerkt-auf-ip-intercom\/","url":"https:\/\/news.save.ch\/axis-setzt-mit-2n-verstaerkt-auf-ip-intercom\/","name":"Axis strengthens its focus on IP intercom with 2N - Save","isPartOf":{"@id":"https:\/\/news.save.ch\/de\/#website"},"primaryImageOfPage":{"@id":"https:\/\/news.save.ch\/axis-setzt-mit-2n-verstaerkt-auf-ip-intercom\/#primaryimage"},"image":{"@id":"https:\/\/news.save.ch\/axis-setzt-mit-2n-verstaerkt-auf-ip-intercom\/#primaryimage"},"thumbnailUrl":"https:\/\/news.save.ch\/wp-content\/uploads\/2016\/12\/Axis-setzt-mit-2N-verstaerkt-auf-IP-Intercom_sicherheitsforum.jpg","datePublished":"2016-06-02T11:56:20+00:00","description":"Axis acquires 2N, a specialist in IP intercom, primarily addressing the market for IP-based video intercom systems.","breadcrumb":{"@id":"https:\/\/news.save.ch\/axis-setzt-mit-2n-verstaerkt-auf-ip-intercom\/#breadcrumb"},"inLanguage":"en-US","potentialAction":[{"@type":"ReadAction","target":["https:\/\/news.save.ch\/axis-setzt-mit-2n-verstaerkt-auf-ip-intercom\/"]}]},{"@type":"ImageObject","inLanguage":"en-US","@id":"https:\/\/news.save.ch\/axis-setzt-mit-2n-verstaerkt-auf-ip-intercom\/#primaryimage","url":"https:\/\/news.save.ch\/wp-content\/uploads\/2016\/12\/Axis-setzt-mit-2N-verstaerkt-auf-IP-Intercom_sicherheitsforum.jpg","contentUrl":"https:\/\/news.save.ch\/wp-content\/uploads\/2016\/12\/Axis-setzt-mit-2N-verstaerkt-auf-IP-Intercom_sicherheitsforum.jpg","width":714,"height":673},{"@type":"BreadcrumbList","@id":"https:\/\/news.save.ch\/axis-setzt-mit-2n-verstaerkt-auf-ip-intercom\/#breadcrumb","itemListElement":[{"@type":"ListItem","position":1,"name":"Home","item":"https:\/\/news.save.ch\/de\/"},{"@type":"ListItem","position":2,"name":"Axis setzt mit 2N verst\u00e4rkt auf IP-Intercom"}]},{"@type":"WebSite","@id":"https:\/\/news.save.ch\/de\/#website","url":"https:\/\/news.save.ch\/de\/","name":"Save","description":"Swiss trade journal for safety","publisher":{"@id":"https:\/\/news.save.ch\/de\/#organization"},"potentialAction":[{"@type":"SearchAction","target":{"@type":"EntryPoint","urlTemplate":"https:\/\/news.save.ch\/de\/?s={search_term_string}"},"query-input":{"@type":"PropertyValueSpecification","valueRequired":true,"valueName":"search_term_string"}}],"inLanguage":"en-US"},{"@type":"Organization","@id":"https:\/\/news.save.ch\/de\/#organization","name":"Security Forum","url":"https:\/\/news.save.ch\/de\/","logo":{"@type":"ImageObject","inLanguage":"en-US","@id":"https:\/\/news.save.ch\/de\/#\/schema\/logo\/image\/","url":"https:\/\/news.save.ch\/wp-content\/uploads\/2022\/06\/Logo_SF_2012.png","contentUrl":"https:\/\/news.save.ch\/wp-content\/uploads\/2022\/06\/Logo_SF_2012.png","width":1100,"height":91,"caption":"Sicherheitsforum"},"image":{"@id":"https:\/\/news.save.ch\/de\/#\/schema\/logo\/image\/"}},{"@type":"Person","@id":"https:\/\/news.save.ch\/de\/#\/schema\/person\/d49e199490bad7c70d64b9ab51142f2b","name":"admin","image":{"@type":"ImageObject","inLanguage":"en-US","@id":"https:\/\/secure.gravatar.com\/avatar\/ae2f4d718e6c49043e314ce431e7e645d646302a24a5ef5a8bc8e3f5a032e319?s=96&d=mm&r=g","url":"https:\/\/secure.gravatar.com\/avatar\/ae2f4d718e6c49043e314ce431e7e645d646302a24a5ef5a8bc8e3f5a032e319?s=96&d=mm&r=g","contentUrl":"https:\/\/secure.gravatar.com\/avatar\/ae2f4d718e6c49043e314ce431e7e645d646302a24a5ef5a8bc8e3f5a032e319?s=96&d=mm&r=g","caption":"admin"},"sameAs":["https:\/\/develop.organisator.galledia.ch"],"url":"https:\/\/news.save.ch\/en\/author\/admin\/"}]}},"_links":{"self":[{"href":"https:\/\/news.save.ch\/en\/wp-json\/wp\/v2\/posts\/2590","targetHints":{"allow":["GET"]}}],"collection":[{"href":"https:\/\/news.save.ch\/en\/wp-json\/wp\/v2\/posts"}],"about":[{"href":"https:\/\/news.save.ch\/en\/wp-json\/wp\/v2\/types\/post"}],"author":[{"embeddable":true,"href":"https:\/\/news.save.ch\/en\/wp-json\/wp\/v2\/users\/1"}],"replies":[{"embeddable":true,"href":"https:\/\/news.save.ch\/en\/wp-json\/wp\/v2\/comments?post=2590"}],"version-history":[{"count":0,"href":"https:\/\/news.save.ch\/en\/wp-json\/wp\/v2\/posts\/2590\/revisions"}],"wp:featuredmedia":[{"embeddable":true,"href":"https:\/\/news.save.ch\/en\/wp-json\/wp\/v2\/media\/2591"}],"wp:attachment":[{"href":"https:\/\/news.save.ch\/en\/wp-json\/wp\/v2\/media?parent=2590"}],"wp:term":[{"taxonomy":"category","embeddable":true,"href":"https:\/\/news.save.ch\/en\/wp-json\/wp\/v2\/categories?post=2590"},{"taxonomy":"post_tag","embeddable":true,"href":"https:\/\/news.save.ch\/en\/wp-json\/wp\/v2\/tags?post=2590"}],"curies":[{"name":"wp","href":"https:\/\/api.w.org\/{rel}","templated":true}]}}