{"id":2626,"date":"2016-05-19T14:28:00","date_gmt":"2016-05-19T12:28:00","guid":{"rendered":"https:\/\/dev.sicherheitsforum.ch\/?p=2626"},"modified":"2016-05-19T14:28:00","modified_gmt":"2016-05-19T12:28:00","slug":"revidiertes-firmenrecht-tritt-am-1-juli-2016-in-kraft","status":null,"type":"post","link":"https:\/\/news.save.ch\/en\/revidiertes-firmenrecht-tritt-am-1-juli-2016-in-kraft\/","title":{"rendered":"Revised company law enters into force on July 1, 2016"},"content":{"rendered":"<figure id=\"attachment_2627\" aria-describedby=\"caption-attachment-2627\" style=\"width: 680px\" class=\"wp-caption alignnone\"><img loading=\"lazy\" decoding=\"async\" class=\"wp-image-2627 size-medium\" src=\"https:\/\/news.save.ch\/wp-content\/uploads\/2016\/12\/Revidiertes-Firmenrecht-tritt-am-1.-Juli-2016-in-Kraft_sicherheitsforum.jpg\" width=\"680\" height=\"454\" srcset=\"https:\/\/news.save.ch\/wp-content\/uploads\/2016\/12\/Revidiertes-Firmenrecht-tritt-am-1.-Juli-2016-in-Kraft_sicherheitsforum.jpg 1000w, https:\/\/news.save.ch\/wp-content\/uploads\/2016\/12\/Revidiertes-Firmenrecht-tritt-am-1.-Juli-2016-in-Kraft_sicherheitsforum-375x250.jpg 375w\" sizes=\"auto, (max-width: 680px) 100vw, 680px\" \/><figcaption id=\"caption-attachment-2627\" class=\"wp-caption-text\">Photo: depositphotos<\/figcaption><\/figure>\n<p>On September 25, 2015, Parliament passed the amendment to the Code of Obligations (CO). The referendum period expired unused on January 14, 2016.<\/p>\n<p><strong>Continuity of the company name<\/strong><\/p>\n<p>The amendment to the Swiss Code of Obligations, which was enacted by the Federal Council on May 18, 2016, means that once a company name has been chosen, it can be continued for an indefinite period. In particular, in the case of partnerships, changes of partners are possible without changing the company name and the conversion into another legal form ideally only affects the company name in the addition of the legal form. In this way, the acquired and maintained value of a company name is preserved. In addition, the respective legal form will be directly recognizable from the company name in the future.<\/p>\n<p><strong>Equal rules in the formation of companies<\/strong><\/p>\n<p>Furthermore, the same rules will apply to all companies in the future. Except in the case of sole proprietorships, the company name consists of a freely formable core, which is supplemented with the corresponding indication of the legal form. The legal form may be written out in full or abbreviated. The Federal Council determines the permissible abbreviations of the legal forms. Therefore, the entry into force of the new legal provisions also requires an amendment to the Commercial Register Ordinance (HRegV), which will also enter into force on July 1, 2016.<\/p>\n<p>Finally, the amendment to the OR standardizes the exclusivity of the company name. The exclusivity of the company name is now extended to the whole of Switzerland for all companies. This takes into account the fact that the sphere of activity of many companies is no longer limited to the municipality in which they have their registered office.<\/p>\n<p><em>Source: Federal Office of Justice<\/em><\/p>","protected":false},"excerpt":{"rendered":"<p>Das Parlament hatte am 25.\u00a0September 2015 die \u00c4nderung des Obligationenrechts (OR) verabschiedet. Die Referendumsfrist lief am 14.\u00a0Januar 2016 unbenutzt ab. Kontinuit\u00e4t des Firmennamens Die \u00c4nderung des OR, die der Bundesrat am 18. Mai 2016 in Kraft gesetzt hat, bewirkt, dass der einmal gew\u00e4hlte Firmennamen auf unbestimmte Zeit weitergef\u00fchrt werden kann. Insbesondere sind bei Personengesellschaften Gesellschafterwechsel [&hellip;]<\/p>\n","protected":false},"author":1,"featured_media":2627,"comment_status":"open","ping_status":"open","sticky":false,"template":"","format":"standard","meta":{"_acf_changed":false,"pgc_sgb_lightbox_settings":"","footnotes":""},"categories":[1],"tags":[69],"class_list":["post-2626","post","type-post","status-publish","format-standard","has-post-thumbnail","hentry","category-allgemein","tag-justiz-polizei"],"acf":[],"hkrextid":null,"publication":null,"issue":null,"workflow":null,"startPage":null,"spitzmarke":null,"_posts_by_tag_page_fields":{"widget_title":"","widget_tags":""},"_at_widget":"1","_yoast_wpseo_primary_category":"","_yoast_wpseo_focuskw_text_input":"Firmenrecht","_yoast_wpseo_opengraph-image":"https:\/\/news.save.ch\/wp-content\/uploads\/2016\/12\/Revidiertes-Firmenrecht-tritt-am-1.-Juli-2016-in-Kraft_sicherheitsforum.jpg","_yoast_wpseo_opengraph-description":"Der Bundesrat hat die neuen Gesetzesbestimmungen zur Bildung des Firmennamens auf den 1. Juli 2016 in Kraft gesetzt. Die neuen Bestimmungen erleichtern die Unternehmensnachfolge f\u00fcr Einzelunternehmen, Kollektiv-, Kommandit- und Kommanditaktiengesellschaften und sorgen daf\u00fcr, dass bei der Firmenbildung k\u00fcnftig f\u00fcr alle Gesellschaften die gleichen Vorschriften gelten.","_yoast_wpseo_opengraph-title":"Revidiertes Firmenrecht tritt am 1. Juli 2016 in Kraft","enclosure":null,"_yoast_wpseo_twitter-title":null,"_yoast_wpseo_twitter-description":null,"_yoast_wpseo_twitter-image":null,"_wp_old_slug":null,"_yoast_wpseo_title":null,"_yoast_wpseo_canonical":null,"yoast_head":"<!-- This site is optimized with the Yoast SEO plugin v27.5 - https:\/\/yoast.com\/product\/yoast-seo-wordpress\/ -->\n<title>Revidiertes Firmenrecht tritt am 1. Juli 2016 in Kraft - Save<\/title>\n<meta name=\"description\" content=\"Firmenrecht: Der Bundesrat hat die neuen Gesetzesbestimmungen zur Bildung des Firmennamens auf den 1. Juli 2016 in Kraft gesetzt.\" \/>\n<meta name=\"robots\" content=\"index, follow, max-snippet:-1, max-image-preview:large, max-video-preview:-1\" \/>\n<link rel=\"canonical\" href=\"https:\/\/news.save.ch\/en\/revidiertes-firmenrecht-tritt-am-1-juli-2016-in-kraft\/\" \/>\n<meta property=\"og:locale\" content=\"en_US\" \/>\n<meta property=\"og:type\" content=\"article\" \/>\n<meta property=\"og:title\" content=\"Revidiertes Firmenrecht tritt am 1. Juli 2016 in Kraft\" \/>\n<meta property=\"og:description\" content=\"Der Bundesrat hat die neuen Gesetzesbestimmungen zur Bildung des Firmennamens auf den 1. Juli 2016 in Kraft gesetzt. Die neuen Bestimmungen erleichtern die Unternehmensnachfolge f\u00fcr Einzelunternehmen, Kollektiv-, Kommandit- und Kommanditaktiengesellschaften und sorgen daf\u00fcr, dass bei der Firmenbildung k\u00fcnftig f\u00fcr alle Gesellschaften die gleichen Vorschriften gelten.\" \/>\n<meta property=\"og:url\" content=\"https:\/\/news.save.ch\/en\/revidiertes-firmenrecht-tritt-am-1-juli-2016-in-kraft\/\" \/>\n<meta property=\"og:site_name\" content=\"Save\" \/>\n<meta property=\"article:published_time\" content=\"2016-05-19T12:28:00+00:00\" \/>\n<meta property=\"og:image\" content=\"https:\/\/news.save.ch\/wp-content\/uploads\/2016\/12\/Revidiertes-Firmenrecht-tritt-am-1.-Juli-2016-in-Kraft_sicherheitsforum.jpg\" \/>\n<meta name=\"author\" content=\"admin\" \/>\n<meta name=\"twitter:card\" content=\"summary_large_image\" \/>\n<meta name=\"twitter:label1\" content=\"Written by\" \/>\n\t<meta name=\"twitter:data1\" content=\"admin\" \/>\n\t<meta name=\"twitter:label2\" content=\"Est. reading time\" \/>\n\t<meta name=\"twitter:data2\" content=\"1 minute\" \/>\n<script type=\"application\/ld+json\" class=\"yoast-schema-graph\">{\"@context\":\"https:\\\/\\\/schema.org\",\"@graph\":[{\"@type\":\"Article\",\"@id\":\"https:\\\/\\\/news.save.ch\\\/revidiertes-firmenrecht-tritt-am-1-juli-2016-in-kraft\\\/#article\",\"isPartOf\":{\"@id\":\"https:\\\/\\\/news.save.ch\\\/revidiertes-firmenrecht-tritt-am-1-juli-2016-in-kraft\\\/\"},\"author\":{\"name\":\"admin\",\"@id\":\"https:\\\/\\\/news.save.ch\\\/de\\\/#\\\/schema\\\/person\\\/d49e199490bad7c70d64b9ab51142f2b\"},\"headline\":\"Revidiertes Firmenrecht tritt am 1. Juli 2016 in Kraft\",\"datePublished\":\"2016-05-19T12:28:00+00:00\",\"mainEntityOfPage\":{\"@id\":\"https:\\\/\\\/news.save.ch\\\/revidiertes-firmenrecht-tritt-am-1-juli-2016-in-kraft\\\/\"},\"wordCount\":246,\"commentCount\":0,\"publisher\":{\"@id\":\"https:\\\/\\\/news.save.ch\\\/de\\\/#organization\"},\"image\":{\"@id\":\"https:\\\/\\\/news.save.ch\\\/revidiertes-firmenrecht-tritt-am-1-juli-2016-in-kraft\\\/#primaryimage\"},\"thumbnailUrl\":\"https:\\\/\\\/news.save.ch\\\/wp-content\\\/uploads\\\/2016\\\/12\\\/Revidiertes-Firmenrecht-tritt-am-1.-Juli-2016-in-Kraft_sicherheitsforum.jpg\",\"keywords\":[\"Justiz &amp; Polizei\"],\"articleSection\":[\"ALLGEMEIN\"],\"inLanguage\":\"en-US\"},{\"@type\":\"WebPage\",\"@id\":\"https:\\\/\\\/news.save.ch\\\/revidiertes-firmenrecht-tritt-am-1-juli-2016-in-kraft\\\/\",\"url\":\"https:\\\/\\\/news.save.ch\\\/revidiertes-firmenrecht-tritt-am-1-juli-2016-in-kraft\\\/\",\"name\":\"Revidiertes Firmenrecht tritt am 1. Juli 2016 in Kraft - Save\",\"isPartOf\":{\"@id\":\"https:\\\/\\\/news.save.ch\\\/de\\\/#website\"},\"primaryImageOfPage\":{\"@id\":\"https:\\\/\\\/news.save.ch\\\/revidiertes-firmenrecht-tritt-am-1-juli-2016-in-kraft\\\/#primaryimage\"},\"image\":{\"@id\":\"https:\\\/\\\/news.save.ch\\\/revidiertes-firmenrecht-tritt-am-1-juli-2016-in-kraft\\\/#primaryimage\"},\"thumbnailUrl\":\"https:\\\/\\\/news.save.ch\\\/wp-content\\\/uploads\\\/2016\\\/12\\\/Revidiertes-Firmenrecht-tritt-am-1.-Juli-2016-in-Kraft_sicherheitsforum.jpg\",\"datePublished\":\"2016-05-19T12:28:00+00:00\",\"description\":\"Firmenrecht: Der Bundesrat hat die neuen Gesetzesbestimmungen zur Bildung des Firmennamens auf den 1. Juli 2016 in Kraft gesetzt.\",\"breadcrumb\":{\"@id\":\"https:\\\/\\\/news.save.ch\\\/revidiertes-firmenrecht-tritt-am-1-juli-2016-in-kraft\\\/#breadcrumb\"},\"inLanguage\":\"en-US\",\"potentialAction\":[{\"@type\":\"ReadAction\",\"target\":[\"https:\\\/\\\/news.save.ch\\\/revidiertes-firmenrecht-tritt-am-1-juli-2016-in-kraft\\\/\"]}]},{\"@type\":\"ImageObject\",\"inLanguage\":\"en-US\",\"@id\":\"https:\\\/\\\/news.save.ch\\\/revidiertes-firmenrecht-tritt-am-1-juli-2016-in-kraft\\\/#primaryimage\",\"url\":\"https:\\\/\\\/news.save.ch\\\/wp-content\\\/uploads\\\/2016\\\/12\\\/Revidiertes-Firmenrecht-tritt-am-1.-Juli-2016-in-Kraft_sicherheitsforum.jpg\",\"contentUrl\":\"https:\\\/\\\/news.save.ch\\\/wp-content\\\/uploads\\\/2016\\\/12\\\/Revidiertes-Firmenrecht-tritt-am-1.-Juli-2016-in-Kraft_sicherheitsforum.jpg\",\"width\":1000,\"height\":667,\"caption\":\"Foto: depositphotos\"},{\"@type\":\"BreadcrumbList\",\"@id\":\"https:\\\/\\\/news.save.ch\\\/revidiertes-firmenrecht-tritt-am-1-juli-2016-in-kraft\\\/#breadcrumb\",\"itemListElement\":[{\"@type\":\"ListItem\",\"position\":1,\"name\":\"Home\",\"item\":\"https:\\\/\\\/news.save.ch\\\/de\\\/\"},{\"@type\":\"ListItem\",\"position\":2,\"name\":\"Revidiertes Firmenrecht tritt am 1. Juli 2016 in Kraft\"}]},{\"@type\":\"WebSite\",\"@id\":\"https:\\\/\\\/news.save.ch\\\/de\\\/#website\",\"url\":\"https:\\\/\\\/news.save.ch\\\/de\\\/\",\"name\":\"Save\",\"description\":\"Schweizer Fachzeitschrift f\u00fcr Sicherheit\",\"publisher\":{\"@id\":\"https:\\\/\\\/news.save.ch\\\/de\\\/#organization\"},\"potentialAction\":[{\"@type\":\"SearchAction\",\"target\":{\"@type\":\"EntryPoint\",\"urlTemplate\":\"https:\\\/\\\/news.save.ch\\\/de\\\/?s={search_term_string}\"},\"query-input\":{\"@type\":\"PropertyValueSpecification\",\"valueRequired\":true,\"valueName\":\"search_term_string\"}}],\"inLanguage\":\"en-US\"},{\"@type\":\"Organization\",\"@id\":\"https:\\\/\\\/news.save.ch\\\/de\\\/#organization\",\"name\":\"Sicherheitsforum\",\"url\":\"https:\\\/\\\/news.save.ch\\\/de\\\/\",\"logo\":{\"@type\":\"ImageObject\",\"inLanguage\":\"en-US\",\"@id\":\"https:\\\/\\\/news.save.ch\\\/de\\\/#\\\/schema\\\/logo\\\/image\\\/\",\"url\":\"https:\\\/\\\/news.save.ch\\\/wp-content\\\/uploads\\\/2022\\\/06\\\/Logo_SF_2012.png\",\"contentUrl\":\"https:\\\/\\\/news.save.ch\\\/wp-content\\\/uploads\\\/2022\\\/06\\\/Logo_SF_2012.png\",\"width\":1100,\"height\":91,\"caption\":\"Sicherheitsforum\"},\"image\":{\"@id\":\"https:\\\/\\\/news.save.ch\\\/de\\\/#\\\/schema\\\/logo\\\/image\\\/\"}},{\"@type\":\"Person\",\"@id\":\"https:\\\/\\\/news.save.ch\\\/de\\\/#\\\/schema\\\/person\\\/d49e199490bad7c70d64b9ab51142f2b\",\"name\":\"admin\",\"image\":{\"@type\":\"ImageObject\",\"inLanguage\":\"en-US\",\"@id\":\"https:\\\/\\\/secure.gravatar.com\\\/avatar\\\/ae2f4d718e6c49043e314ce431e7e645d646302a24a5ef5a8bc8e3f5a032e319?s=96&d=mm&r=g\",\"url\":\"https:\\\/\\\/secure.gravatar.com\\\/avatar\\\/ae2f4d718e6c49043e314ce431e7e645d646302a24a5ef5a8bc8e3f5a032e319?s=96&d=mm&r=g\",\"contentUrl\":\"https:\\\/\\\/secure.gravatar.com\\\/avatar\\\/ae2f4d718e6c49043e314ce431e7e645d646302a24a5ef5a8bc8e3f5a032e319?s=96&d=mm&r=g\",\"caption\":\"admin\"},\"sameAs\":[\"https:\\\/\\\/develop.organisator.galledia.ch\"],\"url\":\"https:\\\/\\\/news.save.ch\\\/en\\\/author\\\/admin\\\/\"}]}<\/script>\n<!-- \/ Yoast SEO plugin. -->","yoast_head_json":{"title":"Revised company law comes into force on July 1, 2016 - Save","description":"Company law: The Federal Council has put the new legal provisions on the formation of the company name into force as of July 1, 2016.","robots":{"index":"index","follow":"follow","max-snippet":"max-snippet:-1","max-image-preview":"max-image-preview:large","max-video-preview":"max-video-preview:-1"},"canonical":"https:\/\/news.save.ch\/en\/revidiertes-firmenrecht-tritt-am-1-juli-2016-in-kraft\/","og_locale":"en_US","og_type":"article","og_title":"Revidiertes Firmenrecht tritt am 1. Juli 2016 in Kraft","og_description":"Der Bundesrat hat die neuen Gesetzesbestimmungen zur Bildung des Firmennamens auf den 1. Juli 2016 in Kraft gesetzt. Die neuen Bestimmungen erleichtern die Unternehmensnachfolge f\u00fcr Einzelunternehmen, Kollektiv-, Kommandit- und Kommanditaktiengesellschaften und sorgen daf\u00fcr, dass bei der Firmenbildung k\u00fcnftig f\u00fcr alle Gesellschaften die gleichen Vorschriften gelten.","og_url":"https:\/\/news.save.ch\/en\/revidiertes-firmenrecht-tritt-am-1-juli-2016-in-kraft\/","og_site_name":"Save","article_published_time":"2016-05-19T12:28:00+00:00","og_image":[{"url":"https:\/\/news.save.ch\/wp-content\/uploads\/2016\/12\/Revidiertes-Firmenrecht-tritt-am-1.-Juli-2016-in-Kraft_sicherheitsforum.jpg","type":"","width":"","height":""}],"author":"admin","twitter_card":"summary_large_image","twitter_misc":{"Written by":"admin","Est. reading time":"1 minute"},"schema":{"@context":"https:\/\/schema.org","@graph":[{"@type":"Article","@id":"https:\/\/news.save.ch\/revidiertes-firmenrecht-tritt-am-1-juli-2016-in-kraft\/#article","isPartOf":{"@id":"https:\/\/news.save.ch\/revidiertes-firmenrecht-tritt-am-1-juli-2016-in-kraft\/"},"author":{"name":"admin","@id":"https:\/\/news.save.ch\/de\/#\/schema\/person\/d49e199490bad7c70d64b9ab51142f2b"},"headline":"Revidiertes Firmenrecht tritt am 1. Juli 2016 in Kraft","datePublished":"2016-05-19T12:28:00+00:00","mainEntityOfPage":{"@id":"https:\/\/news.save.ch\/revidiertes-firmenrecht-tritt-am-1-juli-2016-in-kraft\/"},"wordCount":246,"commentCount":0,"publisher":{"@id":"https:\/\/news.save.ch\/de\/#organization"},"image":{"@id":"https:\/\/news.save.ch\/revidiertes-firmenrecht-tritt-am-1-juli-2016-in-kraft\/#primaryimage"},"thumbnailUrl":"https:\/\/news.save.ch\/wp-content\/uploads\/2016\/12\/Revidiertes-Firmenrecht-tritt-am-1.-Juli-2016-in-Kraft_sicherheitsforum.jpg","keywords":["Justiz &amp; Polizei"],"articleSection":["ALLGEMEIN"],"inLanguage":"en-US"},{"@type":"WebPage","@id":"https:\/\/news.save.ch\/revidiertes-firmenrecht-tritt-am-1-juli-2016-in-kraft\/","url":"https:\/\/news.save.ch\/revidiertes-firmenrecht-tritt-am-1-juli-2016-in-kraft\/","name":"Revised company law comes into force on July 1, 2016 - Save","isPartOf":{"@id":"https:\/\/news.save.ch\/de\/#website"},"primaryImageOfPage":{"@id":"https:\/\/news.save.ch\/revidiertes-firmenrecht-tritt-am-1-juli-2016-in-kraft\/#primaryimage"},"image":{"@id":"https:\/\/news.save.ch\/revidiertes-firmenrecht-tritt-am-1-juli-2016-in-kraft\/#primaryimage"},"thumbnailUrl":"https:\/\/news.save.ch\/wp-content\/uploads\/2016\/12\/Revidiertes-Firmenrecht-tritt-am-1.-Juli-2016-in-Kraft_sicherheitsforum.jpg","datePublished":"2016-05-19T12:28:00+00:00","description":"Company law: The Federal Council has put the new legal provisions on the formation of the company name into force as of July 1, 2016.","breadcrumb":{"@id":"https:\/\/news.save.ch\/revidiertes-firmenrecht-tritt-am-1-juli-2016-in-kraft\/#breadcrumb"},"inLanguage":"en-US","potentialAction":[{"@type":"ReadAction","target":["https:\/\/news.save.ch\/revidiertes-firmenrecht-tritt-am-1-juli-2016-in-kraft\/"]}]},{"@type":"ImageObject","inLanguage":"en-US","@id":"https:\/\/news.save.ch\/revidiertes-firmenrecht-tritt-am-1-juli-2016-in-kraft\/#primaryimage","url":"https:\/\/news.save.ch\/wp-content\/uploads\/2016\/12\/Revidiertes-Firmenrecht-tritt-am-1.-Juli-2016-in-Kraft_sicherheitsforum.jpg","contentUrl":"https:\/\/news.save.ch\/wp-content\/uploads\/2016\/12\/Revidiertes-Firmenrecht-tritt-am-1.-Juli-2016-in-Kraft_sicherheitsforum.jpg","width":1000,"height":667,"caption":"Foto: depositphotos"},{"@type":"BreadcrumbList","@id":"https:\/\/news.save.ch\/revidiertes-firmenrecht-tritt-am-1-juli-2016-in-kraft\/#breadcrumb","itemListElement":[{"@type":"ListItem","position":1,"name":"Home","item":"https:\/\/news.save.ch\/de\/"},{"@type":"ListItem","position":2,"name":"Revidiertes Firmenrecht tritt am 1. Juli 2016 in Kraft"}]},{"@type":"WebSite","@id":"https:\/\/news.save.ch\/de\/#website","url":"https:\/\/news.save.ch\/de\/","name":"Save","description":"Swiss trade journal for safety","publisher":{"@id":"https:\/\/news.save.ch\/de\/#organization"},"potentialAction":[{"@type":"SearchAction","target":{"@type":"EntryPoint","urlTemplate":"https:\/\/news.save.ch\/de\/?s={search_term_string}"},"query-input":{"@type":"PropertyValueSpecification","valueRequired":true,"valueName":"search_term_string"}}],"inLanguage":"en-US"},{"@type":"Organization","@id":"https:\/\/news.save.ch\/de\/#organization","name":"Security Forum","url":"https:\/\/news.save.ch\/de\/","logo":{"@type":"ImageObject","inLanguage":"en-US","@id":"https:\/\/news.save.ch\/de\/#\/schema\/logo\/image\/","url":"https:\/\/news.save.ch\/wp-content\/uploads\/2022\/06\/Logo_SF_2012.png","contentUrl":"https:\/\/news.save.ch\/wp-content\/uploads\/2022\/06\/Logo_SF_2012.png","width":1100,"height":91,"caption":"Sicherheitsforum"},"image":{"@id":"https:\/\/news.save.ch\/de\/#\/schema\/logo\/image\/"}},{"@type":"Person","@id":"https:\/\/news.save.ch\/de\/#\/schema\/person\/d49e199490bad7c70d64b9ab51142f2b","name":"admin","image":{"@type":"ImageObject","inLanguage":"en-US","@id":"https:\/\/secure.gravatar.com\/avatar\/ae2f4d718e6c49043e314ce431e7e645d646302a24a5ef5a8bc8e3f5a032e319?s=96&d=mm&r=g","url":"https:\/\/secure.gravatar.com\/avatar\/ae2f4d718e6c49043e314ce431e7e645d646302a24a5ef5a8bc8e3f5a032e319?s=96&d=mm&r=g","contentUrl":"https:\/\/secure.gravatar.com\/avatar\/ae2f4d718e6c49043e314ce431e7e645d646302a24a5ef5a8bc8e3f5a032e319?s=96&d=mm&r=g","caption":"admin"},"sameAs":["https:\/\/develop.organisator.galledia.ch"],"url":"https:\/\/news.save.ch\/en\/author\/admin\/"}]}},"_links":{"self":[{"href":"https:\/\/news.save.ch\/en\/wp-json\/wp\/v2\/posts\/2626","targetHints":{"allow":["GET"]}}],"collection":[{"href":"https:\/\/news.save.ch\/en\/wp-json\/wp\/v2\/posts"}],"about":[{"href":"https:\/\/news.save.ch\/en\/wp-json\/wp\/v2\/types\/post"}],"author":[{"embeddable":true,"href":"https:\/\/news.save.ch\/en\/wp-json\/wp\/v2\/users\/1"}],"replies":[{"embeddable":true,"href":"https:\/\/news.save.ch\/en\/wp-json\/wp\/v2\/comments?post=2626"}],"version-history":[{"count":0,"href":"https:\/\/news.save.ch\/en\/wp-json\/wp\/v2\/posts\/2626\/revisions"}],"wp:featuredmedia":[{"embeddable":true,"href":"https:\/\/news.save.ch\/en\/wp-json\/wp\/v2\/media\/2627"}],"wp:attachment":[{"href":"https:\/\/news.save.ch\/en\/wp-json\/wp\/v2\/media?parent=2626"}],"wp:term":[{"taxonomy":"category","embeddable":true,"href":"https:\/\/news.save.ch\/en\/wp-json\/wp\/v2\/categories?post=2626"},{"taxonomy":"post_tag","embeddable":true,"href":"https:\/\/news.save.ch\/en\/wp-json\/wp\/v2\/tags?post=2626"}],"curies":[{"name":"wp","href":"https:\/\/api.w.org\/{rel}","templated":true}]}}