{"id":2638,"date":"2016-05-18T14:32:54","date_gmt":"2016-05-18T12:32:54","guid":{"rendered":"https:\/\/dev.sicherheitsforum.ch\/?p=2638"},"modified":"2016-05-18T14:32:54","modified_gmt":"2016-05-18T12:32:54","slug":"winterthur-schafft-fachstelle-fuer-extremismus-und-gewaltpraevention","status":null,"type":"post","link":"https:\/\/news.save.ch\/en\/winterthur-schafft-fachstelle-fuer-extremismus-und-gewaltpraevention\/","title":{"rendered":"Winterthur creates specialist unit for extremism and violence prevention"},"content":{"rendered":"<figure id=\"attachment_2639\" aria-describedby=\"caption-attachment-2639\" style=\"width: 680px\" class=\"wp-caption alignnone\"><img loading=\"lazy\" decoding=\"async\" class=\"wp-image-2639 size-medium\" src=\"https:\/\/news.save.ch\/wp-content\/uploads\/2016\/12\/Winterthur-schafft-Fachstelle-fuer-Extremismus-und-Gewaltpraevention_sicherheitsforum.jpg\" width=\"680\" height=\"454\" srcset=\"https:\/\/news.save.ch\/wp-content\/uploads\/2016\/12\/Winterthur-schafft-Fachstelle-fuer-Extremismus-und-Gewaltpraevention_sicherheitsforum.jpg 1000w, https:\/\/news.save.ch\/wp-content\/uploads\/2016\/12\/Winterthur-schafft-Fachstelle-fuer-Extremismus-und-Gewaltpraevention_sicherheitsforum-375x251.jpg 375w\" sizes=\"auto, (max-width: 680px) 100vw, 680px\" \/><figcaption id=\"caption-attachment-2639\" class=\"wp-caption-text\">Photo: depositphotos<\/figcaption><\/figure>\n<p>Many countries in Europe, and to a lesser extent Switzerland, are strongly affected by the new phenomenon of jihadist travelers. In this country, the city of Winterthur has also been in the media spotlight a few times. The city council and the various departments of the city administration have been dealing intensively with the problem for about a year and a half. The responsibilities for dealing with it are clearly defined: In the area of security, the main responsibility lies with the canton and the federal government; the city police provide support to the higher-level bodies. In the area of prevention, on the other hand, the city has far greater scope for action. The city has therefore also reviewed its existing, broad-based support and integration program with a view to the new challenges and made targeted adjustments. It goes without saying that no quick and easy answers to the new and complex questions are possible.<\/p>\n<p><strong>Center for Extremism and Violence Prevention<\/strong><\/p>\n<p>The city council has now decided to create a specialist unit for extremism and violence prevention. It will be a low-threshold point of contact for the population for all questions relating to the topics of radicalization and extremist violence and will take the lead within the city administration in this topic. The office is based on the office for violence prevention of the city of Zurich. It will be located at the Social Services and is limited in time until the end of 2018. The management of the office will be publicly advertised tomorrow, Wednesday.<\/p>\n<p><strong>Continuing education initiative<\/strong><\/p>\n<p>The efforts and responsibility of the city of Winterthur focus on strengthening its experts at the grassroots level to deal with the problem professionally and to provide them with tools to be able to react adequately in cases of suspicion. As a contribution to this, a total of four half- to full-day workshops on the topic of \"Jihadist Radicalization\" were recently held. They were aimed at teachers, school social workers, employees of the school psychology service, youth workers, employees from the areas of vocational preparation and work integration as well as addiction prevention.<\/p>\n<p>Around two hundred people took part in the workshops. Among them were also interested parties from cantonal specialized agencies. The workshops were conducted by the Department of Social Work at the Zurich University of Applied Sciences ZHAW. Last September, it had published the study \"Backgrounds of Jihadist Radicalization in Switzerland\" with recommendations for prevention and intervention.<\/p>\n<p><strong>Further measures<\/strong><\/p>\n<p>Last September, an information and training event on the topic of \"Radicalization in the school context\" took place, which was attended by around one hundred people from the school sector. Within the administration, two working groups are active, which ensure the important networking of experts within the administration and with other expert bodies and can propose measures to the city council.<\/p>\n<p>Last December, City President Michael K\u00fcnzle met with representatives of all mosque communities in the city of Winterthur for a discussion. It was agreed to strengthen the mutual dialogue. In the coming days, the city will invite to a next meeting, at which concrete steps are to be initiated.<\/p>\n<p>Further measures to strengthen prevention against jihadist radicalization are currently being examined, but are not yet ready for a decision.<\/p>\n<p><em>Source: City of Winterthur<\/em><\/p>","protected":false},"excerpt":{"rendered":"<p>Vom neuen Ph\u00e4nomen der Jihadreisenden sind viele L\u00e4nder in Europa stark betroffen, in geringerem Mass auch die Schweiz. Hierzulande ist auch die Stadt Winterthur einige Male in den medialen Fokus ger\u00fcckt. Der Stadtrat und die verschiedenen Fachstellen der Stadtverwaltung besch\u00e4ftigen sich seit rund anderthalb Jahren intensiv mit der Problematik. Die Zust\u00e4ndigkeiten f\u00fcr ihre Bew\u00e4ltigung sind [&hellip;]<\/p>\n","protected":false},"author":1,"featured_media":2639,"comment_status":"open","ping_status":"open","sticky":false,"template":"","format":"standard","meta":{"_acf_changed":false,"pgc_sgb_lightbox_settings":"","footnotes":""},"categories":[1],"tags":[69,43],"class_list":["post-2638","post","type-post","status-publish","format-standard","has-post-thumbnail","hentry","category-allgemein","tag-justiz-polizei","tag-terrorismus"],"acf":[],"hkrextid":null,"publication":null,"issue":null,"workflow":null,"startPage":null,"spitzmarke":null,"_posts_by_tag_page_fields":{"widget_title":"","widget_tags":""},"_at_widget":"1","_yoast_wpseo_primary_category":"","_yoast_wpseo_focuskw_text_input":"Fachstelle","_yoast_wpseo_opengraph-image":"https:\/\/news.save.ch\/wp-content\/uploads\/2016\/12\/Winterthur-schafft-Fachstelle-f\u00fcr-Extremismus-und-Gewaltpr\u00e4vention_sicherheitsforum.jpg","_yoast_wpseo_opengraph-description":"Die Stadt Winterthur schafft eine Fachstelle f\u00fcr Extremismus und Gewaltpr\u00e4vention als niederschwellige Anlaufstelle f\u00fcr die Bev\u00f6lkerung. Die Fachstelle ist eine der Massnahmen, welche die Stadt im Zusammenhang mit dem Ph\u00e4nomen des \u00abJihadismus\u00bb umsetzt.","_yoast_wpseo_opengraph-title":"Winterthur schafft Fachstelle f\u00fcr Extremismus und Gewaltpr\u00e4vention","enclosure":null,"_yoast_wpseo_twitter-title":null,"_yoast_wpseo_twitter-description":null,"_yoast_wpseo_twitter-image":null,"_wp_old_slug":null,"_yoast_wpseo_title":null,"_yoast_wpseo_canonical":null,"yoast_head":"<!-- This site is optimized with the Yoast SEO plugin v27.5 - https:\/\/yoast.com\/product\/yoast-seo-wordpress\/ -->\n<title>Winterthur schafft Fachstelle f\u00fcr Extremismus und Gewaltpr\u00e4vention - Save<\/title>\n<meta name=\"description\" content=\"Die Stadt Winterthur schafft eine Fachstelle f\u00fcr Extremismus und Gewaltpr\u00e4vention als niederschwellige Anlaufstelle f\u00fcr die Bev\u00f6lkerung.\" \/>\n<meta name=\"robots\" content=\"index, follow, max-snippet:-1, max-image-preview:large, max-video-preview:-1\" \/>\n<link rel=\"canonical\" href=\"https:\/\/news.save.ch\/en\/winterthur-schafft-fachstelle-fuer-extremismus-und-gewaltpraevention\/\" \/>\n<meta property=\"og:locale\" content=\"en_US\" \/>\n<meta property=\"og:type\" content=\"article\" \/>\n<meta property=\"og:title\" content=\"Winterthur schafft Fachstelle f\u00fcr Extremismus und Gewaltpr\u00e4vention\" \/>\n<meta property=\"og:description\" content=\"Die Stadt Winterthur schafft eine Fachstelle f\u00fcr Extremismus und Gewaltpr\u00e4vention als niederschwellige Anlaufstelle f\u00fcr die Bev\u00f6lkerung. Die Fachstelle ist eine der Massnahmen, welche die Stadt im Zusammenhang mit dem Ph\u00e4nomen des \u00abJihadismus\u00bb umsetzt.\" \/>\n<meta property=\"og:url\" content=\"https:\/\/news.save.ch\/en\/winterthur-schafft-fachstelle-fuer-extremismus-und-gewaltpraevention\/\" \/>\n<meta property=\"og:site_name\" content=\"Save\" \/>\n<meta property=\"article:published_time\" content=\"2016-05-18T12:32:54+00:00\" \/>\n<meta property=\"og:image\" content=\"https:\/\/news.save.ch\/wp-content\/uploads\/2016\/12\/Winterthur-schafft-Fachstelle-f\u00fcr-Extremismus-und-Gewaltpr\u00e4vention_sicherheitsforum.jpg\" \/>\n<meta name=\"author\" content=\"admin\" \/>\n<meta name=\"twitter:card\" content=\"summary_large_image\" \/>\n<meta name=\"twitter:label1\" content=\"Written by\" \/>\n\t<meta name=\"twitter:data1\" content=\"admin\" \/>\n\t<meta name=\"twitter:label2\" content=\"Est. reading time\" \/>\n\t<meta name=\"twitter:data2\" content=\"3 minutes\" \/>\n<script type=\"application\/ld+json\" class=\"yoast-schema-graph\">{\"@context\":\"https:\\\/\\\/schema.org\",\"@graph\":[{\"@type\":\"Article\",\"@id\":\"https:\\\/\\\/news.save.ch\\\/winterthur-schafft-fachstelle-fuer-extremismus-und-gewaltpraevention\\\/#article\",\"isPartOf\":{\"@id\":\"https:\\\/\\\/news.save.ch\\\/winterthur-schafft-fachstelle-fuer-extremismus-und-gewaltpraevention\\\/\"},\"author\":{\"name\":\"admin\",\"@id\":\"https:\\\/\\\/news.save.ch\\\/de\\\/#\\\/schema\\\/person\\\/d49e199490bad7c70d64b9ab51142f2b\"},\"headline\":\"Winterthur schafft Fachstelle f\u00fcr Extremismus und Gewaltpr\u00e4vention\",\"datePublished\":\"2016-05-18T12:32:54+00:00\",\"mainEntityOfPage\":{\"@id\":\"https:\\\/\\\/news.save.ch\\\/winterthur-schafft-fachstelle-fuer-extremismus-und-gewaltpraevention\\\/\"},\"wordCount\":528,\"commentCount\":0,\"publisher\":{\"@id\":\"https:\\\/\\\/news.save.ch\\\/de\\\/#organization\"},\"image\":{\"@id\":\"https:\\\/\\\/news.save.ch\\\/winterthur-schafft-fachstelle-fuer-extremismus-und-gewaltpraevention\\\/#primaryimage\"},\"thumbnailUrl\":\"https:\\\/\\\/news.save.ch\\\/wp-content\\\/uploads\\\/2016\\\/12\\\/Winterthur-schafft-Fachstelle-fuer-Extremismus-und-Gewaltpraevention_sicherheitsforum.jpg\",\"keywords\":[\"Justiz &amp; Polizei\",\"Terrorismus\"],\"articleSection\":[\"ALLGEMEIN\"],\"inLanguage\":\"en-US\"},{\"@type\":\"WebPage\",\"@id\":\"https:\\\/\\\/news.save.ch\\\/winterthur-schafft-fachstelle-fuer-extremismus-und-gewaltpraevention\\\/\",\"url\":\"https:\\\/\\\/news.save.ch\\\/winterthur-schafft-fachstelle-fuer-extremismus-und-gewaltpraevention\\\/\",\"name\":\"Winterthur schafft Fachstelle f\u00fcr Extremismus und Gewaltpr\u00e4vention - Save\",\"isPartOf\":{\"@id\":\"https:\\\/\\\/news.save.ch\\\/de\\\/#website\"},\"primaryImageOfPage\":{\"@id\":\"https:\\\/\\\/news.save.ch\\\/winterthur-schafft-fachstelle-fuer-extremismus-und-gewaltpraevention\\\/#primaryimage\"},\"image\":{\"@id\":\"https:\\\/\\\/news.save.ch\\\/winterthur-schafft-fachstelle-fuer-extremismus-und-gewaltpraevention\\\/#primaryimage\"},\"thumbnailUrl\":\"https:\\\/\\\/news.save.ch\\\/wp-content\\\/uploads\\\/2016\\\/12\\\/Winterthur-schafft-Fachstelle-fuer-Extremismus-und-Gewaltpraevention_sicherheitsforum.jpg\",\"datePublished\":\"2016-05-18T12:32:54+00:00\",\"description\":\"Die Stadt Winterthur schafft eine Fachstelle f\u00fcr Extremismus und Gewaltpr\u00e4vention als niederschwellige Anlaufstelle f\u00fcr die Bev\u00f6lkerung.\",\"breadcrumb\":{\"@id\":\"https:\\\/\\\/news.save.ch\\\/winterthur-schafft-fachstelle-fuer-extremismus-und-gewaltpraevention\\\/#breadcrumb\"},\"inLanguage\":\"en-US\",\"potentialAction\":[{\"@type\":\"ReadAction\",\"target\":[\"https:\\\/\\\/news.save.ch\\\/winterthur-schafft-fachstelle-fuer-extremismus-und-gewaltpraevention\\\/\"]}]},{\"@type\":\"ImageObject\",\"inLanguage\":\"en-US\",\"@id\":\"https:\\\/\\\/news.save.ch\\\/winterthur-schafft-fachstelle-fuer-extremismus-und-gewaltpraevention\\\/#primaryimage\",\"url\":\"https:\\\/\\\/news.save.ch\\\/wp-content\\\/uploads\\\/2016\\\/12\\\/Winterthur-schafft-Fachstelle-fuer-Extremismus-und-Gewaltpraevention_sicherheitsforum.jpg\",\"contentUrl\":\"https:\\\/\\\/news.save.ch\\\/wp-content\\\/uploads\\\/2016\\\/12\\\/Winterthur-schafft-Fachstelle-fuer-Extremismus-und-Gewaltpraevention_sicherheitsforum.jpg\",\"width\":1000,\"height\":668,\"caption\":\"Foto: depositphotos\"},{\"@type\":\"BreadcrumbList\",\"@id\":\"https:\\\/\\\/news.save.ch\\\/winterthur-schafft-fachstelle-fuer-extremismus-und-gewaltpraevention\\\/#breadcrumb\",\"itemListElement\":[{\"@type\":\"ListItem\",\"position\":1,\"name\":\"Home\",\"item\":\"https:\\\/\\\/news.save.ch\\\/de\\\/\"},{\"@type\":\"ListItem\",\"position\":2,\"name\":\"Winterthur schafft Fachstelle f\u00fcr Extremismus und Gewaltpr\u00e4vention\"}]},{\"@type\":\"WebSite\",\"@id\":\"https:\\\/\\\/news.save.ch\\\/de\\\/#website\",\"url\":\"https:\\\/\\\/news.save.ch\\\/de\\\/\",\"name\":\"Save\",\"description\":\"Schweizer Fachzeitschrift f\u00fcr Sicherheit\",\"publisher\":{\"@id\":\"https:\\\/\\\/news.save.ch\\\/de\\\/#organization\"},\"potentialAction\":[{\"@type\":\"SearchAction\",\"target\":{\"@type\":\"EntryPoint\",\"urlTemplate\":\"https:\\\/\\\/news.save.ch\\\/de\\\/?s={search_term_string}\"},\"query-input\":{\"@type\":\"PropertyValueSpecification\",\"valueRequired\":true,\"valueName\":\"search_term_string\"}}],\"inLanguage\":\"en-US\"},{\"@type\":\"Organization\",\"@id\":\"https:\\\/\\\/news.save.ch\\\/de\\\/#organization\",\"name\":\"Sicherheitsforum\",\"url\":\"https:\\\/\\\/news.save.ch\\\/de\\\/\",\"logo\":{\"@type\":\"ImageObject\",\"inLanguage\":\"en-US\",\"@id\":\"https:\\\/\\\/news.save.ch\\\/de\\\/#\\\/schema\\\/logo\\\/image\\\/\",\"url\":\"https:\\\/\\\/news.save.ch\\\/wp-content\\\/uploads\\\/2022\\\/06\\\/Logo_SF_2012.png\",\"contentUrl\":\"https:\\\/\\\/news.save.ch\\\/wp-content\\\/uploads\\\/2022\\\/06\\\/Logo_SF_2012.png\",\"width\":1100,\"height\":91,\"caption\":\"Sicherheitsforum\"},\"image\":{\"@id\":\"https:\\\/\\\/news.save.ch\\\/de\\\/#\\\/schema\\\/logo\\\/image\\\/\"}},{\"@type\":\"Person\",\"@id\":\"https:\\\/\\\/news.save.ch\\\/de\\\/#\\\/schema\\\/person\\\/d49e199490bad7c70d64b9ab51142f2b\",\"name\":\"admin\",\"image\":{\"@type\":\"ImageObject\",\"inLanguage\":\"en-US\",\"@id\":\"https:\\\/\\\/secure.gravatar.com\\\/avatar\\\/ae2f4d718e6c49043e314ce431e7e645d646302a24a5ef5a8bc8e3f5a032e319?s=96&d=mm&r=g\",\"url\":\"https:\\\/\\\/secure.gravatar.com\\\/avatar\\\/ae2f4d718e6c49043e314ce431e7e645d646302a24a5ef5a8bc8e3f5a032e319?s=96&d=mm&r=g\",\"contentUrl\":\"https:\\\/\\\/secure.gravatar.com\\\/avatar\\\/ae2f4d718e6c49043e314ce431e7e645d646302a24a5ef5a8bc8e3f5a032e319?s=96&d=mm&r=g\",\"caption\":\"admin\"},\"sameAs\":[\"https:\\\/\\\/develop.organisator.galledia.ch\"],\"url\":\"https:\\\/\\\/news.save.ch\\\/en\\\/author\\\/admin\\\/\"}]}<\/script>\n<!-- \/ Yoast SEO plugin. -->","yoast_head_json":{"title":"Winterthur creates specialist office for extremism and violence prevention - Save","description":"The city of Winterthur creates an office for extremism and violence prevention as a low-threshold contact point for the population.","robots":{"index":"index","follow":"follow","max-snippet":"max-snippet:-1","max-image-preview":"max-image-preview:large","max-video-preview":"max-video-preview:-1"},"canonical":"https:\/\/news.save.ch\/en\/winterthur-schafft-fachstelle-fuer-extremismus-und-gewaltpraevention\/","og_locale":"en_US","og_type":"article","og_title":"Winterthur schafft Fachstelle f\u00fcr Extremismus und Gewaltpr\u00e4vention","og_description":"Die Stadt Winterthur schafft eine Fachstelle f\u00fcr Extremismus und Gewaltpr\u00e4vention als niederschwellige Anlaufstelle f\u00fcr die Bev\u00f6lkerung. Die Fachstelle ist eine der Massnahmen, welche die Stadt im Zusammenhang mit dem Ph\u00e4nomen des \u00abJihadismus\u00bb umsetzt.","og_url":"https:\/\/news.save.ch\/en\/winterthur-schafft-fachstelle-fuer-extremismus-und-gewaltpraevention\/","og_site_name":"Save","article_published_time":"2016-05-18T12:32:54+00:00","og_image":[{"url":"https:\/\/news.save.ch\/wp-content\/uploads\/2016\/12\/Winterthur-schafft-Fachstelle-f\u00fcr-Extremismus-und-Gewaltpr\u00e4vention_sicherheitsforum.jpg","type":"","width":"","height":""}],"author":"admin","twitter_card":"summary_large_image","twitter_misc":{"Written by":"admin","Est. reading time":"3 minutes"},"schema":{"@context":"https:\/\/schema.org","@graph":[{"@type":"Article","@id":"https:\/\/news.save.ch\/winterthur-schafft-fachstelle-fuer-extremismus-und-gewaltpraevention\/#article","isPartOf":{"@id":"https:\/\/news.save.ch\/winterthur-schafft-fachstelle-fuer-extremismus-und-gewaltpraevention\/"},"author":{"name":"admin","@id":"https:\/\/news.save.ch\/de\/#\/schema\/person\/d49e199490bad7c70d64b9ab51142f2b"},"headline":"Winterthur schafft Fachstelle f\u00fcr Extremismus und Gewaltpr\u00e4vention","datePublished":"2016-05-18T12:32:54+00:00","mainEntityOfPage":{"@id":"https:\/\/news.save.ch\/winterthur-schafft-fachstelle-fuer-extremismus-und-gewaltpraevention\/"},"wordCount":528,"commentCount":0,"publisher":{"@id":"https:\/\/news.save.ch\/de\/#organization"},"image":{"@id":"https:\/\/news.save.ch\/winterthur-schafft-fachstelle-fuer-extremismus-und-gewaltpraevention\/#primaryimage"},"thumbnailUrl":"https:\/\/news.save.ch\/wp-content\/uploads\/2016\/12\/Winterthur-schafft-Fachstelle-fuer-Extremismus-und-Gewaltpraevention_sicherheitsforum.jpg","keywords":["Justiz &amp; Polizei","Terrorismus"],"articleSection":["ALLGEMEIN"],"inLanguage":"en-US"},{"@type":"WebPage","@id":"https:\/\/news.save.ch\/winterthur-schafft-fachstelle-fuer-extremismus-und-gewaltpraevention\/","url":"https:\/\/news.save.ch\/winterthur-schafft-fachstelle-fuer-extremismus-und-gewaltpraevention\/","name":"Winterthur creates specialist office for extremism and violence prevention - Save","isPartOf":{"@id":"https:\/\/news.save.ch\/de\/#website"},"primaryImageOfPage":{"@id":"https:\/\/news.save.ch\/winterthur-schafft-fachstelle-fuer-extremismus-und-gewaltpraevention\/#primaryimage"},"image":{"@id":"https:\/\/news.save.ch\/winterthur-schafft-fachstelle-fuer-extremismus-und-gewaltpraevention\/#primaryimage"},"thumbnailUrl":"https:\/\/news.save.ch\/wp-content\/uploads\/2016\/12\/Winterthur-schafft-Fachstelle-fuer-Extremismus-und-Gewaltpraevention_sicherheitsforum.jpg","datePublished":"2016-05-18T12:32:54+00:00","description":"The city of Winterthur creates an office for extremism and violence prevention as a low-threshold contact point for the population.","breadcrumb":{"@id":"https:\/\/news.save.ch\/winterthur-schafft-fachstelle-fuer-extremismus-und-gewaltpraevention\/#breadcrumb"},"inLanguage":"en-US","potentialAction":[{"@type":"ReadAction","target":["https:\/\/news.save.ch\/winterthur-schafft-fachstelle-fuer-extremismus-und-gewaltpraevention\/"]}]},{"@type":"ImageObject","inLanguage":"en-US","@id":"https:\/\/news.save.ch\/winterthur-schafft-fachstelle-fuer-extremismus-und-gewaltpraevention\/#primaryimage","url":"https:\/\/news.save.ch\/wp-content\/uploads\/2016\/12\/Winterthur-schafft-Fachstelle-fuer-Extremismus-und-Gewaltpraevention_sicherheitsforum.jpg","contentUrl":"https:\/\/news.save.ch\/wp-content\/uploads\/2016\/12\/Winterthur-schafft-Fachstelle-fuer-Extremismus-und-Gewaltpraevention_sicherheitsforum.jpg","width":1000,"height":668,"caption":"Foto: depositphotos"},{"@type":"BreadcrumbList","@id":"https:\/\/news.save.ch\/winterthur-schafft-fachstelle-fuer-extremismus-und-gewaltpraevention\/#breadcrumb","itemListElement":[{"@type":"ListItem","position":1,"name":"Home","item":"https:\/\/news.save.ch\/de\/"},{"@type":"ListItem","position":2,"name":"Winterthur schafft Fachstelle f\u00fcr Extremismus und Gewaltpr\u00e4vention"}]},{"@type":"WebSite","@id":"https:\/\/news.save.ch\/de\/#website","url":"https:\/\/news.save.ch\/de\/","name":"Save","description":"Swiss trade journal for safety","publisher":{"@id":"https:\/\/news.save.ch\/de\/#organization"},"potentialAction":[{"@type":"SearchAction","target":{"@type":"EntryPoint","urlTemplate":"https:\/\/news.save.ch\/de\/?s={search_term_string}"},"query-input":{"@type":"PropertyValueSpecification","valueRequired":true,"valueName":"search_term_string"}}],"inLanguage":"en-US"},{"@type":"Organization","@id":"https:\/\/news.save.ch\/de\/#organization","name":"Security Forum","url":"https:\/\/news.save.ch\/de\/","logo":{"@type":"ImageObject","inLanguage":"en-US","@id":"https:\/\/news.save.ch\/de\/#\/schema\/logo\/image\/","url":"https:\/\/news.save.ch\/wp-content\/uploads\/2022\/06\/Logo_SF_2012.png","contentUrl":"https:\/\/news.save.ch\/wp-content\/uploads\/2022\/06\/Logo_SF_2012.png","width":1100,"height":91,"caption":"Sicherheitsforum"},"image":{"@id":"https:\/\/news.save.ch\/de\/#\/schema\/logo\/image\/"}},{"@type":"Person","@id":"https:\/\/news.save.ch\/de\/#\/schema\/person\/d49e199490bad7c70d64b9ab51142f2b","name":"admin","image":{"@type":"ImageObject","inLanguage":"en-US","@id":"https:\/\/secure.gravatar.com\/avatar\/ae2f4d718e6c49043e314ce431e7e645d646302a24a5ef5a8bc8e3f5a032e319?s=96&d=mm&r=g","url":"https:\/\/secure.gravatar.com\/avatar\/ae2f4d718e6c49043e314ce431e7e645d646302a24a5ef5a8bc8e3f5a032e319?s=96&d=mm&r=g","contentUrl":"https:\/\/secure.gravatar.com\/avatar\/ae2f4d718e6c49043e314ce431e7e645d646302a24a5ef5a8bc8e3f5a032e319?s=96&d=mm&r=g","caption":"admin"},"sameAs":["https:\/\/develop.organisator.galledia.ch"],"url":"https:\/\/news.save.ch\/en\/author\/admin\/"}]}},"_links":{"self":[{"href":"https:\/\/news.save.ch\/en\/wp-json\/wp\/v2\/posts\/2638","targetHints":{"allow":["GET"]}}],"collection":[{"href":"https:\/\/news.save.ch\/en\/wp-json\/wp\/v2\/posts"}],"about":[{"href":"https:\/\/news.save.ch\/en\/wp-json\/wp\/v2\/types\/post"}],"author":[{"embeddable":true,"href":"https:\/\/news.save.ch\/en\/wp-json\/wp\/v2\/users\/1"}],"replies":[{"embeddable":true,"href":"https:\/\/news.save.ch\/en\/wp-json\/wp\/v2\/comments?post=2638"}],"version-history":[{"count":0,"href":"https:\/\/news.save.ch\/en\/wp-json\/wp\/v2\/posts\/2638\/revisions"}],"wp:featuredmedia":[{"embeddable":true,"href":"https:\/\/news.save.ch\/en\/wp-json\/wp\/v2\/media\/2639"}],"wp:attachment":[{"href":"https:\/\/news.save.ch\/en\/wp-json\/wp\/v2\/media?parent=2638"}],"wp:term":[{"taxonomy":"category","embeddable":true,"href":"https:\/\/news.save.ch\/en\/wp-json\/wp\/v2\/categories?post=2638"},{"taxonomy":"post_tag","embeddable":true,"href":"https:\/\/news.save.ch\/en\/wp-json\/wp\/v2\/tags?post=2638"}],"curies":[{"name":"wp","href":"https:\/\/api.w.org\/{rel}","templated":true}]}}