{"id":2656,"date":"2018-03-05T10:39:49","date_gmt":"2018-03-05T09:39:49","guid":{"rendered":"https:\/\/news.save.ch\/?p=2656"},"modified":"2023-03-14T09:05:12","modified_gmt":"2023-03-14T08:05:12","slug":"wer-bezahlt-die-psa","status":null,"type":"post","link":"https:\/\/news.save.ch\/en\/wer-bezahlt-die-psa\/","title":{"rendered":"Who pays for the PSA?"},"content":{"rendered":"<figure id=\"attachment_2657\" aria-describedby=\"caption-attachment-2657\" style=\"width: 680px\" class=\"wp-caption alignnone\"><img loading=\"lazy\" decoding=\"async\" class=\"size-medium wp-image-2657\" src=\"http:\/\/develop.safety-plus.ch\/wp-content\/uploads\/2018\/03\/SUVA.jpeg\" alt=\"\" width=\"680\" height=\"510\" \/><figcaption id=\"caption-attachment-2657\" class=\"wp-caption-text\">That's right: apprentices receive their PPE free of charge on their first day of work. \u00a9 SUVA<\/figcaption><\/figure>\n<p>This gives pause for thought: Many <a href=\"https:\/\/news.save.ch\/en\/lernendenbarometer-2016-von-berufslehre-ueberzeugt\/\" target=\"_blank\" rel=\"noopener\">Learner<\/a> mistakenly believe that they have\u00a0<a href=\"https:\/\/www.suva.ch\/de-ch\/praevention\/sachthemen\/persoenliche-schutzausruestung\" target=\"_blank\" rel=\"noopener\">Personal protective equipment\u00a0<\/a>(PSA) have to pay themselves. Erwin von Moos, Campaign Manager \"<a href=\"https:\/\/www.suva.ch\/de-ch\/praevention\/sicherheit-mit-system\/sichere-lehrzeit\" target=\"_blank\" rel=\"noopener\">Safe apprenticeship<\/a>\"Suva recently found this out in surveys at various vocational schools. Many trainees stated that they had not been able to <a href=\"https:\/\/news.save.ch\/en\/ratgeber-fuer-die-psychische-gesundheit-von-lernenden\/\" target=\"_blank\" rel=\"noopener\">Teaching company<\/a> have to pay for the PPE themselves, or at least pay for the necessary replacement themselves. \"Out of 600, about 100 have said that,\" von Moos says. \"I find that alarming.\" But the finding is not entirely surprising. \"Who pays for the PPE?\" is a perennial question among those that Suva's safety experts are asked time and again. So what actually applies here?<\/p>\n<p><strong>The employer pays for the PPE<\/strong><\/p>\n<p>\"The <a href=\"https:\/\/www.suva.ch\/de-CH\/material\/Factsheets\/rechtliche-grundlagen-fur-psa\/\" target=\"_blank\" rel=\"noopener\">Legal basis\u00a0<\/a>are actually quite clear,\" emphasizes Pius Arnold, a lawyer in Suva's occupational safety department. \"The employer has to provide the necessary equipment, and also bear the costs,\" Arnold says. As a basis, he cites the articles\u00a0<a href=\"https:\/\/www.admin.ch\/opc\/de\/classified-compilation\/19830377\/index.html#a5\" target=\"_blank\" rel=\"noopener\">5<\/a>\u00a0and\u00a0<a href=\"https:\/\/www.admin.ch\/opc\/de\/classified-compilation\/19830377\/index.html#a90\" target=\"_blank\" rel=\"noopener\">90<\/a>\u00a0 the\u00a0<a href=\"https:\/\/www.admin.ch\/opc\/de\/classified-compilation\/19830377\/index.html\" target=\"_blank\" rel=\"noopener\">Ordinance on the Prevention of Accidents (VUV)<\/a>. This naturally also applies to apprentices or temporary employees and includes the replacement of PPE due to wear and tear.<\/p>\n<p><strong>Details give to discuss<\/strong><\/p>\n<p>So why is this so poorly known? And why does dealing with <a href=\"https:\/\/www.suva.ch\/de-CH\/material\/Factsheets\/fussschutz\/\" target=\"_blank\" rel=\"noopener\">Safety shoes<\/a>, <a href=\"https:\/\/www.suva.ch\/de-CH\/material\/Factsheets\/augenschutz\/\" target=\"_blank\" rel=\"noopener\">Protective goggles\u00a0<\/a>and <a href=\"https:\/\/www.suva.ch\/de-CH\/material\/Factsheets\/schutzkleidung\/\" target=\"_blank\" rel=\"noopener\">Protective clothing<\/a>\u00a0to talk about again and again? On the one hand, Arnold and von Moos suspect that the wording \"make available\" leads some employers to believe that they have to procure the PPE but not pay for it. On the other hand, however, details regarding the handling of PPE can also be regulated under private law between employer and employee. For example, with regard to excessive wear and tear, additional private use or wilful damage. And that's where the devil can be in the details.<\/p>\n<p><strong>What to do if the employer does not pay for the PPE?<\/strong><\/p>\n<p>Even for seasoned employees, it can be difficult to raise such an issue with superiors. Even more so, of course, for apprentices. You can do this as an employee:<\/p>\n<ul>\n<li>Seek discussion with your supervisor or vocational trainer at the company.<\/li>\n<li>For example, show him this website and and the\u00a0<a href=\"https:\/\/www.suva.ch\/de-CH\/material\/Factsheets\/rechtliche-grundlagen-fur-psa\/\" target=\"_blank\" rel=\"noopener\">Legal basis for PPE<\/a>.<\/li>\n<\/ul>\n<p>The fact is that companies that do not pay for the costs of PPE are in violation of applicable law. Incidentally, also against the Code of Obligations (see <a href=\"https:\/\/www.admin.ch\/opc\/de\/classified-compilation\/19110009\/index.html#a328\" target=\"_blank\" rel=\"noopener\">Art. 328<\/a>\u00a0and <a href=\"https:\/\/www.admin.ch\/opc\/de\/classified-compilation\/19110009\/index.html#a362\" target=\"_blank\" rel=\"noopener\">362<\/a>).<\/p>\n<p><a href=\"http:\/\/www.suva.ch\/de-ch\/praevention\/sachthemen\/persoenliche-schutzausruestung\/\" target=\"_blank\" rel=\"noopener\">Everything about PSA<\/a><\/p>\n<p>Tet: <a href=\"http:\/\/www.suva.ch\" target=\"_blank\" rel=\"noopener\">SUVA<\/a><\/p>","protected":false},"excerpt":{"rendered":"<p>Das gibt zu denken: Viele Lernende glauben f\u00e4lschlicherweise, dass sie ihre\u00a0Pers\u00f6nliche Schutzausr\u00fcstung\u00a0(PSA) selber bezahlen m\u00fcssen. Erwin von Moos, Kampagnenleiter \u00abSichere Lehrzeit\u00bb der Suva hat dies k\u00fcrzlich bei Umfragen an\u00a0 verschiedenen Berufsfachschulen festgestellt. Dabei gaben viele Lernende an, das sie in ihrem Lehrbetrieb f\u00fcr die Kosten der PSA selber aufkommen, oder zumindest den n\u00f6tigen Ersatz selber [&hellip;]<\/p>\n","protected":false},"author":1,"featured_media":16254,"comment_status":"open","ping_status":"open","sticky":false,"template":"","format":"standard","meta":{"_acf_changed":false,"pgc_sgb_lightbox_settings":"","footnotes":""},"categories":[1,3314],"tags":[183,172,540,1775,2349,2669,141,167],"class_list":["post-2656","post","type-post","status-publish","format-standard","has-post-thumbnail","hentry","category-allgemein","category-health-safety","tag-arbeitsplatzgestaltung","tag-arbeitssicherheit","tag-ausbildung","tag-betriebliches-gesundheitsmanagement","tag-kampagnen","tag-persoenliche-schutzausruestung-psa","tag-praevention","tag-suva"],"acf":[],"hkrextid":null,"publication":null,"issue":null,"workflow":null,"startPage":null,"spitzmarke":null,"_posts_by_tag_page_fields":{"widget_title":"","widget_tags":""},"_at_widget":"1","_yoast_wpseo_primary_category":"529","_yoast_wpseo_focuskw_text_input":"PSA","_yoast_wpseo_opengraph-image":null,"_yoast_wpseo_opengraph-description":null,"_yoast_wpseo_opengraph-title":null,"enclosure":null,"_yoast_wpseo_twitter-title":null,"_yoast_wpseo_twitter-description":null,"_yoast_wpseo_twitter-image":null,"_wp_old_slug":null,"_yoast_wpseo_title":null,"_yoast_wpseo_canonical":null,"yoast_head":"<!-- This site is optimized with the Yoast SEO plugin v27.4 - https:\/\/yoast.com\/product\/yoast-seo-wordpress\/ -->\n<title>Wer bezahlt die PSA? - Save<\/title>\n<meta name=\"description\" content=\"\u00abWer bezahlt die PSA?\u00bb ist ein Dauerbrenner unter den Fragen, die den Sicherheitsexperten der Suva immer wieder gestellt werden. Was also gilt hier tats\u00e4chlich?\" \/>\n<meta name=\"robots\" content=\"index, follow, max-snippet:-1, max-image-preview:large, max-video-preview:-1\" \/>\n<link rel=\"canonical\" href=\"https:\/\/news.save.ch\/en\/wer-bezahlt-die-psa\/\" \/>\n<meta property=\"og:locale\" content=\"en_US\" \/>\n<meta property=\"og:type\" content=\"article\" \/>\n<meta property=\"og:title\" content=\"Wer bezahlt die PSA? - Save\" \/>\n<meta property=\"og:description\" content=\"\u00abWer bezahlt die PSA?\u00bb ist ein Dauerbrenner unter den Fragen, die den Sicherheitsexperten der Suva immer wieder gestellt werden. Was also gilt hier tats\u00e4chlich?\" \/>\n<meta property=\"og:url\" content=\"https:\/\/news.save.ch\/en\/wer-bezahlt-die-psa\/\" \/>\n<meta property=\"og:site_name\" content=\"Save\" \/>\n<meta property=\"article:published_time\" content=\"2018-03-05T09:39:49+00:00\" \/>\n<meta property=\"article:modified_time\" content=\"2023-03-14T08:05:12+00:00\" \/>\n<meta property=\"og:image\" content=\"https:\/\/news.save.ch\/wp-content\/uploads\/2018\/03\/SUVA.jpeg\" \/>\n\t<meta property=\"og:image:width\" content=\"960\" \/>\n\t<meta property=\"og:image:height\" content=\"720\" \/>\n\t<meta property=\"og:image:type\" content=\"image\/jpeg\" \/>\n<meta name=\"author\" content=\"admin\" \/>\n<meta name=\"twitter:card\" content=\"summary_large_image\" \/>\n<meta name=\"twitter:label1\" content=\"Written by\" \/>\n\t<meta name=\"twitter:data1\" content=\"admin\" \/>\n\t<meta name=\"twitter:label2\" content=\"Est. reading time\" \/>\n\t<meta name=\"twitter:data2\" content=\"2 minutes\" \/>\n<script type=\"application\/ld+json\" class=\"yoast-schema-graph\">{\"@context\":\"https:\\\/\\\/schema.org\",\"@graph\":[{\"@type\":\"Article\",\"@id\":\"https:\\\/\\\/news.save.ch\\\/wer-bezahlt-die-psa\\\/#article\",\"isPartOf\":{\"@id\":\"https:\\\/\\\/news.save.ch\\\/wer-bezahlt-die-psa\\\/\"},\"author\":{\"name\":\"admin\",\"@id\":\"https:\\\/\\\/news.save.ch\\\/de\\\/#\\\/schema\\\/person\\\/d49e199490bad7c70d64b9ab51142f2b\"},\"headline\":\"Wer bezahlt die PSA?\",\"datePublished\":\"2018-03-05T09:39:49+00:00\",\"dateModified\":\"2023-03-14T08:05:12+00:00\",\"mainEntityOfPage\":{\"@id\":\"https:\\\/\\\/news.save.ch\\\/wer-bezahlt-die-psa\\\/\"},\"wordCount\":410,\"commentCount\":0,\"publisher\":{\"@id\":\"https:\\\/\\\/news.save.ch\\\/de\\\/#organization\"},\"image\":{\"@id\":\"https:\\\/\\\/news.save.ch\\\/wer-bezahlt-die-psa\\\/#primaryimage\"},\"thumbnailUrl\":\"https:\\\/\\\/news.save.ch\\\/wp-content\\\/uploads\\\/2018\\\/03\\\/SUVA.jpeg\",\"keywords\":[\"Arbeitsplatzgestaltung\",\"Arbeitssicherheit\",\"Ausbildung\",\"Betriebliches Gesundheitsmanagement\",\"Kampagnen\",\"Pers\u00f6nliche Schutzausr\u00fcstung (PSA)\",\"Pr\u00e4vention\",\"SUVA\"],\"articleSection\":[\"ALLGEMEIN\",\"HEALTH &amp; SAFETY\"],\"inLanguage\":\"en-US\"},{\"@type\":\"WebPage\",\"@id\":\"https:\\\/\\\/news.save.ch\\\/wer-bezahlt-die-psa\\\/\",\"url\":\"https:\\\/\\\/news.save.ch\\\/wer-bezahlt-die-psa\\\/\",\"name\":\"Wer bezahlt die PSA? - Save\",\"isPartOf\":{\"@id\":\"https:\\\/\\\/news.save.ch\\\/de\\\/#website\"},\"primaryImageOfPage\":{\"@id\":\"https:\\\/\\\/news.save.ch\\\/wer-bezahlt-die-psa\\\/#primaryimage\"},\"image\":{\"@id\":\"https:\\\/\\\/news.save.ch\\\/wer-bezahlt-die-psa\\\/#primaryimage\"},\"thumbnailUrl\":\"https:\\\/\\\/news.save.ch\\\/wp-content\\\/uploads\\\/2018\\\/03\\\/SUVA.jpeg\",\"datePublished\":\"2018-03-05T09:39:49+00:00\",\"dateModified\":\"2023-03-14T08:05:12+00:00\",\"description\":\"\u00abWer bezahlt die PSA?\u00bb ist ein Dauerbrenner unter den Fragen, die den Sicherheitsexperten der Suva immer wieder gestellt werden. Was also gilt hier tats\u00e4chlich?\",\"breadcrumb\":{\"@id\":\"https:\\\/\\\/news.save.ch\\\/wer-bezahlt-die-psa\\\/#breadcrumb\"},\"inLanguage\":\"en-US\",\"potentialAction\":[{\"@type\":\"ReadAction\",\"target\":[\"https:\\\/\\\/news.save.ch\\\/wer-bezahlt-die-psa\\\/\"]}]},{\"@type\":\"ImageObject\",\"inLanguage\":\"en-US\",\"@id\":\"https:\\\/\\\/news.save.ch\\\/wer-bezahlt-die-psa\\\/#primaryimage\",\"url\":\"https:\\\/\\\/news.save.ch\\\/wp-content\\\/uploads\\\/2018\\\/03\\\/SUVA.jpeg\",\"contentUrl\":\"https:\\\/\\\/news.save.ch\\\/wp-content\\\/uploads\\\/2018\\\/03\\\/SUVA.jpeg\",\"width\":960,\"height\":720,\"caption\":\"So ist es richtig: Lernende erhalten an ihrem ersten Arbeitstag kostenlos ihre PSA. \u00a9 SUVA\"},{\"@type\":\"BreadcrumbList\",\"@id\":\"https:\\\/\\\/news.save.ch\\\/wer-bezahlt-die-psa\\\/#breadcrumb\",\"itemListElement\":[{\"@type\":\"ListItem\",\"position\":1,\"name\":\"Home\",\"item\":\"https:\\\/\\\/news.save.ch\\\/de\\\/\"},{\"@type\":\"ListItem\",\"position\":2,\"name\":\"Wer bezahlt die PSA?\"}]},{\"@type\":\"WebSite\",\"@id\":\"https:\\\/\\\/news.save.ch\\\/de\\\/#website\",\"url\":\"https:\\\/\\\/news.save.ch\\\/de\\\/\",\"name\":\"Save\",\"description\":\"Schweizer Fachzeitschrift f\u00fcr Sicherheit\",\"publisher\":{\"@id\":\"https:\\\/\\\/news.save.ch\\\/de\\\/#organization\"},\"potentialAction\":[{\"@type\":\"SearchAction\",\"target\":{\"@type\":\"EntryPoint\",\"urlTemplate\":\"https:\\\/\\\/news.save.ch\\\/de\\\/?s={search_term_string}\"},\"query-input\":{\"@type\":\"PropertyValueSpecification\",\"valueRequired\":true,\"valueName\":\"search_term_string\"}}],\"inLanguage\":\"en-US\"},{\"@type\":\"Organization\",\"@id\":\"https:\\\/\\\/news.save.ch\\\/de\\\/#organization\",\"name\":\"Sicherheitsforum\",\"url\":\"https:\\\/\\\/news.save.ch\\\/de\\\/\",\"logo\":{\"@type\":\"ImageObject\",\"inLanguage\":\"en-US\",\"@id\":\"https:\\\/\\\/news.save.ch\\\/de\\\/#\\\/schema\\\/logo\\\/image\\\/\",\"url\":\"https:\\\/\\\/news.save.ch\\\/wp-content\\\/uploads\\\/2022\\\/06\\\/Logo_SF_2012.png\",\"contentUrl\":\"https:\\\/\\\/news.save.ch\\\/wp-content\\\/uploads\\\/2022\\\/06\\\/Logo_SF_2012.png\",\"width\":1100,\"height\":91,\"caption\":\"Sicherheitsforum\"},\"image\":{\"@id\":\"https:\\\/\\\/news.save.ch\\\/de\\\/#\\\/schema\\\/logo\\\/image\\\/\"}},{\"@type\":\"Person\",\"@id\":\"https:\\\/\\\/news.save.ch\\\/de\\\/#\\\/schema\\\/person\\\/d49e199490bad7c70d64b9ab51142f2b\",\"name\":\"admin\",\"image\":{\"@type\":\"ImageObject\",\"inLanguage\":\"en-US\",\"@id\":\"https:\\\/\\\/secure.gravatar.com\\\/avatar\\\/ae2f4d718e6c49043e314ce431e7e645d646302a24a5ef5a8bc8e3f5a032e319?s=96&d=mm&r=g\",\"url\":\"https:\\\/\\\/secure.gravatar.com\\\/avatar\\\/ae2f4d718e6c49043e314ce431e7e645d646302a24a5ef5a8bc8e3f5a032e319?s=96&d=mm&r=g\",\"contentUrl\":\"https:\\\/\\\/secure.gravatar.com\\\/avatar\\\/ae2f4d718e6c49043e314ce431e7e645d646302a24a5ef5a8bc8e3f5a032e319?s=96&d=mm&r=g\",\"caption\":\"admin\"},\"sameAs\":[\"https:\\\/\\\/develop.organisator.galledia.ch\"],\"url\":\"https:\\\/\\\/news.save.ch\\\/en\\\/author\\\/admin\\\/\"}]}<\/script>\n<!-- \/ Yoast SEO plugin. -->","yoast_head_json":{"title":"Who pays for the PSA? - Save","description":"\"Who pays for the PPE?\" is a perennial question among those asked time and again by Suva's safety experts. So what actually applies here?","robots":{"index":"index","follow":"follow","max-snippet":"max-snippet:-1","max-image-preview":"max-image-preview:large","max-video-preview":"max-video-preview:-1"},"canonical":"https:\/\/news.save.ch\/en\/wer-bezahlt-die-psa\/","og_locale":"en_US","og_type":"article","og_title":"Wer bezahlt die PSA? - Save","og_description":"\u00abWer bezahlt die PSA?\u00bb ist ein Dauerbrenner unter den Fragen, die den Sicherheitsexperten der Suva immer wieder gestellt werden. Was also gilt hier tats\u00e4chlich?","og_url":"https:\/\/news.save.ch\/en\/wer-bezahlt-die-psa\/","og_site_name":"Save","article_published_time":"2018-03-05T09:39:49+00:00","article_modified_time":"2023-03-14T08:05:12+00:00","og_image":[{"width":960,"height":720,"url":"https:\/\/news.save.ch\/wp-content\/uploads\/2018\/03\/SUVA.jpeg","type":"image\/jpeg"}],"author":"admin","twitter_card":"summary_large_image","twitter_misc":{"Written by":"admin","Est. reading time":"2 minutes"},"schema":{"@context":"https:\/\/schema.org","@graph":[{"@type":"Article","@id":"https:\/\/news.save.ch\/wer-bezahlt-die-psa\/#article","isPartOf":{"@id":"https:\/\/news.save.ch\/wer-bezahlt-die-psa\/"},"author":{"name":"admin","@id":"https:\/\/news.save.ch\/de\/#\/schema\/person\/d49e199490bad7c70d64b9ab51142f2b"},"headline":"Wer bezahlt die PSA?","datePublished":"2018-03-05T09:39:49+00:00","dateModified":"2023-03-14T08:05:12+00:00","mainEntityOfPage":{"@id":"https:\/\/news.save.ch\/wer-bezahlt-die-psa\/"},"wordCount":410,"commentCount":0,"publisher":{"@id":"https:\/\/news.save.ch\/de\/#organization"},"image":{"@id":"https:\/\/news.save.ch\/wer-bezahlt-die-psa\/#primaryimage"},"thumbnailUrl":"https:\/\/news.save.ch\/wp-content\/uploads\/2018\/03\/SUVA.jpeg","keywords":["Arbeitsplatzgestaltung","Arbeitssicherheit","Ausbildung","Betriebliches Gesundheitsmanagement","Kampagnen","Pers\u00f6nliche Schutzausr\u00fcstung (PSA)","Pr\u00e4vention","SUVA"],"articleSection":["ALLGEMEIN","HEALTH &amp; SAFETY"],"inLanguage":"en-US"},{"@type":"WebPage","@id":"https:\/\/news.save.ch\/wer-bezahlt-die-psa\/","url":"https:\/\/news.save.ch\/wer-bezahlt-die-psa\/","name":"Who pays for the PSA? - Save","isPartOf":{"@id":"https:\/\/news.save.ch\/de\/#website"},"primaryImageOfPage":{"@id":"https:\/\/news.save.ch\/wer-bezahlt-die-psa\/#primaryimage"},"image":{"@id":"https:\/\/news.save.ch\/wer-bezahlt-die-psa\/#primaryimage"},"thumbnailUrl":"https:\/\/news.save.ch\/wp-content\/uploads\/2018\/03\/SUVA.jpeg","datePublished":"2018-03-05T09:39:49+00:00","dateModified":"2023-03-14T08:05:12+00:00","description":"\"Who pays for the PPE?\" is a perennial question among those asked time and again by Suva's safety experts. So what actually applies here?","breadcrumb":{"@id":"https:\/\/news.save.ch\/wer-bezahlt-die-psa\/#breadcrumb"},"inLanguage":"en-US","potentialAction":[{"@type":"ReadAction","target":["https:\/\/news.save.ch\/wer-bezahlt-die-psa\/"]}]},{"@type":"ImageObject","inLanguage":"en-US","@id":"https:\/\/news.save.ch\/wer-bezahlt-die-psa\/#primaryimage","url":"https:\/\/news.save.ch\/wp-content\/uploads\/2018\/03\/SUVA.jpeg","contentUrl":"https:\/\/news.save.ch\/wp-content\/uploads\/2018\/03\/SUVA.jpeg","width":960,"height":720,"caption":"So ist es richtig: Lernende erhalten an ihrem ersten Arbeitstag kostenlos ihre PSA. \u00a9 SUVA"},{"@type":"BreadcrumbList","@id":"https:\/\/news.save.ch\/wer-bezahlt-die-psa\/#breadcrumb","itemListElement":[{"@type":"ListItem","position":1,"name":"Home","item":"https:\/\/news.save.ch\/de\/"},{"@type":"ListItem","position":2,"name":"Wer bezahlt die PSA?"}]},{"@type":"WebSite","@id":"https:\/\/news.save.ch\/de\/#website","url":"https:\/\/news.save.ch\/de\/","name":"Save","description":"Swiss trade journal for safety","publisher":{"@id":"https:\/\/news.save.ch\/de\/#organization"},"potentialAction":[{"@type":"SearchAction","target":{"@type":"EntryPoint","urlTemplate":"https:\/\/news.save.ch\/de\/?s={search_term_string}"},"query-input":{"@type":"PropertyValueSpecification","valueRequired":true,"valueName":"search_term_string"}}],"inLanguage":"en-US"},{"@type":"Organization","@id":"https:\/\/news.save.ch\/de\/#organization","name":"Security Forum","url":"https:\/\/news.save.ch\/de\/","logo":{"@type":"ImageObject","inLanguage":"en-US","@id":"https:\/\/news.save.ch\/de\/#\/schema\/logo\/image\/","url":"https:\/\/news.save.ch\/wp-content\/uploads\/2022\/06\/Logo_SF_2012.png","contentUrl":"https:\/\/news.save.ch\/wp-content\/uploads\/2022\/06\/Logo_SF_2012.png","width":1100,"height":91,"caption":"Sicherheitsforum"},"image":{"@id":"https:\/\/news.save.ch\/de\/#\/schema\/logo\/image\/"}},{"@type":"Person","@id":"https:\/\/news.save.ch\/de\/#\/schema\/person\/d49e199490bad7c70d64b9ab51142f2b","name":"admin","image":{"@type":"ImageObject","inLanguage":"en-US","@id":"https:\/\/secure.gravatar.com\/avatar\/ae2f4d718e6c49043e314ce431e7e645d646302a24a5ef5a8bc8e3f5a032e319?s=96&d=mm&r=g","url":"https:\/\/secure.gravatar.com\/avatar\/ae2f4d718e6c49043e314ce431e7e645d646302a24a5ef5a8bc8e3f5a032e319?s=96&d=mm&r=g","contentUrl":"https:\/\/secure.gravatar.com\/avatar\/ae2f4d718e6c49043e314ce431e7e645d646302a24a5ef5a8bc8e3f5a032e319?s=96&d=mm&r=g","caption":"admin"},"sameAs":["https:\/\/develop.organisator.galledia.ch"],"url":"https:\/\/news.save.ch\/en\/author\/admin\/"}]}},"_links":{"self":[{"href":"https:\/\/news.save.ch\/en\/wp-json\/wp\/v2\/posts\/2656","targetHints":{"allow":["GET"]}}],"collection":[{"href":"https:\/\/news.save.ch\/en\/wp-json\/wp\/v2\/posts"}],"about":[{"href":"https:\/\/news.save.ch\/en\/wp-json\/wp\/v2\/types\/post"}],"author":[{"embeddable":true,"href":"https:\/\/news.save.ch\/en\/wp-json\/wp\/v2\/users\/1"}],"replies":[{"embeddable":true,"href":"https:\/\/news.save.ch\/en\/wp-json\/wp\/v2\/comments?post=2656"}],"version-history":[{"count":1,"href":"https:\/\/news.save.ch\/en\/wp-json\/wp\/v2\/posts\/2656\/revisions"}],"predecessor-version":[{"id":18318,"href":"https:\/\/news.save.ch\/en\/wp-json\/wp\/v2\/posts\/2656\/revisions\/18318"}],"wp:featuredmedia":[{"embeddable":true,"href":"https:\/\/news.save.ch\/en\/wp-json\/wp\/v2\/media\/16254"}],"wp:attachment":[{"href":"https:\/\/news.save.ch\/en\/wp-json\/wp\/v2\/media?parent=2656"}],"wp:term":[{"taxonomy":"category","embeddable":true,"href":"https:\/\/news.save.ch\/en\/wp-json\/wp\/v2\/categories?post=2656"},{"taxonomy":"post_tag","embeddable":true,"href":"https:\/\/news.save.ch\/en\/wp-json\/wp\/v2\/tags?post=2656"}],"curies":[{"name":"wp","href":"https:\/\/api.w.org\/{rel}","templated":true}]}}