{"id":2687,"date":"2016-04-28T15:47:43","date_gmt":"2016-04-28T13:47:43","guid":{"rendered":"https:\/\/dev.sicherheitsforum.ch\/?p=2687"},"modified":"2016-04-28T15:47:43","modified_gmt":"2016-04-28T13:47:43","slug":"bosch-mit-rekordjahr","status":null,"type":"post","link":"https:\/\/news.save.ch\/en\/bosch-mit-rekordjahr\/","title":{"rendered":"Bosch with record year"},"content":{"rendered":"<figure id=\"attachment_2688\" aria-describedby=\"caption-attachment-2688\" style=\"width: 680px\" class=\"wp-caption alignnone\"><img loading=\"lazy\" decoding=\"async\" class=\"wp-image-2688 size-medium\" src=\"https:\/\/news.save.ch\/wp-content\/uploads\/2016\/12\/Bosch-mit-Rekordjahr_sicherheitsforum.jpg\" width=\"680\" height=\"491\" \/><figcaption id=\"caption-attachment-2688\" class=\"wp-caption-text\">The home is also to be increasingly networked as part of the smart home.<\/figcaption><\/figure>\n<p>The turnover of the <a href=\"https:\/\/www.bosch.com\" target=\"_blank\" data-cke-saved-href=\"https:\/\/www.bosch.com\" rel=\"noopener\">Bosch<\/a>Group reached an all-time high of 70.6 billion euros in fiscal 2015. The Group also grew strongly in operational terms, achieving like-for-like sales growth of 10%. Adjusted for exchange rate effects, sales growth was 3.8%. With the exception of the Industrial Technology business sector, all business sectors reported double-digit growth and improved earnings in 2015. Accordingly, the earnings situation of the Bosch Group as a whole improved again in 2015. The technology and services company achieved earnings before interest and tax (EBIT) of 4.6 billion euros in 2015, giving it an EBIT margin of 6.5%. Year on year, EBIT thus increased operationally by around 0.9 billion euros, or 24%.<\/p>\n<p>The corporate group intends to continue its growth course in 2016.Despite only a subdued economic outlook and geopolitical uncertainties, the technology and services company expects sales growth of between 3 and 5% for the current year.<\/p>\n<p><strong>Smart home system: Room detector is added<\/strong><\/p>\n<p>In the smart home, too, increasing networking will make life more comfortable and relieve the burden, as Bosch writes. The company has already been offering a simple and secure solution for the smart home since the beginning of the year with its smart home system. More products for the system will follow in the course of the year: Among other things, a smoke detector that, beyond its actual function, also provides more security, for example, during the vacation season, as the provider lets it be known. Bosch expects the global market potential for the smart home to reach ten billion euros as early as 2017. By 2020, some 230 million or 15% of all households worldwide would be equipped with smart home solutions, Bosch said.<\/p>","protected":false},"excerpt":{"rendered":"<p>Der Umsatz der Bosch-Gruppe erreichte im Gesch\u00e4ftsjahr 2015 mit 70,6 Milliarden Euro einen historischen H\u00f6chstwert. Auch operativ ist der Konzern stark gewachsen und hat vergleichbar gerechnet ein Umsatzplus von 10% erzielt. Bereinigt um Wechselkurseffekte lag das Umsatzwachstum bei 3,8%. Bis auf den Unternehmensbereich Industrial Technology sind 2015 alle Unternehmensbereiche zweistellig gewachsen und konnten ihr Ergebnis [&hellip;]<\/p>\n","protected":false},"author":1,"featured_media":2688,"comment_status":"open","ping_status":"open","sticky":false,"template":"","format":"standard","meta":{"_acf_changed":false,"pgc_sgb_lightbox_settings":"","footnotes":""},"categories":[1],"tags":[65],"class_list":["post-2687","post","type-post","status-publish","format-standard","has-post-thumbnail","hentry","category-allgemein","tag-unternehmen"],"acf":[],"hkrextid":null,"publication":null,"issue":null,"workflow":null,"startPage":null,"spitzmarke":null,"_posts_by_tag_page_fields":{"widget_title":"","widget_tags":""},"_at_widget":"1","_yoast_wpseo_primary_category":"","_yoast_wpseo_focuskw_text_input":"Bosch","_yoast_wpseo_opengraph-image":"https:\/\/news.save.ch\/wp-content\/uploads\/2016\/12\/Bosch-mit-Rekordjahr_sicherheitsforum.jpg","_yoast_wpseo_opengraph-description":"Die Bosch-Gruppe pr\u00e4sentierte diese Woche ein Rekordergebnis f\u00fcr das Gesch\u00e4ftsjahr 2015.","_yoast_wpseo_opengraph-title":"Bosch mit Rekordjahr","enclosure":null,"_yoast_wpseo_twitter-title":null,"_yoast_wpseo_twitter-description":null,"_yoast_wpseo_twitter-image":null,"_wp_old_slug":null,"_yoast_wpseo_title":null,"_yoast_wpseo_canonical":null,"yoast_head":"<!-- This site is optimized with the Yoast SEO plugin v27.5 - https:\/\/yoast.com\/product\/yoast-seo-wordpress\/ -->\n<title>Bosch mit Rekordjahr - Save<\/title>\n<meta name=\"description\" content=\"Die Bosch-Gruppe pr\u00e4sentierte diese Woche ein Rekordergebnis f\u00fcr das Gesch\u00e4ftsjahr 2015.\" \/>\n<meta name=\"robots\" content=\"index, follow, max-snippet:-1, max-image-preview:large, max-video-preview:-1\" \/>\n<link rel=\"canonical\" href=\"https:\/\/news.save.ch\/en\/bosch-mit-rekordjahr\/\" \/>\n<meta property=\"og:locale\" content=\"en_US\" \/>\n<meta property=\"og:type\" content=\"article\" \/>\n<meta property=\"og:title\" content=\"Bosch mit Rekordjahr\" \/>\n<meta property=\"og:description\" content=\"Die Bosch-Gruppe pr\u00e4sentierte diese Woche ein Rekordergebnis f\u00fcr das Gesch\u00e4ftsjahr 2015.\" \/>\n<meta property=\"og:url\" content=\"https:\/\/news.save.ch\/en\/bosch-mit-rekordjahr\/\" \/>\n<meta property=\"og:site_name\" content=\"Save\" \/>\n<meta property=\"article:published_time\" content=\"2016-04-28T13:47:43+00:00\" \/>\n<meta property=\"og:image\" content=\"https:\/\/news.save.ch\/wp-content\/uploads\/2016\/12\/Bosch-mit-Rekordjahr_sicherheitsforum.jpg\" \/>\n<meta name=\"author\" content=\"admin\" \/>\n<meta name=\"twitter:card\" content=\"summary_large_image\" \/>\n<meta name=\"twitter:label1\" content=\"Written by\" \/>\n\t<meta name=\"twitter:data1\" content=\"admin\" \/>\n\t<meta name=\"twitter:label2\" content=\"Est. reading time\" \/>\n\t<meta name=\"twitter:data2\" content=\"1 minute\" \/>\n<script type=\"application\/ld+json\" class=\"yoast-schema-graph\">{\"@context\":\"https:\\\/\\\/schema.org\",\"@graph\":[{\"@type\":\"Article\",\"@id\":\"https:\\\/\\\/news.save.ch\\\/bosch-mit-rekordjahr\\\/#article\",\"isPartOf\":{\"@id\":\"https:\\\/\\\/news.save.ch\\\/bosch-mit-rekordjahr\\\/\"},\"author\":{\"name\":\"admin\",\"@id\":\"https:\\\/\\\/news.save.ch\\\/de\\\/#\\\/schema\\\/person\\\/d49e199490bad7c70d64b9ab51142f2b\"},\"headline\":\"Bosch mit Rekordjahr\",\"datePublished\":\"2016-04-28T13:47:43+00:00\",\"mainEntityOfPage\":{\"@id\":\"https:\\\/\\\/news.save.ch\\\/bosch-mit-rekordjahr\\\/\"},\"wordCount\":264,\"commentCount\":0,\"publisher\":{\"@id\":\"https:\\\/\\\/news.save.ch\\\/de\\\/#organization\"},\"image\":{\"@id\":\"https:\\\/\\\/news.save.ch\\\/bosch-mit-rekordjahr\\\/#primaryimage\"},\"thumbnailUrl\":\"https:\\\/\\\/news.save.ch\\\/wp-content\\\/uploads\\\/2016\\\/12\\\/Bosch-mit-Rekordjahr_sicherheitsforum-scaled.jpg\",\"keywords\":[\"Unternehmen\"],\"articleSection\":[\"ALLGEMEIN\"],\"inLanguage\":\"en-US\"},{\"@type\":\"WebPage\",\"@id\":\"https:\\\/\\\/news.save.ch\\\/bosch-mit-rekordjahr\\\/\",\"url\":\"https:\\\/\\\/news.save.ch\\\/bosch-mit-rekordjahr\\\/\",\"name\":\"Bosch mit Rekordjahr - Save\",\"isPartOf\":{\"@id\":\"https:\\\/\\\/news.save.ch\\\/de\\\/#website\"},\"primaryImageOfPage\":{\"@id\":\"https:\\\/\\\/news.save.ch\\\/bosch-mit-rekordjahr\\\/#primaryimage\"},\"image\":{\"@id\":\"https:\\\/\\\/news.save.ch\\\/bosch-mit-rekordjahr\\\/#primaryimage\"},\"thumbnailUrl\":\"https:\\\/\\\/news.save.ch\\\/wp-content\\\/uploads\\\/2016\\\/12\\\/Bosch-mit-Rekordjahr_sicherheitsforum-scaled.jpg\",\"datePublished\":\"2016-04-28T13:47:43+00:00\",\"description\":\"Die Bosch-Gruppe pr\u00e4sentierte diese Woche ein Rekordergebnis f\u00fcr das Gesch\u00e4ftsjahr 2015.\",\"breadcrumb\":{\"@id\":\"https:\\\/\\\/news.save.ch\\\/bosch-mit-rekordjahr\\\/#breadcrumb\"},\"inLanguage\":\"en-US\",\"potentialAction\":[{\"@type\":\"ReadAction\",\"target\":[\"https:\\\/\\\/news.save.ch\\\/bosch-mit-rekordjahr\\\/\"]}]},{\"@type\":\"ImageObject\",\"inLanguage\":\"en-US\",\"@id\":\"https:\\\/\\\/news.save.ch\\\/bosch-mit-rekordjahr\\\/#primaryimage\",\"url\":\"https:\\\/\\\/news.save.ch\\\/wp-content\\\/uploads\\\/2016\\\/12\\\/Bosch-mit-Rekordjahr_sicherheitsforum-scaled.jpg\",\"contentUrl\":\"https:\\\/\\\/news.save.ch\\\/wp-content\\\/uploads\\\/2016\\\/12\\\/Bosch-mit-Rekordjahr_sicherheitsforum-scaled.jpg\",\"width\":1400,\"height\":1011,\"caption\":\"Auch das Zuhause soll im Rahmen von Smart Home zunehmend vernetzt werden.\"},{\"@type\":\"BreadcrumbList\",\"@id\":\"https:\\\/\\\/news.save.ch\\\/bosch-mit-rekordjahr\\\/#breadcrumb\",\"itemListElement\":[{\"@type\":\"ListItem\",\"position\":1,\"name\":\"Home\",\"item\":\"https:\\\/\\\/news.save.ch\\\/de\\\/\"},{\"@type\":\"ListItem\",\"position\":2,\"name\":\"Bosch mit Rekordjahr\"}]},{\"@type\":\"WebSite\",\"@id\":\"https:\\\/\\\/news.save.ch\\\/de\\\/#website\",\"url\":\"https:\\\/\\\/news.save.ch\\\/de\\\/\",\"name\":\"Save\",\"description\":\"Schweizer Fachzeitschrift f\u00fcr Sicherheit\",\"publisher\":{\"@id\":\"https:\\\/\\\/news.save.ch\\\/de\\\/#organization\"},\"potentialAction\":[{\"@type\":\"SearchAction\",\"target\":{\"@type\":\"EntryPoint\",\"urlTemplate\":\"https:\\\/\\\/news.save.ch\\\/de\\\/?s={search_term_string}\"},\"query-input\":{\"@type\":\"PropertyValueSpecification\",\"valueRequired\":true,\"valueName\":\"search_term_string\"}}],\"inLanguage\":\"en-US\"},{\"@type\":\"Organization\",\"@id\":\"https:\\\/\\\/news.save.ch\\\/de\\\/#organization\",\"name\":\"Sicherheitsforum\",\"url\":\"https:\\\/\\\/news.save.ch\\\/de\\\/\",\"logo\":{\"@type\":\"ImageObject\",\"inLanguage\":\"en-US\",\"@id\":\"https:\\\/\\\/news.save.ch\\\/de\\\/#\\\/schema\\\/logo\\\/image\\\/\",\"url\":\"https:\\\/\\\/news.save.ch\\\/wp-content\\\/uploads\\\/2022\\\/06\\\/Logo_SF_2012.png\",\"contentUrl\":\"https:\\\/\\\/news.save.ch\\\/wp-content\\\/uploads\\\/2022\\\/06\\\/Logo_SF_2012.png\",\"width\":1100,\"height\":91,\"caption\":\"Sicherheitsforum\"},\"image\":{\"@id\":\"https:\\\/\\\/news.save.ch\\\/de\\\/#\\\/schema\\\/logo\\\/image\\\/\"}},{\"@type\":\"Person\",\"@id\":\"https:\\\/\\\/news.save.ch\\\/de\\\/#\\\/schema\\\/person\\\/d49e199490bad7c70d64b9ab51142f2b\",\"name\":\"admin\",\"image\":{\"@type\":\"ImageObject\",\"inLanguage\":\"en-US\",\"@id\":\"https:\\\/\\\/secure.gravatar.com\\\/avatar\\\/ae2f4d718e6c49043e314ce431e7e645d646302a24a5ef5a8bc8e3f5a032e319?s=96&d=mm&r=g\",\"url\":\"https:\\\/\\\/secure.gravatar.com\\\/avatar\\\/ae2f4d718e6c49043e314ce431e7e645d646302a24a5ef5a8bc8e3f5a032e319?s=96&d=mm&r=g\",\"contentUrl\":\"https:\\\/\\\/secure.gravatar.com\\\/avatar\\\/ae2f4d718e6c49043e314ce431e7e645d646302a24a5ef5a8bc8e3f5a032e319?s=96&d=mm&r=g\",\"caption\":\"admin\"},\"sameAs\":[\"https:\\\/\\\/develop.organisator.galledia.ch\"],\"url\":\"https:\\\/\\\/news.save.ch\\\/en\\\/author\\\/admin\\\/\"}]}<\/script>\n<!-- \/ Yoast SEO plugin. -->","yoast_head_json":{"title":"Bosch with record year - Save","description":"The Bosch Group presented record results for fiscal 2015 this week.","robots":{"index":"index","follow":"follow","max-snippet":"max-snippet:-1","max-image-preview":"max-image-preview:large","max-video-preview":"max-video-preview:-1"},"canonical":"https:\/\/news.save.ch\/en\/bosch-mit-rekordjahr\/","og_locale":"en_US","og_type":"article","og_title":"Bosch mit Rekordjahr","og_description":"Die Bosch-Gruppe pr\u00e4sentierte diese Woche ein Rekordergebnis f\u00fcr das Gesch\u00e4ftsjahr 2015.","og_url":"https:\/\/news.save.ch\/en\/bosch-mit-rekordjahr\/","og_site_name":"Save","article_published_time":"2016-04-28T13:47:43+00:00","og_image":[{"url":"https:\/\/news.save.ch\/wp-content\/uploads\/2016\/12\/Bosch-mit-Rekordjahr_sicherheitsforum.jpg","type":"","width":"","height":""}],"author":"admin","twitter_card":"summary_large_image","twitter_misc":{"Written by":"admin","Est. reading time":"1 minute"},"schema":{"@context":"https:\/\/schema.org","@graph":[{"@type":"Article","@id":"https:\/\/news.save.ch\/bosch-mit-rekordjahr\/#article","isPartOf":{"@id":"https:\/\/news.save.ch\/bosch-mit-rekordjahr\/"},"author":{"name":"admin","@id":"https:\/\/news.save.ch\/de\/#\/schema\/person\/d49e199490bad7c70d64b9ab51142f2b"},"headline":"Bosch mit Rekordjahr","datePublished":"2016-04-28T13:47:43+00:00","mainEntityOfPage":{"@id":"https:\/\/news.save.ch\/bosch-mit-rekordjahr\/"},"wordCount":264,"commentCount":0,"publisher":{"@id":"https:\/\/news.save.ch\/de\/#organization"},"image":{"@id":"https:\/\/news.save.ch\/bosch-mit-rekordjahr\/#primaryimage"},"thumbnailUrl":"https:\/\/news.save.ch\/wp-content\/uploads\/2016\/12\/Bosch-mit-Rekordjahr_sicherheitsforum-scaled.jpg","keywords":["Unternehmen"],"articleSection":["ALLGEMEIN"],"inLanguage":"en-US"},{"@type":"WebPage","@id":"https:\/\/news.save.ch\/bosch-mit-rekordjahr\/","url":"https:\/\/news.save.ch\/bosch-mit-rekordjahr\/","name":"Bosch with record year - Save","isPartOf":{"@id":"https:\/\/news.save.ch\/de\/#website"},"primaryImageOfPage":{"@id":"https:\/\/news.save.ch\/bosch-mit-rekordjahr\/#primaryimage"},"image":{"@id":"https:\/\/news.save.ch\/bosch-mit-rekordjahr\/#primaryimage"},"thumbnailUrl":"https:\/\/news.save.ch\/wp-content\/uploads\/2016\/12\/Bosch-mit-Rekordjahr_sicherheitsforum-scaled.jpg","datePublished":"2016-04-28T13:47:43+00:00","description":"The Bosch Group presented record results for fiscal 2015 this week.","breadcrumb":{"@id":"https:\/\/news.save.ch\/bosch-mit-rekordjahr\/#breadcrumb"},"inLanguage":"en-US","potentialAction":[{"@type":"ReadAction","target":["https:\/\/news.save.ch\/bosch-mit-rekordjahr\/"]}]},{"@type":"ImageObject","inLanguage":"en-US","@id":"https:\/\/news.save.ch\/bosch-mit-rekordjahr\/#primaryimage","url":"https:\/\/news.save.ch\/wp-content\/uploads\/2016\/12\/Bosch-mit-Rekordjahr_sicherheitsforum-scaled.jpg","contentUrl":"https:\/\/news.save.ch\/wp-content\/uploads\/2016\/12\/Bosch-mit-Rekordjahr_sicherheitsforum-scaled.jpg","width":1400,"height":1011,"caption":"Auch das Zuhause soll im Rahmen von Smart Home zunehmend vernetzt werden."},{"@type":"BreadcrumbList","@id":"https:\/\/news.save.ch\/bosch-mit-rekordjahr\/#breadcrumb","itemListElement":[{"@type":"ListItem","position":1,"name":"Home","item":"https:\/\/news.save.ch\/de\/"},{"@type":"ListItem","position":2,"name":"Bosch mit Rekordjahr"}]},{"@type":"WebSite","@id":"https:\/\/news.save.ch\/de\/#website","url":"https:\/\/news.save.ch\/de\/","name":"Save","description":"Swiss trade journal for safety","publisher":{"@id":"https:\/\/news.save.ch\/de\/#organization"},"potentialAction":[{"@type":"SearchAction","target":{"@type":"EntryPoint","urlTemplate":"https:\/\/news.save.ch\/de\/?s={search_term_string}"},"query-input":{"@type":"PropertyValueSpecification","valueRequired":true,"valueName":"search_term_string"}}],"inLanguage":"en-US"},{"@type":"Organization","@id":"https:\/\/news.save.ch\/de\/#organization","name":"Security Forum","url":"https:\/\/news.save.ch\/de\/","logo":{"@type":"ImageObject","inLanguage":"en-US","@id":"https:\/\/news.save.ch\/de\/#\/schema\/logo\/image\/","url":"https:\/\/news.save.ch\/wp-content\/uploads\/2022\/06\/Logo_SF_2012.png","contentUrl":"https:\/\/news.save.ch\/wp-content\/uploads\/2022\/06\/Logo_SF_2012.png","width":1100,"height":91,"caption":"Sicherheitsforum"},"image":{"@id":"https:\/\/news.save.ch\/de\/#\/schema\/logo\/image\/"}},{"@type":"Person","@id":"https:\/\/news.save.ch\/de\/#\/schema\/person\/d49e199490bad7c70d64b9ab51142f2b","name":"admin","image":{"@type":"ImageObject","inLanguage":"en-US","@id":"https:\/\/secure.gravatar.com\/avatar\/ae2f4d718e6c49043e314ce431e7e645d646302a24a5ef5a8bc8e3f5a032e319?s=96&d=mm&r=g","url":"https:\/\/secure.gravatar.com\/avatar\/ae2f4d718e6c49043e314ce431e7e645d646302a24a5ef5a8bc8e3f5a032e319?s=96&d=mm&r=g","contentUrl":"https:\/\/secure.gravatar.com\/avatar\/ae2f4d718e6c49043e314ce431e7e645d646302a24a5ef5a8bc8e3f5a032e319?s=96&d=mm&r=g","caption":"admin"},"sameAs":["https:\/\/develop.organisator.galledia.ch"],"url":"https:\/\/news.save.ch\/en\/author\/admin\/"}]}},"_links":{"self":[{"href":"https:\/\/news.save.ch\/en\/wp-json\/wp\/v2\/posts\/2687","targetHints":{"allow":["GET"]}}],"collection":[{"href":"https:\/\/news.save.ch\/en\/wp-json\/wp\/v2\/posts"}],"about":[{"href":"https:\/\/news.save.ch\/en\/wp-json\/wp\/v2\/types\/post"}],"author":[{"embeddable":true,"href":"https:\/\/news.save.ch\/en\/wp-json\/wp\/v2\/users\/1"}],"replies":[{"embeddable":true,"href":"https:\/\/news.save.ch\/en\/wp-json\/wp\/v2\/comments?post=2687"}],"version-history":[{"count":0,"href":"https:\/\/news.save.ch\/en\/wp-json\/wp\/v2\/posts\/2687\/revisions"}],"wp:featuredmedia":[{"embeddable":true,"href":"https:\/\/news.save.ch\/en\/wp-json\/wp\/v2\/media\/2688"}],"wp:attachment":[{"href":"https:\/\/news.save.ch\/en\/wp-json\/wp\/v2\/media?parent=2687"}],"wp:term":[{"taxonomy":"category","embeddable":true,"href":"https:\/\/news.save.ch\/en\/wp-json\/wp\/v2\/categories?post=2687"},{"taxonomy":"post_tag","embeddable":true,"href":"https:\/\/news.save.ch\/en\/wp-json\/wp\/v2\/tags?post=2687"}],"curies":[{"name":"wp","href":"https:\/\/api.w.org\/{rel}","templated":true}]}}