{"id":2702,"date":"2016-04-20T16:25:44","date_gmt":"2016-04-20T14:25:44","guid":{"rendered":"https:\/\/dev.sicherheitsforum.ch\/?p=2702"},"modified":"2016-04-20T16:25:44","modified_gmt":"2016-04-20T14:25:44","slug":"privatbestechung-wird-wirksamer-bekaempft","status":null,"type":"post","link":"https:\/\/news.save.ch\/en\/privatbestechung-wird-wirksamer-bekaempft\/","title":{"rendered":"Private bribery is combated more effectively"},"content":{"rendered":"<figure id=\"attachment_2703\" aria-describedby=\"caption-attachment-2703\" style=\"width: 680px\" class=\"wp-caption alignnone\"><img loading=\"lazy\" decoding=\"async\" class=\"wp-image-2703 size-medium\" src=\"https:\/\/news.save.ch\/wp-content\/uploads\/2016\/12\/Privatbestechung-wird-wirksamer-bekaempft_sicherheitsforum.jpg\" width=\"680\" height=\"454\" srcset=\"https:\/\/news.save.ch\/wp-content\/uploads\/2016\/12\/Privatbestechung-wird-wirksamer-bekaempft_sicherheitsforum.jpg 999w, https:\/\/news.save.ch\/wp-content\/uploads\/2016\/12\/Privatbestechung-wird-wirksamer-bekaempft_sicherheitsforum-375x250.jpg 375w\" sizes=\"auto, (max-width: 680px) 100vw, 680px\" \/><figcaption id=\"caption-attachment-2703\" class=\"wp-caption-text\">Close-up Of Businessman With Money Handshaking With His Business Partner<\/figcaption><\/figure>\n<p>Under current law, private bribery can only be prosecuted if a person involved files a criminal complaint. This requirement has proven to be too high a hurdle for consistent prosecution, as there has not been a single conviction since the introduction of the criminal provision in 2006. Private bribery will therefore now be prosecuted ex officio, except in minor cases.<\/p>\n<p>Moreover, bribery of private individuals is currently only punishable if it leads to distortions of competition within the meaning of the Unfair Competition Act (UCA). The revision therefore moves the relevant criminal provisions from the UCA to the Criminal Code. This means that in the future, bribes paid outside of classic competitive situations, e.g. in the awarding of sporting events, will also be punishable.<\/p>\n<p>In addition to these two main points, the revision extends the scope of the criminal provisions on the granting and acceptance of advantages by public officials. In the future, this so-called feeding or soaping will also be punishable if the advantages do not go to the public official himself, but - with his knowledge - to a third party.<\/p>\n<p><em>Source: Federal Office of Justice<\/em><\/p>","protected":false},"excerpt":{"rendered":"<p>Nach geltendem Recht kann die Privatbestechung nur verfolgt werden, wenn eine betroffene Person Strafantrag stellt. Diese Voraussetzung hat sich als zu hohe H\u00fcrde f\u00fcr eine konsequente Strafverfolgung erwiesen, ist es doch seit Einf\u00fchrung der Strafnorm im Jahr 2006 zu keiner einzigen Verurteilung gekommen. Privatbestechung wird deshalb &#8211; ausser in leichten F\u00e4llen &#8211; neu von Amtes [&hellip;]<\/p>\n","protected":false},"author":1,"featured_media":2703,"comment_status":"open","ping_status":"open","sticky":false,"template":"","format":"standard","meta":{"_acf_changed":false,"pgc_sgb_lightbox_settings":"","footnotes":""},"categories":[1],"tags":[69,113],"class_list":["post-2702","post","type-post","status-publish","format-standard","has-post-thumbnail","hentry","category-allgemein","tag-justiz-polizei","tag-kriminalitaet"],"acf":[],"hkrextid":null,"publication":null,"issue":null,"workflow":null,"startPage":null,"spitzmarke":null,"_posts_by_tag_page_fields":{"widget_title":"","widget_tags":""},"_at_widget":"1","_yoast_wpseo_primary_category":"","_yoast_wpseo_focuskw_text_input":"Privatbestechung","_yoast_wpseo_opengraph-image":"https:\/\/news.save.ch\/wp-content\/uploads\/2016\/12\/Privatbestechung-wird-wirksamer-bek\u00e4mpft_sicherheitsforum.jpg","_yoast_wpseo_opengraph-description":"Die Bestechung von Privaten wird in Zukunft von Amtes wegen verfolgt und auch dann geahndet, wenn sie nicht zu Wettbewerbsverzerrungen in der Wirtschaft f\u00fchrt. Der Bundesrat hat am Mittwoch die Revision des Korruptionsstrafrechts auf den 1. Juli 2016 in Kraft gesetzt.","_yoast_wpseo_opengraph-title":"Privatbestechung wird wirksamer bek\u00e4mpft","enclosure":null,"_yoast_wpseo_twitter-title":null,"_yoast_wpseo_twitter-description":null,"_yoast_wpseo_twitter-image":null,"_wp_old_slug":null,"_yoast_wpseo_title":null,"_yoast_wpseo_canonical":null,"yoast_head":"<!-- This site is optimized with the Yoast SEO plugin v27.5 - https:\/\/yoast.com\/product\/yoast-seo-wordpress\/ -->\n<title>Privatbestechung wird wirksamer bek\u00e4mpft - Save<\/title>\n<meta name=\"description\" content=\"Die Bestechung von Privaten wird von Amtes wegen verfolgt und auch dann geahndet, wenn sie nicht zu Wettbewerbsverzerrungen in der Wirtschaft f\u00fchrt.\" \/>\n<meta name=\"robots\" content=\"index, follow, max-snippet:-1, max-image-preview:large, max-video-preview:-1\" \/>\n<link rel=\"canonical\" href=\"https:\/\/news.save.ch\/en\/privatbestechung-wird-wirksamer-bekaempft\/\" \/>\n<meta property=\"og:locale\" content=\"en_US\" \/>\n<meta property=\"og:type\" content=\"article\" \/>\n<meta property=\"og:title\" content=\"Privatbestechung wird wirksamer bek\u00e4mpft\" \/>\n<meta property=\"og:description\" content=\"Die Bestechung von Privaten wird in Zukunft von Amtes wegen verfolgt und auch dann geahndet, wenn sie nicht zu Wettbewerbsverzerrungen in der Wirtschaft f\u00fchrt. Der Bundesrat hat am Mittwoch die Revision des Korruptionsstrafrechts auf den 1. Juli 2016 in Kraft gesetzt.\" \/>\n<meta property=\"og:url\" content=\"https:\/\/news.save.ch\/en\/privatbestechung-wird-wirksamer-bekaempft\/\" \/>\n<meta property=\"og:site_name\" content=\"Save\" \/>\n<meta property=\"article:published_time\" content=\"2016-04-20T14:25:44+00:00\" \/>\n<meta property=\"og:image\" content=\"https:\/\/news.save.ch\/wp-content\/uploads\/2016\/12\/Privatbestechung-wird-wirksamer-bek\u00e4mpft_sicherheitsforum.jpg\" \/>\n<meta name=\"author\" content=\"admin\" \/>\n<meta name=\"twitter:card\" content=\"summary_large_image\" \/>\n<meta name=\"twitter:label1\" content=\"Written by\" \/>\n\t<meta name=\"twitter:data1\" content=\"admin\" \/>\n\t<meta name=\"twitter:label2\" content=\"Est. reading time\" \/>\n\t<meta name=\"twitter:data2\" content=\"1 minute\" \/>\n<script type=\"application\/ld+json\" class=\"yoast-schema-graph\">{\"@context\":\"https:\\\/\\\/schema.org\",\"@graph\":[{\"@type\":\"Article\",\"@id\":\"https:\\\/\\\/news.save.ch\\\/privatbestechung-wird-wirksamer-bekaempft\\\/#article\",\"isPartOf\":{\"@id\":\"https:\\\/\\\/news.save.ch\\\/privatbestechung-wird-wirksamer-bekaempft\\\/\"},\"author\":{\"name\":\"admin\",\"@id\":\"https:\\\/\\\/news.save.ch\\\/de\\\/#\\\/schema\\\/person\\\/d49e199490bad7c70d64b9ab51142f2b\"},\"headline\":\"Privatbestechung wird wirksamer bek\u00e4mpft\",\"datePublished\":\"2016-04-20T14:25:44+00:00\",\"mainEntityOfPage\":{\"@id\":\"https:\\\/\\\/news.save.ch\\\/privatbestechung-wird-wirksamer-bekaempft\\\/\"},\"wordCount\":196,\"commentCount\":0,\"publisher\":{\"@id\":\"https:\\\/\\\/news.save.ch\\\/de\\\/#organization\"},\"image\":{\"@id\":\"https:\\\/\\\/news.save.ch\\\/privatbestechung-wird-wirksamer-bekaempft\\\/#primaryimage\"},\"thumbnailUrl\":\"https:\\\/\\\/news.save.ch\\\/wp-content\\\/uploads\\\/2016\\\/12\\\/Privatbestechung-wird-wirksamer-bekaempft_sicherheitsforum.jpg\",\"keywords\":[\"Justiz &amp; Polizei\",\"Kriminalit\u00e4t\"],\"articleSection\":[\"ALLGEMEIN\"],\"inLanguage\":\"en-US\"},{\"@type\":\"WebPage\",\"@id\":\"https:\\\/\\\/news.save.ch\\\/privatbestechung-wird-wirksamer-bekaempft\\\/\",\"url\":\"https:\\\/\\\/news.save.ch\\\/privatbestechung-wird-wirksamer-bekaempft\\\/\",\"name\":\"Privatbestechung wird wirksamer bek\u00e4mpft - Save\",\"isPartOf\":{\"@id\":\"https:\\\/\\\/news.save.ch\\\/de\\\/#website\"},\"primaryImageOfPage\":{\"@id\":\"https:\\\/\\\/news.save.ch\\\/privatbestechung-wird-wirksamer-bekaempft\\\/#primaryimage\"},\"image\":{\"@id\":\"https:\\\/\\\/news.save.ch\\\/privatbestechung-wird-wirksamer-bekaempft\\\/#primaryimage\"},\"thumbnailUrl\":\"https:\\\/\\\/news.save.ch\\\/wp-content\\\/uploads\\\/2016\\\/12\\\/Privatbestechung-wird-wirksamer-bekaempft_sicherheitsforum.jpg\",\"datePublished\":\"2016-04-20T14:25:44+00:00\",\"description\":\"Die Bestechung von Privaten wird von Amtes wegen verfolgt und auch dann geahndet, wenn sie nicht zu Wettbewerbsverzerrungen in der Wirtschaft f\u00fchrt.\",\"breadcrumb\":{\"@id\":\"https:\\\/\\\/news.save.ch\\\/privatbestechung-wird-wirksamer-bekaempft\\\/#breadcrumb\"},\"inLanguage\":\"en-US\",\"potentialAction\":[{\"@type\":\"ReadAction\",\"target\":[\"https:\\\/\\\/news.save.ch\\\/privatbestechung-wird-wirksamer-bekaempft\\\/\"]}]},{\"@type\":\"ImageObject\",\"inLanguage\":\"en-US\",\"@id\":\"https:\\\/\\\/news.save.ch\\\/privatbestechung-wird-wirksamer-bekaempft\\\/#primaryimage\",\"url\":\"https:\\\/\\\/news.save.ch\\\/wp-content\\\/uploads\\\/2016\\\/12\\\/Privatbestechung-wird-wirksamer-bekaempft_sicherheitsforum.jpg\",\"contentUrl\":\"https:\\\/\\\/news.save.ch\\\/wp-content\\\/uploads\\\/2016\\\/12\\\/Privatbestechung-wird-wirksamer-bekaempft_sicherheitsforum.jpg\",\"width\":999,\"height\":667,\"caption\":\"Close-up Of Businessman With Money Handshaking With His Business Partner\"},{\"@type\":\"BreadcrumbList\",\"@id\":\"https:\\\/\\\/news.save.ch\\\/privatbestechung-wird-wirksamer-bekaempft\\\/#breadcrumb\",\"itemListElement\":[{\"@type\":\"ListItem\",\"position\":1,\"name\":\"Home\",\"item\":\"https:\\\/\\\/news.save.ch\\\/de\\\/\"},{\"@type\":\"ListItem\",\"position\":2,\"name\":\"Privatbestechung wird wirksamer bek\u00e4mpft\"}]},{\"@type\":\"WebSite\",\"@id\":\"https:\\\/\\\/news.save.ch\\\/de\\\/#website\",\"url\":\"https:\\\/\\\/news.save.ch\\\/de\\\/\",\"name\":\"Save\",\"description\":\"Schweizer Fachzeitschrift f\u00fcr Sicherheit\",\"publisher\":{\"@id\":\"https:\\\/\\\/news.save.ch\\\/de\\\/#organization\"},\"potentialAction\":[{\"@type\":\"SearchAction\",\"target\":{\"@type\":\"EntryPoint\",\"urlTemplate\":\"https:\\\/\\\/news.save.ch\\\/de\\\/?s={search_term_string}\"},\"query-input\":{\"@type\":\"PropertyValueSpecification\",\"valueRequired\":true,\"valueName\":\"search_term_string\"}}],\"inLanguage\":\"en-US\"},{\"@type\":\"Organization\",\"@id\":\"https:\\\/\\\/news.save.ch\\\/de\\\/#organization\",\"name\":\"Sicherheitsforum\",\"url\":\"https:\\\/\\\/news.save.ch\\\/de\\\/\",\"logo\":{\"@type\":\"ImageObject\",\"inLanguage\":\"en-US\",\"@id\":\"https:\\\/\\\/news.save.ch\\\/de\\\/#\\\/schema\\\/logo\\\/image\\\/\",\"url\":\"https:\\\/\\\/news.save.ch\\\/wp-content\\\/uploads\\\/2022\\\/06\\\/Logo_SF_2012.png\",\"contentUrl\":\"https:\\\/\\\/news.save.ch\\\/wp-content\\\/uploads\\\/2022\\\/06\\\/Logo_SF_2012.png\",\"width\":1100,\"height\":91,\"caption\":\"Sicherheitsforum\"},\"image\":{\"@id\":\"https:\\\/\\\/news.save.ch\\\/de\\\/#\\\/schema\\\/logo\\\/image\\\/\"}},{\"@type\":\"Person\",\"@id\":\"https:\\\/\\\/news.save.ch\\\/de\\\/#\\\/schema\\\/person\\\/d49e199490bad7c70d64b9ab51142f2b\",\"name\":\"admin\",\"image\":{\"@type\":\"ImageObject\",\"inLanguage\":\"en-US\",\"@id\":\"https:\\\/\\\/secure.gravatar.com\\\/avatar\\\/ae2f4d718e6c49043e314ce431e7e645d646302a24a5ef5a8bc8e3f5a032e319?s=96&d=mm&r=g\",\"url\":\"https:\\\/\\\/secure.gravatar.com\\\/avatar\\\/ae2f4d718e6c49043e314ce431e7e645d646302a24a5ef5a8bc8e3f5a032e319?s=96&d=mm&r=g\",\"contentUrl\":\"https:\\\/\\\/secure.gravatar.com\\\/avatar\\\/ae2f4d718e6c49043e314ce431e7e645d646302a24a5ef5a8bc8e3f5a032e319?s=96&d=mm&r=g\",\"caption\":\"admin\"},\"sameAs\":[\"https:\\\/\\\/develop.organisator.galledia.ch\"],\"url\":\"https:\\\/\\\/news.save.ch\\\/en\\\/author\\\/admin\\\/\"}]}<\/script>\n<!-- \/ Yoast SEO plugin. -->","yoast_head_json":{"title":"Private bribery is combated more effectively - Save","description":"Bribery of private persons is prosecuted ex officio and punished even if it does not lead to distortions of competition in the economy.","robots":{"index":"index","follow":"follow","max-snippet":"max-snippet:-1","max-image-preview":"max-image-preview:large","max-video-preview":"max-video-preview:-1"},"canonical":"https:\/\/news.save.ch\/en\/privatbestechung-wird-wirksamer-bekaempft\/","og_locale":"en_US","og_type":"article","og_title":"Privatbestechung wird wirksamer bek\u00e4mpft","og_description":"Die Bestechung von Privaten wird in Zukunft von Amtes wegen verfolgt und auch dann geahndet, wenn sie nicht zu Wettbewerbsverzerrungen in der Wirtschaft f\u00fchrt. Der Bundesrat hat am Mittwoch die Revision des Korruptionsstrafrechts auf den 1. Juli 2016 in Kraft gesetzt.","og_url":"https:\/\/news.save.ch\/en\/privatbestechung-wird-wirksamer-bekaempft\/","og_site_name":"Save","article_published_time":"2016-04-20T14:25:44+00:00","og_image":[{"url":"https:\/\/news.save.ch\/wp-content\/uploads\/2016\/12\/Privatbestechung-wird-wirksamer-bek\u00e4mpft_sicherheitsforum.jpg","type":"","width":"","height":""}],"author":"admin","twitter_card":"summary_large_image","twitter_misc":{"Written by":"admin","Est. reading time":"1 minute"},"schema":{"@context":"https:\/\/schema.org","@graph":[{"@type":"Article","@id":"https:\/\/news.save.ch\/privatbestechung-wird-wirksamer-bekaempft\/#article","isPartOf":{"@id":"https:\/\/news.save.ch\/privatbestechung-wird-wirksamer-bekaempft\/"},"author":{"name":"admin","@id":"https:\/\/news.save.ch\/de\/#\/schema\/person\/d49e199490bad7c70d64b9ab51142f2b"},"headline":"Privatbestechung wird wirksamer bek\u00e4mpft","datePublished":"2016-04-20T14:25:44+00:00","mainEntityOfPage":{"@id":"https:\/\/news.save.ch\/privatbestechung-wird-wirksamer-bekaempft\/"},"wordCount":196,"commentCount":0,"publisher":{"@id":"https:\/\/news.save.ch\/de\/#organization"},"image":{"@id":"https:\/\/news.save.ch\/privatbestechung-wird-wirksamer-bekaempft\/#primaryimage"},"thumbnailUrl":"https:\/\/news.save.ch\/wp-content\/uploads\/2016\/12\/Privatbestechung-wird-wirksamer-bekaempft_sicherheitsforum.jpg","keywords":["Justiz &amp; Polizei","Kriminalit\u00e4t"],"articleSection":["ALLGEMEIN"],"inLanguage":"en-US"},{"@type":"WebPage","@id":"https:\/\/news.save.ch\/privatbestechung-wird-wirksamer-bekaempft\/","url":"https:\/\/news.save.ch\/privatbestechung-wird-wirksamer-bekaempft\/","name":"Private bribery is combated more effectively - Save","isPartOf":{"@id":"https:\/\/news.save.ch\/de\/#website"},"primaryImageOfPage":{"@id":"https:\/\/news.save.ch\/privatbestechung-wird-wirksamer-bekaempft\/#primaryimage"},"image":{"@id":"https:\/\/news.save.ch\/privatbestechung-wird-wirksamer-bekaempft\/#primaryimage"},"thumbnailUrl":"https:\/\/news.save.ch\/wp-content\/uploads\/2016\/12\/Privatbestechung-wird-wirksamer-bekaempft_sicherheitsforum.jpg","datePublished":"2016-04-20T14:25:44+00:00","description":"Bribery of private persons is prosecuted ex officio and punished even if it does not lead to distortions of competition in the economy.","breadcrumb":{"@id":"https:\/\/news.save.ch\/privatbestechung-wird-wirksamer-bekaempft\/#breadcrumb"},"inLanguage":"en-US","potentialAction":[{"@type":"ReadAction","target":["https:\/\/news.save.ch\/privatbestechung-wird-wirksamer-bekaempft\/"]}]},{"@type":"ImageObject","inLanguage":"en-US","@id":"https:\/\/news.save.ch\/privatbestechung-wird-wirksamer-bekaempft\/#primaryimage","url":"https:\/\/news.save.ch\/wp-content\/uploads\/2016\/12\/Privatbestechung-wird-wirksamer-bekaempft_sicherheitsforum.jpg","contentUrl":"https:\/\/news.save.ch\/wp-content\/uploads\/2016\/12\/Privatbestechung-wird-wirksamer-bekaempft_sicherheitsforum.jpg","width":999,"height":667,"caption":"Close-up Of Businessman With Money Handshaking With His Business Partner"},{"@type":"BreadcrumbList","@id":"https:\/\/news.save.ch\/privatbestechung-wird-wirksamer-bekaempft\/#breadcrumb","itemListElement":[{"@type":"ListItem","position":1,"name":"Home","item":"https:\/\/news.save.ch\/de\/"},{"@type":"ListItem","position":2,"name":"Privatbestechung wird wirksamer bek\u00e4mpft"}]},{"@type":"WebSite","@id":"https:\/\/news.save.ch\/de\/#website","url":"https:\/\/news.save.ch\/de\/","name":"Save","description":"Swiss trade journal for safety","publisher":{"@id":"https:\/\/news.save.ch\/de\/#organization"},"potentialAction":[{"@type":"SearchAction","target":{"@type":"EntryPoint","urlTemplate":"https:\/\/news.save.ch\/de\/?s={search_term_string}"},"query-input":{"@type":"PropertyValueSpecification","valueRequired":true,"valueName":"search_term_string"}}],"inLanguage":"en-US"},{"@type":"Organization","@id":"https:\/\/news.save.ch\/de\/#organization","name":"Security Forum","url":"https:\/\/news.save.ch\/de\/","logo":{"@type":"ImageObject","inLanguage":"en-US","@id":"https:\/\/news.save.ch\/de\/#\/schema\/logo\/image\/","url":"https:\/\/news.save.ch\/wp-content\/uploads\/2022\/06\/Logo_SF_2012.png","contentUrl":"https:\/\/news.save.ch\/wp-content\/uploads\/2022\/06\/Logo_SF_2012.png","width":1100,"height":91,"caption":"Sicherheitsforum"},"image":{"@id":"https:\/\/news.save.ch\/de\/#\/schema\/logo\/image\/"}},{"@type":"Person","@id":"https:\/\/news.save.ch\/de\/#\/schema\/person\/d49e199490bad7c70d64b9ab51142f2b","name":"admin","image":{"@type":"ImageObject","inLanguage":"en-US","@id":"https:\/\/secure.gravatar.com\/avatar\/ae2f4d718e6c49043e314ce431e7e645d646302a24a5ef5a8bc8e3f5a032e319?s=96&d=mm&r=g","url":"https:\/\/secure.gravatar.com\/avatar\/ae2f4d718e6c49043e314ce431e7e645d646302a24a5ef5a8bc8e3f5a032e319?s=96&d=mm&r=g","contentUrl":"https:\/\/secure.gravatar.com\/avatar\/ae2f4d718e6c49043e314ce431e7e645d646302a24a5ef5a8bc8e3f5a032e319?s=96&d=mm&r=g","caption":"admin"},"sameAs":["https:\/\/develop.organisator.galledia.ch"],"url":"https:\/\/news.save.ch\/en\/author\/admin\/"}]}},"_links":{"self":[{"href":"https:\/\/news.save.ch\/en\/wp-json\/wp\/v2\/posts\/2702","targetHints":{"allow":["GET"]}}],"collection":[{"href":"https:\/\/news.save.ch\/en\/wp-json\/wp\/v2\/posts"}],"about":[{"href":"https:\/\/news.save.ch\/en\/wp-json\/wp\/v2\/types\/post"}],"author":[{"embeddable":true,"href":"https:\/\/news.save.ch\/en\/wp-json\/wp\/v2\/users\/1"}],"replies":[{"embeddable":true,"href":"https:\/\/news.save.ch\/en\/wp-json\/wp\/v2\/comments?post=2702"}],"version-history":[{"count":0,"href":"https:\/\/news.save.ch\/en\/wp-json\/wp\/v2\/posts\/2702\/revisions"}],"wp:featuredmedia":[{"embeddable":true,"href":"https:\/\/news.save.ch\/en\/wp-json\/wp\/v2\/media\/2703"}],"wp:attachment":[{"href":"https:\/\/news.save.ch\/en\/wp-json\/wp\/v2\/media?parent=2702"}],"wp:term":[{"taxonomy":"category","embeddable":true,"href":"https:\/\/news.save.ch\/en\/wp-json\/wp\/v2\/categories?post=2702"},{"taxonomy":"post_tag","embeddable":true,"href":"https:\/\/news.save.ch\/en\/wp-json\/wp\/v2\/tags?post=2702"}],"curies":[{"name":"wp","href":"https:\/\/api.w.org\/{rel}","templated":true}]}}