{"id":2709,"date":"2016-03-07T08:40:49","date_gmt":"2016-03-07T07:40:49","guid":{"rendered":"https:\/\/dev.sicherheitsforum.ch\/?p=2709"},"modified":"2016-03-07T08:40:49","modified_gmt":"2016-03-07T07:40:49","slug":"videoueberwachung-sony-verstaerkt-marktpraesenz","status":null,"type":"post","link":"https:\/\/news.save.ch\/en\/videoueberwachung-sony-verstaerkt-marktpraesenz\/","title":{"rendered":"Video surveillance: Sony strengthens market presence"},"content":{"rendered":"<figure id=\"attachment_2710\" aria-describedby=\"caption-attachment-2710\" style=\"width: 667px\" class=\"wp-caption alignnone\"><img loading=\"lazy\" decoding=\"async\" class=\"size-medium wp-image-2710\" src=\"https:\/\/news.save.ch\/wp-content\/uploads\/2016\/12\/56d94ce470109_sonypro_julian_torgler_Sicherheitsforum-scaled-1.jpg\" alt=\"\" width=\"667\" height=\"1000\" \/><figcaption id=\"caption-attachment-2710\" class=\"wp-caption-text\">Julian Torgler, new Sales Manager of the Video Security division for the DACH region.<\/figcaption><\/figure>\n<p>Julian Torgler (36) has 15 years of professional experience in sales, as product manager and project manager in the field of video surveillance - eight of them with <a href=\"https:\/\/www.sony.de\" target=\"_blank\" data-cke-saved-href=\"https:\/\/www.sony.de\" rel=\"noopener\">Sony<\/a>. In 2008, he joined Sony Austria as Account Manager Video Security &amp; Video Conference, where he was most recently responsible for the development of the Video Security business unit in Central and Eastern Europe as Business Development Manager, according to the company.<\/p>\n<p>In order to further expand the team alongside Torgler as Sales Manager, Stefan Baub\u00f6ck as Channel Account Manager and Klaus Middelanis and Wolfgang Bauer as Technical and Pre-Sales Support, the company is looking for an additional Channel Account Manager for the Northern Germany region. This is intended to strengthen Sony's European sales strategy and market presence in the entire German-speaking region in a targeted manner, as it concludes.<\/p>\n<p>&nbsp;<\/p>","protected":false},"excerpt":{"rendered":"<p>Julian Torgler (36) verf\u00fcge\u00a0\u00fcber 15 Jahre Berufserfahrung im Verkauf, als Produktmanager und Projektleiter im Bereich Video\u00fcberwachung \u2013 acht davon bei Sony. 2008 stieg er als Account Manager Video Security &amp; Video Conference bei Sony \u00d6sterreich ein und verantwortete dort zuletzt als Business Development Manager die Entwicklung des Gesch\u00e4ftsbereichs Video Security in Zentral- und Osteuropa, wie [&hellip;]<\/p>\n","protected":false},"author":1,"featured_media":2710,"comment_status":"open","ping_status":"open","sticky":false,"template":"","format":"standard","meta":{"_acf_changed":false,"pgc_sgb_lightbox_settings":"","footnotes":""},"categories":[1],"tags":[271,272,144,65,157,78],"class_list":["post-2709","post","type-post","status-publish","format-standard","has-post-thumbnail","hentry","category-allgemein","tag-julian-torgler","tag-neuer-vertriebsleiter-dach-region","tag-personalien","tag-unternehmen","tag-video-security","tag-videoueberwachung"],"acf":[],"hkrextid":null,"publication":null,"issue":null,"workflow":null,"startPage":null,"spitzmarke":null,"_posts_by_tag_page_fields":{"widget_title":"","widget_tags":""},"_at_widget":"1","_yoast_wpseo_primary_category":"","_yoast_wpseo_focuskw_text_input":"Video\u00fcberwachung: Sony verst\u00e4rkt Marktpr\u00e4senz","_yoast_wpseo_opengraph-image":"https:\/\/news.save.ch\/wp-content\/uploads\/2016\/12\/56d94ce470109_sonypro_julian_torgler_Sicherheitsforum.jpg","_yoast_wpseo_opengraph-description":"Julian Torgler leitet seit Anfang 2016 das Video-Security-Vertriebsteam von Sony Professional Solutions in Deutschland, \u00d6sterreich und der Schweiz. Das Unternehmen will seine Marktpr\u00e4senz im deutschsprachigen Raum weiter verst\u00e4rken.","_yoast_wpseo_opengraph-title":"Video\u00fcberwachung: Sony verst\u00e4rkt Marktpr\u00e4senz","enclosure":null,"_yoast_wpseo_twitter-title":null,"_yoast_wpseo_twitter-description":null,"_yoast_wpseo_twitter-image":null,"_wp_old_slug":null,"_yoast_wpseo_title":null,"_yoast_wpseo_canonical":null,"yoast_head":"<!-- This site is optimized with the Yoast SEO plugin v27.5 - https:\/\/yoast.com\/product\/yoast-seo-wordpress\/ -->\n<title>Video\u00fcberwachung: Sony verst\u00e4rkt Marktpr\u00e4senz - Save<\/title>\n<meta name=\"description\" content=\"Julian Torgler leitet seit Anfang 2016 das Video-Security-Vertriebsteam von Sony Professional Solutions in Deutschland, \u00d6sterreich und der Schweiz.\" \/>\n<meta name=\"robots\" content=\"index, follow, max-snippet:-1, max-image-preview:large, max-video-preview:-1\" \/>\n<link rel=\"canonical\" href=\"https:\/\/news.save.ch\/en\/videoueberwachung-sony-verstaerkt-marktpraesenz\/\" \/>\n<meta property=\"og:locale\" content=\"en_US\" \/>\n<meta property=\"og:type\" content=\"article\" \/>\n<meta property=\"og:title\" content=\"Video\u00fcberwachung: Sony verst\u00e4rkt Marktpr\u00e4senz\" \/>\n<meta property=\"og:description\" content=\"Julian Torgler leitet seit Anfang 2016 das Video-Security-Vertriebsteam von Sony Professional Solutions in Deutschland, \u00d6sterreich und der Schweiz. Das Unternehmen will seine Marktpr\u00e4senz im deutschsprachigen Raum weiter verst\u00e4rken.\" \/>\n<meta property=\"og:url\" content=\"https:\/\/news.save.ch\/en\/videoueberwachung-sony-verstaerkt-marktpraesenz\/\" \/>\n<meta property=\"og:site_name\" content=\"Save\" \/>\n<meta property=\"article:published_time\" content=\"2016-03-07T07:40:49+00:00\" \/>\n<meta property=\"og:image\" content=\"https:\/\/news.save.ch\/wp-content\/uploads\/2016\/12\/56d94ce470109_sonypro_julian_torgler_Sicherheitsforum.jpg\" \/>\n<meta name=\"author\" content=\"admin\" \/>\n<meta name=\"twitter:card\" content=\"summary_large_image\" \/>\n<meta name=\"twitter:label1\" content=\"Written by\" \/>\n\t<meta name=\"twitter:data1\" content=\"admin\" \/>\n\t<meta name=\"twitter:label2\" content=\"Est. reading time\" \/>\n\t<meta name=\"twitter:data2\" content=\"1 minute\" \/>\n<script type=\"application\/ld+json\" class=\"yoast-schema-graph\">{\"@context\":\"https:\\\/\\\/schema.org\",\"@graph\":[{\"@type\":\"Article\",\"@id\":\"https:\\\/\\\/news.save.ch\\\/videoueberwachung-sony-verstaerkt-marktpraesenz\\\/#article\",\"isPartOf\":{\"@id\":\"https:\\\/\\\/news.save.ch\\\/videoueberwachung-sony-verstaerkt-marktpraesenz\\\/\"},\"author\":{\"name\":\"admin\",\"@id\":\"https:\\\/\\\/news.save.ch\\\/de\\\/#\\\/schema\\\/person\\\/d49e199490bad7c70d64b9ab51142f2b\"},\"headline\":\"Video\u00fcberwachung: Sony verst\u00e4rkt Marktpr\u00e4senz\",\"datePublished\":\"2016-03-07T07:40:49+00:00\",\"mainEntityOfPage\":{\"@id\":\"https:\\\/\\\/news.save.ch\\\/videoueberwachung-sony-verstaerkt-marktpraesenz\\\/\"},\"wordCount\":148,\"commentCount\":0,\"publisher\":{\"@id\":\"https:\\\/\\\/news.save.ch\\\/de\\\/#organization\"},\"image\":{\"@id\":\"https:\\\/\\\/news.save.ch\\\/videoueberwachung-sony-verstaerkt-marktpraesenz\\\/#primaryimage\"},\"thumbnailUrl\":\"https:\\\/\\\/news.save.ch\\\/wp-content\\\/uploads\\\/2016\\\/12\\\/56d94ce470109_sonypro_julian_torgler_Sicherheitsforum-scaled-1-scaled.jpg\",\"keywords\":[\"Julian Torgler\",\"neuer Vertriebsleiter DACH-Region\",\"Personalien\",\"Unternehmen\",\"Video-Security\",\"Video\u00fcberwachung\"],\"articleSection\":[\"ALLGEMEIN\"],\"inLanguage\":\"en-US\"},{\"@type\":\"WebPage\",\"@id\":\"https:\\\/\\\/news.save.ch\\\/videoueberwachung-sony-verstaerkt-marktpraesenz\\\/\",\"url\":\"https:\\\/\\\/news.save.ch\\\/videoueberwachung-sony-verstaerkt-marktpraesenz\\\/\",\"name\":\"Video\u00fcberwachung: Sony verst\u00e4rkt Marktpr\u00e4senz - Save\",\"isPartOf\":{\"@id\":\"https:\\\/\\\/news.save.ch\\\/de\\\/#website\"},\"primaryImageOfPage\":{\"@id\":\"https:\\\/\\\/news.save.ch\\\/videoueberwachung-sony-verstaerkt-marktpraesenz\\\/#primaryimage\"},\"image\":{\"@id\":\"https:\\\/\\\/news.save.ch\\\/videoueberwachung-sony-verstaerkt-marktpraesenz\\\/#primaryimage\"},\"thumbnailUrl\":\"https:\\\/\\\/news.save.ch\\\/wp-content\\\/uploads\\\/2016\\\/12\\\/56d94ce470109_sonypro_julian_torgler_Sicherheitsforum-scaled-1-scaled.jpg\",\"datePublished\":\"2016-03-07T07:40:49+00:00\",\"description\":\"Julian Torgler leitet seit Anfang 2016 das Video-Security-Vertriebsteam von Sony Professional Solutions in Deutschland, \u00d6sterreich und der Schweiz.\",\"breadcrumb\":{\"@id\":\"https:\\\/\\\/news.save.ch\\\/videoueberwachung-sony-verstaerkt-marktpraesenz\\\/#breadcrumb\"},\"inLanguage\":\"en-US\",\"potentialAction\":[{\"@type\":\"ReadAction\",\"target\":[\"https:\\\/\\\/news.save.ch\\\/videoueberwachung-sony-verstaerkt-marktpraesenz\\\/\"]}]},{\"@type\":\"ImageObject\",\"inLanguage\":\"en-US\",\"@id\":\"https:\\\/\\\/news.save.ch\\\/videoueberwachung-sony-verstaerkt-marktpraesenz\\\/#primaryimage\",\"url\":\"https:\\\/\\\/news.save.ch\\\/wp-content\\\/uploads\\\/2016\\\/12\\\/56d94ce470109_sonypro_julian_torgler_Sicherheitsforum-scaled-1-scaled.jpg\",\"contentUrl\":\"https:\\\/\\\/news.save.ch\\\/wp-content\\\/uploads\\\/2016\\\/12\\\/56d94ce470109_sonypro_julian_torgler_Sicherheitsforum-scaled-1-scaled.jpg\",\"width\":934,\"height\":1400,\"caption\":\"Julian Torgler, neuer Vertriebsleiter der Sparte Video Security f\u00fcr die DACH-Region.\"},{\"@type\":\"BreadcrumbList\",\"@id\":\"https:\\\/\\\/news.save.ch\\\/videoueberwachung-sony-verstaerkt-marktpraesenz\\\/#breadcrumb\",\"itemListElement\":[{\"@type\":\"ListItem\",\"position\":1,\"name\":\"Home\",\"item\":\"https:\\\/\\\/news.save.ch\\\/de\\\/\"},{\"@type\":\"ListItem\",\"position\":2,\"name\":\"Video\u00fcberwachung: Sony verst\u00e4rkt Marktpr\u00e4senz\"}]},{\"@type\":\"WebSite\",\"@id\":\"https:\\\/\\\/news.save.ch\\\/de\\\/#website\",\"url\":\"https:\\\/\\\/news.save.ch\\\/de\\\/\",\"name\":\"Save\",\"description\":\"Schweizer Fachzeitschrift f\u00fcr Sicherheit\",\"publisher\":{\"@id\":\"https:\\\/\\\/news.save.ch\\\/de\\\/#organization\"},\"potentialAction\":[{\"@type\":\"SearchAction\",\"target\":{\"@type\":\"EntryPoint\",\"urlTemplate\":\"https:\\\/\\\/news.save.ch\\\/de\\\/?s={search_term_string}\"},\"query-input\":{\"@type\":\"PropertyValueSpecification\",\"valueRequired\":true,\"valueName\":\"search_term_string\"}}],\"inLanguage\":\"en-US\"},{\"@type\":\"Organization\",\"@id\":\"https:\\\/\\\/news.save.ch\\\/de\\\/#organization\",\"name\":\"Sicherheitsforum\",\"url\":\"https:\\\/\\\/news.save.ch\\\/de\\\/\",\"logo\":{\"@type\":\"ImageObject\",\"inLanguage\":\"en-US\",\"@id\":\"https:\\\/\\\/news.save.ch\\\/de\\\/#\\\/schema\\\/logo\\\/image\\\/\",\"url\":\"https:\\\/\\\/news.save.ch\\\/wp-content\\\/uploads\\\/2022\\\/06\\\/Logo_SF_2012.png\",\"contentUrl\":\"https:\\\/\\\/news.save.ch\\\/wp-content\\\/uploads\\\/2022\\\/06\\\/Logo_SF_2012.png\",\"width\":1100,\"height\":91,\"caption\":\"Sicherheitsforum\"},\"image\":{\"@id\":\"https:\\\/\\\/news.save.ch\\\/de\\\/#\\\/schema\\\/logo\\\/image\\\/\"}},{\"@type\":\"Person\",\"@id\":\"https:\\\/\\\/news.save.ch\\\/de\\\/#\\\/schema\\\/person\\\/d49e199490bad7c70d64b9ab51142f2b\",\"name\":\"admin\",\"image\":{\"@type\":\"ImageObject\",\"inLanguage\":\"en-US\",\"@id\":\"https:\\\/\\\/secure.gravatar.com\\\/avatar\\\/ae2f4d718e6c49043e314ce431e7e645d646302a24a5ef5a8bc8e3f5a032e319?s=96&d=mm&r=g\",\"url\":\"https:\\\/\\\/secure.gravatar.com\\\/avatar\\\/ae2f4d718e6c49043e314ce431e7e645d646302a24a5ef5a8bc8e3f5a032e319?s=96&d=mm&r=g\",\"contentUrl\":\"https:\\\/\\\/secure.gravatar.com\\\/avatar\\\/ae2f4d718e6c49043e314ce431e7e645d646302a24a5ef5a8bc8e3f5a032e319?s=96&d=mm&r=g\",\"caption\":\"admin\"},\"sameAs\":[\"https:\\\/\\\/develop.organisator.galledia.ch\"],\"url\":\"https:\\\/\\\/news.save.ch\\\/en\\\/author\\\/admin\\\/\"}]}<\/script>\n<!-- \/ Yoast SEO plugin. -->","yoast_head_json":{"title":"Video surveillance: Sony strengthens market presence - Save","description":"Julian Torgler has been heading Sony Professional Solutions' video security sales team in Germany, Austria and Switzerland since the beginning of 2016.","robots":{"index":"index","follow":"follow","max-snippet":"max-snippet:-1","max-image-preview":"max-image-preview:large","max-video-preview":"max-video-preview:-1"},"canonical":"https:\/\/news.save.ch\/en\/videoueberwachung-sony-verstaerkt-marktpraesenz\/","og_locale":"en_US","og_type":"article","og_title":"Video\u00fcberwachung: Sony verst\u00e4rkt Marktpr\u00e4senz","og_description":"Julian Torgler leitet seit Anfang 2016 das Video-Security-Vertriebsteam von Sony Professional Solutions in Deutschland, \u00d6sterreich und der Schweiz. Das Unternehmen will seine Marktpr\u00e4senz im deutschsprachigen Raum weiter verst\u00e4rken.","og_url":"https:\/\/news.save.ch\/en\/videoueberwachung-sony-verstaerkt-marktpraesenz\/","og_site_name":"Save","article_published_time":"2016-03-07T07:40:49+00:00","og_image":[{"url":"https:\/\/news.save.ch\/wp-content\/uploads\/2016\/12\/56d94ce470109_sonypro_julian_torgler_Sicherheitsforum.jpg","type":"","width":"","height":""}],"author":"admin","twitter_card":"summary_large_image","twitter_misc":{"Written by":"admin","Est. reading time":"1 minute"},"schema":{"@context":"https:\/\/schema.org","@graph":[{"@type":"Article","@id":"https:\/\/news.save.ch\/videoueberwachung-sony-verstaerkt-marktpraesenz\/#article","isPartOf":{"@id":"https:\/\/news.save.ch\/videoueberwachung-sony-verstaerkt-marktpraesenz\/"},"author":{"name":"admin","@id":"https:\/\/news.save.ch\/de\/#\/schema\/person\/d49e199490bad7c70d64b9ab51142f2b"},"headline":"Video\u00fcberwachung: Sony verst\u00e4rkt Marktpr\u00e4senz","datePublished":"2016-03-07T07:40:49+00:00","mainEntityOfPage":{"@id":"https:\/\/news.save.ch\/videoueberwachung-sony-verstaerkt-marktpraesenz\/"},"wordCount":148,"commentCount":0,"publisher":{"@id":"https:\/\/news.save.ch\/de\/#organization"},"image":{"@id":"https:\/\/news.save.ch\/videoueberwachung-sony-verstaerkt-marktpraesenz\/#primaryimage"},"thumbnailUrl":"https:\/\/news.save.ch\/wp-content\/uploads\/2016\/12\/56d94ce470109_sonypro_julian_torgler_Sicherheitsforum-scaled-1-scaled.jpg","keywords":["Julian Torgler","neuer Vertriebsleiter DACH-Region","Personalien","Unternehmen","Video-Security","Video\u00fcberwachung"],"articleSection":["ALLGEMEIN"],"inLanguage":"en-US"},{"@type":"WebPage","@id":"https:\/\/news.save.ch\/videoueberwachung-sony-verstaerkt-marktpraesenz\/","url":"https:\/\/news.save.ch\/videoueberwachung-sony-verstaerkt-marktpraesenz\/","name":"Video surveillance: Sony strengthens market presence - Save","isPartOf":{"@id":"https:\/\/news.save.ch\/de\/#website"},"primaryImageOfPage":{"@id":"https:\/\/news.save.ch\/videoueberwachung-sony-verstaerkt-marktpraesenz\/#primaryimage"},"image":{"@id":"https:\/\/news.save.ch\/videoueberwachung-sony-verstaerkt-marktpraesenz\/#primaryimage"},"thumbnailUrl":"https:\/\/news.save.ch\/wp-content\/uploads\/2016\/12\/56d94ce470109_sonypro_julian_torgler_Sicherheitsforum-scaled-1-scaled.jpg","datePublished":"2016-03-07T07:40:49+00:00","description":"Julian Torgler has been heading Sony Professional Solutions' video security sales team in Germany, Austria and Switzerland since the beginning of 2016.","breadcrumb":{"@id":"https:\/\/news.save.ch\/videoueberwachung-sony-verstaerkt-marktpraesenz\/#breadcrumb"},"inLanguage":"en-US","potentialAction":[{"@type":"ReadAction","target":["https:\/\/news.save.ch\/videoueberwachung-sony-verstaerkt-marktpraesenz\/"]}]},{"@type":"ImageObject","inLanguage":"en-US","@id":"https:\/\/news.save.ch\/videoueberwachung-sony-verstaerkt-marktpraesenz\/#primaryimage","url":"https:\/\/news.save.ch\/wp-content\/uploads\/2016\/12\/56d94ce470109_sonypro_julian_torgler_Sicherheitsforum-scaled-1-scaled.jpg","contentUrl":"https:\/\/news.save.ch\/wp-content\/uploads\/2016\/12\/56d94ce470109_sonypro_julian_torgler_Sicherheitsforum-scaled-1-scaled.jpg","width":934,"height":1400,"caption":"Julian Torgler, neuer Vertriebsleiter der Sparte Video Security f\u00fcr die DACH-Region."},{"@type":"BreadcrumbList","@id":"https:\/\/news.save.ch\/videoueberwachung-sony-verstaerkt-marktpraesenz\/#breadcrumb","itemListElement":[{"@type":"ListItem","position":1,"name":"Home","item":"https:\/\/news.save.ch\/de\/"},{"@type":"ListItem","position":2,"name":"Video\u00fcberwachung: Sony verst\u00e4rkt Marktpr\u00e4senz"}]},{"@type":"WebSite","@id":"https:\/\/news.save.ch\/de\/#website","url":"https:\/\/news.save.ch\/de\/","name":"Save","description":"Swiss trade journal for safety","publisher":{"@id":"https:\/\/news.save.ch\/de\/#organization"},"potentialAction":[{"@type":"SearchAction","target":{"@type":"EntryPoint","urlTemplate":"https:\/\/news.save.ch\/de\/?s={search_term_string}"},"query-input":{"@type":"PropertyValueSpecification","valueRequired":true,"valueName":"search_term_string"}}],"inLanguage":"en-US"},{"@type":"Organization","@id":"https:\/\/news.save.ch\/de\/#organization","name":"Security Forum","url":"https:\/\/news.save.ch\/de\/","logo":{"@type":"ImageObject","inLanguage":"en-US","@id":"https:\/\/news.save.ch\/de\/#\/schema\/logo\/image\/","url":"https:\/\/news.save.ch\/wp-content\/uploads\/2022\/06\/Logo_SF_2012.png","contentUrl":"https:\/\/news.save.ch\/wp-content\/uploads\/2022\/06\/Logo_SF_2012.png","width":1100,"height":91,"caption":"Sicherheitsforum"},"image":{"@id":"https:\/\/news.save.ch\/de\/#\/schema\/logo\/image\/"}},{"@type":"Person","@id":"https:\/\/news.save.ch\/de\/#\/schema\/person\/d49e199490bad7c70d64b9ab51142f2b","name":"admin","image":{"@type":"ImageObject","inLanguage":"en-US","@id":"https:\/\/secure.gravatar.com\/avatar\/ae2f4d718e6c49043e314ce431e7e645d646302a24a5ef5a8bc8e3f5a032e319?s=96&d=mm&r=g","url":"https:\/\/secure.gravatar.com\/avatar\/ae2f4d718e6c49043e314ce431e7e645d646302a24a5ef5a8bc8e3f5a032e319?s=96&d=mm&r=g","contentUrl":"https:\/\/secure.gravatar.com\/avatar\/ae2f4d718e6c49043e314ce431e7e645d646302a24a5ef5a8bc8e3f5a032e319?s=96&d=mm&r=g","caption":"admin"},"sameAs":["https:\/\/develop.organisator.galledia.ch"],"url":"https:\/\/news.save.ch\/en\/author\/admin\/"}]}},"_links":{"self":[{"href":"https:\/\/news.save.ch\/en\/wp-json\/wp\/v2\/posts\/2709","targetHints":{"allow":["GET"]}}],"collection":[{"href":"https:\/\/news.save.ch\/en\/wp-json\/wp\/v2\/posts"}],"about":[{"href":"https:\/\/news.save.ch\/en\/wp-json\/wp\/v2\/types\/post"}],"author":[{"embeddable":true,"href":"https:\/\/news.save.ch\/en\/wp-json\/wp\/v2\/users\/1"}],"replies":[{"embeddable":true,"href":"https:\/\/news.save.ch\/en\/wp-json\/wp\/v2\/comments?post=2709"}],"version-history":[{"count":0,"href":"https:\/\/news.save.ch\/en\/wp-json\/wp\/v2\/posts\/2709\/revisions"}],"wp:featuredmedia":[{"embeddable":true,"href":"https:\/\/news.save.ch\/en\/wp-json\/wp\/v2\/media\/2710"}],"wp:attachment":[{"href":"https:\/\/news.save.ch\/en\/wp-json\/wp\/v2\/media?parent=2709"}],"wp:term":[{"taxonomy":"category","embeddable":true,"href":"https:\/\/news.save.ch\/en\/wp-json\/wp\/v2\/categories?post=2709"},{"taxonomy":"post_tag","embeddable":true,"href":"https:\/\/news.save.ch\/en\/wp-json\/wp\/v2\/tags?post=2709"}],"curies":[{"name":"wp","href":"https:\/\/api.w.org\/{rel}","templated":true}]}}