{"id":2795,"date":"2016-04-20T07:54:51","date_gmt":"2016-04-20T05:54:51","guid":{"rendered":"https:\/\/dev.sicherheitsforum.ch\/?p=2795"},"modified":"2016-04-20T07:54:51","modified_gmt":"2016-04-20T05:54:51","slug":"geutebrueck-mit-neuem-marketingleiter","status":null,"type":"post","link":"https:\/\/news.save.ch\/en\/geutebrueck-mit-neuem-marketingleiter\/","title":{"rendered":"Geutebr\u00fcck with new marketing manager"},"content":{"rendered":"<figure id=\"attachment_2796\" aria-describedby=\"caption-attachment-2796\" style=\"width: 680px\" class=\"wp-caption alignnone\"><img loading=\"lazy\" decoding=\"async\" class=\"wp-image-2796 size-medium\" src=\"https:\/\/news.save.ch\/wp-content\/uploads\/2016\/12\/Geutebrueck-mit-neuem-Marketingleiter-sicherheitsforum.jpg\" width=\"680\" height=\"454\" \/><figcaption id=\"caption-attachment-2796\" class=\"wp-caption-text\">Holger Linde<\/figcaption><\/figure>\n<p>Holger Linde, 46, sees his main tasks in his new position at the globally active manufacturer of video security solutions in the expansion of content marketing, the global networking of image and sales campaigns, and the development of new digital sales channels.<\/p>\n<p>\"<a href=\"https:\/\/www.geutebrueck.com\" target=\"_blank\" data-cke-saved-href=\"https:\/\/www.geutebrueck.com\" rel=\"noopener\">Geutebr\u00fcck<\/a> as a classic German 'hidden champion' has built up an outstanding international market position following the successful change from hardware to majority software provider. The task now is to build on this,\" says Linde. But Linde also sees international press relations and internal communications as a challenge in his job, which he has held for a few months.<\/p>","protected":false},"excerpt":{"rendered":"<p>Seine Hauptaufgaben in der neuen Position beim weltweit t\u00e4tigen Hersteller f\u00fcr Video-Sicherheitsl\u00f6sungen sieht der 46 Jahre alte Holger Linde im Ausbau des Content Marketings, der globalen Vernetzung der Image- und Sales-Kampagnen sowie bei der Entwicklung neuer digitaler Vertriebskan\u00e4le. \u201eGeutebr\u00fcck als klassischer deutscher \u201aHidden Champion\u2018 hat sich nach dem erfolgreichen Change vom Hardware- zum mehrheitlichen Softwareanbieter [&hellip;]<\/p>\n","protected":false},"author":1,"featured_media":2796,"comment_status":"open","ping_status":"open","sticky":false,"template":"","format":"standard","meta":{"_acf_changed":false,"pgc_sgb_lightbox_settings":"","footnotes":""},"categories":[1],"tags":[65,78],"class_list":["post-2795","post","type-post","status-publish","format-standard","has-post-thumbnail","hentry","category-allgemein","tag-unternehmen","tag-videoueberwachung"],"acf":[],"hkrextid":null,"publication":null,"issue":null,"workflow":null,"startPage":null,"spitzmarke":null,"_posts_by_tag_page_fields":{"widget_title":"","widget_tags":""},"_at_widget":"1","_yoast_wpseo_primary_category":"","_yoast_wpseo_focuskw_text_input":"Geutebr\u00fcck","_yoast_wpseo_opengraph-image":"https:\/\/news.save.ch\/wp-content\/uploads\/2016\/12\/Geutebr\u00fcck-mit-neuem-Marketingleiter-sicherheitsforum.jpg","_yoast_wpseo_opengraph-description":"Frischer Wind bei Geutebr\u00fcck: Holger Linde hat die Leitung des Gesamtmarketings des Unternehmens in Windhagen, im n\u00f6rdlichen Rheinland-Pfalz, \u00fcbernommen.","_yoast_wpseo_opengraph-title":"Geutebr\u00fcck mit neuem Marketingleiter","enclosure":null,"_yoast_wpseo_twitter-title":null,"_yoast_wpseo_twitter-description":null,"_yoast_wpseo_twitter-image":null,"_wp_old_slug":null,"_yoast_wpseo_title":null,"_yoast_wpseo_canonical":null,"yoast_head":"<!-- This site is optimized with the Yoast SEO plugin v27.5 - https:\/\/yoast.com\/product\/yoast-seo-wordpress\/ -->\n<title>Geutebr\u00fcck mit neuem Marketingleiter - Save<\/title>\n<meta name=\"description\" content=\"Frischer Wind bei Geutebr\u00fcck: Holger Linde hat die Leitung des Gesamtmarketings des Unternehmens in Windhagen, im n\u00f6rdlichen Rheinland-Pfalz, \u00fcbernommen.\" \/>\n<meta name=\"robots\" content=\"index, follow, max-snippet:-1, max-image-preview:large, max-video-preview:-1\" \/>\n<link rel=\"canonical\" href=\"https:\/\/news.save.ch\/en\/geutebrueck-mit-neuem-marketingleiter\/\" \/>\n<meta property=\"og:locale\" content=\"en_US\" \/>\n<meta property=\"og:type\" content=\"article\" \/>\n<meta property=\"og:title\" content=\"Geutebr\u00fcck mit neuem Marketingleiter\" \/>\n<meta property=\"og:description\" content=\"Frischer Wind bei Geutebr\u00fcck: Holger Linde hat die Leitung des Gesamtmarketings des Unternehmens in Windhagen, im n\u00f6rdlichen Rheinland-Pfalz, \u00fcbernommen.\" \/>\n<meta property=\"og:url\" content=\"https:\/\/news.save.ch\/en\/geutebrueck-mit-neuem-marketingleiter\/\" \/>\n<meta property=\"og:site_name\" content=\"Save\" \/>\n<meta property=\"article:published_time\" content=\"2016-04-20T05:54:51+00:00\" \/>\n<meta property=\"og:image\" content=\"https:\/\/news.save.ch\/wp-content\/uploads\/2016\/12\/Geutebr\u00fcck-mit-neuem-Marketingleiter-sicherheitsforum.jpg\" \/>\n<meta name=\"author\" content=\"admin\" \/>\n<meta name=\"twitter:card\" content=\"summary_large_image\" \/>\n<meta name=\"twitter:label1\" content=\"Written by\" \/>\n\t<meta name=\"twitter:data1\" content=\"admin\" \/>\n\t<meta name=\"twitter:label2\" content=\"Est. reading time\" \/>\n\t<meta name=\"twitter:data2\" content=\"1 minute\" \/>\n<script type=\"application\/ld+json\" class=\"yoast-schema-graph\">{\"@context\":\"https:\\\/\\\/schema.org\",\"@graph\":[{\"@type\":\"Article\",\"@id\":\"https:\\\/\\\/news.save.ch\\\/geutebrueck-mit-neuem-marketingleiter\\\/#article\",\"isPartOf\":{\"@id\":\"https:\\\/\\\/news.save.ch\\\/geutebrueck-mit-neuem-marketingleiter\\\/\"},\"author\":{\"name\":\"admin\",\"@id\":\"https:\\\/\\\/news.save.ch\\\/de\\\/#\\\/schema\\\/person\\\/d49e199490bad7c70d64b9ab51142f2b\"},\"headline\":\"Geutebr\u00fcck mit neuem Marketingleiter\",\"datePublished\":\"2016-04-20T05:54:51+00:00\",\"mainEntityOfPage\":{\"@id\":\"https:\\\/\\\/news.save.ch\\\/geutebrueck-mit-neuem-marketingleiter\\\/\"},\"wordCount\":110,\"commentCount\":0,\"publisher\":{\"@id\":\"https:\\\/\\\/news.save.ch\\\/de\\\/#organization\"},\"image\":{\"@id\":\"https:\\\/\\\/news.save.ch\\\/geutebrueck-mit-neuem-marketingleiter\\\/#primaryimage\"},\"thumbnailUrl\":\"https:\\\/\\\/news.save.ch\\\/wp-content\\\/uploads\\\/2016\\\/12\\\/Geutebrueck-mit-neuem-Marketingleiter-sicherheitsforum-scaled.jpg\",\"keywords\":[\"Unternehmen\",\"Video\u00fcberwachung\"],\"articleSection\":[\"ALLGEMEIN\"],\"inLanguage\":\"en-US\"},{\"@type\":\"WebPage\",\"@id\":\"https:\\\/\\\/news.save.ch\\\/geutebrueck-mit-neuem-marketingleiter\\\/\",\"url\":\"https:\\\/\\\/news.save.ch\\\/geutebrueck-mit-neuem-marketingleiter\\\/\",\"name\":\"Geutebr\u00fcck mit neuem Marketingleiter - Save\",\"isPartOf\":{\"@id\":\"https:\\\/\\\/news.save.ch\\\/de\\\/#website\"},\"primaryImageOfPage\":{\"@id\":\"https:\\\/\\\/news.save.ch\\\/geutebrueck-mit-neuem-marketingleiter\\\/#primaryimage\"},\"image\":{\"@id\":\"https:\\\/\\\/news.save.ch\\\/geutebrueck-mit-neuem-marketingleiter\\\/#primaryimage\"},\"thumbnailUrl\":\"https:\\\/\\\/news.save.ch\\\/wp-content\\\/uploads\\\/2016\\\/12\\\/Geutebrueck-mit-neuem-Marketingleiter-sicherheitsforum-scaled.jpg\",\"datePublished\":\"2016-04-20T05:54:51+00:00\",\"description\":\"Frischer Wind bei Geutebr\u00fcck: Holger Linde hat die Leitung des Gesamtmarketings des Unternehmens in Windhagen, im n\u00f6rdlichen Rheinland-Pfalz, \u00fcbernommen.\",\"breadcrumb\":{\"@id\":\"https:\\\/\\\/news.save.ch\\\/geutebrueck-mit-neuem-marketingleiter\\\/#breadcrumb\"},\"inLanguage\":\"en-US\",\"potentialAction\":[{\"@type\":\"ReadAction\",\"target\":[\"https:\\\/\\\/news.save.ch\\\/geutebrueck-mit-neuem-marketingleiter\\\/\"]}]},{\"@type\":\"ImageObject\",\"inLanguage\":\"en-US\",\"@id\":\"https:\\\/\\\/news.save.ch\\\/geutebrueck-mit-neuem-marketingleiter\\\/#primaryimage\",\"url\":\"https:\\\/\\\/news.save.ch\\\/wp-content\\\/uploads\\\/2016\\\/12\\\/Geutebrueck-mit-neuem-Marketingleiter-sicherheitsforum-scaled.jpg\",\"contentUrl\":\"https:\\\/\\\/news.save.ch\\\/wp-content\\\/uploads\\\/2016\\\/12\\\/Geutebrueck-mit-neuem-Marketingleiter-sicherheitsforum-scaled.jpg\",\"width\":1400,\"height\":934,\"caption\":\"Holger Linde\"},{\"@type\":\"BreadcrumbList\",\"@id\":\"https:\\\/\\\/news.save.ch\\\/geutebrueck-mit-neuem-marketingleiter\\\/#breadcrumb\",\"itemListElement\":[{\"@type\":\"ListItem\",\"position\":1,\"name\":\"Home\",\"item\":\"https:\\\/\\\/news.save.ch\\\/de\\\/\"},{\"@type\":\"ListItem\",\"position\":2,\"name\":\"Geutebr\u00fcck mit neuem Marketingleiter\"}]},{\"@type\":\"WebSite\",\"@id\":\"https:\\\/\\\/news.save.ch\\\/de\\\/#website\",\"url\":\"https:\\\/\\\/news.save.ch\\\/de\\\/\",\"name\":\"Save\",\"description\":\"Schweizer Fachzeitschrift f\u00fcr Sicherheit\",\"publisher\":{\"@id\":\"https:\\\/\\\/news.save.ch\\\/de\\\/#organization\"},\"potentialAction\":[{\"@type\":\"SearchAction\",\"target\":{\"@type\":\"EntryPoint\",\"urlTemplate\":\"https:\\\/\\\/news.save.ch\\\/de\\\/?s={search_term_string}\"},\"query-input\":{\"@type\":\"PropertyValueSpecification\",\"valueRequired\":true,\"valueName\":\"search_term_string\"}}],\"inLanguage\":\"en-US\"},{\"@type\":\"Organization\",\"@id\":\"https:\\\/\\\/news.save.ch\\\/de\\\/#organization\",\"name\":\"Sicherheitsforum\",\"url\":\"https:\\\/\\\/news.save.ch\\\/de\\\/\",\"logo\":{\"@type\":\"ImageObject\",\"inLanguage\":\"en-US\",\"@id\":\"https:\\\/\\\/news.save.ch\\\/de\\\/#\\\/schema\\\/logo\\\/image\\\/\",\"url\":\"https:\\\/\\\/news.save.ch\\\/wp-content\\\/uploads\\\/2022\\\/06\\\/Logo_SF_2012.png\",\"contentUrl\":\"https:\\\/\\\/news.save.ch\\\/wp-content\\\/uploads\\\/2022\\\/06\\\/Logo_SF_2012.png\",\"width\":1100,\"height\":91,\"caption\":\"Sicherheitsforum\"},\"image\":{\"@id\":\"https:\\\/\\\/news.save.ch\\\/de\\\/#\\\/schema\\\/logo\\\/image\\\/\"}},{\"@type\":\"Person\",\"@id\":\"https:\\\/\\\/news.save.ch\\\/de\\\/#\\\/schema\\\/person\\\/d49e199490bad7c70d64b9ab51142f2b\",\"name\":\"admin\",\"image\":{\"@type\":\"ImageObject\",\"inLanguage\":\"en-US\",\"@id\":\"https:\\\/\\\/secure.gravatar.com\\\/avatar\\\/ae2f4d718e6c49043e314ce431e7e645d646302a24a5ef5a8bc8e3f5a032e319?s=96&d=mm&r=g\",\"url\":\"https:\\\/\\\/secure.gravatar.com\\\/avatar\\\/ae2f4d718e6c49043e314ce431e7e645d646302a24a5ef5a8bc8e3f5a032e319?s=96&d=mm&r=g\",\"contentUrl\":\"https:\\\/\\\/secure.gravatar.com\\\/avatar\\\/ae2f4d718e6c49043e314ce431e7e645d646302a24a5ef5a8bc8e3f5a032e319?s=96&d=mm&r=g\",\"caption\":\"admin\"},\"sameAs\":[\"https:\\\/\\\/develop.organisator.galledia.ch\"],\"url\":\"https:\\\/\\\/news.save.ch\\\/en\\\/author\\\/admin\\\/\"}]}<\/script>\n<!-- \/ Yoast SEO plugin. -->","yoast_head_json":{"title":"Geutebr\u00fcck with new marketing manager - Save","description":"A breath of fresh air at Geutebr\u00fcck: Holger Linde has taken over as head of overall marketing at the company in Windhagen, in the northern Rhineland-Palatinate.","robots":{"index":"index","follow":"follow","max-snippet":"max-snippet:-1","max-image-preview":"max-image-preview:large","max-video-preview":"max-video-preview:-1"},"canonical":"https:\/\/news.save.ch\/en\/geutebrueck-mit-neuem-marketingleiter\/","og_locale":"en_US","og_type":"article","og_title":"Geutebr\u00fcck mit neuem Marketingleiter","og_description":"Frischer Wind bei Geutebr\u00fcck: Holger Linde hat die Leitung des Gesamtmarketings des Unternehmens in Windhagen, im n\u00f6rdlichen Rheinland-Pfalz, \u00fcbernommen.","og_url":"https:\/\/news.save.ch\/en\/geutebrueck-mit-neuem-marketingleiter\/","og_site_name":"Save","article_published_time":"2016-04-20T05:54:51+00:00","og_image":[{"url":"https:\/\/news.save.ch\/wp-content\/uploads\/2016\/12\/Geutebr\u00fcck-mit-neuem-Marketingleiter-sicherheitsforum.jpg","type":"","width":"","height":""}],"author":"admin","twitter_card":"summary_large_image","twitter_misc":{"Written by":"admin","Est. reading time":"1 minute"},"schema":{"@context":"https:\/\/schema.org","@graph":[{"@type":"Article","@id":"https:\/\/news.save.ch\/geutebrueck-mit-neuem-marketingleiter\/#article","isPartOf":{"@id":"https:\/\/news.save.ch\/geutebrueck-mit-neuem-marketingleiter\/"},"author":{"name":"admin","@id":"https:\/\/news.save.ch\/de\/#\/schema\/person\/d49e199490bad7c70d64b9ab51142f2b"},"headline":"Geutebr\u00fcck mit neuem Marketingleiter","datePublished":"2016-04-20T05:54:51+00:00","mainEntityOfPage":{"@id":"https:\/\/news.save.ch\/geutebrueck-mit-neuem-marketingleiter\/"},"wordCount":110,"commentCount":0,"publisher":{"@id":"https:\/\/news.save.ch\/de\/#organization"},"image":{"@id":"https:\/\/news.save.ch\/geutebrueck-mit-neuem-marketingleiter\/#primaryimage"},"thumbnailUrl":"https:\/\/news.save.ch\/wp-content\/uploads\/2016\/12\/Geutebrueck-mit-neuem-Marketingleiter-sicherheitsforum-scaled.jpg","keywords":["Unternehmen","Video\u00fcberwachung"],"articleSection":["ALLGEMEIN"],"inLanguage":"en-US"},{"@type":"WebPage","@id":"https:\/\/news.save.ch\/geutebrueck-mit-neuem-marketingleiter\/","url":"https:\/\/news.save.ch\/geutebrueck-mit-neuem-marketingleiter\/","name":"Geutebr\u00fcck with new marketing manager - Save","isPartOf":{"@id":"https:\/\/news.save.ch\/de\/#website"},"primaryImageOfPage":{"@id":"https:\/\/news.save.ch\/geutebrueck-mit-neuem-marketingleiter\/#primaryimage"},"image":{"@id":"https:\/\/news.save.ch\/geutebrueck-mit-neuem-marketingleiter\/#primaryimage"},"thumbnailUrl":"https:\/\/news.save.ch\/wp-content\/uploads\/2016\/12\/Geutebrueck-mit-neuem-Marketingleiter-sicherheitsforum-scaled.jpg","datePublished":"2016-04-20T05:54:51+00:00","description":"A breath of fresh air at Geutebr\u00fcck: Holger Linde has taken over as head of overall marketing at the company in Windhagen, in the northern Rhineland-Palatinate.","breadcrumb":{"@id":"https:\/\/news.save.ch\/geutebrueck-mit-neuem-marketingleiter\/#breadcrumb"},"inLanguage":"en-US","potentialAction":[{"@type":"ReadAction","target":["https:\/\/news.save.ch\/geutebrueck-mit-neuem-marketingleiter\/"]}]},{"@type":"ImageObject","inLanguage":"en-US","@id":"https:\/\/news.save.ch\/geutebrueck-mit-neuem-marketingleiter\/#primaryimage","url":"https:\/\/news.save.ch\/wp-content\/uploads\/2016\/12\/Geutebrueck-mit-neuem-Marketingleiter-sicherheitsforum-scaled.jpg","contentUrl":"https:\/\/news.save.ch\/wp-content\/uploads\/2016\/12\/Geutebrueck-mit-neuem-Marketingleiter-sicherheitsforum-scaled.jpg","width":1400,"height":934,"caption":"Holger Linde"},{"@type":"BreadcrumbList","@id":"https:\/\/news.save.ch\/geutebrueck-mit-neuem-marketingleiter\/#breadcrumb","itemListElement":[{"@type":"ListItem","position":1,"name":"Home","item":"https:\/\/news.save.ch\/de\/"},{"@type":"ListItem","position":2,"name":"Geutebr\u00fcck mit neuem Marketingleiter"}]},{"@type":"WebSite","@id":"https:\/\/news.save.ch\/de\/#website","url":"https:\/\/news.save.ch\/de\/","name":"Save","description":"Swiss trade journal for safety","publisher":{"@id":"https:\/\/news.save.ch\/de\/#organization"},"potentialAction":[{"@type":"SearchAction","target":{"@type":"EntryPoint","urlTemplate":"https:\/\/news.save.ch\/de\/?s={search_term_string}"},"query-input":{"@type":"PropertyValueSpecification","valueRequired":true,"valueName":"search_term_string"}}],"inLanguage":"en-US"},{"@type":"Organization","@id":"https:\/\/news.save.ch\/de\/#organization","name":"Security Forum","url":"https:\/\/news.save.ch\/de\/","logo":{"@type":"ImageObject","inLanguage":"en-US","@id":"https:\/\/news.save.ch\/de\/#\/schema\/logo\/image\/","url":"https:\/\/news.save.ch\/wp-content\/uploads\/2022\/06\/Logo_SF_2012.png","contentUrl":"https:\/\/news.save.ch\/wp-content\/uploads\/2022\/06\/Logo_SF_2012.png","width":1100,"height":91,"caption":"Sicherheitsforum"},"image":{"@id":"https:\/\/news.save.ch\/de\/#\/schema\/logo\/image\/"}},{"@type":"Person","@id":"https:\/\/news.save.ch\/de\/#\/schema\/person\/d49e199490bad7c70d64b9ab51142f2b","name":"admin","image":{"@type":"ImageObject","inLanguage":"en-US","@id":"https:\/\/secure.gravatar.com\/avatar\/ae2f4d718e6c49043e314ce431e7e645d646302a24a5ef5a8bc8e3f5a032e319?s=96&d=mm&r=g","url":"https:\/\/secure.gravatar.com\/avatar\/ae2f4d718e6c49043e314ce431e7e645d646302a24a5ef5a8bc8e3f5a032e319?s=96&d=mm&r=g","contentUrl":"https:\/\/secure.gravatar.com\/avatar\/ae2f4d718e6c49043e314ce431e7e645d646302a24a5ef5a8bc8e3f5a032e319?s=96&d=mm&r=g","caption":"admin"},"sameAs":["https:\/\/develop.organisator.galledia.ch"],"url":"https:\/\/news.save.ch\/en\/author\/admin\/"}]}},"_links":{"self":[{"href":"https:\/\/news.save.ch\/en\/wp-json\/wp\/v2\/posts\/2795","targetHints":{"allow":["GET"]}}],"collection":[{"href":"https:\/\/news.save.ch\/en\/wp-json\/wp\/v2\/posts"}],"about":[{"href":"https:\/\/news.save.ch\/en\/wp-json\/wp\/v2\/types\/post"}],"author":[{"embeddable":true,"href":"https:\/\/news.save.ch\/en\/wp-json\/wp\/v2\/users\/1"}],"replies":[{"embeddable":true,"href":"https:\/\/news.save.ch\/en\/wp-json\/wp\/v2\/comments?post=2795"}],"version-history":[{"count":0,"href":"https:\/\/news.save.ch\/en\/wp-json\/wp\/v2\/posts\/2795\/revisions"}],"wp:featuredmedia":[{"embeddable":true,"href":"https:\/\/news.save.ch\/en\/wp-json\/wp\/v2\/media\/2796"}],"wp:attachment":[{"href":"https:\/\/news.save.ch\/en\/wp-json\/wp\/v2\/media?parent=2795"}],"wp:term":[{"taxonomy":"category","embeddable":true,"href":"https:\/\/news.save.ch\/en\/wp-json\/wp\/v2\/categories?post=2795"},{"taxonomy":"post_tag","embeddable":true,"href":"https:\/\/news.save.ch\/en\/wp-json\/wp\/v2\/tags?post=2795"}],"curies":[{"name":"wp","href":"https:\/\/api.w.org\/{rel}","templated":true}]}}