{"id":287,"date":"2015-04-01T08:51:27","date_gmt":"2015-04-01T06:51:27","guid":{"rendered":"https:\/\/dev.sicherheitsforum.ch\/?p=287"},"modified":"2023-03-14T08:57:43","modified_gmt":"2023-03-14T07:57:43","slug":"bundesrat-will-datenschutz-staerken","status":null,"type":"post","link":"https:\/\/news.save.ch\/en\/bundesrat-will-datenschutz-staerken\/","title":{"rendered":"Federal Council wants to strengthen data protection"},"content":{"rendered":"<p><img loading=\"lazy\" decoding=\"async\" class=\"alignnone size-medium wp-image-288\" src=\"https:\/\/sicherheitsforum.ch\/wp-content\/uploads\/2016\/12\/Bundesrat-will-Datenschutz-st\u00e4rken-it-security.jpg\" alt=\"Facebook privacy issues\" width=\"680\" height=\"936\" \/><\/p>\n<p>&nbsp;<\/p>\n<p>Following the evaluation of the DPA in 2010 and 2011, the Federal Council had instructed the Department of Justice and Police (FDJP) to examine legislative measures to strengthen data protection. To this end, the FDJP appointed a broad-based working group consisting of representatives of the federal administration, the cantons, academia, and business and consumer organizations. In its report, which the Federal Council took note of on Wednesday, it outlines various variants on how data protection provisions can be adapted to technological and social developments and how problems in the application of the FADP can be remedied.<\/p>\n<p><strong>Consider reforms at the European level<\/strong><\/p>\n<p>Data protection regulations are currently being revised in both the EU and the Council of Europe. The Council of Europe is fundamentally revising the \"Convention for the Protection of Individuals with regard to Automatic Processing of Personal Data\", which Switzerland has ratified. The draft for modernizing the convention, which entered into force in 1985, is expected to be adopted in the course of 2015 or 2016 and submitted to the contracting parties for signature. In the opinion of the Federal Council, failure to ratify the modernized Council of Europe Convention would have a significant negative impact on cross-border data traffic for Switzerland.<\/p>\n<p>The EU is also currently working on a revision of its data protection decrees. The EU data protection reform will probably not be completed before the end of 2015. Switzerland is only bound by the EU data protection decrees to the extent that they represent a further development of the Schengen\/Dublin acquis. However, data traffic with the EU is fundamentally subject to the condition that the EU recognizes Switzerland's level of data protection as adequate. Switzerland therefore has an interest in strengthening its data protection regulations.<\/p>\n<p>With the revision of the FADP, the Federal Council wants to create the conditions for Switzerland to ratify the modernized Council of Europe Convention for the Protection of Individuals with regard to Automatic Processing of Personal Data and, to the extent necessary in the context of the further development of the Schengen\/Dublin acquis, to adopt the EU data protection decrees.<\/p>\n<p>However, the Federal Council intends to press ahead with further work quickly. By setting a deadline for the preparation of a preliminary draft by the end of August 2016 at the latest, the outcome of these reforms at European level can be adequately taken into account in the preparation of the consultation draft.<\/p>\n<p><strong>Strengthening the rights of data subjects<\/strong><\/p>\n<p>The evaluation of the FADP showed that data subjects rarely claim their rights against data processors. In order to ensure that the law can be better enforced in the future, it will be examined during the preparation of the consultation draft whether, in addition to the competences and powers of the FDPIC, the various legal claims of data subjects as well as the procedures for enforcing the law should be strengthened in certain areas. This applies in particular to those areas in which there are still gaps compared to the Council of Europe reforms.<\/p>\n<p>With the revision of the FADP, the Federal Council also wants to improve data control and governance as well as the protection of minors. Finally, the promotion of rules of good practice is intended to ensure that data protection takes effect at an earlier stage.<\/p>","protected":false},"excerpt":{"rendered":"<p>&nbsp; Nach der Evaluation des DSG in den Jahren 2010 und 2011 hatte der Bundesrat das Justiz- und Polizeidepartement (EJPD) beauftragt, gesetzgeberische Massnahmen zur St\u00e4rkung des Datenschutzes zu pr\u00fcfen. Zu diesem Zweck hat das EJPD eine breit abgest\u00fctzte Arbeitsgruppe aus Vertretern der Bundesverwaltung, der Kantone, der Wissenschaft sowie der Wirtschafts- und Konsumentenorganisationen eingesetzt. In ihrem [&hellip;]<\/p>\n","protected":false},"author":1,"featured_media":288,"comment_status":"open","ping_status":"open","sticky":false,"template":"","format":"standard","meta":{"_acf_changed":false,"pgc_sgb_lightbox_settings":"","footnotes":""},"categories":[3313],"tags":[62,63],"class_list":["post-287","post","type-post","status-publish","format-standard","has-post-thumbnail","hentry","category-digitalisierung","tag-ict-sicherheit","tag-it-security"],"acf":[],"hkrextid":null,"publication":null,"issue":null,"workflow":null,"startPage":null,"spitzmarke":null,"_posts_by_tag_page_fields":{"widget_title":"","widget_tags":""},"_at_widget":"1","_yoast_wpseo_primary_category":"2","_yoast_wpseo_focuskw_text_input":"Datenschutz","_yoast_wpseo_opengraph-image":"https:\/\/news.save.ch\/wp-content\/uploads\/2016\/12\/Bundesrat-will-Datenschutz-st\u00e4rken-it-security.jpg","_yoast_wpseo_opengraph-description":"Der Bundesrat will das Datenschutzgesetz (DSG) revidieren. Er hat das Eidgen\u00f6ssische Justiz- und Polizeidepartement (EJPD) beauftragt, ihm unter Ber\u00fccksichtigung der derzeit laufenden Datenschutzreformen in der EU und beim Europarat bis sp\u00e4testens Ende August 2016 einen Vorentwurf f\u00fcr eine Revision des DSG zu unterbreiten.","_yoast_wpseo_opengraph-title":"Datenschutz","enclosure":null,"_yoast_wpseo_twitter-title":null,"_yoast_wpseo_twitter-description":null,"_yoast_wpseo_twitter-image":null,"_wp_old_slug":null,"_yoast_wpseo_title":null,"_yoast_wpseo_canonical":null,"yoast_head":"<!-- This site is optimized with the Yoast SEO plugin v27.5 - https:\/\/yoast.com\/product\/yoast-seo-wordpress\/ -->\n<title>Bundesrat will Datenschutz st\u00e4rken - Save<\/title>\n<meta name=\"description\" content=\"Der Bundesrat will das Datenschutz-Gesetz (DSG) revidieren.\" \/>\n<meta name=\"robots\" content=\"index, follow, max-snippet:-1, max-image-preview:large, max-video-preview:-1\" \/>\n<link rel=\"canonical\" href=\"https:\/\/news.save.ch\/en\/bundesrat-will-datenschutz-staerken\/\" \/>\n<meta property=\"og:locale\" content=\"en_US\" \/>\n<meta property=\"og:type\" content=\"article\" \/>\n<meta property=\"og:title\" content=\"Datenschutz\" \/>\n<meta property=\"og:description\" content=\"Der Bundesrat will das Datenschutzgesetz (DSG) revidieren. Er hat das Eidgen\u00f6ssische Justiz- und Polizeidepartement (EJPD) beauftragt, ihm unter Ber\u00fccksichtigung der derzeit laufenden Datenschutzreformen in der EU und beim Europarat bis sp\u00e4testens Ende August 2016 einen Vorentwurf f\u00fcr eine Revision des DSG zu unterbreiten.\" \/>\n<meta property=\"og:url\" content=\"https:\/\/news.save.ch\/en\/bundesrat-will-datenschutz-staerken\/\" \/>\n<meta property=\"og:site_name\" content=\"Save\" \/>\n<meta property=\"article:published_time\" content=\"2015-04-01T06:51:27+00:00\" \/>\n<meta property=\"article:modified_time\" content=\"2023-03-14T07:57:43+00:00\" \/>\n<meta property=\"og:image\" content=\"https:\/\/news.save.ch\/wp-content\/uploads\/2016\/12\/Bundesrat-will-Datenschutz-st\u00e4rken-it-security.jpg\" \/>\n<meta name=\"author\" content=\"admin\" \/>\n<meta name=\"twitter:card\" content=\"summary_large_image\" \/>\n<meta name=\"twitter:label1\" content=\"Written by\" \/>\n\t<meta name=\"twitter:data1\" content=\"admin\" \/>\n\t<meta name=\"twitter:label2\" content=\"Est. reading time\" \/>\n\t<meta name=\"twitter:data2\" content=\"2 minutes\" \/>\n<script type=\"application\/ld+json\" class=\"yoast-schema-graph\">{\"@context\":\"https:\\\/\\\/schema.org\",\"@graph\":[{\"@type\":\"Article\",\"@id\":\"https:\\\/\\\/news.save.ch\\\/bundesrat-will-datenschutz-staerken\\\/#article\",\"isPartOf\":{\"@id\":\"https:\\\/\\\/news.save.ch\\\/bundesrat-will-datenschutz-staerken\\\/\"},\"author\":{\"name\":\"admin\",\"@id\":\"https:\\\/\\\/news.save.ch\\\/de\\\/#\\\/schema\\\/person\\\/d49e199490bad7c70d64b9ab51142f2b\"},\"headline\":\"Bundesrat will Datenschutz st\u00e4rken\",\"datePublished\":\"2015-04-01T06:51:27+00:00\",\"dateModified\":\"2023-03-14T07:57:43+00:00\",\"mainEntityOfPage\":{\"@id\":\"https:\\\/\\\/news.save.ch\\\/bundesrat-will-datenschutz-staerken\\\/\"},\"wordCount\":471,\"commentCount\":0,\"publisher\":{\"@id\":\"https:\\\/\\\/news.save.ch\\\/de\\\/#organization\"},\"image\":{\"@id\":\"https:\\\/\\\/news.save.ch\\\/bundesrat-will-datenschutz-staerken\\\/#primaryimage\"},\"thumbnailUrl\":\"https:\\\/\\\/news.save.ch\\\/wp-content\\\/uploads\\\/2016\\\/12\\\/Bundesrat-will-Datenschutz-staerken-it-security-scaled.jpg\",\"keywords\":[\"ICT-Sicherheit\",\"IT-SECURITY\"],\"articleSection\":[\"DIGITALISIERUNG\"],\"inLanguage\":\"en-US\"},{\"@type\":\"WebPage\",\"@id\":\"https:\\\/\\\/news.save.ch\\\/bundesrat-will-datenschutz-staerken\\\/\",\"url\":\"https:\\\/\\\/news.save.ch\\\/bundesrat-will-datenschutz-staerken\\\/\",\"name\":\"Bundesrat will Datenschutz st\u00e4rken - Save\",\"isPartOf\":{\"@id\":\"https:\\\/\\\/news.save.ch\\\/de\\\/#website\"},\"primaryImageOfPage\":{\"@id\":\"https:\\\/\\\/news.save.ch\\\/bundesrat-will-datenschutz-staerken\\\/#primaryimage\"},\"image\":{\"@id\":\"https:\\\/\\\/news.save.ch\\\/bundesrat-will-datenschutz-staerken\\\/#primaryimage\"},\"thumbnailUrl\":\"https:\\\/\\\/news.save.ch\\\/wp-content\\\/uploads\\\/2016\\\/12\\\/Bundesrat-will-Datenschutz-staerken-it-security-scaled.jpg\",\"datePublished\":\"2015-04-01T06:51:27+00:00\",\"dateModified\":\"2023-03-14T07:57:43+00:00\",\"description\":\"Der Bundesrat will das Datenschutz-Gesetz (DSG) revidieren.\",\"breadcrumb\":{\"@id\":\"https:\\\/\\\/news.save.ch\\\/bundesrat-will-datenschutz-staerken\\\/#breadcrumb\"},\"inLanguage\":\"en-US\",\"potentialAction\":[{\"@type\":\"ReadAction\",\"target\":[\"https:\\\/\\\/news.save.ch\\\/bundesrat-will-datenschutz-staerken\\\/\"]}]},{\"@type\":\"ImageObject\",\"inLanguage\":\"en-US\",\"@id\":\"https:\\\/\\\/news.save.ch\\\/bundesrat-will-datenschutz-staerken\\\/#primaryimage\",\"url\":\"https:\\\/\\\/news.save.ch\\\/wp-content\\\/uploads\\\/2016\\\/12\\\/Bundesrat-will-Datenschutz-staerken-it-security-scaled.jpg\",\"contentUrl\":\"https:\\\/\\\/news.save.ch\\\/wp-content\\\/uploads\\\/2016\\\/12\\\/Bundesrat-will-Datenschutz-staerken-it-security-scaled.jpg\",\"width\":1017,\"height\":1400},{\"@type\":\"BreadcrumbList\",\"@id\":\"https:\\\/\\\/news.save.ch\\\/bundesrat-will-datenschutz-staerken\\\/#breadcrumb\",\"itemListElement\":[{\"@type\":\"ListItem\",\"position\":1,\"name\":\"Home\",\"item\":\"https:\\\/\\\/news.save.ch\\\/de\\\/\"},{\"@type\":\"ListItem\",\"position\":2,\"name\":\"Bundesrat will Datenschutz st\u00e4rken\"}]},{\"@type\":\"WebSite\",\"@id\":\"https:\\\/\\\/news.save.ch\\\/de\\\/#website\",\"url\":\"https:\\\/\\\/news.save.ch\\\/de\\\/\",\"name\":\"Save\",\"description\":\"Schweizer Fachzeitschrift f\u00fcr Sicherheit\",\"publisher\":{\"@id\":\"https:\\\/\\\/news.save.ch\\\/de\\\/#organization\"},\"potentialAction\":[{\"@type\":\"SearchAction\",\"target\":{\"@type\":\"EntryPoint\",\"urlTemplate\":\"https:\\\/\\\/news.save.ch\\\/de\\\/?s={search_term_string}\"},\"query-input\":{\"@type\":\"PropertyValueSpecification\",\"valueRequired\":true,\"valueName\":\"search_term_string\"}}],\"inLanguage\":\"en-US\"},{\"@type\":\"Organization\",\"@id\":\"https:\\\/\\\/news.save.ch\\\/de\\\/#organization\",\"name\":\"Sicherheitsforum\",\"url\":\"https:\\\/\\\/news.save.ch\\\/de\\\/\",\"logo\":{\"@type\":\"ImageObject\",\"inLanguage\":\"en-US\",\"@id\":\"https:\\\/\\\/news.save.ch\\\/de\\\/#\\\/schema\\\/logo\\\/image\\\/\",\"url\":\"https:\\\/\\\/news.save.ch\\\/wp-content\\\/uploads\\\/2022\\\/06\\\/Logo_SF_2012.png\",\"contentUrl\":\"https:\\\/\\\/news.save.ch\\\/wp-content\\\/uploads\\\/2022\\\/06\\\/Logo_SF_2012.png\",\"width\":1100,\"height\":91,\"caption\":\"Sicherheitsforum\"},\"image\":{\"@id\":\"https:\\\/\\\/news.save.ch\\\/de\\\/#\\\/schema\\\/logo\\\/image\\\/\"}},{\"@type\":\"Person\",\"@id\":\"https:\\\/\\\/news.save.ch\\\/de\\\/#\\\/schema\\\/person\\\/d49e199490bad7c70d64b9ab51142f2b\",\"name\":\"admin\",\"image\":{\"@type\":\"ImageObject\",\"inLanguage\":\"en-US\",\"@id\":\"https:\\\/\\\/secure.gravatar.com\\\/avatar\\\/ae2f4d718e6c49043e314ce431e7e645d646302a24a5ef5a8bc8e3f5a032e319?s=96&d=mm&r=g\",\"url\":\"https:\\\/\\\/secure.gravatar.com\\\/avatar\\\/ae2f4d718e6c49043e314ce431e7e645d646302a24a5ef5a8bc8e3f5a032e319?s=96&d=mm&r=g\",\"contentUrl\":\"https:\\\/\\\/secure.gravatar.com\\\/avatar\\\/ae2f4d718e6c49043e314ce431e7e645d646302a24a5ef5a8bc8e3f5a032e319?s=96&d=mm&r=g\",\"caption\":\"admin\"},\"sameAs\":[\"https:\\\/\\\/develop.organisator.galledia.ch\"],\"url\":\"https:\\\/\\\/news.save.ch\\\/en\\\/author\\\/admin\\\/\"}]}<\/script>\n<!-- \/ Yoast SEO plugin. -->","yoast_head_json":{"title":"Federal Council wants to strengthen data protection - Save","description":"The Federal Council wants to revise the Data Protection Act (DPA).","robots":{"index":"index","follow":"follow","max-snippet":"max-snippet:-1","max-image-preview":"max-image-preview:large","max-video-preview":"max-video-preview:-1"},"canonical":"https:\/\/news.save.ch\/en\/bundesrat-will-datenschutz-staerken\/","og_locale":"en_US","og_type":"article","og_title":"Datenschutz","og_description":"Der Bundesrat will das Datenschutzgesetz (DSG) revidieren. Er hat das Eidgen\u00f6ssische Justiz- und Polizeidepartement (EJPD) beauftragt, ihm unter Ber\u00fccksichtigung der derzeit laufenden Datenschutzreformen in der EU und beim Europarat bis sp\u00e4testens Ende August 2016 einen Vorentwurf f\u00fcr eine Revision des DSG zu unterbreiten.","og_url":"https:\/\/news.save.ch\/en\/bundesrat-will-datenschutz-staerken\/","og_site_name":"Save","article_published_time":"2015-04-01T06:51:27+00:00","article_modified_time":"2023-03-14T07:57:43+00:00","og_image":[{"url":"https:\/\/news.save.ch\/wp-content\/uploads\/2016\/12\/Bundesrat-will-Datenschutz-st\u00e4rken-it-security.jpg","type":"","width":"","height":""}],"author":"admin","twitter_card":"summary_large_image","twitter_misc":{"Written by":"admin","Est. reading time":"2 minutes"},"schema":{"@context":"https:\/\/schema.org","@graph":[{"@type":"Article","@id":"https:\/\/news.save.ch\/bundesrat-will-datenschutz-staerken\/#article","isPartOf":{"@id":"https:\/\/news.save.ch\/bundesrat-will-datenschutz-staerken\/"},"author":{"name":"admin","@id":"https:\/\/news.save.ch\/de\/#\/schema\/person\/d49e199490bad7c70d64b9ab51142f2b"},"headline":"Bundesrat will Datenschutz st\u00e4rken","datePublished":"2015-04-01T06:51:27+00:00","dateModified":"2023-03-14T07:57:43+00:00","mainEntityOfPage":{"@id":"https:\/\/news.save.ch\/bundesrat-will-datenschutz-staerken\/"},"wordCount":471,"commentCount":0,"publisher":{"@id":"https:\/\/news.save.ch\/de\/#organization"},"image":{"@id":"https:\/\/news.save.ch\/bundesrat-will-datenschutz-staerken\/#primaryimage"},"thumbnailUrl":"https:\/\/news.save.ch\/wp-content\/uploads\/2016\/12\/Bundesrat-will-Datenschutz-staerken-it-security-scaled.jpg","keywords":["ICT-Sicherheit","IT-SECURITY"],"articleSection":["DIGITALISIERUNG"],"inLanguage":"en-US"},{"@type":"WebPage","@id":"https:\/\/news.save.ch\/bundesrat-will-datenschutz-staerken\/","url":"https:\/\/news.save.ch\/bundesrat-will-datenschutz-staerken\/","name":"Federal Council wants to strengthen data protection - Save","isPartOf":{"@id":"https:\/\/news.save.ch\/de\/#website"},"primaryImageOfPage":{"@id":"https:\/\/news.save.ch\/bundesrat-will-datenschutz-staerken\/#primaryimage"},"image":{"@id":"https:\/\/news.save.ch\/bundesrat-will-datenschutz-staerken\/#primaryimage"},"thumbnailUrl":"https:\/\/news.save.ch\/wp-content\/uploads\/2016\/12\/Bundesrat-will-Datenschutz-staerken-it-security-scaled.jpg","datePublished":"2015-04-01T06:51:27+00:00","dateModified":"2023-03-14T07:57:43+00:00","description":"The Federal Council wants to revise the Data Protection Act (DPA).","breadcrumb":{"@id":"https:\/\/news.save.ch\/bundesrat-will-datenschutz-staerken\/#breadcrumb"},"inLanguage":"en-US","potentialAction":[{"@type":"ReadAction","target":["https:\/\/news.save.ch\/bundesrat-will-datenschutz-staerken\/"]}]},{"@type":"ImageObject","inLanguage":"en-US","@id":"https:\/\/news.save.ch\/bundesrat-will-datenschutz-staerken\/#primaryimage","url":"https:\/\/news.save.ch\/wp-content\/uploads\/2016\/12\/Bundesrat-will-Datenschutz-staerken-it-security-scaled.jpg","contentUrl":"https:\/\/news.save.ch\/wp-content\/uploads\/2016\/12\/Bundesrat-will-Datenschutz-staerken-it-security-scaled.jpg","width":1017,"height":1400},{"@type":"BreadcrumbList","@id":"https:\/\/news.save.ch\/bundesrat-will-datenschutz-staerken\/#breadcrumb","itemListElement":[{"@type":"ListItem","position":1,"name":"Home","item":"https:\/\/news.save.ch\/de\/"},{"@type":"ListItem","position":2,"name":"Bundesrat will Datenschutz st\u00e4rken"}]},{"@type":"WebSite","@id":"https:\/\/news.save.ch\/de\/#website","url":"https:\/\/news.save.ch\/de\/","name":"Save","description":"Swiss trade journal for safety","publisher":{"@id":"https:\/\/news.save.ch\/de\/#organization"},"potentialAction":[{"@type":"SearchAction","target":{"@type":"EntryPoint","urlTemplate":"https:\/\/news.save.ch\/de\/?s={search_term_string}"},"query-input":{"@type":"PropertyValueSpecification","valueRequired":true,"valueName":"search_term_string"}}],"inLanguage":"en-US"},{"@type":"Organization","@id":"https:\/\/news.save.ch\/de\/#organization","name":"Security Forum","url":"https:\/\/news.save.ch\/de\/","logo":{"@type":"ImageObject","inLanguage":"en-US","@id":"https:\/\/news.save.ch\/de\/#\/schema\/logo\/image\/","url":"https:\/\/news.save.ch\/wp-content\/uploads\/2022\/06\/Logo_SF_2012.png","contentUrl":"https:\/\/news.save.ch\/wp-content\/uploads\/2022\/06\/Logo_SF_2012.png","width":1100,"height":91,"caption":"Sicherheitsforum"},"image":{"@id":"https:\/\/news.save.ch\/de\/#\/schema\/logo\/image\/"}},{"@type":"Person","@id":"https:\/\/news.save.ch\/de\/#\/schema\/person\/d49e199490bad7c70d64b9ab51142f2b","name":"admin","image":{"@type":"ImageObject","inLanguage":"en-US","@id":"https:\/\/secure.gravatar.com\/avatar\/ae2f4d718e6c49043e314ce431e7e645d646302a24a5ef5a8bc8e3f5a032e319?s=96&d=mm&r=g","url":"https:\/\/secure.gravatar.com\/avatar\/ae2f4d718e6c49043e314ce431e7e645d646302a24a5ef5a8bc8e3f5a032e319?s=96&d=mm&r=g","contentUrl":"https:\/\/secure.gravatar.com\/avatar\/ae2f4d718e6c49043e314ce431e7e645d646302a24a5ef5a8bc8e3f5a032e319?s=96&d=mm&r=g","caption":"admin"},"sameAs":["https:\/\/develop.organisator.galledia.ch"],"url":"https:\/\/news.save.ch\/en\/author\/admin\/"}]}},"_links":{"self":[{"href":"https:\/\/news.save.ch\/en\/wp-json\/wp\/v2\/posts\/287","targetHints":{"allow":["GET"]}}],"collection":[{"href":"https:\/\/news.save.ch\/en\/wp-json\/wp\/v2\/posts"}],"about":[{"href":"https:\/\/news.save.ch\/en\/wp-json\/wp\/v2\/types\/post"}],"author":[{"embeddable":true,"href":"https:\/\/news.save.ch\/en\/wp-json\/wp\/v2\/users\/1"}],"replies":[{"embeddable":true,"href":"https:\/\/news.save.ch\/en\/wp-json\/wp\/v2\/comments?post=287"}],"version-history":[{"count":1,"href":"https:\/\/news.save.ch\/en\/wp-json\/wp\/v2\/posts\/287\/revisions"}],"predecessor-version":[{"id":17814,"href":"https:\/\/news.save.ch\/en\/wp-json\/wp\/v2\/posts\/287\/revisions\/17814"}],"wp:featuredmedia":[{"embeddable":true,"href":"https:\/\/news.save.ch\/en\/wp-json\/wp\/v2\/media\/288"}],"wp:attachment":[{"href":"https:\/\/news.save.ch\/en\/wp-json\/wp\/v2\/media?parent=287"}],"wp:term":[{"taxonomy":"category","embeddable":true,"href":"https:\/\/news.save.ch\/en\/wp-json\/wp\/v2\/categories?post=287"},{"taxonomy":"post_tag","embeddable":true,"href":"https:\/\/news.save.ch\/en\/wp-json\/wp\/v2\/tags?post=287"}],"curies":[{"name":"wp","href":"https:\/\/api.w.org\/{rel}","templated":true}]}}