{"id":298,"date":"2015-04-16T11:00:09","date_gmt":"2015-04-16T09:00:09","guid":{"rendered":"http:\/\/dev.safety-plus.ch\/?p=298"},"modified":"2023-03-14T09:01:13","modified_gmt":"2023-03-14T08:01:13","slug":"neue-regelungen-fuer-arbeiten-im-ueberdruck","status":null,"type":"post","link":"https:\/\/news.save.ch\/en\/neue-regelungen-fuer-arbeiten-im-ueberdruck\/","title":{"rendered":"New regulations for work in positive pressure"},"content":{"rendered":"<figure id=\"attachment_299\" aria-describedby=\"caption-attachment-299\" style=\"width: 1732px\" class=\"wp-caption alignnone\"><a href=\"http:\/\/develop.safety-plus.ch\/wp-content\/uploads\/2016\/12\/Neue-Regelungen-fu\u0308r-Arbeiten-im-Ueberdruck_safety-plus.jpg\"><img loading=\"lazy\" decoding=\"async\" class=\"size-full wp-image-299\" src=\"http:\/\/develop.safety-plus.ch\/wp-content\/uploads\/2016\/12\/Neue-Regelungen-fu\u0308r-Arbeiten-im-Ueberdruck_safety-plus.jpg\" alt=\"\" width=\"1732\" height=\"1155\" \/><\/a><figcaption id=\"caption-attachment-299\" class=\"wp-caption-text\">Work in positive pressure, for example under water, is newly regulated.<\/figcaption><\/figure>\n<p>The previous regulation on the subject of work in positive pressure, for example construction work in compressed air or diving work, is already over 50 years old. It therefore no longer meets current occupational safety requirements in many respects.<\/p>\n<p>The Federal Council has therefore commissioned a revision of the ordinance. This is now ready and was approved by the Federal Council in its meeting on April 15. It will come into force on January 1, 2016.<\/p>\n<p>The new ordinance takes particular account of advances in technology and occupational medicine. It is available on the federal website for <a href=\"http:\/\/www.bag.admin.ch\/themen\/versicherung\/00321\/02413\/15353\/index.html?lang=de\" target=\"_blank\" data-cke-saved-href=\"http:\/\/www.bag.admin.ch\/themen\/versicherung\/00321\/02413\/15353\/index.html?lang=de\" rel=\"noopener\">Download <\/a>available.<\/p>","protected":false},"excerpt":{"rendered":"<p>Die bisherige Verordung zum Thema Arbeiten im \u00dcberdruck, zum Beispiel Bauarbeiten in Druckluft oder Taucherarbeiten, ist bereits \u00fcber 50 Jahre alt. Sie gen\u00fcgt den aktuellen Anspr\u00fcchen an die Arbeitssicherheit deshalb in vielen Punkten nicht mehr. Der Bundesrat hat deshalb eine \u00dcberarbeitung der Verordnung in Auftrag gegeben. Diese ist nun fertig und wurde vom Bundesrat in [&hellip;]<\/p>\n","protected":false},"author":1,"featured_media":299,"comment_status":"open","ping_status":"open","sticky":false,"template":"","format":"standard","meta":{"_acf_changed":false,"pgc_sgb_lightbox_settings":"","footnotes":""},"categories":[3314],"tags":[172],"class_list":["post-298","post","type-post","status-publish","format-standard","has-post-thumbnail","hentry","category-health-safety","tag-arbeitssicherheit"],"acf":[],"hkrextid":null,"publication":null,"issue":null,"workflow":null,"startPage":null,"spitzmarke":null,"_posts_by_tag_page_fields":{"widget_title":"","widget_tags":""},"_at_widget":"1","_yoast_wpseo_primary_category":"5","_yoast_wpseo_focuskw_text_input":"Arbeiten im \u00dcberdruck","_yoast_wpseo_opengraph-image":null,"_yoast_wpseo_opengraph-description":null,"_yoast_wpseo_opengraph-title":null,"enclosure":null,"_yoast_wpseo_twitter-title":null,"_yoast_wpseo_twitter-description":null,"_yoast_wpseo_twitter-image":null,"_wp_old_slug":null,"_yoast_wpseo_title":null,"_yoast_wpseo_canonical":null,"yoast_head":"<!-- This site is optimized with the Yoast SEO plugin v27.4 - https:\/\/yoast.com\/product\/yoast-seo-wordpress\/ -->\n<title>Neue Regelungen f\u00fcr Arbeiten im \u00dcberdruck - Save<\/title>\n<meta name=\"description\" content=\"Der Bundesrat heisst die \u00fcberarbeitete Verordnung \u00fcber die Sicherheit beim Arbeiten im \u00dcberdruck gut.\" \/>\n<meta name=\"robots\" content=\"index, follow, max-snippet:-1, max-image-preview:large, max-video-preview:-1\" \/>\n<link rel=\"canonical\" href=\"https:\/\/news.save.ch\/en\/neue-regelungen-fuer-arbeiten-im-ueberdruck\/\" \/>\n<meta property=\"og:locale\" content=\"en_US\" \/>\n<meta property=\"og:type\" content=\"article\" \/>\n<meta property=\"og:title\" content=\"Neue Regelungen f\u00fcr Arbeiten im \u00dcberdruck - Save\" \/>\n<meta property=\"og:description\" content=\"Der Bundesrat heisst die \u00fcberarbeitete Verordnung \u00fcber die Sicherheit beim Arbeiten im \u00dcberdruck gut.\" \/>\n<meta property=\"og:url\" content=\"https:\/\/news.save.ch\/en\/neue-regelungen-fuer-arbeiten-im-ueberdruck\/\" \/>\n<meta property=\"og:site_name\" content=\"Save\" \/>\n<meta property=\"article:published_time\" content=\"2015-04-16T09:00:09+00:00\" \/>\n<meta property=\"article:modified_time\" content=\"2023-03-14T08:01:13+00:00\" \/>\n<meta property=\"og:image\" content=\"https:\/\/news.save.ch\/wp-content\/uploads\/2016\/12\/Neue-Regelungen-fuer-Arbeiten-im-Ueberdruck_safety-plus-scaled-1.jpg\" \/>\n\t<meta property=\"og:image:width\" content=\"1200\" \/>\n\t<meta property=\"og:image:height\" content=\"801\" \/>\n\t<meta property=\"og:image:type\" content=\"image\/jpeg\" \/>\n<meta name=\"author\" content=\"admin\" \/>\n<meta name=\"twitter:card\" content=\"summary_large_image\" \/>\n<meta name=\"twitter:label1\" content=\"Written by\" \/>\n\t<meta name=\"twitter:data1\" content=\"admin\" \/>\n\t<meta name=\"twitter:label2\" content=\"Est. reading time\" \/>\n\t<meta name=\"twitter:data2\" content=\"1 minute\" \/>\n<script type=\"application\/ld+json\" class=\"yoast-schema-graph\">{\"@context\":\"https:\\\/\\\/schema.org\",\"@graph\":[{\"@type\":\"Article\",\"@id\":\"https:\\\/\\\/news.save.ch\\\/neue-regelungen-fuer-arbeiten-im-ueberdruck\\\/#article\",\"isPartOf\":{\"@id\":\"https:\\\/\\\/news.save.ch\\\/neue-regelungen-fuer-arbeiten-im-ueberdruck\\\/\"},\"author\":{\"name\":\"admin\",\"@id\":\"https:\\\/\\\/news.save.ch\\\/de\\\/#\\\/schema\\\/person\\\/d49e199490bad7c70d64b9ab51142f2b\"},\"headline\":\"Neue Regelungen f\u00fcr Arbeiten im \u00dcberdruck\",\"datePublished\":\"2015-04-16T09:00:09+00:00\",\"dateModified\":\"2023-03-14T08:01:13+00:00\",\"mainEntityOfPage\":{\"@id\":\"https:\\\/\\\/news.save.ch\\\/neue-regelungen-fuer-arbeiten-im-ueberdruck\\\/\"},\"wordCount\":115,\"commentCount\":0,\"publisher\":{\"@id\":\"https:\\\/\\\/news.save.ch\\\/de\\\/#organization\"},\"image\":{\"@id\":\"https:\\\/\\\/news.save.ch\\\/neue-regelungen-fuer-arbeiten-im-ueberdruck\\\/#primaryimage\"},\"thumbnailUrl\":\"https:\\\/\\\/news.save.ch\\\/wp-content\\\/uploads\\\/2016\\\/12\\\/Neue-Regelungen-fuer-Arbeiten-im-Ueberdruck_safety-plus-scaled-1.jpg\",\"keywords\":[\"Arbeitssicherheit\"],\"articleSection\":[\"HEALTH &amp; SAFETY\"],\"inLanguage\":\"en-US\"},{\"@type\":\"WebPage\",\"@id\":\"https:\\\/\\\/news.save.ch\\\/neue-regelungen-fuer-arbeiten-im-ueberdruck\\\/\",\"url\":\"https:\\\/\\\/news.save.ch\\\/neue-regelungen-fuer-arbeiten-im-ueberdruck\\\/\",\"name\":\"Neue Regelungen f\u00fcr Arbeiten im \u00dcberdruck - Save\",\"isPartOf\":{\"@id\":\"https:\\\/\\\/news.save.ch\\\/de\\\/#website\"},\"primaryImageOfPage\":{\"@id\":\"https:\\\/\\\/news.save.ch\\\/neue-regelungen-fuer-arbeiten-im-ueberdruck\\\/#primaryimage\"},\"image\":{\"@id\":\"https:\\\/\\\/news.save.ch\\\/neue-regelungen-fuer-arbeiten-im-ueberdruck\\\/#primaryimage\"},\"thumbnailUrl\":\"https:\\\/\\\/news.save.ch\\\/wp-content\\\/uploads\\\/2016\\\/12\\\/Neue-Regelungen-fuer-Arbeiten-im-Ueberdruck_safety-plus-scaled-1.jpg\",\"datePublished\":\"2015-04-16T09:00:09+00:00\",\"dateModified\":\"2023-03-14T08:01:13+00:00\",\"description\":\"Der Bundesrat heisst die \u00fcberarbeitete Verordnung \u00fcber die Sicherheit beim Arbeiten im \u00dcberdruck gut.\",\"breadcrumb\":{\"@id\":\"https:\\\/\\\/news.save.ch\\\/neue-regelungen-fuer-arbeiten-im-ueberdruck\\\/#breadcrumb\"},\"inLanguage\":\"en-US\",\"potentialAction\":[{\"@type\":\"ReadAction\",\"target\":[\"https:\\\/\\\/news.save.ch\\\/neue-regelungen-fuer-arbeiten-im-ueberdruck\\\/\"]}]},{\"@type\":\"ImageObject\",\"inLanguage\":\"en-US\",\"@id\":\"https:\\\/\\\/news.save.ch\\\/neue-regelungen-fuer-arbeiten-im-ueberdruck\\\/#primaryimage\",\"url\":\"https:\\\/\\\/news.save.ch\\\/wp-content\\\/uploads\\\/2016\\\/12\\\/Neue-Regelungen-fuer-Arbeiten-im-Ueberdruck_safety-plus-scaled-1.jpg\",\"contentUrl\":\"https:\\\/\\\/news.save.ch\\\/wp-content\\\/uploads\\\/2016\\\/12\\\/Neue-Regelungen-fuer-Arbeiten-im-Ueberdruck_safety-plus-scaled-1.jpg\",\"width\":1200,\"height\":801,\"caption\":\"Arbeiten im \u00dcberdruck, zum Beispiel unter Wasser, werden neu geregelt.\"},{\"@type\":\"BreadcrumbList\",\"@id\":\"https:\\\/\\\/news.save.ch\\\/neue-regelungen-fuer-arbeiten-im-ueberdruck\\\/#breadcrumb\",\"itemListElement\":[{\"@type\":\"ListItem\",\"position\":1,\"name\":\"Home\",\"item\":\"https:\\\/\\\/news.save.ch\\\/de\\\/\"},{\"@type\":\"ListItem\",\"position\":2,\"name\":\"Neue Regelungen f\u00fcr Arbeiten im \u00dcberdruck\"}]},{\"@type\":\"WebSite\",\"@id\":\"https:\\\/\\\/news.save.ch\\\/de\\\/#website\",\"url\":\"https:\\\/\\\/news.save.ch\\\/de\\\/\",\"name\":\"Save\",\"description\":\"Schweizer Fachzeitschrift f\u00fcr Sicherheit\",\"publisher\":{\"@id\":\"https:\\\/\\\/news.save.ch\\\/de\\\/#organization\"},\"potentialAction\":[{\"@type\":\"SearchAction\",\"target\":{\"@type\":\"EntryPoint\",\"urlTemplate\":\"https:\\\/\\\/news.save.ch\\\/de\\\/?s={search_term_string}\"},\"query-input\":{\"@type\":\"PropertyValueSpecification\",\"valueRequired\":true,\"valueName\":\"search_term_string\"}}],\"inLanguage\":\"en-US\"},{\"@type\":\"Organization\",\"@id\":\"https:\\\/\\\/news.save.ch\\\/de\\\/#organization\",\"name\":\"Sicherheitsforum\",\"url\":\"https:\\\/\\\/news.save.ch\\\/de\\\/\",\"logo\":{\"@type\":\"ImageObject\",\"inLanguage\":\"en-US\",\"@id\":\"https:\\\/\\\/news.save.ch\\\/de\\\/#\\\/schema\\\/logo\\\/image\\\/\",\"url\":\"https:\\\/\\\/news.save.ch\\\/wp-content\\\/uploads\\\/2022\\\/06\\\/Logo_SF_2012.png\",\"contentUrl\":\"https:\\\/\\\/news.save.ch\\\/wp-content\\\/uploads\\\/2022\\\/06\\\/Logo_SF_2012.png\",\"width\":1100,\"height\":91,\"caption\":\"Sicherheitsforum\"},\"image\":{\"@id\":\"https:\\\/\\\/news.save.ch\\\/de\\\/#\\\/schema\\\/logo\\\/image\\\/\"}},{\"@type\":\"Person\",\"@id\":\"https:\\\/\\\/news.save.ch\\\/de\\\/#\\\/schema\\\/person\\\/d49e199490bad7c70d64b9ab51142f2b\",\"name\":\"admin\",\"image\":{\"@type\":\"ImageObject\",\"inLanguage\":\"en-US\",\"@id\":\"https:\\\/\\\/secure.gravatar.com\\\/avatar\\\/ae2f4d718e6c49043e314ce431e7e645d646302a24a5ef5a8bc8e3f5a032e319?s=96&d=mm&r=g\",\"url\":\"https:\\\/\\\/secure.gravatar.com\\\/avatar\\\/ae2f4d718e6c49043e314ce431e7e645d646302a24a5ef5a8bc8e3f5a032e319?s=96&d=mm&r=g\",\"contentUrl\":\"https:\\\/\\\/secure.gravatar.com\\\/avatar\\\/ae2f4d718e6c49043e314ce431e7e645d646302a24a5ef5a8bc8e3f5a032e319?s=96&d=mm&r=g\",\"caption\":\"admin\"},\"sameAs\":[\"https:\\\/\\\/develop.organisator.galledia.ch\"],\"url\":\"https:\\\/\\\/news.save.ch\\\/en\\\/author\\\/admin\\\/\"}]}<\/script>\n<!-- \/ Yoast SEO plugin. -->","yoast_head_json":{"title":"New regulations for work in positive pressure - Save","description":"The Federal Council approves the revised ordinance on safety when working in positive pressure.","robots":{"index":"index","follow":"follow","max-snippet":"max-snippet:-1","max-image-preview":"max-image-preview:large","max-video-preview":"max-video-preview:-1"},"canonical":"https:\/\/news.save.ch\/en\/neue-regelungen-fuer-arbeiten-im-ueberdruck\/","og_locale":"en_US","og_type":"article","og_title":"Neue Regelungen f\u00fcr Arbeiten im \u00dcberdruck - Save","og_description":"Der Bundesrat heisst die \u00fcberarbeitete Verordnung \u00fcber die Sicherheit beim Arbeiten im \u00dcberdruck gut.","og_url":"https:\/\/news.save.ch\/en\/neue-regelungen-fuer-arbeiten-im-ueberdruck\/","og_site_name":"Save","article_published_time":"2015-04-16T09:00:09+00:00","article_modified_time":"2023-03-14T08:01:13+00:00","og_image":[{"width":1200,"height":801,"url":"https:\/\/news.save.ch\/wp-content\/uploads\/2016\/12\/Neue-Regelungen-fuer-Arbeiten-im-Ueberdruck_safety-plus-scaled-1.jpg","type":"image\/jpeg"}],"author":"admin","twitter_card":"summary_large_image","twitter_misc":{"Written by":"admin","Est. reading time":"1 minute"},"schema":{"@context":"https:\/\/schema.org","@graph":[{"@type":"Article","@id":"https:\/\/news.save.ch\/neue-regelungen-fuer-arbeiten-im-ueberdruck\/#article","isPartOf":{"@id":"https:\/\/news.save.ch\/neue-regelungen-fuer-arbeiten-im-ueberdruck\/"},"author":{"name":"admin","@id":"https:\/\/news.save.ch\/de\/#\/schema\/person\/d49e199490bad7c70d64b9ab51142f2b"},"headline":"Neue Regelungen f\u00fcr Arbeiten im \u00dcberdruck","datePublished":"2015-04-16T09:00:09+00:00","dateModified":"2023-03-14T08:01:13+00:00","mainEntityOfPage":{"@id":"https:\/\/news.save.ch\/neue-regelungen-fuer-arbeiten-im-ueberdruck\/"},"wordCount":115,"commentCount":0,"publisher":{"@id":"https:\/\/news.save.ch\/de\/#organization"},"image":{"@id":"https:\/\/news.save.ch\/neue-regelungen-fuer-arbeiten-im-ueberdruck\/#primaryimage"},"thumbnailUrl":"https:\/\/news.save.ch\/wp-content\/uploads\/2016\/12\/Neue-Regelungen-fuer-Arbeiten-im-Ueberdruck_safety-plus-scaled-1.jpg","keywords":["Arbeitssicherheit"],"articleSection":["HEALTH &amp; SAFETY"],"inLanguage":"en-US"},{"@type":"WebPage","@id":"https:\/\/news.save.ch\/neue-regelungen-fuer-arbeiten-im-ueberdruck\/","url":"https:\/\/news.save.ch\/neue-regelungen-fuer-arbeiten-im-ueberdruck\/","name":"New regulations for work in positive pressure - Save","isPartOf":{"@id":"https:\/\/news.save.ch\/de\/#website"},"primaryImageOfPage":{"@id":"https:\/\/news.save.ch\/neue-regelungen-fuer-arbeiten-im-ueberdruck\/#primaryimage"},"image":{"@id":"https:\/\/news.save.ch\/neue-regelungen-fuer-arbeiten-im-ueberdruck\/#primaryimage"},"thumbnailUrl":"https:\/\/news.save.ch\/wp-content\/uploads\/2016\/12\/Neue-Regelungen-fuer-Arbeiten-im-Ueberdruck_safety-plus-scaled-1.jpg","datePublished":"2015-04-16T09:00:09+00:00","dateModified":"2023-03-14T08:01:13+00:00","description":"The Federal Council approves the revised ordinance on safety when working in positive pressure.","breadcrumb":{"@id":"https:\/\/news.save.ch\/neue-regelungen-fuer-arbeiten-im-ueberdruck\/#breadcrumb"},"inLanguage":"en-US","potentialAction":[{"@type":"ReadAction","target":["https:\/\/news.save.ch\/neue-regelungen-fuer-arbeiten-im-ueberdruck\/"]}]},{"@type":"ImageObject","inLanguage":"en-US","@id":"https:\/\/news.save.ch\/neue-regelungen-fuer-arbeiten-im-ueberdruck\/#primaryimage","url":"https:\/\/news.save.ch\/wp-content\/uploads\/2016\/12\/Neue-Regelungen-fuer-Arbeiten-im-Ueberdruck_safety-plus-scaled-1.jpg","contentUrl":"https:\/\/news.save.ch\/wp-content\/uploads\/2016\/12\/Neue-Regelungen-fuer-Arbeiten-im-Ueberdruck_safety-plus-scaled-1.jpg","width":1200,"height":801,"caption":"Arbeiten im \u00dcberdruck, zum Beispiel unter Wasser, werden neu geregelt."},{"@type":"BreadcrumbList","@id":"https:\/\/news.save.ch\/neue-regelungen-fuer-arbeiten-im-ueberdruck\/#breadcrumb","itemListElement":[{"@type":"ListItem","position":1,"name":"Home","item":"https:\/\/news.save.ch\/de\/"},{"@type":"ListItem","position":2,"name":"Neue Regelungen f\u00fcr Arbeiten im \u00dcberdruck"}]},{"@type":"WebSite","@id":"https:\/\/news.save.ch\/de\/#website","url":"https:\/\/news.save.ch\/de\/","name":"Save","description":"Swiss trade journal for safety","publisher":{"@id":"https:\/\/news.save.ch\/de\/#organization"},"potentialAction":[{"@type":"SearchAction","target":{"@type":"EntryPoint","urlTemplate":"https:\/\/news.save.ch\/de\/?s={search_term_string}"},"query-input":{"@type":"PropertyValueSpecification","valueRequired":true,"valueName":"search_term_string"}}],"inLanguage":"en-US"},{"@type":"Organization","@id":"https:\/\/news.save.ch\/de\/#organization","name":"Security Forum","url":"https:\/\/news.save.ch\/de\/","logo":{"@type":"ImageObject","inLanguage":"en-US","@id":"https:\/\/news.save.ch\/de\/#\/schema\/logo\/image\/","url":"https:\/\/news.save.ch\/wp-content\/uploads\/2022\/06\/Logo_SF_2012.png","contentUrl":"https:\/\/news.save.ch\/wp-content\/uploads\/2022\/06\/Logo_SF_2012.png","width":1100,"height":91,"caption":"Sicherheitsforum"},"image":{"@id":"https:\/\/news.save.ch\/de\/#\/schema\/logo\/image\/"}},{"@type":"Person","@id":"https:\/\/news.save.ch\/de\/#\/schema\/person\/d49e199490bad7c70d64b9ab51142f2b","name":"admin","image":{"@type":"ImageObject","inLanguage":"en-US","@id":"https:\/\/secure.gravatar.com\/avatar\/ae2f4d718e6c49043e314ce431e7e645d646302a24a5ef5a8bc8e3f5a032e319?s=96&d=mm&r=g","url":"https:\/\/secure.gravatar.com\/avatar\/ae2f4d718e6c49043e314ce431e7e645d646302a24a5ef5a8bc8e3f5a032e319?s=96&d=mm&r=g","contentUrl":"https:\/\/secure.gravatar.com\/avatar\/ae2f4d718e6c49043e314ce431e7e645d646302a24a5ef5a8bc8e3f5a032e319?s=96&d=mm&r=g","caption":"admin"},"sameAs":["https:\/\/develop.organisator.galledia.ch"],"url":"https:\/\/news.save.ch\/en\/author\/admin\/"}]}},"_links":{"self":[{"href":"https:\/\/news.save.ch\/en\/wp-json\/wp\/v2\/posts\/298","targetHints":{"allow":["GET"]}}],"collection":[{"href":"https:\/\/news.save.ch\/en\/wp-json\/wp\/v2\/posts"}],"about":[{"href":"https:\/\/news.save.ch\/en\/wp-json\/wp\/v2\/types\/post"}],"author":[{"embeddable":true,"href":"https:\/\/news.save.ch\/en\/wp-json\/wp\/v2\/users\/1"}],"replies":[{"embeddable":true,"href":"https:\/\/news.save.ch\/en\/wp-json\/wp\/v2\/comments?post=298"}],"version-history":[{"count":1,"href":"https:\/\/news.save.ch\/en\/wp-json\/wp\/v2\/posts\/298\/revisions"}],"predecessor-version":[{"id":18412,"href":"https:\/\/news.save.ch\/en\/wp-json\/wp\/v2\/posts\/298\/revisions\/18412"}],"wp:featuredmedia":[{"embeddable":true,"href":"https:\/\/news.save.ch\/en\/wp-json\/wp\/v2\/media\/299"}],"wp:attachment":[{"href":"https:\/\/news.save.ch\/en\/wp-json\/wp\/v2\/media?parent=298"}],"wp:term":[{"taxonomy":"category","embeddable":true,"href":"https:\/\/news.save.ch\/en\/wp-json\/wp\/v2\/categories?post=298"},{"taxonomy":"post_tag","embeddable":true,"href":"https:\/\/news.save.ch\/en\/wp-json\/wp\/v2\/tags?post=298"}],"curies":[{"name":"wp","href":"https:\/\/api.w.org\/{rel}","templated":true}]}}