{"id":2984,"date":"2015-07-03T09:51:23","date_gmt":"2015-07-03T07:51:23","guid":{"rendered":"https:\/\/dev.sicherheitsforum.ch\/?p=2984"},"modified":"2023-03-14T08:59:01","modified_gmt":"2023-03-14T07:59:01","slug":"hitzewelle-unter-den-top-3-risiken-der-schweiz","status":null,"type":"post","link":"https:\/\/news.save.ch\/en\/hitzewelle-unter-den-top-3-risiken-der-schweiz\/","title":{"rendered":"Heat wave among top 3 risks in Switzerland"},"content":{"rendered":"<figure id=\"attachment_2985\" aria-describedby=\"caption-attachment-2985\" style=\"width: 680px\" class=\"wp-caption alignnone\"><img loading=\"lazy\" decoding=\"async\" class=\"wp-image-2985 size-medium\" src=\"https:\/\/news.save.ch\/wp-content\/uploads\/2016\/12\/Hitzewelle-unter-den-Top-3-Risiken-der-Schweiz_sicherheitsforum.jpg\" width=\"680\" height=\"506\" srcset=\"https:\/\/news.save.ch\/wp-content\/uploads\/2016\/12\/Hitzewelle-unter-den-Top-3-Risiken-der-Schweiz_sicherheitsforum.jpg 800w, https:\/\/news.save.ch\/wp-content\/uploads\/2016\/12\/Hitzewelle-unter-den-Top-3-Risiken-der-Schweiz_sicherheitsforum-375x279.jpg 375w\" sizes=\"auto, (max-width: 680px) 100vw, 680px\" \/><figcaption id=\"caption-attachment-2985\" class=\"wp-caption-text\">Heatwave is also among the top risks. Photo: Federal Archive<\/figcaption><\/figure>\n<blockquote>\n<p>The national risk analysis \"Disasters and Emergencies Switzerland\" also examines hazards that have rarely or not yet occurred in Switzerland.<\/p>\n<\/blockquote>\n<p>In the report \"<a title=\"to the risk report\" href=\"https:\/\/www.news.admin.ch\/NSBSubscriber\/message\/attachments\/40201.pdf\" target=\"_blank\" data-cke-saved-href=\"https:\/\/www.news.admin.ch\/NSBSubscriber\/message\/attachments\/40201.pdf\" rel=\"noopener\">Disasters and Emergencies Switzerland - Technical Risk Report 2015<\/a>\"A total of 33 hazards relevant to population protection are systematically analyzed in terms of their probability of occurrence and the potential extent of damage in order to determine the respective risk.<\/p>\n<p>The greatest risk identified was a possible prolonged severe power shortage. This refers to a power shortage of 30 percent for several months in winter. Such a scenario would lead to major personal injuries and, in addition, to immense economic and immaterial damage for the economy and for society. In total, damages of more than 100 billion Swiss francs are to be expected. The frequency of occurrence of such an event is estimated at once in 30 to 100 years. The risk with regard to a possible pandemic is similarly high: with roughly the same estimated frequency, the extent of damage here is expected to be 70 to 80 billion Swiss francs.<\/p>\n<p>In addition, there are a number of other potential disasters and emergencies that also pose a relatively high risk. The ten biggest risks are:<\/p>\n<ol>\n<li>Power shortage<\/li>\n<li>Pandemic<\/li>\n<li>Heatwave<\/li>\n<li>Earthquake<\/li>\n<li>Regional power outage<\/li>\n<li>Storm<\/li>\n<li>Failure ICT<\/li>\n<li>Wave of refugees<\/li>\n<li>Crash flying object<\/li>\n<li>Animal disease<\/li>\n<\/ol>\n<p>The national risk analysis \"Disasters and Emergencies Switzerland\" is an important basis for the overarching, systematic planning of measures to prepare for possible disasters and emergencies. The cantons can also use the findings and products from the national analysis to further develop their own cantonal disaster preparedness. The most important result of the 2015 risk report is that it enables a transparent comparison of the hazard potential of very different events. The 2015 Risk Report thus forms an important basis for the further development of disaster management in the context of Switzerland's overall security policy.<\/p>\n<p>Go to <a title=\"to the brochure\" href=\"https:\/\/www.news.admin.ch\/NSBSubscriber\/message\/attachments\/40200.pdf\" target=\"_blank\" data-cke-saved-href=\"https:\/\/www.news.admin.ch\/NSBSubscriber\/message\/attachments\/40200.pdf\" rel=\"noopener\">Disasters and Emergencies Switzerland\" brochure<\/a><\/p>","protected":false},"excerpt":{"rendered":"<p>Die nationale Risikoanalyse \u00abKatastrophen und Notlagen Schweiz\u00bb untersucht auch Gef\u00e4hrdungen, die in der Schweiz bisher selten oder noch gar nicht eingetreten sind. Im Bericht \u201eKatastrophen und Notlagen Schweiz &#8211; Technischer Risikobericht 2015&#8220; werden insgesamt 33 bev\u00f6lkerungsschutzrelevante Gef\u00e4hrdungen systematisch auf ihre Eintrittswahrscheinlichkeit und auf das m\u00f6gliche Schadensausmass hin analysiert, um das jeweilige Risiko zu bestimmen. Als [&hellip;]<\/p>\n","protected":false},"author":1,"featured_media":2985,"comment_status":"open","ping_status":"open","sticky":false,"template":"","format":"standard","meta":{"_acf_changed":false,"pgc_sgb_lightbox_settings":"","footnotes":""},"categories":[3312],"tags":[120,170],"class_list":["post-2984","post","type-post","status-publish","format-standard","has-post-thumbnail","hentry","category-sicherheit","tag-bundesamt","tag-naturgefahren"],"acf":[],"hkrextid":null,"publication":null,"issue":null,"workflow":null,"startPage":null,"spitzmarke":null,"_posts_by_tag_page_fields":{"widget_title":"","widget_tags":""},"_at_widget":"1","_yoast_wpseo_primary_category":"5","_yoast_wpseo_focuskw_text_input":"Top-3-Risiken","_yoast_wpseo_opengraph-image":"https:\/\/news.save.ch\/wp-content\/uploads\/2016\/12\/Hitzewelle-unter-den-Top-3-Risiken-der-Schweiz_sicherheitsforum.jpg","_yoast_wpseo_opengraph-description":"Das Bundesamt f\u00fcr Bev\u00f6lkerungsschutz f\u00fchrt eine umfassende nationale Risikoanalyse \u201eKatastrophen und Notlagen Schweiz\u201c durch. Als Resultat werden im Risikobericht 2015 nicht nur 33 relevante Ereignisse genannt, sondern auch die zehn Top-Risiken aufgelistet. Das Risiko \"Hitzewelle\" figuriert auf Platz 3 und wird gem\u00e4ss Bericht wie folgt definiert: \"Hitzeperiode mit Durchschnittstemperaturen von mehr als 35 \u00b0C sowie h\u00e4ufigen Tropenn\u00e4chten w\u00e4hrend mehrerer Wochen\".","_yoast_wpseo_opengraph-title":"Hitzewelle unter den Top-3-Risiken der Schweiz","enclosure":null,"_yoast_wpseo_twitter-title":null,"_yoast_wpseo_twitter-description":null,"_yoast_wpseo_twitter-image":null,"_wp_old_slug":null,"_yoast_wpseo_title":null,"_yoast_wpseo_canonical":null,"yoast_head":"<!-- This site is optimized with the Yoast SEO plugin v27.4 - https:\/\/yoast.com\/product\/yoast-seo-wordpress\/ -->\n<title>Hitzewelle unter den Top-3-Risiken der Schweiz - Save<\/title>\n<meta name=\"description\" content=\"Top-3-Risiken: Das Bundesamt f\u00fcr Bev\u00f6lkerungsschutz f\u00fchrt eine umfassende nationale Risikoanalyse \u201eKatastrophen und Notlagen Schweiz\u201c durch.\" \/>\n<meta name=\"robots\" content=\"index, follow, max-snippet:-1, max-image-preview:large, max-video-preview:-1\" \/>\n<link rel=\"canonical\" href=\"https:\/\/news.save.ch\/en\/hitzewelle-unter-den-top-3-risiken-der-schweiz\/\" \/>\n<meta property=\"og:locale\" content=\"en_US\" \/>\n<meta property=\"og:type\" content=\"article\" \/>\n<meta property=\"og:title\" content=\"Hitzewelle unter den Top-3-Risiken der Schweiz\" \/>\n<meta property=\"og:description\" content=\"Das Bundesamt f\u00fcr Bev\u00f6lkerungsschutz f\u00fchrt eine umfassende nationale Risikoanalyse \u201eKatastrophen und Notlagen Schweiz\u201c durch. Als Resultat werden im Risikobericht 2015 nicht nur 33 relevante Ereignisse genannt, sondern auch die zehn Top-Risiken aufgelistet. Das Risiko &quot;Hitzewelle&quot; figuriert auf Platz 3 und wird gem\u00e4ss Bericht wie folgt definiert: &quot;Hitzeperiode mit Durchschnittstemperaturen von mehr als 35 \u00b0C sowie h\u00e4ufigen Tropenn\u00e4chten w\u00e4hrend mehrerer Wochen&quot;.\" \/>\n<meta property=\"og:url\" content=\"https:\/\/news.save.ch\/en\/hitzewelle-unter-den-top-3-risiken-der-schweiz\/\" \/>\n<meta property=\"og:site_name\" content=\"Save\" \/>\n<meta property=\"article:published_time\" content=\"2015-07-03T07:51:23+00:00\" \/>\n<meta property=\"article:modified_time\" content=\"2023-03-14T07:59:01+00:00\" \/>\n<meta property=\"og:image\" content=\"https:\/\/news.save.ch\/wp-content\/uploads\/2016\/12\/Hitzewelle-unter-den-Top-3-Risiken-der-Schweiz_sicherheitsforum.jpg\" \/>\n<meta name=\"author\" content=\"admin\" \/>\n<meta name=\"twitter:card\" content=\"summary_large_image\" \/>\n<meta name=\"twitter:label1\" content=\"Written by\" \/>\n\t<meta name=\"twitter:data1\" content=\"admin\" \/>\n\t<meta name=\"twitter:label2\" content=\"Est. reading time\" \/>\n\t<meta name=\"twitter:data2\" content=\"2 minutes\" \/>\n<script type=\"application\/ld+json\" class=\"yoast-schema-graph\">{\"@context\":\"https:\\\/\\\/schema.org\",\"@graph\":[{\"@type\":\"Article\",\"@id\":\"https:\\\/\\\/news.save.ch\\\/hitzewelle-unter-den-top-3-risiken-der-schweiz\\\/#article\",\"isPartOf\":{\"@id\":\"https:\\\/\\\/news.save.ch\\\/hitzewelle-unter-den-top-3-risiken-der-schweiz\\\/\"},\"author\":{\"name\":\"admin\",\"@id\":\"https:\\\/\\\/news.save.ch\\\/de\\\/#\\\/schema\\\/person\\\/d49e199490bad7c70d64b9ab51142f2b\"},\"headline\":\"Hitzewelle unter den Top-3-Risiken der Schweiz\",\"datePublished\":\"2015-07-03T07:51:23+00:00\",\"dateModified\":\"2023-03-14T07:59:01+00:00\",\"mainEntityOfPage\":{\"@id\":\"https:\\\/\\\/news.save.ch\\\/hitzewelle-unter-den-top-3-risiken-der-schweiz\\\/\"},\"wordCount\":328,\"commentCount\":0,\"publisher\":{\"@id\":\"https:\\\/\\\/news.save.ch\\\/de\\\/#organization\"},\"image\":{\"@id\":\"https:\\\/\\\/news.save.ch\\\/hitzewelle-unter-den-top-3-risiken-der-schweiz\\\/#primaryimage\"},\"thumbnailUrl\":\"https:\\\/\\\/news.save.ch\\\/wp-content\\\/uploads\\\/2016\\\/12\\\/Hitzewelle-unter-den-Top-3-Risiken-der-Schweiz_sicherheitsforum.jpg\",\"keywords\":[\"Bundesamt\",\"Naturgefahren\"],\"articleSection\":[\"SICHERHEIT\"],\"inLanguage\":\"en-US\"},{\"@type\":\"WebPage\",\"@id\":\"https:\\\/\\\/news.save.ch\\\/hitzewelle-unter-den-top-3-risiken-der-schweiz\\\/\",\"url\":\"https:\\\/\\\/news.save.ch\\\/hitzewelle-unter-den-top-3-risiken-der-schweiz\\\/\",\"name\":\"Hitzewelle unter den Top-3-Risiken der Schweiz - Save\",\"isPartOf\":{\"@id\":\"https:\\\/\\\/news.save.ch\\\/de\\\/#website\"},\"primaryImageOfPage\":{\"@id\":\"https:\\\/\\\/news.save.ch\\\/hitzewelle-unter-den-top-3-risiken-der-schweiz\\\/#primaryimage\"},\"image\":{\"@id\":\"https:\\\/\\\/news.save.ch\\\/hitzewelle-unter-den-top-3-risiken-der-schweiz\\\/#primaryimage\"},\"thumbnailUrl\":\"https:\\\/\\\/news.save.ch\\\/wp-content\\\/uploads\\\/2016\\\/12\\\/Hitzewelle-unter-den-Top-3-Risiken-der-Schweiz_sicherheitsforum.jpg\",\"datePublished\":\"2015-07-03T07:51:23+00:00\",\"dateModified\":\"2023-03-14T07:59:01+00:00\",\"description\":\"Top-3-Risiken: Das Bundesamt f\u00fcr Bev\u00f6lkerungsschutz f\u00fchrt eine umfassende nationale Risikoanalyse \u201eKatastrophen und Notlagen Schweiz\u201c durch.\",\"breadcrumb\":{\"@id\":\"https:\\\/\\\/news.save.ch\\\/hitzewelle-unter-den-top-3-risiken-der-schweiz\\\/#breadcrumb\"},\"inLanguage\":\"en-US\",\"potentialAction\":[{\"@type\":\"ReadAction\",\"target\":[\"https:\\\/\\\/news.save.ch\\\/hitzewelle-unter-den-top-3-risiken-der-schweiz\\\/\"]}]},{\"@type\":\"ImageObject\",\"inLanguage\":\"en-US\",\"@id\":\"https:\\\/\\\/news.save.ch\\\/hitzewelle-unter-den-top-3-risiken-der-schweiz\\\/#primaryimage\",\"url\":\"https:\\\/\\\/news.save.ch\\\/wp-content\\\/uploads\\\/2016\\\/12\\\/Hitzewelle-unter-den-Top-3-Risiken-der-Schweiz_sicherheitsforum.jpg\",\"contentUrl\":\"https:\\\/\\\/news.save.ch\\\/wp-content\\\/uploads\\\/2016\\\/12\\\/Hitzewelle-unter-den-Top-3-Risiken-der-Schweiz_sicherheitsforum.jpg\",\"width\":800,\"height\":595,\"caption\":\"Hitzewelle geh\u00f6rt ebenfalls zu den Top-Risiken. Foto: Bundesarchiv\"},{\"@type\":\"BreadcrumbList\",\"@id\":\"https:\\\/\\\/news.save.ch\\\/hitzewelle-unter-den-top-3-risiken-der-schweiz\\\/#breadcrumb\",\"itemListElement\":[{\"@type\":\"ListItem\",\"position\":1,\"name\":\"Home\",\"item\":\"https:\\\/\\\/news.save.ch\\\/de\\\/\"},{\"@type\":\"ListItem\",\"position\":2,\"name\":\"Hitzewelle unter den Top-3-Risiken der Schweiz\"}]},{\"@type\":\"WebSite\",\"@id\":\"https:\\\/\\\/news.save.ch\\\/de\\\/#website\",\"url\":\"https:\\\/\\\/news.save.ch\\\/de\\\/\",\"name\":\"Save\",\"description\":\"Schweizer Fachzeitschrift f\u00fcr Sicherheit\",\"publisher\":{\"@id\":\"https:\\\/\\\/news.save.ch\\\/de\\\/#organization\"},\"potentialAction\":[{\"@type\":\"SearchAction\",\"target\":{\"@type\":\"EntryPoint\",\"urlTemplate\":\"https:\\\/\\\/news.save.ch\\\/de\\\/?s={search_term_string}\"},\"query-input\":{\"@type\":\"PropertyValueSpecification\",\"valueRequired\":true,\"valueName\":\"search_term_string\"}}],\"inLanguage\":\"en-US\"},{\"@type\":\"Organization\",\"@id\":\"https:\\\/\\\/news.save.ch\\\/de\\\/#organization\",\"name\":\"Sicherheitsforum\",\"url\":\"https:\\\/\\\/news.save.ch\\\/de\\\/\",\"logo\":{\"@type\":\"ImageObject\",\"inLanguage\":\"en-US\",\"@id\":\"https:\\\/\\\/news.save.ch\\\/de\\\/#\\\/schema\\\/logo\\\/image\\\/\",\"url\":\"https:\\\/\\\/news.save.ch\\\/wp-content\\\/uploads\\\/2022\\\/06\\\/Logo_SF_2012.png\",\"contentUrl\":\"https:\\\/\\\/news.save.ch\\\/wp-content\\\/uploads\\\/2022\\\/06\\\/Logo_SF_2012.png\",\"width\":1100,\"height\":91,\"caption\":\"Sicherheitsforum\"},\"image\":{\"@id\":\"https:\\\/\\\/news.save.ch\\\/de\\\/#\\\/schema\\\/logo\\\/image\\\/\"}},{\"@type\":\"Person\",\"@id\":\"https:\\\/\\\/news.save.ch\\\/de\\\/#\\\/schema\\\/person\\\/d49e199490bad7c70d64b9ab51142f2b\",\"name\":\"admin\",\"image\":{\"@type\":\"ImageObject\",\"inLanguage\":\"en-US\",\"@id\":\"https:\\\/\\\/secure.gravatar.com\\\/avatar\\\/ae2f4d718e6c49043e314ce431e7e645d646302a24a5ef5a8bc8e3f5a032e319?s=96&d=mm&r=g\",\"url\":\"https:\\\/\\\/secure.gravatar.com\\\/avatar\\\/ae2f4d718e6c49043e314ce431e7e645d646302a24a5ef5a8bc8e3f5a032e319?s=96&d=mm&r=g\",\"contentUrl\":\"https:\\\/\\\/secure.gravatar.com\\\/avatar\\\/ae2f4d718e6c49043e314ce431e7e645d646302a24a5ef5a8bc8e3f5a032e319?s=96&d=mm&r=g\",\"caption\":\"admin\"},\"sameAs\":[\"https:\\\/\\\/develop.organisator.galledia.ch\"],\"url\":\"https:\\\/\\\/news.save.ch\\\/en\\\/author\\\/admin\\\/\"}]}<\/script>\n<!-- \/ Yoast SEO plugin. -->","yoast_head_json":{"title":"Heat wave among top 3 risks in Switzerland - Save","description":"Top 3 risks: The Federal Office for Civil Protection is conducting a comprehensive national risk analysis \"Disasters and Emergencies Switzerland\".","robots":{"index":"index","follow":"follow","max-snippet":"max-snippet:-1","max-image-preview":"max-image-preview:large","max-video-preview":"max-video-preview:-1"},"canonical":"https:\/\/news.save.ch\/en\/hitzewelle-unter-den-top-3-risiken-der-schweiz\/","og_locale":"en_US","og_type":"article","og_title":"Hitzewelle unter den Top-3-Risiken der Schweiz","og_description":"Das Bundesamt f\u00fcr Bev\u00f6lkerungsschutz f\u00fchrt eine umfassende nationale Risikoanalyse \u201eKatastrophen und Notlagen Schweiz\u201c durch. Als Resultat werden im Risikobericht 2015 nicht nur 33 relevante Ereignisse genannt, sondern auch die zehn Top-Risiken aufgelistet. Das Risiko \"Hitzewelle\" figuriert auf Platz 3 und wird gem\u00e4ss Bericht wie folgt definiert: \"Hitzeperiode mit Durchschnittstemperaturen von mehr als 35 \u00b0C sowie h\u00e4ufigen Tropenn\u00e4chten w\u00e4hrend mehrerer Wochen\".","og_url":"https:\/\/news.save.ch\/en\/hitzewelle-unter-den-top-3-risiken-der-schweiz\/","og_site_name":"Save","article_published_time":"2015-07-03T07:51:23+00:00","article_modified_time":"2023-03-14T07:59:01+00:00","og_image":[{"url":"https:\/\/news.save.ch\/wp-content\/uploads\/2016\/12\/Hitzewelle-unter-den-Top-3-Risiken-der-Schweiz_sicherheitsforum.jpg","type":"","width":"","height":""}],"author":"admin","twitter_card":"summary_large_image","twitter_misc":{"Written by":"admin","Est. reading time":"2 minutes"},"schema":{"@context":"https:\/\/schema.org","@graph":[{"@type":"Article","@id":"https:\/\/news.save.ch\/hitzewelle-unter-den-top-3-risiken-der-schweiz\/#article","isPartOf":{"@id":"https:\/\/news.save.ch\/hitzewelle-unter-den-top-3-risiken-der-schweiz\/"},"author":{"name":"admin","@id":"https:\/\/news.save.ch\/de\/#\/schema\/person\/d49e199490bad7c70d64b9ab51142f2b"},"headline":"Hitzewelle unter den Top-3-Risiken der Schweiz","datePublished":"2015-07-03T07:51:23+00:00","dateModified":"2023-03-14T07:59:01+00:00","mainEntityOfPage":{"@id":"https:\/\/news.save.ch\/hitzewelle-unter-den-top-3-risiken-der-schweiz\/"},"wordCount":328,"commentCount":0,"publisher":{"@id":"https:\/\/news.save.ch\/de\/#organization"},"image":{"@id":"https:\/\/news.save.ch\/hitzewelle-unter-den-top-3-risiken-der-schweiz\/#primaryimage"},"thumbnailUrl":"https:\/\/news.save.ch\/wp-content\/uploads\/2016\/12\/Hitzewelle-unter-den-Top-3-Risiken-der-Schweiz_sicherheitsforum.jpg","keywords":["Bundesamt","Naturgefahren"],"articleSection":["SICHERHEIT"],"inLanguage":"en-US"},{"@type":"WebPage","@id":"https:\/\/news.save.ch\/hitzewelle-unter-den-top-3-risiken-der-schweiz\/","url":"https:\/\/news.save.ch\/hitzewelle-unter-den-top-3-risiken-der-schweiz\/","name":"Heat wave among top 3 risks in Switzerland - Save","isPartOf":{"@id":"https:\/\/news.save.ch\/de\/#website"},"primaryImageOfPage":{"@id":"https:\/\/news.save.ch\/hitzewelle-unter-den-top-3-risiken-der-schweiz\/#primaryimage"},"image":{"@id":"https:\/\/news.save.ch\/hitzewelle-unter-den-top-3-risiken-der-schweiz\/#primaryimage"},"thumbnailUrl":"https:\/\/news.save.ch\/wp-content\/uploads\/2016\/12\/Hitzewelle-unter-den-Top-3-Risiken-der-Schweiz_sicherheitsforum.jpg","datePublished":"2015-07-03T07:51:23+00:00","dateModified":"2023-03-14T07:59:01+00:00","description":"Top 3 risks: The Federal Office for Civil Protection is conducting a comprehensive national risk analysis \"Disasters and Emergencies Switzerland\".","breadcrumb":{"@id":"https:\/\/news.save.ch\/hitzewelle-unter-den-top-3-risiken-der-schweiz\/#breadcrumb"},"inLanguage":"en-US","potentialAction":[{"@type":"ReadAction","target":["https:\/\/news.save.ch\/hitzewelle-unter-den-top-3-risiken-der-schweiz\/"]}]},{"@type":"ImageObject","inLanguage":"en-US","@id":"https:\/\/news.save.ch\/hitzewelle-unter-den-top-3-risiken-der-schweiz\/#primaryimage","url":"https:\/\/news.save.ch\/wp-content\/uploads\/2016\/12\/Hitzewelle-unter-den-Top-3-Risiken-der-Schweiz_sicherheitsforum.jpg","contentUrl":"https:\/\/news.save.ch\/wp-content\/uploads\/2016\/12\/Hitzewelle-unter-den-Top-3-Risiken-der-Schweiz_sicherheitsforum.jpg","width":800,"height":595,"caption":"Hitzewelle geh\u00f6rt ebenfalls zu den Top-Risiken. Foto: Bundesarchiv"},{"@type":"BreadcrumbList","@id":"https:\/\/news.save.ch\/hitzewelle-unter-den-top-3-risiken-der-schweiz\/#breadcrumb","itemListElement":[{"@type":"ListItem","position":1,"name":"Home","item":"https:\/\/news.save.ch\/de\/"},{"@type":"ListItem","position":2,"name":"Hitzewelle unter den Top-3-Risiken der Schweiz"}]},{"@type":"WebSite","@id":"https:\/\/news.save.ch\/de\/#website","url":"https:\/\/news.save.ch\/de\/","name":"Save","description":"Swiss trade journal for safety","publisher":{"@id":"https:\/\/news.save.ch\/de\/#organization"},"potentialAction":[{"@type":"SearchAction","target":{"@type":"EntryPoint","urlTemplate":"https:\/\/news.save.ch\/de\/?s={search_term_string}"},"query-input":{"@type":"PropertyValueSpecification","valueRequired":true,"valueName":"search_term_string"}}],"inLanguage":"en-US"},{"@type":"Organization","@id":"https:\/\/news.save.ch\/de\/#organization","name":"Security Forum","url":"https:\/\/news.save.ch\/de\/","logo":{"@type":"ImageObject","inLanguage":"en-US","@id":"https:\/\/news.save.ch\/de\/#\/schema\/logo\/image\/","url":"https:\/\/news.save.ch\/wp-content\/uploads\/2022\/06\/Logo_SF_2012.png","contentUrl":"https:\/\/news.save.ch\/wp-content\/uploads\/2022\/06\/Logo_SF_2012.png","width":1100,"height":91,"caption":"Sicherheitsforum"},"image":{"@id":"https:\/\/news.save.ch\/de\/#\/schema\/logo\/image\/"}},{"@type":"Person","@id":"https:\/\/news.save.ch\/de\/#\/schema\/person\/d49e199490bad7c70d64b9ab51142f2b","name":"admin","image":{"@type":"ImageObject","inLanguage":"en-US","@id":"https:\/\/secure.gravatar.com\/avatar\/ae2f4d718e6c49043e314ce431e7e645d646302a24a5ef5a8bc8e3f5a032e319?s=96&d=mm&r=g","url":"https:\/\/secure.gravatar.com\/avatar\/ae2f4d718e6c49043e314ce431e7e645d646302a24a5ef5a8bc8e3f5a032e319?s=96&d=mm&r=g","contentUrl":"https:\/\/secure.gravatar.com\/avatar\/ae2f4d718e6c49043e314ce431e7e645d646302a24a5ef5a8bc8e3f5a032e319?s=96&d=mm&r=g","caption":"admin"},"sameAs":["https:\/\/develop.organisator.galledia.ch"],"url":"https:\/\/news.save.ch\/en\/author\/admin\/"}]}},"_links":{"self":[{"href":"https:\/\/news.save.ch\/en\/wp-json\/wp\/v2\/posts\/2984","targetHints":{"allow":["GET"]}}],"collection":[{"href":"https:\/\/news.save.ch\/en\/wp-json\/wp\/v2\/posts"}],"about":[{"href":"https:\/\/news.save.ch\/en\/wp-json\/wp\/v2\/types\/post"}],"author":[{"embeddable":true,"href":"https:\/\/news.save.ch\/en\/wp-json\/wp\/v2\/users\/1"}],"replies":[{"embeddable":true,"href":"https:\/\/news.save.ch\/en\/wp-json\/wp\/v2\/comments?post=2984"}],"version-history":[{"count":1,"href":"https:\/\/news.save.ch\/en\/wp-json\/wp\/v2\/posts\/2984\/revisions"}],"predecessor-version":[{"id":17888,"href":"https:\/\/news.save.ch\/en\/wp-json\/wp\/v2\/posts\/2984\/revisions\/17888"}],"wp:featuredmedia":[{"embeddable":true,"href":"https:\/\/news.save.ch\/en\/wp-json\/wp\/v2\/media\/2985"}],"wp:attachment":[{"href":"https:\/\/news.save.ch\/en\/wp-json\/wp\/v2\/media?parent=2984"}],"wp:term":[{"taxonomy":"category","embeddable":true,"href":"https:\/\/news.save.ch\/en\/wp-json\/wp\/v2\/categories?post=2984"},{"taxonomy":"post_tag","embeddable":true,"href":"https:\/\/news.save.ch\/en\/wp-json\/wp\/v2\/tags?post=2984"}],"curies":[{"name":"wp","href":"https:\/\/api.w.org\/{rel}","templated":true}]}}