{"id":300,"date":"2015-04-09T09:03:16","date_gmt":"2015-04-09T07:03:16","guid":{"rendered":"https:\/\/dev.sicherheitsforum.ch\/?p=300"},"modified":"2023-03-14T08:57:42","modified_gmt":"2023-03-14T07:57:42","slug":"in-der-schweiz-flagge-zeigen","status":null,"type":"post","link":"https:\/\/news.save.ch\/en\/in-der-schweiz-flagge-zeigen\/","title":{"rendered":"Showing the flag in Switzerland"},"content":{"rendered":"<figure id=\"attachment_301\" aria-describedby=\"caption-attachment-301\" style=\"width: 680px\" class=\"wp-caption alignnone\"><img loading=\"lazy\" decoding=\"async\" class=\"size-medium wp-image-301\" src=\"https:\/\/sicherheitsforum.ch\/wp-content\/uploads\/2016\/12\/In-der-Schweiz-Flagge-zeigen-it-security.jpg\" alt=\"Michele Rapisarda still sees great growth potential for his company in Switzerland .\" width=\"680\" height=\"585\" \/><figcaption id=\"caption-attachment-301\" class=\"wp-caption-text\">Michele Rapisarda still sees great growth potential for his company in Switzerland .<\/figcaption><\/figure>\n<p><a title=\"Link to the company\" href=\"https:\/\/www.radware.com\" target=\"_blank\" data-cke-saved-href=\"https:\/\/www.radware.com\" rel=\"noopener\">Radware<\/a> is a solution provider for application security and availability in physical, virtual and cloud data centers. With Michele Rapisarda (35), the new channel manager for Switzerland, the company now also covers French-speaking Switzerland and Ticino in addition to German-speaking Switzerland, it is reported. Rapisarda has 16 years of experience in the Swiss IT industry and heads Radware's Swiss sales team. Most recently, he served as business development manager for Arrow ECS Internet Security AG in Wallisellen for more than eleven years.<\/p>","protected":false},"excerpt":{"rendered":"<p>Radware ist ein L\u00f6sungsanbieter f\u00fcr Anwendungssicherheit und -verf\u00fcgbarkeit in physikalischen, virtuellen und Cloud-Rechenzentren. Mit Michele Rapisarda (35), dem neuen Channel Manager Schweiz, decke das Unternehmen neben der deutschsprachigen Schweiz neu auch die Romandie und das Tessin ab, wird mitgeteilt. Rapisarda verf\u00fcge \u00fcber eine 16-j\u00e4hrige Erfahrung in der Schweizer IT-Industrie und leite das Schweizer Vertriebsteam von [&hellip;]<\/p>\n","protected":false},"author":1,"featured_media":301,"comment_status":"open","ping_status":"open","sticky":false,"template":"","format":"standard","meta":{"_acf_changed":false,"pgc_sgb_lightbox_settings":"","footnotes":""},"categories":[3313],"tags":[62,63],"class_list":["post-300","post","type-post","status-publish","format-standard","has-post-thumbnail","hentry","category-digitalisierung","tag-ict-sicherheit","tag-it-security"],"acf":[],"hkrextid":null,"publication":null,"issue":null,"workflow":null,"startPage":null,"spitzmarke":null,"_posts_by_tag_page_fields":{"widget_title":"","widget_tags":""},"_at_widget":"1","_yoast_wpseo_primary_category":"2","_yoast_wpseo_focuskw_text_input":"Schweiz","_yoast_wpseo_opengraph-image":"https:\/\/news.save.ch\/wp-content\/uploads\/2016\/12\/In-der-Schweiz-Flagge-zeigen-it-security.jpg","_yoast_wpseo_opengraph-description":"Das M\u00fcnchner Unternehmen Radware ist ab sofort in der gesamten Schweiz vertreten.","_yoast_wpseo_opengraph-title":"Schweiz","enclosure":null,"_yoast_wpseo_twitter-title":null,"_yoast_wpseo_twitter-description":null,"_yoast_wpseo_twitter-image":null,"_wp_old_slug":null,"_yoast_wpseo_title":null,"_yoast_wpseo_canonical":null,"yoast_head":"<!-- This site is optimized with the Yoast SEO plugin v27.5 - https:\/\/yoast.com\/product\/yoast-seo-wordpress\/ -->\n<title>In der Schweiz Flagge zeigen - Save<\/title>\n<meta name=\"description\" content=\"Das M\u00fcnchner Unternehmen Radware ist ab sofort in der gesamten Schweiz vertreten.\" \/>\n<meta name=\"robots\" content=\"index, follow, max-snippet:-1, max-image-preview:large, max-video-preview:-1\" \/>\n<link rel=\"canonical\" href=\"https:\/\/news.save.ch\/en\/in-der-schweiz-flagge-zeigen\/\" \/>\n<meta property=\"og:locale\" content=\"en_US\" \/>\n<meta property=\"og:type\" content=\"article\" \/>\n<meta property=\"og:title\" content=\"Schweiz\" \/>\n<meta property=\"og:description\" content=\"Das M\u00fcnchner Unternehmen Radware ist ab sofort in der gesamten Schweiz vertreten.\" \/>\n<meta property=\"og:url\" content=\"https:\/\/news.save.ch\/en\/in-der-schweiz-flagge-zeigen\/\" \/>\n<meta property=\"og:site_name\" content=\"Save\" \/>\n<meta property=\"article:published_time\" content=\"2015-04-09T07:03:16+00:00\" \/>\n<meta property=\"article:modified_time\" content=\"2023-03-14T07:57:42+00:00\" \/>\n<meta property=\"og:image\" content=\"https:\/\/news.save.ch\/wp-content\/uploads\/2016\/12\/In-der-Schweiz-Flagge-zeigen-it-security.jpg\" \/>\n<meta name=\"author\" content=\"admin\" \/>\n<meta name=\"twitter:card\" content=\"summary_large_image\" \/>\n<meta name=\"twitter:label1\" content=\"Written by\" \/>\n\t<meta name=\"twitter:data1\" content=\"admin\" \/>\n\t<meta name=\"twitter:label2\" content=\"Est. reading time\" \/>\n\t<meta name=\"twitter:data2\" content=\"1 minute\" \/>\n<script type=\"application\/ld+json\" class=\"yoast-schema-graph\">{\"@context\":\"https:\\\/\\\/schema.org\",\"@graph\":[{\"@type\":\"Article\",\"@id\":\"https:\\\/\\\/news.save.ch\\\/in-der-schweiz-flagge-zeigen\\\/#article\",\"isPartOf\":{\"@id\":\"https:\\\/\\\/news.save.ch\\\/in-der-schweiz-flagge-zeigen\\\/\"},\"author\":{\"name\":\"admin\",\"@id\":\"https:\\\/\\\/news.save.ch\\\/de\\\/#\\\/schema\\\/person\\\/d49e199490bad7c70d64b9ab51142f2b\"},\"headline\":\"In der Schweiz Flagge zeigen\",\"datePublished\":\"2015-04-09T07:03:16+00:00\",\"dateModified\":\"2023-03-14T07:57:42+00:00\",\"mainEntityOfPage\":{\"@id\":\"https:\\\/\\\/news.save.ch\\\/in-der-schweiz-flagge-zeigen\\\/\"},\"wordCount\":107,\"commentCount\":0,\"publisher\":{\"@id\":\"https:\\\/\\\/news.save.ch\\\/de\\\/#organization\"},\"image\":{\"@id\":\"https:\\\/\\\/news.save.ch\\\/in-der-schweiz-flagge-zeigen\\\/#primaryimage\"},\"thumbnailUrl\":\"https:\\\/\\\/news.save.ch\\\/wp-content\\\/uploads\\\/2016\\\/12\\\/In-der-Schweiz-Flagge-zeigen-it-security-scaled.jpg\",\"keywords\":[\"ICT-Sicherheit\",\"IT-SECURITY\"],\"articleSection\":[\"DIGITALISIERUNG\"],\"inLanguage\":\"en-US\"},{\"@type\":\"WebPage\",\"@id\":\"https:\\\/\\\/news.save.ch\\\/in-der-schweiz-flagge-zeigen\\\/\",\"url\":\"https:\\\/\\\/news.save.ch\\\/in-der-schweiz-flagge-zeigen\\\/\",\"name\":\"In der Schweiz Flagge zeigen - Save\",\"isPartOf\":{\"@id\":\"https:\\\/\\\/news.save.ch\\\/de\\\/#website\"},\"primaryImageOfPage\":{\"@id\":\"https:\\\/\\\/news.save.ch\\\/in-der-schweiz-flagge-zeigen\\\/#primaryimage\"},\"image\":{\"@id\":\"https:\\\/\\\/news.save.ch\\\/in-der-schweiz-flagge-zeigen\\\/#primaryimage\"},\"thumbnailUrl\":\"https:\\\/\\\/news.save.ch\\\/wp-content\\\/uploads\\\/2016\\\/12\\\/In-der-Schweiz-Flagge-zeigen-it-security-scaled.jpg\",\"datePublished\":\"2015-04-09T07:03:16+00:00\",\"dateModified\":\"2023-03-14T07:57:42+00:00\",\"description\":\"Das M\u00fcnchner Unternehmen Radware ist ab sofort in der gesamten Schweiz vertreten.\",\"breadcrumb\":{\"@id\":\"https:\\\/\\\/news.save.ch\\\/in-der-schweiz-flagge-zeigen\\\/#breadcrumb\"},\"inLanguage\":\"en-US\",\"potentialAction\":[{\"@type\":\"ReadAction\",\"target\":[\"https:\\\/\\\/news.save.ch\\\/in-der-schweiz-flagge-zeigen\\\/\"]}]},{\"@type\":\"ImageObject\",\"inLanguage\":\"en-US\",\"@id\":\"https:\\\/\\\/news.save.ch\\\/in-der-schweiz-flagge-zeigen\\\/#primaryimage\",\"url\":\"https:\\\/\\\/news.save.ch\\\/wp-content\\\/uploads\\\/2016\\\/12\\\/In-der-Schweiz-Flagge-zeigen-it-security-scaled.jpg\",\"contentUrl\":\"https:\\\/\\\/news.save.ch\\\/wp-content\\\/uploads\\\/2016\\\/12\\\/In-der-Schweiz-Flagge-zeigen-it-security-scaled.jpg\",\"width\":1400,\"height\":1205,\"caption\":\"Michele Rapisarda sieht f\u00fcr sein Unternehmen noch grosses Wachstumspotenzial in der Schweiz .\"},{\"@type\":\"BreadcrumbList\",\"@id\":\"https:\\\/\\\/news.save.ch\\\/in-der-schweiz-flagge-zeigen\\\/#breadcrumb\",\"itemListElement\":[{\"@type\":\"ListItem\",\"position\":1,\"name\":\"Home\",\"item\":\"https:\\\/\\\/news.save.ch\\\/de\\\/\"},{\"@type\":\"ListItem\",\"position\":2,\"name\":\"In der Schweiz Flagge zeigen\"}]},{\"@type\":\"WebSite\",\"@id\":\"https:\\\/\\\/news.save.ch\\\/de\\\/#website\",\"url\":\"https:\\\/\\\/news.save.ch\\\/de\\\/\",\"name\":\"Save\",\"description\":\"Schweizer Fachzeitschrift f\u00fcr Sicherheit\",\"publisher\":{\"@id\":\"https:\\\/\\\/news.save.ch\\\/de\\\/#organization\"},\"potentialAction\":[{\"@type\":\"SearchAction\",\"target\":{\"@type\":\"EntryPoint\",\"urlTemplate\":\"https:\\\/\\\/news.save.ch\\\/de\\\/?s={search_term_string}\"},\"query-input\":{\"@type\":\"PropertyValueSpecification\",\"valueRequired\":true,\"valueName\":\"search_term_string\"}}],\"inLanguage\":\"en-US\"},{\"@type\":\"Organization\",\"@id\":\"https:\\\/\\\/news.save.ch\\\/de\\\/#organization\",\"name\":\"Sicherheitsforum\",\"url\":\"https:\\\/\\\/news.save.ch\\\/de\\\/\",\"logo\":{\"@type\":\"ImageObject\",\"inLanguage\":\"en-US\",\"@id\":\"https:\\\/\\\/news.save.ch\\\/de\\\/#\\\/schema\\\/logo\\\/image\\\/\",\"url\":\"https:\\\/\\\/news.save.ch\\\/wp-content\\\/uploads\\\/2022\\\/06\\\/Logo_SF_2012.png\",\"contentUrl\":\"https:\\\/\\\/news.save.ch\\\/wp-content\\\/uploads\\\/2022\\\/06\\\/Logo_SF_2012.png\",\"width\":1100,\"height\":91,\"caption\":\"Sicherheitsforum\"},\"image\":{\"@id\":\"https:\\\/\\\/news.save.ch\\\/de\\\/#\\\/schema\\\/logo\\\/image\\\/\"}},{\"@type\":\"Person\",\"@id\":\"https:\\\/\\\/news.save.ch\\\/de\\\/#\\\/schema\\\/person\\\/d49e199490bad7c70d64b9ab51142f2b\",\"name\":\"admin\",\"image\":{\"@type\":\"ImageObject\",\"inLanguage\":\"en-US\",\"@id\":\"https:\\\/\\\/secure.gravatar.com\\\/avatar\\\/ae2f4d718e6c49043e314ce431e7e645d646302a24a5ef5a8bc8e3f5a032e319?s=96&d=mm&r=g\",\"url\":\"https:\\\/\\\/secure.gravatar.com\\\/avatar\\\/ae2f4d718e6c49043e314ce431e7e645d646302a24a5ef5a8bc8e3f5a032e319?s=96&d=mm&r=g\",\"contentUrl\":\"https:\\\/\\\/secure.gravatar.com\\\/avatar\\\/ae2f4d718e6c49043e314ce431e7e645d646302a24a5ef5a8bc8e3f5a032e319?s=96&d=mm&r=g\",\"caption\":\"admin\"},\"sameAs\":[\"https:\\\/\\\/develop.organisator.galledia.ch\"],\"url\":\"https:\\\/\\\/news.save.ch\\\/en\\\/author\\\/admin\\\/\"}]}<\/script>\n<!-- \/ Yoast SEO plugin. -->","yoast_head_json":{"title":"Showing the flag in Switzerland - Save","description":"The Munich-based company Radware is now represented throughout Switzerland.","robots":{"index":"index","follow":"follow","max-snippet":"max-snippet:-1","max-image-preview":"max-image-preview:large","max-video-preview":"max-video-preview:-1"},"canonical":"https:\/\/news.save.ch\/en\/in-der-schweiz-flagge-zeigen\/","og_locale":"en_US","og_type":"article","og_title":"Schweiz","og_description":"Das M\u00fcnchner Unternehmen Radware ist ab sofort in der gesamten Schweiz vertreten.","og_url":"https:\/\/news.save.ch\/en\/in-der-schweiz-flagge-zeigen\/","og_site_name":"Save","article_published_time":"2015-04-09T07:03:16+00:00","article_modified_time":"2023-03-14T07:57:42+00:00","og_image":[{"url":"https:\/\/news.save.ch\/wp-content\/uploads\/2016\/12\/In-der-Schweiz-Flagge-zeigen-it-security.jpg","type":"","width":"","height":""}],"author":"admin","twitter_card":"summary_large_image","twitter_misc":{"Written by":"admin","Est. reading time":"1 minute"},"schema":{"@context":"https:\/\/schema.org","@graph":[{"@type":"Article","@id":"https:\/\/news.save.ch\/in-der-schweiz-flagge-zeigen\/#article","isPartOf":{"@id":"https:\/\/news.save.ch\/in-der-schweiz-flagge-zeigen\/"},"author":{"name":"admin","@id":"https:\/\/news.save.ch\/de\/#\/schema\/person\/d49e199490bad7c70d64b9ab51142f2b"},"headline":"In der Schweiz Flagge zeigen","datePublished":"2015-04-09T07:03:16+00:00","dateModified":"2023-03-14T07:57:42+00:00","mainEntityOfPage":{"@id":"https:\/\/news.save.ch\/in-der-schweiz-flagge-zeigen\/"},"wordCount":107,"commentCount":0,"publisher":{"@id":"https:\/\/news.save.ch\/de\/#organization"},"image":{"@id":"https:\/\/news.save.ch\/in-der-schweiz-flagge-zeigen\/#primaryimage"},"thumbnailUrl":"https:\/\/news.save.ch\/wp-content\/uploads\/2016\/12\/In-der-Schweiz-Flagge-zeigen-it-security-scaled.jpg","keywords":["ICT-Sicherheit","IT-SECURITY"],"articleSection":["DIGITALISIERUNG"],"inLanguage":"en-US"},{"@type":"WebPage","@id":"https:\/\/news.save.ch\/in-der-schweiz-flagge-zeigen\/","url":"https:\/\/news.save.ch\/in-der-schweiz-flagge-zeigen\/","name":"Showing the flag in Switzerland - Save","isPartOf":{"@id":"https:\/\/news.save.ch\/de\/#website"},"primaryImageOfPage":{"@id":"https:\/\/news.save.ch\/in-der-schweiz-flagge-zeigen\/#primaryimage"},"image":{"@id":"https:\/\/news.save.ch\/in-der-schweiz-flagge-zeigen\/#primaryimage"},"thumbnailUrl":"https:\/\/news.save.ch\/wp-content\/uploads\/2016\/12\/In-der-Schweiz-Flagge-zeigen-it-security-scaled.jpg","datePublished":"2015-04-09T07:03:16+00:00","dateModified":"2023-03-14T07:57:42+00:00","description":"The Munich-based company Radware is now represented throughout Switzerland.","breadcrumb":{"@id":"https:\/\/news.save.ch\/in-der-schweiz-flagge-zeigen\/#breadcrumb"},"inLanguage":"en-US","potentialAction":[{"@type":"ReadAction","target":["https:\/\/news.save.ch\/in-der-schweiz-flagge-zeigen\/"]}]},{"@type":"ImageObject","inLanguage":"en-US","@id":"https:\/\/news.save.ch\/in-der-schweiz-flagge-zeigen\/#primaryimage","url":"https:\/\/news.save.ch\/wp-content\/uploads\/2016\/12\/In-der-Schweiz-Flagge-zeigen-it-security-scaled.jpg","contentUrl":"https:\/\/news.save.ch\/wp-content\/uploads\/2016\/12\/In-der-Schweiz-Flagge-zeigen-it-security-scaled.jpg","width":1400,"height":1205,"caption":"Michele Rapisarda sieht f\u00fcr sein Unternehmen noch grosses Wachstumspotenzial in der Schweiz ."},{"@type":"BreadcrumbList","@id":"https:\/\/news.save.ch\/in-der-schweiz-flagge-zeigen\/#breadcrumb","itemListElement":[{"@type":"ListItem","position":1,"name":"Home","item":"https:\/\/news.save.ch\/de\/"},{"@type":"ListItem","position":2,"name":"In der Schweiz Flagge zeigen"}]},{"@type":"WebSite","@id":"https:\/\/news.save.ch\/de\/#website","url":"https:\/\/news.save.ch\/de\/","name":"Save","description":"Swiss trade journal for safety","publisher":{"@id":"https:\/\/news.save.ch\/de\/#organization"},"potentialAction":[{"@type":"SearchAction","target":{"@type":"EntryPoint","urlTemplate":"https:\/\/news.save.ch\/de\/?s={search_term_string}"},"query-input":{"@type":"PropertyValueSpecification","valueRequired":true,"valueName":"search_term_string"}}],"inLanguage":"en-US"},{"@type":"Organization","@id":"https:\/\/news.save.ch\/de\/#organization","name":"Security Forum","url":"https:\/\/news.save.ch\/de\/","logo":{"@type":"ImageObject","inLanguage":"en-US","@id":"https:\/\/news.save.ch\/de\/#\/schema\/logo\/image\/","url":"https:\/\/news.save.ch\/wp-content\/uploads\/2022\/06\/Logo_SF_2012.png","contentUrl":"https:\/\/news.save.ch\/wp-content\/uploads\/2022\/06\/Logo_SF_2012.png","width":1100,"height":91,"caption":"Sicherheitsforum"},"image":{"@id":"https:\/\/news.save.ch\/de\/#\/schema\/logo\/image\/"}},{"@type":"Person","@id":"https:\/\/news.save.ch\/de\/#\/schema\/person\/d49e199490bad7c70d64b9ab51142f2b","name":"admin","image":{"@type":"ImageObject","inLanguage":"en-US","@id":"https:\/\/secure.gravatar.com\/avatar\/ae2f4d718e6c49043e314ce431e7e645d646302a24a5ef5a8bc8e3f5a032e319?s=96&d=mm&r=g","url":"https:\/\/secure.gravatar.com\/avatar\/ae2f4d718e6c49043e314ce431e7e645d646302a24a5ef5a8bc8e3f5a032e319?s=96&d=mm&r=g","contentUrl":"https:\/\/secure.gravatar.com\/avatar\/ae2f4d718e6c49043e314ce431e7e645d646302a24a5ef5a8bc8e3f5a032e319?s=96&d=mm&r=g","caption":"admin"},"sameAs":["https:\/\/develop.organisator.galledia.ch"],"url":"https:\/\/news.save.ch\/en\/author\/admin\/"}]}},"_links":{"self":[{"href":"https:\/\/news.save.ch\/en\/wp-json\/wp\/v2\/posts\/300","targetHints":{"allow":["GET"]}}],"collection":[{"href":"https:\/\/news.save.ch\/en\/wp-json\/wp\/v2\/posts"}],"about":[{"href":"https:\/\/news.save.ch\/en\/wp-json\/wp\/v2\/types\/post"}],"author":[{"embeddable":true,"href":"https:\/\/news.save.ch\/en\/wp-json\/wp\/v2\/users\/1"}],"replies":[{"embeddable":true,"href":"https:\/\/news.save.ch\/en\/wp-json\/wp\/v2\/comments?post=300"}],"version-history":[{"count":1,"href":"https:\/\/news.save.ch\/en\/wp-json\/wp\/v2\/posts\/300\/revisions"}],"predecessor-version":[{"id":17811,"href":"https:\/\/news.save.ch\/en\/wp-json\/wp\/v2\/posts\/300\/revisions\/17811"}],"wp:featuredmedia":[{"embeddable":true,"href":"https:\/\/news.save.ch\/en\/wp-json\/wp\/v2\/media\/301"}],"wp:attachment":[{"href":"https:\/\/news.save.ch\/en\/wp-json\/wp\/v2\/media?parent=300"}],"wp:term":[{"taxonomy":"category","embeddable":true,"href":"https:\/\/news.save.ch\/en\/wp-json\/wp\/v2\/categories?post=300"},{"taxonomy":"post_tag","embeddable":true,"href":"https:\/\/news.save.ch\/en\/wp-json\/wp\/v2\/tags?post=300"}],"curies":[{"name":"wp","href":"https:\/\/api.w.org\/{rel}","templated":true}]}}