{"id":3059,"date":"2015-06-30T10:56:48","date_gmt":"2015-06-30T08:56:48","guid":{"rendered":"https:\/\/dev.sicherheitsforum.ch\/?p=3059"},"modified":"2023-08-15T08:23:13","modified_gmt":"2023-08-15T06:23:13","slug":"kaba-sammelklage-beigelegt","status":null,"type":"post","link":"https:\/\/news.save.ch\/en\/kaba-sammelklage-beigelegt\/","title":{"rendered":"Kaba: Class action lawsuit settled"},"content":{"rendered":"<p><img loading=\"lazy\" decoding=\"async\" class=\"alignnone wp-image-3063 size-full\" src=\"https:\/\/news.save.ch\/wp-content\/uploads\/2016\/12\/Kaba-Sammelklage-beigelegt_sicherheitsforum.jpg\" alt=\"Kaba\" width=\"170\" height=\"167\" \/><\/p>\n<p>The settlement agreement, which was signed by representatives of the plaintiffs and the <a href=\"https:\/\/www.kaba.com\" target=\"_blank\" rel=\"noopener\" data-cke-saved-href=\"https:\/\/www.kaba.com\">Kaba Group<\/a> was filed, was approved by the competent federal court in Ohio.<\/p>\n<p>The lawsuit alleged defects in specific models of Simplex mechanical pushbutton locks manufactured by an American subsidiary of the Kaba Group and misleading advertising, according to Kaba Holding in R\u00fcmlang ZH. Kaba has always denied the allegations, it said. The settlement provides for non-monetary benefits on the part of Kaba, it said. In an interview in the trade journal \"<a title=\"Order trial subscription\" href=\"\/en\/sicherheitsforum\/\" target=\"_blank\" rel=\"noopener\" data-cke-saved-href=\"https:\/\/hamster.ch\/subscribe\">SafetyForum<\/a>\", May issue, Riet Cadonau said, \"These benefits, including legal costs, are covered by the provision from the 2010\/2011 fiscal year.\"<\/p>","protected":false},"excerpt":{"rendered":"<p>Der Vergleich zur Beilegung der Klage, der von Vertretern der Kl\u00e4ger und der Kaba-Gruppe eingereicht wurde, wurde vom zust\u00e4ndigen Bundesgericht in Ohio genehmigt. In der Klage wurden M\u00e4ngel bei spezifischen Modellen der mechanischen Drucktastenschl\u00f6sser Simplex, die von einer amerikanischen Tochtergesellschaft der Kaba-Gruppe hergestellt wurden, und irref\u00fchrende Werbung geltend gemacht, wie die Kaba Holding in R\u00fcmlang [&hellip;]<\/p>\n","protected":false},"author":1,"featured_media":3063,"comment_status":"closed","ping_status":"closed","sticky":false,"template":"","format":"standard","meta":{"_acf_changed":false,"pgc_sgb_lightbox_settings":"","footnotes":""},"categories":[3312],"tags":[1373,6334,6333,6335,65,6332,157,158,90],"class_list":["post-3059","post","type-post","status-publish","format-standard","has-post-thumbnail","hentry","category-sicherheit","tag-bundesgericht","tag-kaba-gruppe","tag-klage","tag-ohio","tag-unternehmen","tag-vergleich","tag-video-security","tag-zutrittskontrolle","tag-zutrittskontrollevideo-security"],"acf":[],"hkrextid":null,"publication":null,"issue":null,"workflow":null,"startPage":null,"spitzmarke":null,"_posts_by_tag_page_fields":{"widget_title":"","widget_tags":""},"_at_widget":"1","_yoast_wpseo_primary_category":"","_yoast_wpseo_focuskw_text_input":"Kaba","_yoast_wpseo_opengraph-image":"https:\/\/sicherheitsforum.ch\/wp-content\/uploads\/2016\/12\/Kaba-Sammelklage-beigelegt_sicherheitsforum.jpg","_yoast_wpseo_opengraph-description":"Die Ende 2010 in den USA eingereichte Sammelklage gegen Kaba ist nun beigelegt, wie das Unternehmen heute mitgeteilt hat.","_yoast_wpseo_opengraph-title":"Kaba: Sammelklage beigelegt","enclosure":null,"_yoast_wpseo_twitter-title":null,"_yoast_wpseo_twitter-description":null,"_yoast_wpseo_twitter-image":null,"_wp_old_slug":null,"_yoast_wpseo_title":null,"_yoast_wpseo_canonical":null,"yoast_head":"<!-- This site is optimized with the Yoast SEO plugin v27.4 - https:\/\/yoast.com\/product\/yoast-seo-wordpress\/ -->\n<title>Kaba: Sammelklage beigelegt - Save<\/title>\n<meta name=\"description\" content=\"Die Ende 2010 in den USA eingereichte Sammelklage gegen Kaba ist nun beigelegt, wie das Unternehmen heute mitgeteilt hat.\" \/>\n<meta name=\"robots\" content=\"index, follow, max-snippet:-1, max-image-preview:large, max-video-preview:-1\" \/>\n<link rel=\"canonical\" href=\"https:\/\/news.save.ch\/en\/kaba-sammelklage-beigelegt\/\" \/>\n<meta property=\"og:locale\" content=\"en_US\" \/>\n<meta property=\"og:type\" content=\"article\" \/>\n<meta property=\"og:title\" content=\"Kaba: Sammelklage beigelegt\" \/>\n<meta property=\"og:description\" content=\"Die Ende 2010 in den USA eingereichte Sammelklage gegen Kaba ist nun beigelegt, wie das Unternehmen heute mitgeteilt hat.\" \/>\n<meta property=\"og:url\" content=\"https:\/\/news.save.ch\/en\/kaba-sammelklage-beigelegt\/\" \/>\n<meta property=\"og:site_name\" content=\"Save\" \/>\n<meta property=\"article:published_time\" content=\"2015-06-30T08:56:48+00:00\" \/>\n<meta property=\"article:modified_time\" content=\"2023-08-15T06:23:13+00:00\" \/>\n<meta property=\"og:image\" content=\"https:\/\/sicherheitsforum.ch\/wp-content\/uploads\/2016\/12\/Kaba-Sammelklage-beigelegt_sicherheitsforum.jpg\" \/>\n<meta name=\"author\" content=\"admin\" \/>\n<meta name=\"twitter:card\" content=\"summary_large_image\" \/>\n<meta name=\"twitter:label1\" content=\"Written by\" \/>\n\t<meta name=\"twitter:data1\" content=\"admin\" \/>\n\t<meta name=\"twitter:label2\" content=\"Est. reading time\" \/>\n\t<meta name=\"twitter:data2\" content=\"1 minute\" \/>\n<script type=\"application\/ld+json\" class=\"yoast-schema-graph\">{\"@context\":\"https:\\\/\\\/schema.org\",\"@graph\":[{\"@type\":\"Article\",\"@id\":\"https:\\\/\\\/news.save.ch\\\/kaba-sammelklage-beigelegt\\\/#article\",\"isPartOf\":{\"@id\":\"https:\\\/\\\/news.save.ch\\\/kaba-sammelklage-beigelegt\\\/\"},\"author\":{\"name\":\"admin\",\"@id\":\"https:\\\/\\\/news.save.ch\\\/de\\\/#\\\/schema\\\/person\\\/d49e199490bad7c70d64b9ab51142f2b\"},\"headline\":\"Kaba: Sammelklage beigelegt\",\"datePublished\":\"2015-06-30T08:56:48+00:00\",\"dateModified\":\"2023-08-15T06:23:13+00:00\",\"mainEntityOfPage\":{\"@id\":\"https:\\\/\\\/news.save.ch\\\/kaba-sammelklage-beigelegt\\\/\"},\"wordCount\":109,\"publisher\":{\"@id\":\"https:\\\/\\\/news.save.ch\\\/de\\\/#organization\"},\"image\":{\"@id\":\"https:\\\/\\\/news.save.ch\\\/kaba-sammelklage-beigelegt\\\/#primaryimage\"},\"thumbnailUrl\":\"https:\\\/\\\/news.save.ch\\\/wp-content\\\/uploads\\\/2016\\\/12\\\/Kaba-Sammelklage-beigelegt_sicherheitsforum.jpg\",\"keywords\":[\"Bundesgericht\",\"Kaba-Gruppe\",\"Klage\",\"Ohio\",\"Unternehmen\",\"Vergleich\",\"Video-Security\",\"Zutrittskontrolle\",\"Zutrittskontrolle\\\/Video-Security\"],\"articleSection\":[\"SICHERHEIT\"],\"inLanguage\":\"en-US\"},{\"@type\":\"WebPage\",\"@id\":\"https:\\\/\\\/news.save.ch\\\/kaba-sammelklage-beigelegt\\\/\",\"url\":\"https:\\\/\\\/news.save.ch\\\/kaba-sammelklage-beigelegt\\\/\",\"name\":\"Kaba: Sammelklage beigelegt - Save\",\"isPartOf\":{\"@id\":\"https:\\\/\\\/news.save.ch\\\/de\\\/#website\"},\"primaryImageOfPage\":{\"@id\":\"https:\\\/\\\/news.save.ch\\\/kaba-sammelklage-beigelegt\\\/#primaryimage\"},\"image\":{\"@id\":\"https:\\\/\\\/news.save.ch\\\/kaba-sammelklage-beigelegt\\\/#primaryimage\"},\"thumbnailUrl\":\"https:\\\/\\\/news.save.ch\\\/wp-content\\\/uploads\\\/2016\\\/12\\\/Kaba-Sammelklage-beigelegt_sicherheitsforum.jpg\",\"datePublished\":\"2015-06-30T08:56:48+00:00\",\"dateModified\":\"2023-08-15T06:23:13+00:00\",\"description\":\"Die Ende 2010 in den USA eingereichte Sammelklage gegen Kaba ist nun beigelegt, wie das Unternehmen heute mitgeteilt hat.\",\"breadcrumb\":{\"@id\":\"https:\\\/\\\/news.save.ch\\\/kaba-sammelklage-beigelegt\\\/#breadcrumb\"},\"inLanguage\":\"en-US\",\"potentialAction\":[{\"@type\":\"ReadAction\",\"target\":[\"https:\\\/\\\/news.save.ch\\\/kaba-sammelklage-beigelegt\\\/\"]}]},{\"@type\":\"ImageObject\",\"inLanguage\":\"en-US\",\"@id\":\"https:\\\/\\\/news.save.ch\\\/kaba-sammelklage-beigelegt\\\/#primaryimage\",\"url\":\"https:\\\/\\\/news.save.ch\\\/wp-content\\\/uploads\\\/2016\\\/12\\\/Kaba-Sammelklage-beigelegt_sicherheitsforum.jpg\",\"contentUrl\":\"https:\\\/\\\/news.save.ch\\\/wp-content\\\/uploads\\\/2016\\\/12\\\/Kaba-Sammelklage-beigelegt_sicherheitsforum.jpg\",\"width\":170,\"height\":167},{\"@type\":\"BreadcrumbList\",\"@id\":\"https:\\\/\\\/news.save.ch\\\/kaba-sammelklage-beigelegt\\\/#breadcrumb\",\"itemListElement\":[{\"@type\":\"ListItem\",\"position\":1,\"name\":\"Home\",\"item\":\"https:\\\/\\\/news.save.ch\\\/de\\\/\"},{\"@type\":\"ListItem\",\"position\":2,\"name\":\"Kaba: Sammelklage beigelegt\"}]},{\"@type\":\"WebSite\",\"@id\":\"https:\\\/\\\/news.save.ch\\\/de\\\/#website\",\"url\":\"https:\\\/\\\/news.save.ch\\\/de\\\/\",\"name\":\"Save\",\"description\":\"Schweizer Fachzeitschrift f\u00fcr Sicherheit\",\"publisher\":{\"@id\":\"https:\\\/\\\/news.save.ch\\\/de\\\/#organization\"},\"potentialAction\":[{\"@type\":\"SearchAction\",\"target\":{\"@type\":\"EntryPoint\",\"urlTemplate\":\"https:\\\/\\\/news.save.ch\\\/de\\\/?s={search_term_string}\"},\"query-input\":{\"@type\":\"PropertyValueSpecification\",\"valueRequired\":true,\"valueName\":\"search_term_string\"}}],\"inLanguage\":\"en-US\"},{\"@type\":\"Organization\",\"@id\":\"https:\\\/\\\/news.save.ch\\\/de\\\/#organization\",\"name\":\"Sicherheitsforum\",\"url\":\"https:\\\/\\\/news.save.ch\\\/de\\\/\",\"logo\":{\"@type\":\"ImageObject\",\"inLanguage\":\"en-US\",\"@id\":\"https:\\\/\\\/news.save.ch\\\/de\\\/#\\\/schema\\\/logo\\\/image\\\/\",\"url\":\"https:\\\/\\\/news.save.ch\\\/wp-content\\\/uploads\\\/2022\\\/06\\\/Logo_SF_2012.png\",\"contentUrl\":\"https:\\\/\\\/news.save.ch\\\/wp-content\\\/uploads\\\/2022\\\/06\\\/Logo_SF_2012.png\",\"width\":1100,\"height\":91,\"caption\":\"Sicherheitsforum\"},\"image\":{\"@id\":\"https:\\\/\\\/news.save.ch\\\/de\\\/#\\\/schema\\\/logo\\\/image\\\/\"}},{\"@type\":\"Person\",\"@id\":\"https:\\\/\\\/news.save.ch\\\/de\\\/#\\\/schema\\\/person\\\/d49e199490bad7c70d64b9ab51142f2b\",\"name\":\"admin\",\"image\":{\"@type\":\"ImageObject\",\"inLanguage\":\"en-US\",\"@id\":\"https:\\\/\\\/secure.gravatar.com\\\/avatar\\\/ae2f4d718e6c49043e314ce431e7e645d646302a24a5ef5a8bc8e3f5a032e319?s=96&d=mm&r=g\",\"url\":\"https:\\\/\\\/secure.gravatar.com\\\/avatar\\\/ae2f4d718e6c49043e314ce431e7e645d646302a24a5ef5a8bc8e3f5a032e319?s=96&d=mm&r=g\",\"contentUrl\":\"https:\\\/\\\/secure.gravatar.com\\\/avatar\\\/ae2f4d718e6c49043e314ce431e7e645d646302a24a5ef5a8bc8e3f5a032e319?s=96&d=mm&r=g\",\"caption\":\"admin\"},\"sameAs\":[\"https:\\\/\\\/develop.organisator.galledia.ch\"],\"url\":\"https:\\\/\\\/news.save.ch\\\/en\\\/author\\\/admin\\\/\"}]}<\/script>\n<!-- \/ Yoast SEO plugin. -->","yoast_head_json":{"title":"Kaba: Class action lawsuit settled - Save","description":"The class action lawsuit filed against Kaba in the US at the end of 2010 has now been settled, the company announced today.","robots":{"index":"index","follow":"follow","max-snippet":"max-snippet:-1","max-image-preview":"max-image-preview:large","max-video-preview":"max-video-preview:-1"},"canonical":"https:\/\/news.save.ch\/en\/kaba-sammelklage-beigelegt\/","og_locale":"en_US","og_type":"article","og_title":"Kaba: Sammelklage beigelegt","og_description":"Die Ende 2010 in den USA eingereichte Sammelklage gegen Kaba ist nun beigelegt, wie das Unternehmen heute mitgeteilt hat.","og_url":"https:\/\/news.save.ch\/en\/kaba-sammelklage-beigelegt\/","og_site_name":"Save","article_published_time":"2015-06-30T08:56:48+00:00","article_modified_time":"2023-08-15T06:23:13+00:00","og_image":[{"url":"https:\/\/sicherheitsforum.ch\/wp-content\/uploads\/2016\/12\/Kaba-Sammelklage-beigelegt_sicherheitsforum.jpg","type":"","width":"","height":""}],"author":"admin","twitter_card":"summary_large_image","twitter_misc":{"Written by":"admin","Est. reading time":"1 minute"},"schema":{"@context":"https:\/\/schema.org","@graph":[{"@type":"Article","@id":"https:\/\/news.save.ch\/kaba-sammelklage-beigelegt\/#article","isPartOf":{"@id":"https:\/\/news.save.ch\/kaba-sammelklage-beigelegt\/"},"author":{"name":"admin","@id":"https:\/\/news.save.ch\/de\/#\/schema\/person\/d49e199490bad7c70d64b9ab51142f2b"},"headline":"Kaba: Sammelklage beigelegt","datePublished":"2015-06-30T08:56:48+00:00","dateModified":"2023-08-15T06:23:13+00:00","mainEntityOfPage":{"@id":"https:\/\/news.save.ch\/kaba-sammelklage-beigelegt\/"},"wordCount":109,"publisher":{"@id":"https:\/\/news.save.ch\/de\/#organization"},"image":{"@id":"https:\/\/news.save.ch\/kaba-sammelklage-beigelegt\/#primaryimage"},"thumbnailUrl":"https:\/\/news.save.ch\/wp-content\/uploads\/2016\/12\/Kaba-Sammelklage-beigelegt_sicherheitsforum.jpg","keywords":["Bundesgericht","Kaba-Gruppe","Klage","Ohio","Unternehmen","Vergleich","Video-Security","Zutrittskontrolle","Zutrittskontrolle\/Video-Security"],"articleSection":["SICHERHEIT"],"inLanguage":"en-US"},{"@type":"WebPage","@id":"https:\/\/news.save.ch\/kaba-sammelklage-beigelegt\/","url":"https:\/\/news.save.ch\/kaba-sammelklage-beigelegt\/","name":"Kaba: Class action lawsuit settled - Save","isPartOf":{"@id":"https:\/\/news.save.ch\/de\/#website"},"primaryImageOfPage":{"@id":"https:\/\/news.save.ch\/kaba-sammelklage-beigelegt\/#primaryimage"},"image":{"@id":"https:\/\/news.save.ch\/kaba-sammelklage-beigelegt\/#primaryimage"},"thumbnailUrl":"https:\/\/news.save.ch\/wp-content\/uploads\/2016\/12\/Kaba-Sammelklage-beigelegt_sicherheitsforum.jpg","datePublished":"2015-06-30T08:56:48+00:00","dateModified":"2023-08-15T06:23:13+00:00","description":"The class action lawsuit filed against Kaba in the US at the end of 2010 has now been settled, the company announced today.","breadcrumb":{"@id":"https:\/\/news.save.ch\/kaba-sammelklage-beigelegt\/#breadcrumb"},"inLanguage":"en-US","potentialAction":[{"@type":"ReadAction","target":["https:\/\/news.save.ch\/kaba-sammelklage-beigelegt\/"]}]},{"@type":"ImageObject","inLanguage":"en-US","@id":"https:\/\/news.save.ch\/kaba-sammelklage-beigelegt\/#primaryimage","url":"https:\/\/news.save.ch\/wp-content\/uploads\/2016\/12\/Kaba-Sammelklage-beigelegt_sicherheitsforum.jpg","contentUrl":"https:\/\/news.save.ch\/wp-content\/uploads\/2016\/12\/Kaba-Sammelklage-beigelegt_sicherheitsforum.jpg","width":170,"height":167},{"@type":"BreadcrumbList","@id":"https:\/\/news.save.ch\/kaba-sammelklage-beigelegt\/#breadcrumb","itemListElement":[{"@type":"ListItem","position":1,"name":"Home","item":"https:\/\/news.save.ch\/de\/"},{"@type":"ListItem","position":2,"name":"Kaba: Sammelklage beigelegt"}]},{"@type":"WebSite","@id":"https:\/\/news.save.ch\/de\/#website","url":"https:\/\/news.save.ch\/de\/","name":"Save","description":"Swiss trade journal for safety","publisher":{"@id":"https:\/\/news.save.ch\/de\/#organization"},"potentialAction":[{"@type":"SearchAction","target":{"@type":"EntryPoint","urlTemplate":"https:\/\/news.save.ch\/de\/?s={search_term_string}"},"query-input":{"@type":"PropertyValueSpecification","valueRequired":true,"valueName":"search_term_string"}}],"inLanguage":"en-US"},{"@type":"Organization","@id":"https:\/\/news.save.ch\/de\/#organization","name":"Security Forum","url":"https:\/\/news.save.ch\/de\/","logo":{"@type":"ImageObject","inLanguage":"en-US","@id":"https:\/\/news.save.ch\/de\/#\/schema\/logo\/image\/","url":"https:\/\/news.save.ch\/wp-content\/uploads\/2022\/06\/Logo_SF_2012.png","contentUrl":"https:\/\/news.save.ch\/wp-content\/uploads\/2022\/06\/Logo_SF_2012.png","width":1100,"height":91,"caption":"Sicherheitsforum"},"image":{"@id":"https:\/\/news.save.ch\/de\/#\/schema\/logo\/image\/"}},{"@type":"Person","@id":"https:\/\/news.save.ch\/de\/#\/schema\/person\/d49e199490bad7c70d64b9ab51142f2b","name":"admin","image":{"@type":"ImageObject","inLanguage":"en-US","@id":"https:\/\/secure.gravatar.com\/avatar\/ae2f4d718e6c49043e314ce431e7e645d646302a24a5ef5a8bc8e3f5a032e319?s=96&d=mm&r=g","url":"https:\/\/secure.gravatar.com\/avatar\/ae2f4d718e6c49043e314ce431e7e645d646302a24a5ef5a8bc8e3f5a032e319?s=96&d=mm&r=g","contentUrl":"https:\/\/secure.gravatar.com\/avatar\/ae2f4d718e6c49043e314ce431e7e645d646302a24a5ef5a8bc8e3f5a032e319?s=96&d=mm&r=g","caption":"admin"},"sameAs":["https:\/\/develop.organisator.galledia.ch"],"url":"https:\/\/news.save.ch\/en\/author\/admin\/"}]}},"_links":{"self":[{"href":"https:\/\/news.save.ch\/en\/wp-json\/wp\/v2\/posts\/3059","targetHints":{"allow":["GET"]}}],"collection":[{"href":"https:\/\/news.save.ch\/en\/wp-json\/wp\/v2\/posts"}],"about":[{"href":"https:\/\/news.save.ch\/en\/wp-json\/wp\/v2\/types\/post"}],"author":[{"embeddable":true,"href":"https:\/\/news.save.ch\/en\/wp-json\/wp\/v2\/users\/1"}],"replies":[{"embeddable":true,"href":"https:\/\/news.save.ch\/en\/wp-json\/wp\/v2\/comments?post=3059"}],"version-history":[{"count":2,"href":"https:\/\/news.save.ch\/en\/wp-json\/wp\/v2\/posts\/3059\/revisions"}],"predecessor-version":[{"id":21843,"href":"https:\/\/news.save.ch\/en\/wp-json\/wp\/v2\/posts\/3059\/revisions\/21843"}],"wp:featuredmedia":[{"embeddable":true,"href":"https:\/\/news.save.ch\/en\/wp-json\/wp\/v2\/media\/3063"}],"wp:attachment":[{"href":"https:\/\/news.save.ch\/en\/wp-json\/wp\/v2\/media?parent=3059"}],"wp:term":[{"taxonomy":"category","embeddable":true,"href":"https:\/\/news.save.ch\/en\/wp-json\/wp\/v2\/categories?post=3059"},{"taxonomy":"post_tag","embeddable":true,"href":"https:\/\/news.save.ch\/en\/wp-json\/wp\/v2\/tags?post=3059"}],"curies":[{"name":"wp","href":"https:\/\/api.w.org\/{rel}","templated":true}]}}