{"id":3101,"date":"2015-03-24T11:05:44","date_gmt":"2015-03-24T10:05:44","guid":{"rendered":"https:\/\/dev.sicherheitsforum.ch\/?p=3101"},"modified":"2015-03-24T11:05:44","modified_gmt":"2015-03-24T10:05:44","slug":"weniger-straftaten-im-kanton-zuerich","status":null,"type":"post","link":"https:\/\/news.save.ch\/en\/weniger-straftaten-im-kanton-zuerich\/","title":{"rendered":"Fewer crimes in the canton of Zurich"},"content":{"rendered":"<figure id=\"attachment_3104\" aria-describedby=\"caption-attachment-3104\" style=\"width: 680px\" class=\"wp-caption alignnone\"><img loading=\"lazy\" decoding=\"async\" class=\"size-medium wp-image-3104\" src=\"https:\/\/news.save.ch\/wp-content\/uploads\/2016\/12\/Weniger-Straftaten-im-Kanton-Zuerich-sicherheitsforum.jpg\" alt=\"\" width=\"680\" height=\"975\" \/><figcaption id=\"caption-attachment-3104\" class=\"wp-caption-text\">Fewer thefts in 2014<\/figcaption><\/figure>\n<p>Offenses against the Criminal Code (SCC) have shown a linear downward trend since 2005, with the exception of 2012. In 2014, the 99,000 or so offenses under the Criminal Code were more than 8,700 or 8.1% lower than in the previous year and thus at the lowest level since 1980 (first <a title=\"Link to statistics\" href=\"https:\/\/www.kapo.zh.ch\/internet\/sicherheitsdirektion\/kapo\/de\/ueber_uns\/zahlen_fakten\/statistiken2\/_jcr_content\/contentPar\/downloadlist\/downloaditems\/jahresbericht_2014.spooler.download.1427107733597.pdf\/PKS_2014_MK_Brosch%C3%BCre_definitiv_neu.pdf\" target=\"_blank\" data-cke-saved-href=\"https:\/\/www.kapo.zh.ch\/internet\/sicherheitsdirektion\/kapo\/de\/ueber_uns\/zahlen_fakten\/statistiken2\/_jcr_content\/contentPar\/downloadlist\/downloaditems\/jahresbericht_2014.spooler.download.1427107733597.pdf\/PKS_2014_MK_Brosch%C3%BCre_definitiv_neu.pdf\" rel=\"noopener\">Crime statistics for the canton of Zurich<\/a>), as the Zurich Cantonal Police (Kapo) recently announced at its media conference. However, the development in the various crime areas must be differentiated: The decline in overall crime was mainly due to a decrease in property crimes: Here, a decrease of 6,300 offenses or 8.2% was recorded, of which just under one third each was attributable to burglaries and damage to property during burglaries, and another third to pickpocketing, trickery and \"normal\" thefts.<\/p>\n<p>It is particularly noteworthy that the number of burglaries is at a 20-year low, reaching just 45% of the peak in 1997, the Kapo points out.<\/p>","protected":false},"excerpt":{"rendered":"<p>Die Widerhandlungen gegen das Strafgesetzbuch (StGB) weisen seit dem Jahr 2005 \u2013 mit Ausnahme von 2012 \u2013 eine linear sinkende Tendenz auf. Die gut 99&#8217;000 Straftaten nach StGB liegen 2014 um \u00fcber 8&#8217;700 oder 8,1% tiefer als im Vorjahr und somit auf dem tiefsten Stand seit 1980 (erste Kriminalstatistik f\u00fcr den Kanton Z\u00fcrich), wie die [&hellip;]<\/p>\n","protected":false},"author":1,"featured_media":3104,"comment_status":"open","ping_status":"open","sticky":false,"template":"","format":"standard","meta":{"_acf_changed":false,"pgc_sgb_lightbox_settings":"","footnotes":""},"categories":[1],"tags":[69,113],"class_list":["post-3101","post","type-post","status-publish","format-standard","has-post-thumbnail","hentry","category-allgemein","tag-justiz-polizei","tag-kriminalitaet"],"acf":[],"hkrextid":null,"publication":null,"issue":null,"workflow":null,"startPage":null,"spitzmarke":null,"_posts_by_tag_page_fields":{"widget_title":"","widget_tags":""},"_at_widget":"1","_yoast_wpseo_primary_category":"1","_yoast_wpseo_focuskw_text_input":"Straftaten Z\u00fcrich","_yoast_wpseo_opengraph-image":"https:\/\/sicherheitsforum.ch\/wp-content\/uploads\/2016\/12\/Weniger-Straftaten-im-Kanton-Z\u00fcrich-sicherheitsforum.jpg","_yoast_wpseo_opengraph-description":"Die Widerhandlungen gegen das Strafgesetzbuch (StGB) weisen im Kanton Z\u00fcrich eine sinkende Tendenz auf.","_yoast_wpseo_opengraph-title":"Weniger Straftaten im Kanton Z\u00fcrich","enclosure":null,"_yoast_wpseo_twitter-title":null,"_yoast_wpseo_twitter-description":null,"_yoast_wpseo_twitter-image":null,"_wp_old_slug":null,"_yoast_wpseo_title":null,"_yoast_wpseo_canonical":null,"yoast_head":"<!-- This site is optimized with the Yoast SEO plugin v27.4 - https:\/\/yoast.com\/product\/yoast-seo-wordpress\/ -->\n<title>Weniger Straftaten im Kanton Z\u00fcrich - Save<\/title>\n<meta name=\"description\" content=\"Die Widerhandlungen gegen das Strafgesetzbuch (StGB) weisen im Kanton Z\u00fcrich eine sinkende Tendenz auf.\" \/>\n<meta name=\"robots\" content=\"index, follow, max-snippet:-1, max-image-preview:large, max-video-preview:-1\" \/>\n<link rel=\"canonical\" href=\"https:\/\/news.save.ch\/en\/weniger-straftaten-im-kanton-zuerich\/\" \/>\n<meta property=\"og:locale\" content=\"en_US\" \/>\n<meta property=\"og:type\" content=\"article\" \/>\n<meta property=\"og:title\" content=\"Weniger Straftaten im Kanton Z\u00fcrich\" \/>\n<meta property=\"og:description\" content=\"Die Widerhandlungen gegen das Strafgesetzbuch (StGB) weisen im Kanton Z\u00fcrich eine sinkende Tendenz auf.\" \/>\n<meta property=\"og:url\" content=\"https:\/\/news.save.ch\/en\/weniger-straftaten-im-kanton-zuerich\/\" \/>\n<meta property=\"og:site_name\" content=\"Save\" \/>\n<meta property=\"article:published_time\" content=\"2015-03-24T10:05:44+00:00\" \/>\n<meta property=\"og:image\" content=\"https:\/\/sicherheitsforum.ch\/wp-content\/uploads\/2016\/12\/Weniger-Straftaten-im-Kanton-Z\u00fcrich-sicherheitsforum.jpg\" \/>\n<meta name=\"author\" content=\"admin\" \/>\n<meta name=\"twitter:card\" content=\"summary_large_image\" \/>\n<meta name=\"twitter:label1\" content=\"Written by\" \/>\n\t<meta name=\"twitter:data1\" content=\"admin\" \/>\n\t<meta name=\"twitter:label2\" content=\"Est. reading time\" \/>\n\t<meta name=\"twitter:data2\" content=\"1 minute\" \/>\n<script type=\"application\/ld+json\" class=\"yoast-schema-graph\">{\"@context\":\"https:\\\/\\\/schema.org\",\"@graph\":[{\"@type\":\"Article\",\"@id\":\"https:\\\/\\\/news.save.ch\\\/weniger-straftaten-im-kanton-zuerich\\\/#article\",\"isPartOf\":{\"@id\":\"https:\\\/\\\/news.save.ch\\\/weniger-straftaten-im-kanton-zuerich\\\/\"},\"author\":{\"name\":\"admin\",\"@id\":\"https:\\\/\\\/news.save.ch\\\/de\\\/#\\\/schema\\\/person\\\/d49e199490bad7c70d64b9ab51142f2b\"},\"headline\":\"Weniger Straftaten im Kanton Z\u00fcrich\",\"datePublished\":\"2015-03-24T10:05:44+00:00\",\"mainEntityOfPage\":{\"@id\":\"https:\\\/\\\/news.save.ch\\\/weniger-straftaten-im-kanton-zuerich\\\/\"},\"wordCount\":174,\"commentCount\":0,\"publisher\":{\"@id\":\"https:\\\/\\\/news.save.ch\\\/de\\\/#organization\"},\"image\":{\"@id\":\"https:\\\/\\\/news.save.ch\\\/weniger-straftaten-im-kanton-zuerich\\\/#primaryimage\"},\"thumbnailUrl\":\"https:\\\/\\\/news.save.ch\\\/wp-content\\\/uploads\\\/2016\\\/12\\\/Weniger-Straftaten-im-Kanton-Zuerich-sicherheitsforum-scaled.jpg\",\"keywords\":[\"Justiz &amp; Polizei\",\"Kriminalit\u00e4t\"],\"articleSection\":[\"ALLGEMEIN\"],\"inLanguage\":\"en-US\"},{\"@type\":\"WebPage\",\"@id\":\"https:\\\/\\\/news.save.ch\\\/weniger-straftaten-im-kanton-zuerich\\\/\",\"url\":\"https:\\\/\\\/news.save.ch\\\/weniger-straftaten-im-kanton-zuerich\\\/\",\"name\":\"Weniger Straftaten im Kanton Z\u00fcrich - Save\",\"isPartOf\":{\"@id\":\"https:\\\/\\\/news.save.ch\\\/de\\\/#website\"},\"primaryImageOfPage\":{\"@id\":\"https:\\\/\\\/news.save.ch\\\/weniger-straftaten-im-kanton-zuerich\\\/#primaryimage\"},\"image\":{\"@id\":\"https:\\\/\\\/news.save.ch\\\/weniger-straftaten-im-kanton-zuerich\\\/#primaryimage\"},\"thumbnailUrl\":\"https:\\\/\\\/news.save.ch\\\/wp-content\\\/uploads\\\/2016\\\/12\\\/Weniger-Straftaten-im-Kanton-Zuerich-sicherheitsforum-scaled.jpg\",\"datePublished\":\"2015-03-24T10:05:44+00:00\",\"description\":\"Die Widerhandlungen gegen das Strafgesetzbuch (StGB) weisen im Kanton Z\u00fcrich eine sinkende Tendenz auf.\",\"breadcrumb\":{\"@id\":\"https:\\\/\\\/news.save.ch\\\/weniger-straftaten-im-kanton-zuerich\\\/#breadcrumb\"},\"inLanguage\":\"en-US\",\"potentialAction\":[{\"@type\":\"ReadAction\",\"target\":[\"https:\\\/\\\/news.save.ch\\\/weniger-straftaten-im-kanton-zuerich\\\/\"]}]},{\"@type\":\"ImageObject\",\"inLanguage\":\"en-US\",\"@id\":\"https:\\\/\\\/news.save.ch\\\/weniger-straftaten-im-kanton-zuerich\\\/#primaryimage\",\"url\":\"https:\\\/\\\/news.save.ch\\\/wp-content\\\/uploads\\\/2016\\\/12\\\/Weniger-Straftaten-im-Kanton-Zuerich-sicherheitsforum-scaled.jpg\",\"contentUrl\":\"https:\\\/\\\/news.save.ch\\\/wp-content\\\/uploads\\\/2016\\\/12\\\/Weniger-Straftaten-im-Kanton-Zuerich-sicherheitsforum-scaled.jpg\",\"width\":976,\"height\":1400,\"caption\":\"Weniger Diebst\u00e4hle im 2014\"},{\"@type\":\"BreadcrumbList\",\"@id\":\"https:\\\/\\\/news.save.ch\\\/weniger-straftaten-im-kanton-zuerich\\\/#breadcrumb\",\"itemListElement\":[{\"@type\":\"ListItem\",\"position\":1,\"name\":\"Home\",\"item\":\"https:\\\/\\\/news.save.ch\\\/de\\\/\"},{\"@type\":\"ListItem\",\"position\":2,\"name\":\"Weniger Straftaten im Kanton Z\u00fcrich\"}]},{\"@type\":\"WebSite\",\"@id\":\"https:\\\/\\\/news.save.ch\\\/de\\\/#website\",\"url\":\"https:\\\/\\\/news.save.ch\\\/de\\\/\",\"name\":\"Save\",\"description\":\"Schweizer Fachzeitschrift f\u00fcr Sicherheit\",\"publisher\":{\"@id\":\"https:\\\/\\\/news.save.ch\\\/de\\\/#organization\"},\"potentialAction\":[{\"@type\":\"SearchAction\",\"target\":{\"@type\":\"EntryPoint\",\"urlTemplate\":\"https:\\\/\\\/news.save.ch\\\/de\\\/?s={search_term_string}\"},\"query-input\":{\"@type\":\"PropertyValueSpecification\",\"valueRequired\":true,\"valueName\":\"search_term_string\"}}],\"inLanguage\":\"en-US\"},{\"@type\":\"Organization\",\"@id\":\"https:\\\/\\\/news.save.ch\\\/de\\\/#organization\",\"name\":\"Sicherheitsforum\",\"url\":\"https:\\\/\\\/news.save.ch\\\/de\\\/\",\"logo\":{\"@type\":\"ImageObject\",\"inLanguage\":\"en-US\",\"@id\":\"https:\\\/\\\/news.save.ch\\\/de\\\/#\\\/schema\\\/logo\\\/image\\\/\",\"url\":\"https:\\\/\\\/news.save.ch\\\/wp-content\\\/uploads\\\/2022\\\/06\\\/Logo_SF_2012.png\",\"contentUrl\":\"https:\\\/\\\/news.save.ch\\\/wp-content\\\/uploads\\\/2022\\\/06\\\/Logo_SF_2012.png\",\"width\":1100,\"height\":91,\"caption\":\"Sicherheitsforum\"},\"image\":{\"@id\":\"https:\\\/\\\/news.save.ch\\\/de\\\/#\\\/schema\\\/logo\\\/image\\\/\"}},{\"@type\":\"Person\",\"@id\":\"https:\\\/\\\/news.save.ch\\\/de\\\/#\\\/schema\\\/person\\\/d49e199490bad7c70d64b9ab51142f2b\",\"name\":\"admin\",\"image\":{\"@type\":\"ImageObject\",\"inLanguage\":\"en-US\",\"@id\":\"https:\\\/\\\/secure.gravatar.com\\\/avatar\\\/ae2f4d718e6c49043e314ce431e7e645d646302a24a5ef5a8bc8e3f5a032e319?s=96&d=mm&r=g\",\"url\":\"https:\\\/\\\/secure.gravatar.com\\\/avatar\\\/ae2f4d718e6c49043e314ce431e7e645d646302a24a5ef5a8bc8e3f5a032e319?s=96&d=mm&r=g\",\"contentUrl\":\"https:\\\/\\\/secure.gravatar.com\\\/avatar\\\/ae2f4d718e6c49043e314ce431e7e645d646302a24a5ef5a8bc8e3f5a032e319?s=96&d=mm&r=g\",\"caption\":\"admin\"},\"sameAs\":[\"https:\\\/\\\/develop.organisator.galledia.ch\"],\"url\":\"https:\\\/\\\/news.save.ch\\\/en\\\/author\\\/admin\\\/\"}]}<\/script>\n<!-- \/ Yoast SEO plugin. -->","yoast_head_json":{"title":"Fewer crimes in the canton of Zurich - Save","description":"Offenses against the penal code (StGB) show a decreasing trend in the canton of Zurich.","robots":{"index":"index","follow":"follow","max-snippet":"max-snippet:-1","max-image-preview":"max-image-preview:large","max-video-preview":"max-video-preview:-1"},"canonical":"https:\/\/news.save.ch\/en\/weniger-straftaten-im-kanton-zuerich\/","og_locale":"en_US","og_type":"article","og_title":"Weniger Straftaten im Kanton Z\u00fcrich","og_description":"Die Widerhandlungen gegen das Strafgesetzbuch (StGB) weisen im Kanton Z\u00fcrich eine sinkende Tendenz auf.","og_url":"https:\/\/news.save.ch\/en\/weniger-straftaten-im-kanton-zuerich\/","og_site_name":"Save","article_published_time":"2015-03-24T10:05:44+00:00","og_image":[{"url":"https:\/\/sicherheitsforum.ch\/wp-content\/uploads\/2016\/12\/Weniger-Straftaten-im-Kanton-Z\u00fcrich-sicherheitsforum.jpg","type":"","width":"","height":""}],"author":"admin","twitter_card":"summary_large_image","twitter_misc":{"Written by":"admin","Est. reading time":"1 minute"},"schema":{"@context":"https:\/\/schema.org","@graph":[{"@type":"Article","@id":"https:\/\/news.save.ch\/weniger-straftaten-im-kanton-zuerich\/#article","isPartOf":{"@id":"https:\/\/news.save.ch\/weniger-straftaten-im-kanton-zuerich\/"},"author":{"name":"admin","@id":"https:\/\/news.save.ch\/de\/#\/schema\/person\/d49e199490bad7c70d64b9ab51142f2b"},"headline":"Weniger Straftaten im Kanton Z\u00fcrich","datePublished":"2015-03-24T10:05:44+00:00","mainEntityOfPage":{"@id":"https:\/\/news.save.ch\/weniger-straftaten-im-kanton-zuerich\/"},"wordCount":174,"commentCount":0,"publisher":{"@id":"https:\/\/news.save.ch\/de\/#organization"},"image":{"@id":"https:\/\/news.save.ch\/weniger-straftaten-im-kanton-zuerich\/#primaryimage"},"thumbnailUrl":"https:\/\/news.save.ch\/wp-content\/uploads\/2016\/12\/Weniger-Straftaten-im-Kanton-Zuerich-sicherheitsforum-scaled.jpg","keywords":["Justiz &amp; Polizei","Kriminalit\u00e4t"],"articleSection":["ALLGEMEIN"],"inLanguage":"en-US"},{"@type":"WebPage","@id":"https:\/\/news.save.ch\/weniger-straftaten-im-kanton-zuerich\/","url":"https:\/\/news.save.ch\/weniger-straftaten-im-kanton-zuerich\/","name":"Fewer crimes in the canton of Zurich - Save","isPartOf":{"@id":"https:\/\/news.save.ch\/de\/#website"},"primaryImageOfPage":{"@id":"https:\/\/news.save.ch\/weniger-straftaten-im-kanton-zuerich\/#primaryimage"},"image":{"@id":"https:\/\/news.save.ch\/weniger-straftaten-im-kanton-zuerich\/#primaryimage"},"thumbnailUrl":"https:\/\/news.save.ch\/wp-content\/uploads\/2016\/12\/Weniger-Straftaten-im-Kanton-Zuerich-sicherheitsforum-scaled.jpg","datePublished":"2015-03-24T10:05:44+00:00","description":"Offenses against the penal code (StGB) show a decreasing trend in the canton of Zurich.","breadcrumb":{"@id":"https:\/\/news.save.ch\/weniger-straftaten-im-kanton-zuerich\/#breadcrumb"},"inLanguage":"en-US","potentialAction":[{"@type":"ReadAction","target":["https:\/\/news.save.ch\/weniger-straftaten-im-kanton-zuerich\/"]}]},{"@type":"ImageObject","inLanguage":"en-US","@id":"https:\/\/news.save.ch\/weniger-straftaten-im-kanton-zuerich\/#primaryimage","url":"https:\/\/news.save.ch\/wp-content\/uploads\/2016\/12\/Weniger-Straftaten-im-Kanton-Zuerich-sicherheitsforum-scaled.jpg","contentUrl":"https:\/\/news.save.ch\/wp-content\/uploads\/2016\/12\/Weniger-Straftaten-im-Kanton-Zuerich-sicherheitsforum-scaled.jpg","width":976,"height":1400,"caption":"Weniger Diebst\u00e4hle im 2014"},{"@type":"BreadcrumbList","@id":"https:\/\/news.save.ch\/weniger-straftaten-im-kanton-zuerich\/#breadcrumb","itemListElement":[{"@type":"ListItem","position":1,"name":"Home","item":"https:\/\/news.save.ch\/de\/"},{"@type":"ListItem","position":2,"name":"Weniger Straftaten im Kanton Z\u00fcrich"}]},{"@type":"WebSite","@id":"https:\/\/news.save.ch\/de\/#website","url":"https:\/\/news.save.ch\/de\/","name":"Save","description":"Swiss trade journal for safety","publisher":{"@id":"https:\/\/news.save.ch\/de\/#organization"},"potentialAction":[{"@type":"SearchAction","target":{"@type":"EntryPoint","urlTemplate":"https:\/\/news.save.ch\/de\/?s={search_term_string}"},"query-input":{"@type":"PropertyValueSpecification","valueRequired":true,"valueName":"search_term_string"}}],"inLanguage":"en-US"},{"@type":"Organization","@id":"https:\/\/news.save.ch\/de\/#organization","name":"Security Forum","url":"https:\/\/news.save.ch\/de\/","logo":{"@type":"ImageObject","inLanguage":"en-US","@id":"https:\/\/news.save.ch\/de\/#\/schema\/logo\/image\/","url":"https:\/\/news.save.ch\/wp-content\/uploads\/2022\/06\/Logo_SF_2012.png","contentUrl":"https:\/\/news.save.ch\/wp-content\/uploads\/2022\/06\/Logo_SF_2012.png","width":1100,"height":91,"caption":"Sicherheitsforum"},"image":{"@id":"https:\/\/news.save.ch\/de\/#\/schema\/logo\/image\/"}},{"@type":"Person","@id":"https:\/\/news.save.ch\/de\/#\/schema\/person\/d49e199490bad7c70d64b9ab51142f2b","name":"admin","image":{"@type":"ImageObject","inLanguage":"en-US","@id":"https:\/\/secure.gravatar.com\/avatar\/ae2f4d718e6c49043e314ce431e7e645d646302a24a5ef5a8bc8e3f5a032e319?s=96&d=mm&r=g","url":"https:\/\/secure.gravatar.com\/avatar\/ae2f4d718e6c49043e314ce431e7e645d646302a24a5ef5a8bc8e3f5a032e319?s=96&d=mm&r=g","contentUrl":"https:\/\/secure.gravatar.com\/avatar\/ae2f4d718e6c49043e314ce431e7e645d646302a24a5ef5a8bc8e3f5a032e319?s=96&d=mm&r=g","caption":"admin"},"sameAs":["https:\/\/develop.organisator.galledia.ch"],"url":"https:\/\/news.save.ch\/en\/author\/admin\/"}]}},"_links":{"self":[{"href":"https:\/\/news.save.ch\/en\/wp-json\/wp\/v2\/posts\/3101","targetHints":{"allow":["GET"]}}],"collection":[{"href":"https:\/\/news.save.ch\/en\/wp-json\/wp\/v2\/posts"}],"about":[{"href":"https:\/\/news.save.ch\/en\/wp-json\/wp\/v2\/types\/post"}],"author":[{"embeddable":true,"href":"https:\/\/news.save.ch\/en\/wp-json\/wp\/v2\/users\/1"}],"replies":[{"embeddable":true,"href":"https:\/\/news.save.ch\/en\/wp-json\/wp\/v2\/comments?post=3101"}],"version-history":[{"count":0,"href":"https:\/\/news.save.ch\/en\/wp-json\/wp\/v2\/posts\/3101\/revisions"}],"wp:featuredmedia":[{"embeddable":true,"href":"https:\/\/news.save.ch\/en\/wp-json\/wp\/v2\/media\/3104"}],"wp:attachment":[{"href":"https:\/\/news.save.ch\/en\/wp-json\/wp\/v2\/media?parent=3101"}],"wp:term":[{"taxonomy":"category","embeddable":true,"href":"https:\/\/news.save.ch\/en\/wp-json\/wp\/v2\/categories?post=3101"},{"taxonomy":"post_tag","embeddable":true,"href":"https:\/\/news.save.ch\/en\/wp-json\/wp\/v2\/tags?post=3101"}],"curies":[{"name":"wp","href":"https:\/\/api.w.org\/{rel}","templated":true}]}}