{"id":3120,"date":"2015-03-27T11:09:23","date_gmt":"2015-03-27T10:09:23","guid":{"rendered":"https:\/\/dev.sicherheitsforum.ch\/?p=3120"},"modified":"2015-03-27T11:09:23","modified_gmt":"2015-03-27T10:09:23","slug":"sicherheitsverbunds-uebung-erste-erkenntnisse","status":null,"type":"post","link":"https:\/\/news.save.ch\/en\/sicherheitsverbunds-uebung-erste-erkenntnisse\/","title":{"rendered":"Safety Network Exercise: Initial Findings"},"content":{"rendered":"<figure id=\"attachment_3121\" aria-describedby=\"caption-attachment-3121\" style=\"width: 680px\" class=\"wp-caption alignnone\"><img loading=\"lazy\" decoding=\"async\" class=\"size-medium wp-image-3121\" src=\"https:\/\/news.save.ch\/wp-content\/uploads\/2016\/12\/Sicherheitsverbunds-Uebung-Erste-Erkenntnisse-sicherheitsforum.jpg\" alt=\"\" width=\"680\" height=\"491\" \/><figcaption id=\"caption-attachment-3121\" class=\"wp-caption-text\">In the element - SVU leader Toni Frisch.<\/figcaption><\/figure>\n<blockquote>\n<p>\"Our society has become more vulnerable\" -SVU Director Toni Frisch.<\/p>\n<\/blockquote>\n<p>At the 8th Swiss Police Informatics Congress (<a title=\"Link to the Police Congress\" href=\"https:\/\/www.spik.ch\" target=\"_blank\" data-cke-saved-href=\"https:\/\/www.spik.ch\" rel=\"noopener\">SPIK<\/a>) in Bern, SVU head Toni Frisch presented the first findings from the exercise conducted in November. The scenario was a three-month power shortage with a 48-hour complete blackout. In addition, a severe influenza pandemic was rampant. This was the first nationwide crisis management exercise in 17 years: In addition to the federal government, all cantons and some cities, operators of critical infrastructures such as railroad and power grids and the army also took part.<\/p>\n<p>On the whole, the Swiss Security Network exercise can be described as very positive, Frisch summarized in his presentation: \"The cooperation of all participants was very constructive and committed. Weaknesses at various levels were identified and measures for future improvement were developed.\"<\/p>\n<p>Most important, however, is the realization of how vulnerable our society is today, Frisch noted. Because we are used to everything working, we lose our ability to innovate in crisis situations. In addition, he said, we have become much more dependent on electricity in recent years. \"We strongly hope that we can sensitize the population with our results without dramatizing.\"<\/p>\n<p><strong>Good advice - stock<\/strong><\/p>\n<p>The duration of the crisis, which lasted several months, proved particularly problematic. Due to the breakdown of means of transport and absences due to illness, there was a shortage of personnel everywhere - including in the security organizations. Furthermore, communication would be massively restricted. It is not easy to imagine such a situation, Frisch emphasizes. \"The complexity of the situation only becomes clear when you consider the many small things that would no longer function without electricity. This required a high degree of imagination on the part of all exercise participants.\"<\/p>\n<p>The exercise manager cited the supply of food to the population as a particularly critical point. At a time when hardly anyone stores emergency supplies, he said, supply shortages can quickly have serious consequences. \"We clearly need to improve on this point,\" Frisch said.<\/p>\n<p>Around 600 representatives from the police and business, IT experts from various sectors and participants from politics attended the 8th SPIK on March 26. The annual event is the national platform for the exchange of experience on the topics of police IT and combating cybercrime. In addition to presentations in seven symposia, participants were able to see for themselves the practical benefits of the solutions presented at over 30 exhibition booths.<\/p>\n<p>Photo: Claudio Protopapa, Kapo Bern<\/p>","protected":false},"excerpt":{"rendered":"<p>\u00abUnsere Gesellschaft ist verletzlicher geworden\u00bb -SVU-Leiter Toni Frisch. Am 8. Schweizer Polizei Informatik Kongress (SPIK) in Bern hat SVU-Leiter Toni Frisch erste Erkenntnisse aus der im November durchgef\u00fchrten \u00dcbung pr\u00e4sentiert. Als Szenario diente eine dreimonatige Strommangellage mit einem 48-st\u00fcndigen Komplett-Stromausfall. Zus\u00e4tzlich grassierte eine starke Grippepandemie. Es handelte sich um die erste landesweite \u00dcbung des Krisenmanagements [&hellip;]<\/p>\n","protected":false},"author":1,"featured_media":3121,"comment_status":"open","ping_status":"open","sticky":false,"template":"","format":"standard","meta":{"_acf_changed":false,"pgc_sgb_lightbox_settings":"","footnotes":""},"categories":[1],"tags":[236],"class_list":["post-3120","post","type-post","status-publish","format-standard","has-post-thumbnail","hentry","category-allgemein","tag-uebung"],"acf":[],"hkrextid":null,"publication":null,"issue":null,"workflow":null,"startPage":null,"spitzmarke":null,"_posts_by_tag_page_fields":{"widget_title":"","widget_tags":""},"_at_widget":"1","_yoast_wpseo_primary_category":"1","_yoast_wpseo_focuskw_text_input":"Sicherheitsverbunds-\u00dcbung","_yoast_wpseo_opengraph-image":"https:\/\/sicherheitsforum.ch\/wp-content\/uploads\/2016\/12\/Sicherheitsverbunds-\u00dcbung-Erste-Erkenntnisse-sicherheitsforum.jpg","_yoast_wpseo_opengraph-description":"Was passiert, wenn in der Schweiz mehrere Tage der Strom ausf\u00e4llt und gleichzeitig eine schwere Pandemiewellen w\u00fctet? Wie reagieren Bund, Kantone und Armee auf einen solchen Krisenfall? Mit diesen Fragen besch\u00e4ftigte sich die Sicherheitsverbund\u00fcbung 2014 (SVU14).","_yoast_wpseo_opengraph-title":"Sicherheitsverbunds-\u00dcbung: Erste Erkenntnisse","enclosure":null,"_yoast_wpseo_twitter-title":null,"_yoast_wpseo_twitter-description":null,"_yoast_wpseo_twitter-image":null,"_wp_old_slug":null,"_yoast_wpseo_title":null,"_yoast_wpseo_canonical":null,"yoast_head":"<!-- This site is optimized with the Yoast SEO plugin v27.5 - https:\/\/yoast.com\/product\/yoast-seo-wordpress\/ -->\n<title>Sicherheitsverbunds-\u00dcbung: Erste Erkenntnisse - Save<\/title>\n<meta name=\"description\" content=\"Was passiert, wenn in der Schweiz tagelang der Strom ausf\u00e4llt und gleichzeitig eine Pandemiewellen w\u00fctet? Wie reagieren Bund, Kantone, Armee darauf?\" \/>\n<meta name=\"robots\" content=\"index, follow, max-snippet:-1, max-image-preview:large, max-video-preview:-1\" \/>\n<link rel=\"canonical\" href=\"https:\/\/news.save.ch\/en\/sicherheitsverbunds-uebung-erste-erkenntnisse\/\" \/>\n<meta property=\"og:locale\" content=\"en_US\" \/>\n<meta property=\"og:type\" content=\"article\" \/>\n<meta property=\"og:title\" content=\"Sicherheitsverbunds-\u00dcbung: Erste Erkenntnisse\" \/>\n<meta property=\"og:description\" content=\"Was passiert, wenn in der Schweiz mehrere Tage der Strom ausf\u00e4llt und gleichzeitig eine schwere Pandemiewellen w\u00fctet? Wie reagieren Bund, Kantone und Armee auf einen solchen Krisenfall? Mit diesen Fragen besch\u00e4ftigte sich die Sicherheitsverbund\u00fcbung 2014 (SVU14).\" \/>\n<meta property=\"og:url\" content=\"https:\/\/news.save.ch\/en\/sicherheitsverbunds-uebung-erste-erkenntnisse\/\" \/>\n<meta property=\"og:site_name\" content=\"Save\" \/>\n<meta property=\"article:published_time\" content=\"2015-03-27T10:09:23+00:00\" \/>\n<meta property=\"og:image\" content=\"https:\/\/sicherheitsforum.ch\/wp-content\/uploads\/2016\/12\/Sicherheitsverbunds-\u00dcbung-Erste-Erkenntnisse-sicherheitsforum.jpg\" \/>\n<meta name=\"author\" content=\"admin\" \/>\n<meta name=\"twitter:card\" content=\"summary_large_image\" \/>\n<meta name=\"twitter:label1\" content=\"Written by\" \/>\n\t<meta name=\"twitter:data1\" content=\"admin\" \/>\n\t<meta name=\"twitter:label2\" content=\"Est. reading time\" \/>\n\t<meta name=\"twitter:data2\" content=\"2 minutes\" \/>\n<script type=\"application\/ld+json\" class=\"yoast-schema-graph\">{\"@context\":\"https:\\\/\\\/schema.org\",\"@graph\":[{\"@type\":\"Article\",\"@id\":\"https:\\\/\\\/news.save.ch\\\/sicherheitsverbunds-uebung-erste-erkenntnisse\\\/#article\",\"isPartOf\":{\"@id\":\"https:\\\/\\\/news.save.ch\\\/sicherheitsverbunds-uebung-erste-erkenntnisse\\\/\"},\"author\":{\"name\":\"admin\",\"@id\":\"https:\\\/\\\/news.save.ch\\\/de\\\/#\\\/schema\\\/person\\\/d49e199490bad7c70d64b9ab51142f2b\"},\"headline\":\"Sicherheitsverbunds-\u00dcbung: Erste Erkenntnisse\",\"datePublished\":\"2015-03-27T10:09:23+00:00\",\"mainEntityOfPage\":{\"@id\":\"https:\\\/\\\/news.save.ch\\\/sicherheitsverbunds-uebung-erste-erkenntnisse\\\/\"},\"wordCount\":402,\"commentCount\":0,\"publisher\":{\"@id\":\"https:\\\/\\\/news.save.ch\\\/de\\\/#organization\"},\"image\":{\"@id\":\"https:\\\/\\\/news.save.ch\\\/sicherheitsverbunds-uebung-erste-erkenntnisse\\\/#primaryimage\"},\"thumbnailUrl\":\"https:\\\/\\\/news.save.ch\\\/wp-content\\\/uploads\\\/2016\\\/12\\\/Sicherheitsverbunds-Uebung-Erste-Erkenntnisse-sicherheitsforum-scaled.jpg\",\"keywords\":[\"\u00dcbung\"],\"articleSection\":[\"ALLGEMEIN\"],\"inLanguage\":\"en-US\"},{\"@type\":\"WebPage\",\"@id\":\"https:\\\/\\\/news.save.ch\\\/sicherheitsverbunds-uebung-erste-erkenntnisse\\\/\",\"url\":\"https:\\\/\\\/news.save.ch\\\/sicherheitsverbunds-uebung-erste-erkenntnisse\\\/\",\"name\":\"Sicherheitsverbunds-\u00dcbung: Erste Erkenntnisse - Save\",\"isPartOf\":{\"@id\":\"https:\\\/\\\/news.save.ch\\\/de\\\/#website\"},\"primaryImageOfPage\":{\"@id\":\"https:\\\/\\\/news.save.ch\\\/sicherheitsverbunds-uebung-erste-erkenntnisse\\\/#primaryimage\"},\"image\":{\"@id\":\"https:\\\/\\\/news.save.ch\\\/sicherheitsverbunds-uebung-erste-erkenntnisse\\\/#primaryimage\"},\"thumbnailUrl\":\"https:\\\/\\\/news.save.ch\\\/wp-content\\\/uploads\\\/2016\\\/12\\\/Sicherheitsverbunds-Uebung-Erste-Erkenntnisse-sicherheitsforum-scaled.jpg\",\"datePublished\":\"2015-03-27T10:09:23+00:00\",\"description\":\"Was passiert, wenn in der Schweiz tagelang der Strom ausf\u00e4llt und gleichzeitig eine Pandemiewellen w\u00fctet? Wie reagieren Bund, Kantone, Armee darauf?\",\"breadcrumb\":{\"@id\":\"https:\\\/\\\/news.save.ch\\\/sicherheitsverbunds-uebung-erste-erkenntnisse\\\/#breadcrumb\"},\"inLanguage\":\"en-US\",\"potentialAction\":[{\"@type\":\"ReadAction\",\"target\":[\"https:\\\/\\\/news.save.ch\\\/sicherheitsverbunds-uebung-erste-erkenntnisse\\\/\"]}]},{\"@type\":\"ImageObject\",\"inLanguage\":\"en-US\",\"@id\":\"https:\\\/\\\/news.save.ch\\\/sicherheitsverbunds-uebung-erste-erkenntnisse\\\/#primaryimage\",\"url\":\"https:\\\/\\\/news.save.ch\\\/wp-content\\\/uploads\\\/2016\\\/12\\\/Sicherheitsverbunds-Uebung-Erste-Erkenntnisse-sicherheitsforum-scaled.jpg\",\"contentUrl\":\"https:\\\/\\\/news.save.ch\\\/wp-content\\\/uploads\\\/2016\\\/12\\\/Sicherheitsverbunds-Uebung-Erste-Erkenntnisse-sicherheitsforum-scaled.jpg\",\"width\":1400,\"height\":1012,\"caption\":\"Im Element - SVU-Leiter Toni Frisch.\"},{\"@type\":\"BreadcrumbList\",\"@id\":\"https:\\\/\\\/news.save.ch\\\/sicherheitsverbunds-uebung-erste-erkenntnisse\\\/#breadcrumb\",\"itemListElement\":[{\"@type\":\"ListItem\",\"position\":1,\"name\":\"Home\",\"item\":\"https:\\\/\\\/news.save.ch\\\/de\\\/\"},{\"@type\":\"ListItem\",\"position\":2,\"name\":\"Sicherheitsverbunds-\u00dcbung: Erste Erkenntnisse\"}]},{\"@type\":\"WebSite\",\"@id\":\"https:\\\/\\\/news.save.ch\\\/de\\\/#website\",\"url\":\"https:\\\/\\\/news.save.ch\\\/de\\\/\",\"name\":\"Save\",\"description\":\"Schweizer Fachzeitschrift f\u00fcr Sicherheit\",\"publisher\":{\"@id\":\"https:\\\/\\\/news.save.ch\\\/de\\\/#organization\"},\"potentialAction\":[{\"@type\":\"SearchAction\",\"target\":{\"@type\":\"EntryPoint\",\"urlTemplate\":\"https:\\\/\\\/news.save.ch\\\/de\\\/?s={search_term_string}\"},\"query-input\":{\"@type\":\"PropertyValueSpecification\",\"valueRequired\":true,\"valueName\":\"search_term_string\"}}],\"inLanguage\":\"en-US\"},{\"@type\":\"Organization\",\"@id\":\"https:\\\/\\\/news.save.ch\\\/de\\\/#organization\",\"name\":\"Sicherheitsforum\",\"url\":\"https:\\\/\\\/news.save.ch\\\/de\\\/\",\"logo\":{\"@type\":\"ImageObject\",\"inLanguage\":\"en-US\",\"@id\":\"https:\\\/\\\/news.save.ch\\\/de\\\/#\\\/schema\\\/logo\\\/image\\\/\",\"url\":\"https:\\\/\\\/news.save.ch\\\/wp-content\\\/uploads\\\/2022\\\/06\\\/Logo_SF_2012.png\",\"contentUrl\":\"https:\\\/\\\/news.save.ch\\\/wp-content\\\/uploads\\\/2022\\\/06\\\/Logo_SF_2012.png\",\"width\":1100,\"height\":91,\"caption\":\"Sicherheitsforum\"},\"image\":{\"@id\":\"https:\\\/\\\/news.save.ch\\\/de\\\/#\\\/schema\\\/logo\\\/image\\\/\"}},{\"@type\":\"Person\",\"@id\":\"https:\\\/\\\/news.save.ch\\\/de\\\/#\\\/schema\\\/person\\\/d49e199490bad7c70d64b9ab51142f2b\",\"name\":\"admin\",\"image\":{\"@type\":\"ImageObject\",\"inLanguage\":\"en-US\",\"@id\":\"https:\\\/\\\/secure.gravatar.com\\\/avatar\\\/ae2f4d718e6c49043e314ce431e7e645d646302a24a5ef5a8bc8e3f5a032e319?s=96&d=mm&r=g\",\"url\":\"https:\\\/\\\/secure.gravatar.com\\\/avatar\\\/ae2f4d718e6c49043e314ce431e7e645d646302a24a5ef5a8bc8e3f5a032e319?s=96&d=mm&r=g\",\"contentUrl\":\"https:\\\/\\\/secure.gravatar.com\\\/avatar\\\/ae2f4d718e6c49043e314ce431e7e645d646302a24a5ef5a8bc8e3f5a032e319?s=96&d=mm&r=g\",\"caption\":\"admin\"},\"sameAs\":[\"https:\\\/\\\/develop.organisator.galledia.ch\"],\"url\":\"https:\\\/\\\/news.save.ch\\\/en\\\/author\\\/admin\\\/\"}]}<\/script>\n<!-- \/ Yoast SEO plugin. -->","yoast_head_json":{"title":"Safety Network Exercise: Initial Findings - Save","description":"What happens when the power goes out for days in Switzerland and a pandemic rages at the same time? How do the federal government, the cantons and the army react?","robots":{"index":"index","follow":"follow","max-snippet":"max-snippet:-1","max-image-preview":"max-image-preview:large","max-video-preview":"max-video-preview:-1"},"canonical":"https:\/\/news.save.ch\/en\/sicherheitsverbunds-uebung-erste-erkenntnisse\/","og_locale":"en_US","og_type":"article","og_title":"Sicherheitsverbunds-\u00dcbung: Erste Erkenntnisse","og_description":"Was passiert, wenn in der Schweiz mehrere Tage der Strom ausf\u00e4llt und gleichzeitig eine schwere Pandemiewellen w\u00fctet? Wie reagieren Bund, Kantone und Armee auf einen solchen Krisenfall? Mit diesen Fragen besch\u00e4ftigte sich die Sicherheitsverbund\u00fcbung 2014 (SVU14).","og_url":"https:\/\/news.save.ch\/en\/sicherheitsverbunds-uebung-erste-erkenntnisse\/","og_site_name":"Save","article_published_time":"2015-03-27T10:09:23+00:00","og_image":[{"url":"https:\/\/sicherheitsforum.ch\/wp-content\/uploads\/2016\/12\/Sicherheitsverbunds-\u00dcbung-Erste-Erkenntnisse-sicherheitsforum.jpg","type":"","width":"","height":""}],"author":"admin","twitter_card":"summary_large_image","twitter_misc":{"Written by":"admin","Est. reading time":"2 minutes"},"schema":{"@context":"https:\/\/schema.org","@graph":[{"@type":"Article","@id":"https:\/\/news.save.ch\/sicherheitsverbunds-uebung-erste-erkenntnisse\/#article","isPartOf":{"@id":"https:\/\/news.save.ch\/sicherheitsverbunds-uebung-erste-erkenntnisse\/"},"author":{"name":"admin","@id":"https:\/\/news.save.ch\/de\/#\/schema\/person\/d49e199490bad7c70d64b9ab51142f2b"},"headline":"Sicherheitsverbunds-\u00dcbung: Erste Erkenntnisse","datePublished":"2015-03-27T10:09:23+00:00","mainEntityOfPage":{"@id":"https:\/\/news.save.ch\/sicherheitsverbunds-uebung-erste-erkenntnisse\/"},"wordCount":402,"commentCount":0,"publisher":{"@id":"https:\/\/news.save.ch\/de\/#organization"},"image":{"@id":"https:\/\/news.save.ch\/sicherheitsverbunds-uebung-erste-erkenntnisse\/#primaryimage"},"thumbnailUrl":"https:\/\/news.save.ch\/wp-content\/uploads\/2016\/12\/Sicherheitsverbunds-Uebung-Erste-Erkenntnisse-sicherheitsforum-scaled.jpg","keywords":["\u00dcbung"],"articleSection":["ALLGEMEIN"],"inLanguage":"en-US"},{"@type":"WebPage","@id":"https:\/\/news.save.ch\/sicherheitsverbunds-uebung-erste-erkenntnisse\/","url":"https:\/\/news.save.ch\/sicherheitsverbunds-uebung-erste-erkenntnisse\/","name":"Safety Network Exercise: Initial Findings - Save","isPartOf":{"@id":"https:\/\/news.save.ch\/de\/#website"},"primaryImageOfPage":{"@id":"https:\/\/news.save.ch\/sicherheitsverbunds-uebung-erste-erkenntnisse\/#primaryimage"},"image":{"@id":"https:\/\/news.save.ch\/sicherheitsverbunds-uebung-erste-erkenntnisse\/#primaryimage"},"thumbnailUrl":"https:\/\/news.save.ch\/wp-content\/uploads\/2016\/12\/Sicherheitsverbunds-Uebung-Erste-Erkenntnisse-sicherheitsforum-scaled.jpg","datePublished":"2015-03-27T10:09:23+00:00","description":"What happens when the power goes out for days in Switzerland and a pandemic rages at the same time? How do the federal government, the cantons and the army react?","breadcrumb":{"@id":"https:\/\/news.save.ch\/sicherheitsverbunds-uebung-erste-erkenntnisse\/#breadcrumb"},"inLanguage":"en-US","potentialAction":[{"@type":"ReadAction","target":["https:\/\/news.save.ch\/sicherheitsverbunds-uebung-erste-erkenntnisse\/"]}]},{"@type":"ImageObject","inLanguage":"en-US","@id":"https:\/\/news.save.ch\/sicherheitsverbunds-uebung-erste-erkenntnisse\/#primaryimage","url":"https:\/\/news.save.ch\/wp-content\/uploads\/2016\/12\/Sicherheitsverbunds-Uebung-Erste-Erkenntnisse-sicherheitsforum-scaled.jpg","contentUrl":"https:\/\/news.save.ch\/wp-content\/uploads\/2016\/12\/Sicherheitsverbunds-Uebung-Erste-Erkenntnisse-sicherheitsforum-scaled.jpg","width":1400,"height":1012,"caption":"Im Element - SVU-Leiter Toni Frisch."},{"@type":"BreadcrumbList","@id":"https:\/\/news.save.ch\/sicherheitsverbunds-uebung-erste-erkenntnisse\/#breadcrumb","itemListElement":[{"@type":"ListItem","position":1,"name":"Home","item":"https:\/\/news.save.ch\/de\/"},{"@type":"ListItem","position":2,"name":"Sicherheitsverbunds-\u00dcbung: Erste Erkenntnisse"}]},{"@type":"WebSite","@id":"https:\/\/news.save.ch\/de\/#website","url":"https:\/\/news.save.ch\/de\/","name":"Save","description":"Swiss trade journal for safety","publisher":{"@id":"https:\/\/news.save.ch\/de\/#organization"},"potentialAction":[{"@type":"SearchAction","target":{"@type":"EntryPoint","urlTemplate":"https:\/\/news.save.ch\/de\/?s={search_term_string}"},"query-input":{"@type":"PropertyValueSpecification","valueRequired":true,"valueName":"search_term_string"}}],"inLanguage":"en-US"},{"@type":"Organization","@id":"https:\/\/news.save.ch\/de\/#organization","name":"Security Forum","url":"https:\/\/news.save.ch\/de\/","logo":{"@type":"ImageObject","inLanguage":"en-US","@id":"https:\/\/news.save.ch\/de\/#\/schema\/logo\/image\/","url":"https:\/\/news.save.ch\/wp-content\/uploads\/2022\/06\/Logo_SF_2012.png","contentUrl":"https:\/\/news.save.ch\/wp-content\/uploads\/2022\/06\/Logo_SF_2012.png","width":1100,"height":91,"caption":"Sicherheitsforum"},"image":{"@id":"https:\/\/news.save.ch\/de\/#\/schema\/logo\/image\/"}},{"@type":"Person","@id":"https:\/\/news.save.ch\/de\/#\/schema\/person\/d49e199490bad7c70d64b9ab51142f2b","name":"admin","image":{"@type":"ImageObject","inLanguage":"en-US","@id":"https:\/\/secure.gravatar.com\/avatar\/ae2f4d718e6c49043e314ce431e7e645d646302a24a5ef5a8bc8e3f5a032e319?s=96&d=mm&r=g","url":"https:\/\/secure.gravatar.com\/avatar\/ae2f4d718e6c49043e314ce431e7e645d646302a24a5ef5a8bc8e3f5a032e319?s=96&d=mm&r=g","contentUrl":"https:\/\/secure.gravatar.com\/avatar\/ae2f4d718e6c49043e314ce431e7e645d646302a24a5ef5a8bc8e3f5a032e319?s=96&d=mm&r=g","caption":"admin"},"sameAs":["https:\/\/develop.organisator.galledia.ch"],"url":"https:\/\/news.save.ch\/en\/author\/admin\/"}]}},"_links":{"self":[{"href":"https:\/\/news.save.ch\/en\/wp-json\/wp\/v2\/posts\/3120","targetHints":{"allow":["GET"]}}],"collection":[{"href":"https:\/\/news.save.ch\/en\/wp-json\/wp\/v2\/posts"}],"about":[{"href":"https:\/\/news.save.ch\/en\/wp-json\/wp\/v2\/types\/post"}],"author":[{"embeddable":true,"href":"https:\/\/news.save.ch\/en\/wp-json\/wp\/v2\/users\/1"}],"replies":[{"embeddable":true,"href":"https:\/\/news.save.ch\/en\/wp-json\/wp\/v2\/comments?post=3120"}],"version-history":[{"count":0,"href":"https:\/\/news.save.ch\/en\/wp-json\/wp\/v2\/posts\/3120\/revisions"}],"wp:featuredmedia":[{"embeddable":true,"href":"https:\/\/news.save.ch\/en\/wp-json\/wp\/v2\/media\/3121"}],"wp:attachment":[{"href":"https:\/\/news.save.ch\/en\/wp-json\/wp\/v2\/media?parent=3120"}],"wp:term":[{"taxonomy":"category","embeddable":true,"href":"https:\/\/news.save.ch\/en\/wp-json\/wp\/v2\/categories?post=3120"},{"taxonomy":"post_tag","embeddable":true,"href":"https:\/\/news.save.ch\/en\/wp-json\/wp\/v2\/tags?post=3120"}],"curies":[{"name":"wp","href":"https:\/\/api.w.org\/{rel}","templated":true}]}}