{"id":3140,"date":"2015-06-16T11:15:47","date_gmt":"2015-06-16T09:15:47","guid":{"rendered":"https:\/\/dev.sicherheitsforum.ch\/?p=3140"},"modified":"2015-06-16T11:15:47","modified_gmt":"2015-06-16T09:15:47","slug":"sicherheitsmesse-zuerich-die-kongressthemen","status":null,"type":"post","link":"https:\/\/news.save.ch\/en\/sicherheitsmesse-zuerich-die-kongressthemen\/","title":{"rendered":"Zurich Security Fair: The Congress Topics"},"content":{"rendered":"<p><img loading=\"lazy\" decoding=\"async\" class=\"alignnone wp-image-3141 size-full\" src=\"https:\/\/news.save.ch\/wp-content\/uploads\/2016\/12\/Sicherheitsmesse-Zuerich-Die-Kongressthemen_sicherheitsforum.jpg\" width=\"500\" height=\"542\" srcset=\"https:\/\/news.save.ch\/wp-content\/uploads\/2016\/12\/Sicherheitsmesse-Zuerich-Die-Kongressthemen_sicherheitsforum.jpg 500w, https:\/\/news.save.ch\/wp-content\/uploads\/2016\/12\/Sicherheitsmesse-Zuerich-Die-Kongressthemen_sicherheitsforum-277x300.jpg 277w\" sizes=\"auto, (max-width: 500px) 100vw, 500px\" \/><\/p>\n<p>The <a title=\"Link to the congress program\" href=\"https:\/\/www.save.ch\/events\/sicherheits-fachkongress-2015\/\" target=\"_blank\" data-cke-saved-href=\"https:\/\/www.save.ch\/events\/sicherheits-fachkongress-2015\/\" rel=\"noopener\">Trade congress <\/a>is divided into 19 half-day modules. The range of topics goes beyond the general trade fair theme and takes a holistic view of security. The congress will open on November 10 with a module on current threats as well as potential threats to public and private organizations. The focus will be on security challenges, corruption, current and future forms of threat as well as risk reduction strategies and measures to be taken.<\/p>\n<p>Quality assurance is a topic in several modules. The following modules are worth mentioning <strong>Quality assurance in fire protection <\/strong>and<strong> Lifecycle management of security systems<\/strong>.<\/p>\n<p>Various modules address technical aspects. Selected components and elements are presented during the half-days. <strong>Fire protection technology, security technology, video surveillance and access control <\/strong>illuminated. Furthermore, the <strong>Corporate security, security planning and security services.<\/strong> is of great importance. The challenges of modern security planning, crisis management and life in the midst of a crisis, the success factors for alarm receiving and operation control centers as well as the developments of the private security industry are focused elements at the congress.<\/p>\n<p>Three half-day modules revolve around the human success factor and the safety and health of employees. They show different approaches around successful <strong>Occupational safety management<\/strong> The report also addresses the personal responsibility of employees with regard to occupational safety and the challenges of workplaces at height with their fall protection systems.<\/p>\n<p><strong>Fire protection and escape route<\/strong>e: In three half-day sessions, experiences in fire protection are shared, which allow parallels and conclusions to be drawn about fire protection efforts in one's own company. Another module addresses all legal, organizational and dispositional issues related to safe escape and rescue routes with experts.<\/p>\n<p>A novelty at the 20th edition of the congress will be the first workshop-like thematic block on <strong>Threat Management<\/strong>. An experienced police psychologist and profiler shares her experiences from various cases with the plenary.<\/p>","protected":false},"excerpt":{"rendered":"<p>Der Fachkongress ist in 19 halbt\u00e4gige Module gegliedert. Das Themenspektrum geht \u00fcber die allgemeine Messethematik hinaus und betrachtet Sicherheit gesamtheitlich.\u00a0Er\u00f6ffnet wird der Kongress am 10. November mit einem Modul zu den aktuellen Bedrohungen sowie potenziellen Gefahren f\u00fcr \u00f6ffentliche und private Organisationen. Sicherheitspolitische Herausforderungen, Korruption, aktuelle und k\u00fcnftige Bedrohungsformen sowie Strategien der Risikoreduzierung und zu ergreifende [&hellip;]<\/p>\n","protected":false},"author":1,"featured_media":3141,"comment_status":"open","ping_status":"open","sticky":false,"template":"","format":"standard","meta":{"_acf_changed":false,"pgc_sgb_lightbox_settings":"","footnotes":""},"categories":[1],"tags":[109,84],"class_list":["post-3140","post","type-post","status-publish","format-standard","has-post-thumbnail","hentry","category-allgemein","tag-aus-und-weiterbildung","tag-fachkongressfachmesse"],"acf":[],"hkrextid":null,"publication":null,"issue":null,"workflow":null,"startPage":null,"spitzmarke":null,"_posts_by_tag_page_fields":{"widget_title":"","widget_tags":""},"_at_widget":"1","_yoast_wpseo_primary_category":"","_yoast_wpseo_focuskw_text_input":"Kongressthemen","_yoast_wpseo_opengraph-image":"https:\/\/news.save.ch\/wp-content\/uploads\/2016\/12\/Sicherheitsmesse-Z\u00fcrich-Die-Kongressthemen_sicherheitsforum.jpg","_yoast_wpseo_opengraph-description":"Die Messe SICHERHEIT (10.-13. November) und der begleitende Fachkongress feiern 2015 das 20-Jahr-Jubil\u00e4um. Soeben wurden die Kongressthemen ver\u00f6ffentlicht.","_yoast_wpseo_opengraph-title":"Sicherheitsmesse Z\u00fcrich: Die Kongressthemen","enclosure":null,"_yoast_wpseo_twitter-title":null,"_yoast_wpseo_twitter-description":null,"_yoast_wpseo_twitter-image":null,"_wp_old_slug":null,"_yoast_wpseo_title":null,"_yoast_wpseo_canonical":null,"yoast_head":"<!-- This site is optimized with the Yoast SEO plugin v27.4 - https:\/\/yoast.com\/product\/yoast-seo-wordpress\/ -->\n<title>Sicherheitsmesse Z\u00fcrich: Die Kongressthemen - Save<\/title>\n<meta name=\"description\" content=\"Die Messe SICHERHEIT (10.-13. November) und der begleitende Fachkongress feiern 2015 das 20-Jahr-Jubil\u00e4um. Soeben wurden die Kongressthemen ver\u00f6ffentlicht.\" \/>\n<meta name=\"robots\" content=\"index, follow, max-snippet:-1, max-image-preview:large, max-video-preview:-1\" \/>\n<link rel=\"canonical\" href=\"https:\/\/news.save.ch\/en\/sicherheitsmesse-zuerich-die-kongressthemen\/\" \/>\n<meta property=\"og:locale\" content=\"en_US\" \/>\n<meta property=\"og:type\" content=\"article\" \/>\n<meta property=\"og:title\" content=\"Sicherheitsmesse Z\u00fcrich: Die Kongressthemen\" \/>\n<meta property=\"og:description\" content=\"Die Messe SICHERHEIT (10.-13. November) und der begleitende Fachkongress feiern 2015 das 20-Jahr-Jubil\u00e4um. Soeben wurden die Kongressthemen ver\u00f6ffentlicht.\" \/>\n<meta property=\"og:url\" content=\"https:\/\/news.save.ch\/en\/sicherheitsmesse-zuerich-die-kongressthemen\/\" \/>\n<meta property=\"og:site_name\" content=\"Save\" \/>\n<meta property=\"article:published_time\" content=\"2015-06-16T09:15:47+00:00\" \/>\n<meta property=\"og:image\" content=\"https:\/\/news.save.ch\/wp-content\/uploads\/2016\/12\/Sicherheitsmesse-Z\u00fcrich-Die-Kongressthemen_sicherheitsforum.jpg\" \/>\n<meta name=\"author\" content=\"admin\" \/>\n<meta name=\"twitter:card\" content=\"summary_large_image\" \/>\n<meta name=\"twitter:label1\" content=\"Written by\" \/>\n\t<meta name=\"twitter:data1\" content=\"admin\" \/>\n\t<meta name=\"twitter:label2\" content=\"Est. reading time\" \/>\n\t<meta name=\"twitter:data2\" content=\"1 minute\" \/>\n<script type=\"application\/ld+json\" class=\"yoast-schema-graph\">{\"@context\":\"https:\\\/\\\/schema.org\",\"@graph\":[{\"@type\":\"Article\",\"@id\":\"https:\\\/\\\/news.save.ch\\\/sicherheitsmesse-zuerich-die-kongressthemen\\\/#article\",\"isPartOf\":{\"@id\":\"https:\\\/\\\/news.save.ch\\\/sicherheitsmesse-zuerich-die-kongressthemen\\\/\"},\"author\":{\"name\":\"admin\",\"@id\":\"https:\\\/\\\/news.save.ch\\\/de\\\/#\\\/schema\\\/person\\\/d49e199490bad7c70d64b9ab51142f2b\"},\"headline\":\"Sicherheitsmesse Z\u00fcrich: Die Kongressthemen\",\"datePublished\":\"2015-06-16T09:15:47+00:00\",\"mainEntityOfPage\":{\"@id\":\"https:\\\/\\\/news.save.ch\\\/sicherheitsmesse-zuerich-die-kongressthemen\\\/\"},\"wordCount\":280,\"commentCount\":0,\"publisher\":{\"@id\":\"https:\\\/\\\/news.save.ch\\\/de\\\/#organization\"},\"image\":{\"@id\":\"https:\\\/\\\/news.save.ch\\\/sicherheitsmesse-zuerich-die-kongressthemen\\\/#primaryimage\"},\"thumbnailUrl\":\"https:\\\/\\\/news.save.ch\\\/wp-content\\\/uploads\\\/2016\\\/12\\\/Sicherheitsmesse-Zuerich-Die-Kongressthemen_sicherheitsforum.jpg\",\"keywords\":[\"Aus- und Weiterbildung\",\"Fachkongress\\\/Fachmesse\"],\"articleSection\":[\"ALLGEMEIN\"],\"inLanguage\":\"en-US\"},{\"@type\":\"WebPage\",\"@id\":\"https:\\\/\\\/news.save.ch\\\/sicherheitsmesse-zuerich-die-kongressthemen\\\/\",\"url\":\"https:\\\/\\\/news.save.ch\\\/sicherheitsmesse-zuerich-die-kongressthemen\\\/\",\"name\":\"Sicherheitsmesse Z\u00fcrich: Die Kongressthemen - Save\",\"isPartOf\":{\"@id\":\"https:\\\/\\\/news.save.ch\\\/de\\\/#website\"},\"primaryImageOfPage\":{\"@id\":\"https:\\\/\\\/news.save.ch\\\/sicherheitsmesse-zuerich-die-kongressthemen\\\/#primaryimage\"},\"image\":{\"@id\":\"https:\\\/\\\/news.save.ch\\\/sicherheitsmesse-zuerich-die-kongressthemen\\\/#primaryimage\"},\"thumbnailUrl\":\"https:\\\/\\\/news.save.ch\\\/wp-content\\\/uploads\\\/2016\\\/12\\\/Sicherheitsmesse-Zuerich-Die-Kongressthemen_sicherheitsforum.jpg\",\"datePublished\":\"2015-06-16T09:15:47+00:00\",\"description\":\"Die Messe SICHERHEIT (10.-13. November) und der begleitende Fachkongress feiern 2015 das 20-Jahr-Jubil\u00e4um. Soeben wurden die Kongressthemen ver\u00f6ffentlicht.\",\"breadcrumb\":{\"@id\":\"https:\\\/\\\/news.save.ch\\\/sicherheitsmesse-zuerich-die-kongressthemen\\\/#breadcrumb\"},\"inLanguage\":\"en-US\",\"potentialAction\":[{\"@type\":\"ReadAction\",\"target\":[\"https:\\\/\\\/news.save.ch\\\/sicherheitsmesse-zuerich-die-kongressthemen\\\/\"]}]},{\"@type\":\"ImageObject\",\"inLanguage\":\"en-US\",\"@id\":\"https:\\\/\\\/news.save.ch\\\/sicherheitsmesse-zuerich-die-kongressthemen\\\/#primaryimage\",\"url\":\"https:\\\/\\\/news.save.ch\\\/wp-content\\\/uploads\\\/2016\\\/12\\\/Sicherheitsmesse-Zuerich-Die-Kongressthemen_sicherheitsforum.jpg\",\"contentUrl\":\"https:\\\/\\\/news.save.ch\\\/wp-content\\\/uploads\\\/2016\\\/12\\\/Sicherheitsmesse-Zuerich-Die-Kongressthemen_sicherheitsforum.jpg\",\"width\":500,\"height\":542},{\"@type\":\"BreadcrumbList\",\"@id\":\"https:\\\/\\\/news.save.ch\\\/sicherheitsmesse-zuerich-die-kongressthemen\\\/#breadcrumb\",\"itemListElement\":[{\"@type\":\"ListItem\",\"position\":1,\"name\":\"Home\",\"item\":\"https:\\\/\\\/news.save.ch\\\/de\\\/\"},{\"@type\":\"ListItem\",\"position\":2,\"name\":\"Sicherheitsmesse Z\u00fcrich: Die Kongressthemen\"}]},{\"@type\":\"WebSite\",\"@id\":\"https:\\\/\\\/news.save.ch\\\/de\\\/#website\",\"url\":\"https:\\\/\\\/news.save.ch\\\/de\\\/\",\"name\":\"Save\",\"description\":\"Schweizer Fachzeitschrift f\u00fcr Sicherheit\",\"publisher\":{\"@id\":\"https:\\\/\\\/news.save.ch\\\/de\\\/#organization\"},\"potentialAction\":[{\"@type\":\"SearchAction\",\"target\":{\"@type\":\"EntryPoint\",\"urlTemplate\":\"https:\\\/\\\/news.save.ch\\\/de\\\/?s={search_term_string}\"},\"query-input\":{\"@type\":\"PropertyValueSpecification\",\"valueRequired\":true,\"valueName\":\"search_term_string\"}}],\"inLanguage\":\"en-US\"},{\"@type\":\"Organization\",\"@id\":\"https:\\\/\\\/news.save.ch\\\/de\\\/#organization\",\"name\":\"Sicherheitsforum\",\"url\":\"https:\\\/\\\/news.save.ch\\\/de\\\/\",\"logo\":{\"@type\":\"ImageObject\",\"inLanguage\":\"en-US\",\"@id\":\"https:\\\/\\\/news.save.ch\\\/de\\\/#\\\/schema\\\/logo\\\/image\\\/\",\"url\":\"https:\\\/\\\/news.save.ch\\\/wp-content\\\/uploads\\\/2022\\\/06\\\/Logo_SF_2012.png\",\"contentUrl\":\"https:\\\/\\\/news.save.ch\\\/wp-content\\\/uploads\\\/2022\\\/06\\\/Logo_SF_2012.png\",\"width\":1100,\"height\":91,\"caption\":\"Sicherheitsforum\"},\"image\":{\"@id\":\"https:\\\/\\\/news.save.ch\\\/de\\\/#\\\/schema\\\/logo\\\/image\\\/\"}},{\"@type\":\"Person\",\"@id\":\"https:\\\/\\\/news.save.ch\\\/de\\\/#\\\/schema\\\/person\\\/d49e199490bad7c70d64b9ab51142f2b\",\"name\":\"admin\",\"image\":{\"@type\":\"ImageObject\",\"inLanguage\":\"en-US\",\"@id\":\"https:\\\/\\\/secure.gravatar.com\\\/avatar\\\/ae2f4d718e6c49043e314ce431e7e645d646302a24a5ef5a8bc8e3f5a032e319?s=96&d=mm&r=g\",\"url\":\"https:\\\/\\\/secure.gravatar.com\\\/avatar\\\/ae2f4d718e6c49043e314ce431e7e645d646302a24a5ef5a8bc8e3f5a032e319?s=96&d=mm&r=g\",\"contentUrl\":\"https:\\\/\\\/secure.gravatar.com\\\/avatar\\\/ae2f4d718e6c49043e314ce431e7e645d646302a24a5ef5a8bc8e3f5a032e319?s=96&d=mm&r=g\",\"caption\":\"admin\"},\"sameAs\":[\"https:\\\/\\\/develop.organisator.galledia.ch\"],\"url\":\"https:\\\/\\\/news.save.ch\\\/en\\\/author\\\/admin\\\/\"}]}<\/script>\n<!-- \/ Yoast SEO plugin. -->","yoast_head_json":{"title":"Zurich Security Fair: The congress topics - Save","description":"The SICHERHEIT trade fair (November 10-13) and the accompanying trade congress will celebrate their 20th anniversary in 2015. The congress topics have just been published.","robots":{"index":"index","follow":"follow","max-snippet":"max-snippet:-1","max-image-preview":"max-image-preview:large","max-video-preview":"max-video-preview:-1"},"canonical":"https:\/\/news.save.ch\/en\/sicherheitsmesse-zuerich-die-kongressthemen\/","og_locale":"en_US","og_type":"article","og_title":"Sicherheitsmesse Z\u00fcrich: Die Kongressthemen","og_description":"Die Messe SICHERHEIT (10.-13. November) und der begleitende Fachkongress feiern 2015 das 20-Jahr-Jubil\u00e4um. Soeben wurden die Kongressthemen ver\u00f6ffentlicht.","og_url":"https:\/\/news.save.ch\/en\/sicherheitsmesse-zuerich-die-kongressthemen\/","og_site_name":"Save","article_published_time":"2015-06-16T09:15:47+00:00","og_image":[{"url":"https:\/\/news.save.ch\/wp-content\/uploads\/2016\/12\/Sicherheitsmesse-Z\u00fcrich-Die-Kongressthemen_sicherheitsforum.jpg","type":"","width":"","height":""}],"author":"admin","twitter_card":"summary_large_image","twitter_misc":{"Written by":"admin","Est. reading time":"1 minute"},"schema":{"@context":"https:\/\/schema.org","@graph":[{"@type":"Article","@id":"https:\/\/news.save.ch\/sicherheitsmesse-zuerich-die-kongressthemen\/#article","isPartOf":{"@id":"https:\/\/news.save.ch\/sicherheitsmesse-zuerich-die-kongressthemen\/"},"author":{"name":"admin","@id":"https:\/\/news.save.ch\/de\/#\/schema\/person\/d49e199490bad7c70d64b9ab51142f2b"},"headline":"Sicherheitsmesse Z\u00fcrich: Die Kongressthemen","datePublished":"2015-06-16T09:15:47+00:00","mainEntityOfPage":{"@id":"https:\/\/news.save.ch\/sicherheitsmesse-zuerich-die-kongressthemen\/"},"wordCount":280,"commentCount":0,"publisher":{"@id":"https:\/\/news.save.ch\/de\/#organization"},"image":{"@id":"https:\/\/news.save.ch\/sicherheitsmesse-zuerich-die-kongressthemen\/#primaryimage"},"thumbnailUrl":"https:\/\/news.save.ch\/wp-content\/uploads\/2016\/12\/Sicherheitsmesse-Zuerich-Die-Kongressthemen_sicherheitsforum.jpg","keywords":["Aus- und Weiterbildung","Fachkongress\/Fachmesse"],"articleSection":["ALLGEMEIN"],"inLanguage":"en-US"},{"@type":"WebPage","@id":"https:\/\/news.save.ch\/sicherheitsmesse-zuerich-die-kongressthemen\/","url":"https:\/\/news.save.ch\/sicherheitsmesse-zuerich-die-kongressthemen\/","name":"Zurich Security Fair: The congress topics - Save","isPartOf":{"@id":"https:\/\/news.save.ch\/de\/#website"},"primaryImageOfPage":{"@id":"https:\/\/news.save.ch\/sicherheitsmesse-zuerich-die-kongressthemen\/#primaryimage"},"image":{"@id":"https:\/\/news.save.ch\/sicherheitsmesse-zuerich-die-kongressthemen\/#primaryimage"},"thumbnailUrl":"https:\/\/news.save.ch\/wp-content\/uploads\/2016\/12\/Sicherheitsmesse-Zuerich-Die-Kongressthemen_sicherheitsforum.jpg","datePublished":"2015-06-16T09:15:47+00:00","description":"The SICHERHEIT trade fair (November 10-13) and the accompanying trade congress will celebrate their 20th anniversary in 2015. The congress topics have just been published.","breadcrumb":{"@id":"https:\/\/news.save.ch\/sicherheitsmesse-zuerich-die-kongressthemen\/#breadcrumb"},"inLanguage":"en-US","potentialAction":[{"@type":"ReadAction","target":["https:\/\/news.save.ch\/sicherheitsmesse-zuerich-die-kongressthemen\/"]}]},{"@type":"ImageObject","inLanguage":"en-US","@id":"https:\/\/news.save.ch\/sicherheitsmesse-zuerich-die-kongressthemen\/#primaryimage","url":"https:\/\/news.save.ch\/wp-content\/uploads\/2016\/12\/Sicherheitsmesse-Zuerich-Die-Kongressthemen_sicherheitsforum.jpg","contentUrl":"https:\/\/news.save.ch\/wp-content\/uploads\/2016\/12\/Sicherheitsmesse-Zuerich-Die-Kongressthemen_sicherheitsforum.jpg","width":500,"height":542},{"@type":"BreadcrumbList","@id":"https:\/\/news.save.ch\/sicherheitsmesse-zuerich-die-kongressthemen\/#breadcrumb","itemListElement":[{"@type":"ListItem","position":1,"name":"Home","item":"https:\/\/news.save.ch\/de\/"},{"@type":"ListItem","position":2,"name":"Sicherheitsmesse Z\u00fcrich: Die Kongressthemen"}]},{"@type":"WebSite","@id":"https:\/\/news.save.ch\/de\/#website","url":"https:\/\/news.save.ch\/de\/","name":"Save","description":"Swiss trade journal for safety","publisher":{"@id":"https:\/\/news.save.ch\/de\/#organization"},"potentialAction":[{"@type":"SearchAction","target":{"@type":"EntryPoint","urlTemplate":"https:\/\/news.save.ch\/de\/?s={search_term_string}"},"query-input":{"@type":"PropertyValueSpecification","valueRequired":true,"valueName":"search_term_string"}}],"inLanguage":"en-US"},{"@type":"Organization","@id":"https:\/\/news.save.ch\/de\/#organization","name":"Security Forum","url":"https:\/\/news.save.ch\/de\/","logo":{"@type":"ImageObject","inLanguage":"en-US","@id":"https:\/\/news.save.ch\/de\/#\/schema\/logo\/image\/","url":"https:\/\/news.save.ch\/wp-content\/uploads\/2022\/06\/Logo_SF_2012.png","contentUrl":"https:\/\/news.save.ch\/wp-content\/uploads\/2022\/06\/Logo_SF_2012.png","width":1100,"height":91,"caption":"Sicherheitsforum"},"image":{"@id":"https:\/\/news.save.ch\/de\/#\/schema\/logo\/image\/"}},{"@type":"Person","@id":"https:\/\/news.save.ch\/de\/#\/schema\/person\/d49e199490bad7c70d64b9ab51142f2b","name":"admin","image":{"@type":"ImageObject","inLanguage":"en-US","@id":"https:\/\/secure.gravatar.com\/avatar\/ae2f4d718e6c49043e314ce431e7e645d646302a24a5ef5a8bc8e3f5a032e319?s=96&d=mm&r=g","url":"https:\/\/secure.gravatar.com\/avatar\/ae2f4d718e6c49043e314ce431e7e645d646302a24a5ef5a8bc8e3f5a032e319?s=96&d=mm&r=g","contentUrl":"https:\/\/secure.gravatar.com\/avatar\/ae2f4d718e6c49043e314ce431e7e645d646302a24a5ef5a8bc8e3f5a032e319?s=96&d=mm&r=g","caption":"admin"},"sameAs":["https:\/\/develop.organisator.galledia.ch"],"url":"https:\/\/news.save.ch\/en\/author\/admin\/"}]}},"_links":{"self":[{"href":"https:\/\/news.save.ch\/en\/wp-json\/wp\/v2\/posts\/3140","targetHints":{"allow":["GET"]}}],"collection":[{"href":"https:\/\/news.save.ch\/en\/wp-json\/wp\/v2\/posts"}],"about":[{"href":"https:\/\/news.save.ch\/en\/wp-json\/wp\/v2\/types\/post"}],"author":[{"embeddable":true,"href":"https:\/\/news.save.ch\/en\/wp-json\/wp\/v2\/users\/1"}],"replies":[{"embeddable":true,"href":"https:\/\/news.save.ch\/en\/wp-json\/wp\/v2\/comments?post=3140"}],"version-history":[{"count":0,"href":"https:\/\/news.save.ch\/en\/wp-json\/wp\/v2\/posts\/3140\/revisions"}],"wp:featuredmedia":[{"embeddable":true,"href":"https:\/\/news.save.ch\/en\/wp-json\/wp\/v2\/media\/3141"}],"wp:attachment":[{"href":"https:\/\/news.save.ch\/en\/wp-json\/wp\/v2\/media?parent=3140"}],"wp:term":[{"taxonomy":"category","embeddable":true,"href":"https:\/\/news.save.ch\/en\/wp-json\/wp\/v2\/categories?post=3140"},{"taxonomy":"post_tag","embeddable":true,"href":"https:\/\/news.save.ch\/en\/wp-json\/wp\/v2\/tags?post=3140"}],"curies":[{"name":"wp","href":"https:\/\/api.w.org\/{rel}","templated":true}]}}