{"id":3144,"date":"2016-06-16T11:20:05","date_gmt":"2016-06-16T09:20:05","guid":{"rendered":"https:\/\/dev.sicherheitsforum.ch\/?p=3144"},"modified":"2016-06-16T11:20:05","modified_gmt":"2016-06-16T09:20:05","slug":"siemens-divison-in-zug-wird-restrukturiert","status":null,"type":"post","link":"https:\/\/news.save.ch\/en\/siemens-divison-in-zug-wird-restrukturiert\/","title":{"rendered":"Siemens division in Zug to be restructured"},"content":{"rendered":"<figure id=\"attachment_3152\" aria-describedby=\"caption-attachment-3152\" style=\"width: 680px\" class=\"wp-caption alignnone\"><img loading=\"lazy\" decoding=\"async\" class=\"wp-image-3152 size-medium\" src=\"https:\/\/news.save.ch\/wp-content\/uploads\/2016\/12\/Siemens-Divison-in-Zug-wird-restrukturiert_sicherheitsforum.jpg\" width=\"680\" height=\"453\" \/><figcaption id=\"caption-attachment-3152\" class=\"wp-caption-text\">The site in Zug is nevertheless to remain the competence center for innovative building technology.<\/figcaption><\/figure>\n<p>For Matthias Rebellius, CEO of the <a href=\"https:\/\/www.siemens.ch\" target=\"_blank\" data-cke-saved-href=\"https:\/\/www.siemens.ch\" rel=\"noopener\">Siemens<\/a>-Building Technologies Division, these measures are unavoidable in order to secure the site in Zug in the long term. \"The recent rise in the Swiss franc exchange rate has had a massive impact on our competitiveness, especially on production here at the site. Since a large part of our global value creation takes place in Switzerland, we are forced to act.\" However, the company intends to retain Zug as a global center of excellence.<\/p>\n<p>The competitiveness of the Swiss location has deteriorated significantly in recent years due to the exchange rate, especially since the minimum euro exchange rate was abolished in January 2015. Although Siemens implemented several optimizations in production, such as the merger of the Volketswil and Zug sites more than a year ago, the recent rise in the Swiss franc exchange rate has led to a cost level that is no longer sustainable.<\/p>\n<p>For Rebellius, it is therefore urgently necessary to increasingly relocate production to those regions where products and services are also sold, in order to be more independent of currency fluctuations and to take advantage of countries with lower labor costs. The aim, he says, is to manufacture in Zug only those products and components whose design and technology (e.g. fire protection systems) make high demands on production and for which proximity to the development location would offer an important advantage.<\/p>\n<p>That is why the company intends to stick to its plans to build a new headquarters in Zug. \"By 2018, we will move into a state-of-the-art development center and production building in addition to the new administration building,\" says Rebellius.<\/p>\n<p>As the most important measure to optimize production, it is planned to relocate around 30% of the current manufacturing volume in Zug to other Siemens sites as well as to transfer it to external companies. This would better cushion currency risks and thus increase the stability of the value creation structures under the given economic conditions, according to the statement.<\/p>\n<p>The plan is to start relocating the first production lines in January 2016 and to complete the measures by the end of 2016. The Zug production site will then still be of a size that ensures a competitive factory with a focus on the core competencies of electronics and electro-mechanics, with around 350 employees - compared with around 500 today.<\/p>\n<p>The industrial company assumes that part of the planned personnel adjustments can be realized by reducing the number of temporary workers, natural fluctuation and early retirements. Unfortunately, however, it will not be possible to avoid layoffs. The company is in talks with the employee representatives (ANV) in order to make the reduction as socially acceptable as possible.<\/p>","protected":false},"excerpt":{"rendered":"<p>F\u00fcr Matthias Rebellius, CEO der Siemens-Division Building Technologies, sind diese Massnahmen unumg\u00e4nglich, um den Standort in Zug nachhaltig zu sichern. \u201eDer j\u00fcngste Anstieg des Frankenkurses hat massive Auswirkungen auf unsere Wettbewerbsf\u00e4higkeit, insbesondere auf die Produktion hier am Standort. Da ein grosser Teil unserer globalen Wertsch\u00f6pfung in der Schweiz anf\u00e4llt, sind wir zum Handeln gezwungen.\u201c Am [&hellip;]<\/p>\n","protected":false},"author":1,"featured_media":3152,"comment_status":"open","ping_status":"open","sticky":false,"template":"","format":"standard","meta":{"_acf_changed":false,"pgc_sgb_lightbox_settings":"","footnotes":""},"categories":[1],"tags":[65],"class_list":["post-3144","post","type-post","status-publish","format-standard","has-post-thumbnail","hentry","category-allgemein","tag-unternehmen"],"acf":[],"hkrextid":null,"publication":null,"issue":null,"workflow":null,"startPage":null,"spitzmarke":null,"_posts_by_tag_page_fields":{"widget_title":"","widget_tags":""},"_at_widget":"1","_yoast_wpseo_primary_category":"","_yoast_wpseo_focuskw_text_input":"Siemens-Divison","_yoast_wpseo_opengraph-image":"https:\/\/news.save.ch\/wp-content\/uploads\/2016\/12\/Siemens-Divison-in-Zug-wird-restrukturiert_sicherheitsforum.jpg","_yoast_wpseo_opengraph-description":"Die Siemens-Division Building Technologies in Zug plant, wie angek\u00fcndigt, Optimierungen im Produktionsbereich. Im Rahmen dieser Massnahmen, die aufgrund der Frankenst\u00e4rke notwendig sind, werden einzelne Produktionslinien ins Ausland verlagert, wie das Unternehmen mitgeteilt hat. Damit verbunden ist auch ein Stellenabbau in Zug von voraussichtlich rund 150 Personen.","_yoast_wpseo_opengraph-title":"Siemens-Divison in Zug wird restrukturiert","enclosure":null,"_yoast_wpseo_twitter-title":null,"_yoast_wpseo_twitter-description":null,"_yoast_wpseo_twitter-image":null,"_wp_old_slug":null,"_yoast_wpseo_title":null,"_yoast_wpseo_canonical":null,"yoast_head":"<!-- This site is optimized with the Yoast SEO plugin v27.5 - https:\/\/yoast.com\/product\/yoast-seo-wordpress\/ -->\n<title>Siemens-Divison in Zug wird restrukturiert - Save<\/title>\n<meta name=\"description\" content=\"Die Siemens-Division Building Technologies in Zug plant, wie angek\u00fcndigt, Optimierungen im Produktionsbereich.\" \/>\n<meta name=\"robots\" content=\"index, follow, max-snippet:-1, max-image-preview:large, max-video-preview:-1\" \/>\n<link rel=\"canonical\" href=\"https:\/\/news.save.ch\/en\/siemens-divison-in-zug-wird-restrukturiert\/\" \/>\n<meta property=\"og:locale\" content=\"en_US\" \/>\n<meta property=\"og:type\" content=\"article\" \/>\n<meta property=\"og:title\" content=\"Siemens-Divison in Zug wird restrukturiert\" \/>\n<meta property=\"og:description\" content=\"Die Siemens-Division Building Technologies in Zug plant, wie angek\u00fcndigt, Optimierungen im Produktionsbereich. Im Rahmen dieser Massnahmen, die aufgrund der Frankenst\u00e4rke notwendig sind, werden einzelne Produktionslinien ins Ausland verlagert, wie das Unternehmen mitgeteilt hat. Damit verbunden ist auch ein Stellenabbau in Zug von voraussichtlich rund 150 Personen.\" \/>\n<meta property=\"og:url\" content=\"https:\/\/news.save.ch\/en\/siemens-divison-in-zug-wird-restrukturiert\/\" \/>\n<meta property=\"og:site_name\" content=\"Save\" \/>\n<meta property=\"article:published_time\" content=\"2016-06-16T09:20:05+00:00\" \/>\n<meta property=\"og:image\" content=\"https:\/\/news.save.ch\/wp-content\/uploads\/2016\/12\/Siemens-Divison-in-Zug-wird-restrukturiert_sicherheitsforum.jpg\" \/>\n<meta name=\"author\" content=\"admin\" \/>\n<meta name=\"twitter:card\" content=\"summary_large_image\" \/>\n<meta name=\"twitter:label1\" content=\"Written by\" \/>\n\t<meta name=\"twitter:data1\" content=\"admin\" \/>\n\t<meta name=\"twitter:label2\" content=\"Est. reading time\" \/>\n\t<meta name=\"twitter:data2\" content=\"2 minutes\" \/>\n<script type=\"application\/ld+json\" class=\"yoast-schema-graph\">{\"@context\":\"https:\\\/\\\/schema.org\",\"@graph\":[{\"@type\":\"Article\",\"@id\":\"https:\\\/\\\/news.save.ch\\\/siemens-divison-in-zug-wird-restrukturiert\\\/#article\",\"isPartOf\":{\"@id\":\"https:\\\/\\\/news.save.ch\\\/siemens-divison-in-zug-wird-restrukturiert\\\/\"},\"author\":{\"name\":\"admin\",\"@id\":\"https:\\\/\\\/news.save.ch\\\/de\\\/#\\\/schema\\\/person\\\/d49e199490bad7c70d64b9ab51142f2b\"},\"headline\":\"Siemens-Divison in Zug wird restrukturiert\",\"datePublished\":\"2016-06-16T09:20:05+00:00\",\"mainEntityOfPage\":{\"@id\":\"https:\\\/\\\/news.save.ch\\\/siemens-divison-in-zug-wird-restrukturiert\\\/\"},\"wordCount\":433,\"commentCount\":0,\"publisher\":{\"@id\":\"https:\\\/\\\/news.save.ch\\\/de\\\/#organization\"},\"image\":{\"@id\":\"https:\\\/\\\/news.save.ch\\\/siemens-divison-in-zug-wird-restrukturiert\\\/#primaryimage\"},\"thumbnailUrl\":\"https:\\\/\\\/news.save.ch\\\/wp-content\\\/uploads\\\/2016\\\/12\\\/Siemens-Divison-in-Zug-wird-restrukturiert_sicherheitsforum-scaled.jpg\",\"keywords\":[\"Unternehmen\"],\"articleSection\":[\"ALLGEMEIN\"],\"inLanguage\":\"en-US\"},{\"@type\":\"WebPage\",\"@id\":\"https:\\\/\\\/news.save.ch\\\/siemens-divison-in-zug-wird-restrukturiert\\\/\",\"url\":\"https:\\\/\\\/news.save.ch\\\/siemens-divison-in-zug-wird-restrukturiert\\\/\",\"name\":\"Siemens-Divison in Zug wird restrukturiert - Save\",\"isPartOf\":{\"@id\":\"https:\\\/\\\/news.save.ch\\\/de\\\/#website\"},\"primaryImageOfPage\":{\"@id\":\"https:\\\/\\\/news.save.ch\\\/siemens-divison-in-zug-wird-restrukturiert\\\/#primaryimage\"},\"image\":{\"@id\":\"https:\\\/\\\/news.save.ch\\\/siemens-divison-in-zug-wird-restrukturiert\\\/#primaryimage\"},\"thumbnailUrl\":\"https:\\\/\\\/news.save.ch\\\/wp-content\\\/uploads\\\/2016\\\/12\\\/Siemens-Divison-in-Zug-wird-restrukturiert_sicherheitsforum-scaled.jpg\",\"datePublished\":\"2016-06-16T09:20:05+00:00\",\"description\":\"Die Siemens-Division Building Technologies in Zug plant, wie angek\u00fcndigt, Optimierungen im Produktionsbereich.\",\"breadcrumb\":{\"@id\":\"https:\\\/\\\/news.save.ch\\\/siemens-divison-in-zug-wird-restrukturiert\\\/#breadcrumb\"},\"inLanguage\":\"en-US\",\"potentialAction\":[{\"@type\":\"ReadAction\",\"target\":[\"https:\\\/\\\/news.save.ch\\\/siemens-divison-in-zug-wird-restrukturiert\\\/\"]}]},{\"@type\":\"ImageObject\",\"inLanguage\":\"en-US\",\"@id\":\"https:\\\/\\\/news.save.ch\\\/siemens-divison-in-zug-wird-restrukturiert\\\/#primaryimage\",\"url\":\"https:\\\/\\\/news.save.ch\\\/wp-content\\\/uploads\\\/2016\\\/12\\\/Siemens-Divison-in-Zug-wird-restrukturiert_sicherheitsforum-scaled.jpg\",\"contentUrl\":\"https:\\\/\\\/news.save.ch\\\/wp-content\\\/uploads\\\/2016\\\/12\\\/Siemens-Divison-in-Zug-wird-restrukturiert_sicherheitsforum-scaled.jpg\",\"width\":1400,\"height\":934,\"caption\":\"Der Standort in Zug soll trotzdem das Kompetenzzentrum f\u00fcr innovative Geb\u00e4udetechnik bleiben.\"},{\"@type\":\"BreadcrumbList\",\"@id\":\"https:\\\/\\\/news.save.ch\\\/siemens-divison-in-zug-wird-restrukturiert\\\/#breadcrumb\",\"itemListElement\":[{\"@type\":\"ListItem\",\"position\":1,\"name\":\"Home\",\"item\":\"https:\\\/\\\/news.save.ch\\\/de\\\/\"},{\"@type\":\"ListItem\",\"position\":2,\"name\":\"Siemens-Divison in Zug wird restrukturiert\"}]},{\"@type\":\"WebSite\",\"@id\":\"https:\\\/\\\/news.save.ch\\\/de\\\/#website\",\"url\":\"https:\\\/\\\/news.save.ch\\\/de\\\/\",\"name\":\"Save\",\"description\":\"Schweizer Fachzeitschrift f\u00fcr Sicherheit\",\"publisher\":{\"@id\":\"https:\\\/\\\/news.save.ch\\\/de\\\/#organization\"},\"potentialAction\":[{\"@type\":\"SearchAction\",\"target\":{\"@type\":\"EntryPoint\",\"urlTemplate\":\"https:\\\/\\\/news.save.ch\\\/de\\\/?s={search_term_string}\"},\"query-input\":{\"@type\":\"PropertyValueSpecification\",\"valueRequired\":true,\"valueName\":\"search_term_string\"}}],\"inLanguage\":\"en-US\"},{\"@type\":\"Organization\",\"@id\":\"https:\\\/\\\/news.save.ch\\\/de\\\/#organization\",\"name\":\"Sicherheitsforum\",\"url\":\"https:\\\/\\\/news.save.ch\\\/de\\\/\",\"logo\":{\"@type\":\"ImageObject\",\"inLanguage\":\"en-US\",\"@id\":\"https:\\\/\\\/news.save.ch\\\/de\\\/#\\\/schema\\\/logo\\\/image\\\/\",\"url\":\"https:\\\/\\\/news.save.ch\\\/wp-content\\\/uploads\\\/2022\\\/06\\\/Logo_SF_2012.png\",\"contentUrl\":\"https:\\\/\\\/news.save.ch\\\/wp-content\\\/uploads\\\/2022\\\/06\\\/Logo_SF_2012.png\",\"width\":1100,\"height\":91,\"caption\":\"Sicherheitsforum\"},\"image\":{\"@id\":\"https:\\\/\\\/news.save.ch\\\/de\\\/#\\\/schema\\\/logo\\\/image\\\/\"}},{\"@type\":\"Person\",\"@id\":\"https:\\\/\\\/news.save.ch\\\/de\\\/#\\\/schema\\\/person\\\/d49e199490bad7c70d64b9ab51142f2b\",\"name\":\"admin\",\"image\":{\"@type\":\"ImageObject\",\"inLanguage\":\"en-US\",\"@id\":\"https:\\\/\\\/secure.gravatar.com\\\/avatar\\\/ae2f4d718e6c49043e314ce431e7e645d646302a24a5ef5a8bc8e3f5a032e319?s=96&d=mm&r=g\",\"url\":\"https:\\\/\\\/secure.gravatar.com\\\/avatar\\\/ae2f4d718e6c49043e314ce431e7e645d646302a24a5ef5a8bc8e3f5a032e319?s=96&d=mm&r=g\",\"contentUrl\":\"https:\\\/\\\/secure.gravatar.com\\\/avatar\\\/ae2f4d718e6c49043e314ce431e7e645d646302a24a5ef5a8bc8e3f5a032e319?s=96&d=mm&r=g\",\"caption\":\"admin\"},\"sameAs\":[\"https:\\\/\\\/develop.organisator.galledia.ch\"],\"url\":\"https:\\\/\\\/news.save.ch\\\/en\\\/author\\\/admin\\\/\"}]}<\/script>\n<!-- \/ Yoast SEO plugin. -->","yoast_head_json":{"title":"Siemens division in Zug to be restructured - Save","description":"As announced, the Siemens Building Technologies Division in Zug is planning to optimize its production operations.","robots":{"index":"index","follow":"follow","max-snippet":"max-snippet:-1","max-image-preview":"max-image-preview:large","max-video-preview":"max-video-preview:-1"},"canonical":"https:\/\/news.save.ch\/en\/siemens-divison-in-zug-wird-restrukturiert\/","og_locale":"en_US","og_type":"article","og_title":"Siemens-Divison in Zug wird restrukturiert","og_description":"Die Siemens-Division Building Technologies in Zug plant, wie angek\u00fcndigt, Optimierungen im Produktionsbereich. Im Rahmen dieser Massnahmen, die aufgrund der Frankenst\u00e4rke notwendig sind, werden einzelne Produktionslinien ins Ausland verlagert, wie das Unternehmen mitgeteilt hat. Damit verbunden ist auch ein Stellenabbau in Zug von voraussichtlich rund 150 Personen.","og_url":"https:\/\/news.save.ch\/en\/siemens-divison-in-zug-wird-restrukturiert\/","og_site_name":"Save","article_published_time":"2016-06-16T09:20:05+00:00","og_image":[{"url":"https:\/\/news.save.ch\/wp-content\/uploads\/2016\/12\/Siemens-Divison-in-Zug-wird-restrukturiert_sicherheitsforum.jpg","type":"","width":"","height":""}],"author":"admin","twitter_card":"summary_large_image","twitter_misc":{"Written by":"admin","Est. reading time":"2 minutes"},"schema":{"@context":"https:\/\/schema.org","@graph":[{"@type":"Article","@id":"https:\/\/news.save.ch\/siemens-divison-in-zug-wird-restrukturiert\/#article","isPartOf":{"@id":"https:\/\/news.save.ch\/siemens-divison-in-zug-wird-restrukturiert\/"},"author":{"name":"admin","@id":"https:\/\/news.save.ch\/de\/#\/schema\/person\/d49e199490bad7c70d64b9ab51142f2b"},"headline":"Siemens-Divison in Zug wird restrukturiert","datePublished":"2016-06-16T09:20:05+00:00","mainEntityOfPage":{"@id":"https:\/\/news.save.ch\/siemens-divison-in-zug-wird-restrukturiert\/"},"wordCount":433,"commentCount":0,"publisher":{"@id":"https:\/\/news.save.ch\/de\/#organization"},"image":{"@id":"https:\/\/news.save.ch\/siemens-divison-in-zug-wird-restrukturiert\/#primaryimage"},"thumbnailUrl":"https:\/\/news.save.ch\/wp-content\/uploads\/2016\/12\/Siemens-Divison-in-Zug-wird-restrukturiert_sicherheitsforum-scaled.jpg","keywords":["Unternehmen"],"articleSection":["ALLGEMEIN"],"inLanguage":"en-US"},{"@type":"WebPage","@id":"https:\/\/news.save.ch\/siemens-divison-in-zug-wird-restrukturiert\/","url":"https:\/\/news.save.ch\/siemens-divison-in-zug-wird-restrukturiert\/","name":"Siemens division in Zug to be restructured - Save","isPartOf":{"@id":"https:\/\/news.save.ch\/de\/#website"},"primaryImageOfPage":{"@id":"https:\/\/news.save.ch\/siemens-divison-in-zug-wird-restrukturiert\/#primaryimage"},"image":{"@id":"https:\/\/news.save.ch\/siemens-divison-in-zug-wird-restrukturiert\/#primaryimage"},"thumbnailUrl":"https:\/\/news.save.ch\/wp-content\/uploads\/2016\/12\/Siemens-Divison-in-Zug-wird-restrukturiert_sicherheitsforum-scaled.jpg","datePublished":"2016-06-16T09:20:05+00:00","description":"As announced, the Siemens Building Technologies Division in Zug is planning to optimize its production operations.","breadcrumb":{"@id":"https:\/\/news.save.ch\/siemens-divison-in-zug-wird-restrukturiert\/#breadcrumb"},"inLanguage":"en-US","potentialAction":[{"@type":"ReadAction","target":["https:\/\/news.save.ch\/siemens-divison-in-zug-wird-restrukturiert\/"]}]},{"@type":"ImageObject","inLanguage":"en-US","@id":"https:\/\/news.save.ch\/siemens-divison-in-zug-wird-restrukturiert\/#primaryimage","url":"https:\/\/news.save.ch\/wp-content\/uploads\/2016\/12\/Siemens-Divison-in-Zug-wird-restrukturiert_sicherheitsforum-scaled.jpg","contentUrl":"https:\/\/news.save.ch\/wp-content\/uploads\/2016\/12\/Siemens-Divison-in-Zug-wird-restrukturiert_sicherheitsforum-scaled.jpg","width":1400,"height":934,"caption":"Der Standort in Zug soll trotzdem das Kompetenzzentrum f\u00fcr innovative Geb\u00e4udetechnik bleiben."},{"@type":"BreadcrumbList","@id":"https:\/\/news.save.ch\/siemens-divison-in-zug-wird-restrukturiert\/#breadcrumb","itemListElement":[{"@type":"ListItem","position":1,"name":"Home","item":"https:\/\/news.save.ch\/de\/"},{"@type":"ListItem","position":2,"name":"Siemens-Divison in Zug wird restrukturiert"}]},{"@type":"WebSite","@id":"https:\/\/news.save.ch\/de\/#website","url":"https:\/\/news.save.ch\/de\/","name":"Save","description":"Swiss trade journal for safety","publisher":{"@id":"https:\/\/news.save.ch\/de\/#organization"},"potentialAction":[{"@type":"SearchAction","target":{"@type":"EntryPoint","urlTemplate":"https:\/\/news.save.ch\/de\/?s={search_term_string}"},"query-input":{"@type":"PropertyValueSpecification","valueRequired":true,"valueName":"search_term_string"}}],"inLanguage":"en-US"},{"@type":"Organization","@id":"https:\/\/news.save.ch\/de\/#organization","name":"Security Forum","url":"https:\/\/news.save.ch\/de\/","logo":{"@type":"ImageObject","inLanguage":"en-US","@id":"https:\/\/news.save.ch\/de\/#\/schema\/logo\/image\/","url":"https:\/\/news.save.ch\/wp-content\/uploads\/2022\/06\/Logo_SF_2012.png","contentUrl":"https:\/\/news.save.ch\/wp-content\/uploads\/2022\/06\/Logo_SF_2012.png","width":1100,"height":91,"caption":"Sicherheitsforum"},"image":{"@id":"https:\/\/news.save.ch\/de\/#\/schema\/logo\/image\/"}},{"@type":"Person","@id":"https:\/\/news.save.ch\/de\/#\/schema\/person\/d49e199490bad7c70d64b9ab51142f2b","name":"admin","image":{"@type":"ImageObject","inLanguage":"en-US","@id":"https:\/\/secure.gravatar.com\/avatar\/ae2f4d718e6c49043e314ce431e7e645d646302a24a5ef5a8bc8e3f5a032e319?s=96&d=mm&r=g","url":"https:\/\/secure.gravatar.com\/avatar\/ae2f4d718e6c49043e314ce431e7e645d646302a24a5ef5a8bc8e3f5a032e319?s=96&d=mm&r=g","contentUrl":"https:\/\/secure.gravatar.com\/avatar\/ae2f4d718e6c49043e314ce431e7e645d646302a24a5ef5a8bc8e3f5a032e319?s=96&d=mm&r=g","caption":"admin"},"sameAs":["https:\/\/develop.organisator.galledia.ch"],"url":"https:\/\/news.save.ch\/en\/author\/admin\/"}]}},"_links":{"self":[{"href":"https:\/\/news.save.ch\/en\/wp-json\/wp\/v2\/posts\/3144","targetHints":{"allow":["GET"]}}],"collection":[{"href":"https:\/\/news.save.ch\/en\/wp-json\/wp\/v2\/posts"}],"about":[{"href":"https:\/\/news.save.ch\/en\/wp-json\/wp\/v2\/types\/post"}],"author":[{"embeddable":true,"href":"https:\/\/news.save.ch\/en\/wp-json\/wp\/v2\/users\/1"}],"replies":[{"embeddable":true,"href":"https:\/\/news.save.ch\/en\/wp-json\/wp\/v2\/comments?post=3144"}],"version-history":[{"count":0,"href":"https:\/\/news.save.ch\/en\/wp-json\/wp\/v2\/posts\/3144\/revisions"}],"wp:featuredmedia":[{"embeddable":true,"href":"https:\/\/news.save.ch\/en\/wp-json\/wp\/v2\/media\/3152"}],"wp:attachment":[{"href":"https:\/\/news.save.ch\/en\/wp-json\/wp\/v2\/media?parent=3144"}],"wp:term":[{"taxonomy":"category","embeddable":true,"href":"https:\/\/news.save.ch\/en\/wp-json\/wp\/v2\/categories?post=3144"},{"taxonomy":"post_tag","embeddable":true,"href":"https:\/\/news.save.ch\/en\/wp-json\/wp\/v2\/tags?post=3144"}],"curies":[{"name":"wp","href":"https:\/\/api.w.org\/{rel}","templated":true}]}}