{"id":3178,"date":"2016-03-17T20:40:01","date_gmt":"2016-03-17T19:40:01","guid":{"rendered":"https:\/\/dev.sicherheitsforum.ch\/?p=3178"},"modified":"2016-03-17T20:40:01","modified_gmt":"2016-03-17T19:40:01","slug":"hat-die-schweiz-zu-viele-einsatzzentralen","status":null,"type":"post","link":"https:\/\/news.save.ch\/en\/hat-die-schweiz-zu-viele-einsatzzentralen\/","title":{"rendered":"Does Switzerland have too many operations centers?"},"content":{"rendered":"<figure id=\"attachment_3179\" aria-describedby=\"caption-attachment-3179\" style=\"width: 680px\" class=\"wp-caption alignnone\"><img loading=\"lazy\" decoding=\"async\" class=\"size-medium wp-image-3179\" src=\"https:\/\/news.save.ch\/wp-content\/uploads\/2016\/12\/56eb09e00505c_spik_Sicherhietsforum.jpg\" alt=\"\" width=\"680\" height=\"478\" srcset=\"https:\/\/news.save.ch\/wp-content\/uploads\/2016\/12\/56eb09e00505c_spik_Sicherhietsforum.jpg 1113w, https:\/\/news.save.ch\/wp-content\/uploads\/2016\/12\/56eb09e00505c_spik_Sicherhietsforum-375x264.jpg 375w\" sizes=\"auto, (max-width: 680px) 100vw, 680px\" \/><figcaption id=\"caption-attachment-3179\" class=\"wp-caption-text\">Franti\u0161ek Habada, Head of the Operations Center of the Police Headquarters of the Czech Republic. (Photos: Sascha H\u00e4hni, Swiss Police ICT)<\/figcaption><\/figure>\n<p>This year's Swiss Police Informatics Congress (<a href=\"https:\/\/www.spik.ch\" target=\"_blank\" data-cke-saved-href=\"https:\/\/www.spik.ch\" rel=\"noopener\">SPIK<\/a>) in Bern was opened by a high-ranking officer of the Czech Police: Franti\u0161ek Habada is head of the Operations Center of the Police Headquarters of the Czech Republic. In his presentation, he focused on the integration of operations centers: \"We have reduced from 90 to 15 centers.\" Habada emphasizes that in view of the current security situation in Europe, it is of high importance to centralize operational centers (OCs) and also to enable cross-border exchanges.<\/p>\n<p>According to SPIK, a comparison with Switzerland suggests itself, where there are currently 35 police operations centers - some of them distributed over several locations. While the Czech Republic has 15 DCs for 10.5 million inhabitants (2014), Switzerland has more than twice as many for 8.3 million people (2015).<\/p>\n<p><strong>EZ not fully utilized in normal case<\/strong><\/p>\n<p>\"From a technical and operational point of view, there are no reasons against integrating DC. It is political arguments that have so far stood in the way of reduction,\" says a staff representative of a Swiss police corps. The fact is that small DCs are inefficient in terms of personnel, because they need more resources to provide their services. But it is the personnel that accounts for 85% of the costs (15% infrastructure costs) of a DC, as the SPIK writes in its media release on the occasion of the congress. In addition, a DC is normally not fully utilized, as personnel reserves are necessary for emergencies. At the latest when the pressure to save money increases, the integration of DCs must be considered, according to SPIK. This is not only desirable for operations centers, but is also a challenge elsewhere in police IT.<\/p>\n<p><strong>Cooperation is the order of the day<\/strong><\/p>\n<p>Stefan Bl\u00e4ttler, President of the KKPKS and Commander of the Bern Cantonal Police, emphasized in his closing speech: \"Resources must be pooled in order to set up more long-term projects and thus carry out more tasks even more efficiently.\" And he further emphasized: \"Only cooperation can curb the expected cost increase in the longer term.\"<\/p>\n<p>The 9th Swiss Police Informatics Congress was attended by around 700 representatives from the police and business, IT experts from various sectors and participants from politics. The annual event is the national platform for the exchange of experience on the topics of police informatics and the fight against cybercrime. In addition to presentations in seven symposia, participants were able to see for themselves the practical benefits of the solutions presented at over 30 exhibition booths.<\/p>\n<p><em>(SPIK)<\/em><\/p>","protected":false},"excerpt":{"rendered":"<p>Der diesj\u00e4hrige Schweizer Polizei Informatik Kongress (SPIK) in Bern wurde von einem hochrangigen Offizier der Tschechischen Polizei er\u00f6ffnet: Franti\u0161ek Habada ist Leiter der Einsatzzentrale des Polizeipr\u00e4sidiums der Tschechischen Republik. In seiner Pr\u00e4sentation setzte er den Schwerpunkt auf die Integration von Einsatzzentralen: \u00abWir haben von 90 auf 15 Zentralen reduziert\u00bb. Habada unterstreicht, dass es in Anbetracht [&hellip;]<\/p>\n","protected":false},"author":1,"featured_media":3179,"comment_status":"open","ping_status":"open","sticky":false,"template":"","format":"standard","meta":{"_acf_changed":false,"pgc_sgb_lightbox_settings":"","footnotes":""},"categories":[1],"tags":[306,307,69,309,310,308],"class_list":["post-3178","post","type-post","status-publish","format-standard","has-post-thumbnail","hentry","category-allgemein","tag-einsatzzentralen","tag-infrastruktur","tag-justiz-polizei","tag-schweizer-polizei-informatik-kongress","tag-sicherheit","tag-spik-2016"],"acf":[],"hkrextid":null,"publication":null,"issue":null,"workflow":null,"startPage":null,"spitzmarke":null,"_posts_by_tag_page_fields":{"widget_title":"","widget_tags":""},"_at_widget":"1","_yoast_wpseo_primary_category":"","_yoast_wpseo_focuskw_text_input":"Einsatzzentralen","_yoast_wpseo_opengraph-image":"https:\/\/news.save.ch\/wp-content\/uploads\/2016\/12\/56eb09e00505c_spik_Sicherhietsforum.jpg","_yoast_wpseo_opengraph-description":"Am Schweizer Polizei Informatik Kongress wurden heute Donnerstag L\u00f6sungsans\u00e4tze der Tschechischen Republik heiss diskutiert. Ein Vergleich mit der Schweiz l\u00e4sst Skepsis aufkommen, ob die aktuelle Anzahl an Einsatzzentralen hierzulande noch vertretbar ist.","_yoast_wpseo_opengraph-title":"Hat die Schweiz zu viele Einsatzzentralen?","enclosure":null,"_yoast_wpseo_twitter-title":null,"_yoast_wpseo_twitter-description":null,"_yoast_wpseo_twitter-image":null,"_wp_old_slug":null,"_yoast_wpseo_title":null,"_yoast_wpseo_canonical":null,"yoast_head":"<!-- This site is optimized with the Yoast SEO plugin v27.5 - https:\/\/yoast.com\/product\/yoast-seo-wordpress\/ -->\n<title>Hat die Schweiz zu viele Einsatzzentralen? - Save<\/title>\n<meta name=\"description\" content=\"Einsatzzentralen: Am Schweizer Polizei Informatik Kongress wurden heute Donnerstag L\u00f6sungsans\u00e4tze der Tschechischen Republik heiss diskutiert.\" \/>\n<meta name=\"robots\" content=\"index, follow, max-snippet:-1, max-image-preview:large, max-video-preview:-1\" \/>\n<link rel=\"canonical\" href=\"https:\/\/news.save.ch\/en\/hat-die-schweiz-zu-viele-einsatzzentralen\/\" \/>\n<meta property=\"og:locale\" content=\"en_US\" \/>\n<meta property=\"og:type\" content=\"article\" \/>\n<meta property=\"og:title\" content=\"Hat die Schweiz zu viele Einsatzzentralen?\" \/>\n<meta property=\"og:description\" content=\"Am Schweizer Polizei Informatik Kongress wurden heute Donnerstag L\u00f6sungsans\u00e4tze der Tschechischen Republik heiss diskutiert. Ein Vergleich mit der Schweiz l\u00e4sst Skepsis aufkommen, ob die aktuelle Anzahl an Einsatzzentralen hierzulande noch vertretbar ist.\" \/>\n<meta property=\"og:url\" content=\"https:\/\/news.save.ch\/en\/hat-die-schweiz-zu-viele-einsatzzentralen\/\" \/>\n<meta property=\"og:site_name\" content=\"Save\" \/>\n<meta property=\"article:published_time\" content=\"2016-03-17T19:40:01+00:00\" \/>\n<meta property=\"og:image\" content=\"https:\/\/news.save.ch\/wp-content\/uploads\/2016\/12\/56eb09e00505c_spik_Sicherhietsforum.jpg\" \/>\n<meta name=\"author\" content=\"admin\" \/>\n<meta name=\"twitter:card\" content=\"summary_large_image\" \/>\n<meta name=\"twitter:label1\" content=\"Written by\" \/>\n\t<meta name=\"twitter:data1\" content=\"admin\" \/>\n\t<meta name=\"twitter:label2\" content=\"Est. reading time\" \/>\n\t<meta name=\"twitter:data2\" content=\"2 minutes\" \/>\n<script type=\"application\/ld+json\" class=\"yoast-schema-graph\">{\"@context\":\"https:\\\/\\\/schema.org\",\"@graph\":[{\"@type\":\"Article\",\"@id\":\"https:\\\/\\\/news.save.ch\\\/hat-die-schweiz-zu-viele-einsatzzentralen\\\/#article\",\"isPartOf\":{\"@id\":\"https:\\\/\\\/news.save.ch\\\/hat-die-schweiz-zu-viele-einsatzzentralen\\\/\"},\"author\":{\"name\":\"admin\",\"@id\":\"https:\\\/\\\/news.save.ch\\\/de\\\/#\\\/schema\\\/person\\\/d49e199490bad7c70d64b9ab51142f2b\"},\"headline\":\"Hat die Schweiz zu viele Einsatzzentralen?\",\"datePublished\":\"2016-03-17T19:40:01+00:00\",\"mainEntityOfPage\":{\"@id\":\"https:\\\/\\\/news.save.ch\\\/hat-die-schweiz-zu-viele-einsatzzentralen\\\/\"},\"wordCount\":419,\"commentCount\":0,\"publisher\":{\"@id\":\"https:\\\/\\\/news.save.ch\\\/de\\\/#organization\"},\"image\":{\"@id\":\"https:\\\/\\\/news.save.ch\\\/hat-die-schweiz-zu-viele-einsatzzentralen\\\/#primaryimage\"},\"thumbnailUrl\":\"https:\\\/\\\/news.save.ch\\\/wp-content\\\/uploads\\\/2016\\\/12\\\/56eb09e00505c_spik_Sicherhietsforum.jpg\",\"keywords\":[\"Einsatzzentralen\",\"Infrastruktur\",\"Justiz &amp; Polizei\",\"Schweizer Polizei Informatik Kongress\",\"Sicherheit\",\"SPIK 2016\"],\"articleSection\":[\"ALLGEMEIN\"],\"inLanguage\":\"en-US\"},{\"@type\":\"WebPage\",\"@id\":\"https:\\\/\\\/news.save.ch\\\/hat-die-schweiz-zu-viele-einsatzzentralen\\\/\",\"url\":\"https:\\\/\\\/news.save.ch\\\/hat-die-schweiz-zu-viele-einsatzzentralen\\\/\",\"name\":\"Hat die Schweiz zu viele Einsatzzentralen? - Save\",\"isPartOf\":{\"@id\":\"https:\\\/\\\/news.save.ch\\\/de\\\/#website\"},\"primaryImageOfPage\":{\"@id\":\"https:\\\/\\\/news.save.ch\\\/hat-die-schweiz-zu-viele-einsatzzentralen\\\/#primaryimage\"},\"image\":{\"@id\":\"https:\\\/\\\/news.save.ch\\\/hat-die-schweiz-zu-viele-einsatzzentralen\\\/#primaryimage\"},\"thumbnailUrl\":\"https:\\\/\\\/news.save.ch\\\/wp-content\\\/uploads\\\/2016\\\/12\\\/56eb09e00505c_spik_Sicherhietsforum.jpg\",\"datePublished\":\"2016-03-17T19:40:01+00:00\",\"description\":\"Einsatzzentralen: Am Schweizer Polizei Informatik Kongress wurden heute Donnerstag L\u00f6sungsans\u00e4tze der Tschechischen Republik heiss diskutiert.\",\"breadcrumb\":{\"@id\":\"https:\\\/\\\/news.save.ch\\\/hat-die-schweiz-zu-viele-einsatzzentralen\\\/#breadcrumb\"},\"inLanguage\":\"en-US\",\"potentialAction\":[{\"@type\":\"ReadAction\",\"target\":[\"https:\\\/\\\/news.save.ch\\\/hat-die-schweiz-zu-viele-einsatzzentralen\\\/\"]}]},{\"@type\":\"ImageObject\",\"inLanguage\":\"en-US\",\"@id\":\"https:\\\/\\\/news.save.ch\\\/hat-die-schweiz-zu-viele-einsatzzentralen\\\/#primaryimage\",\"url\":\"https:\\\/\\\/news.save.ch\\\/wp-content\\\/uploads\\\/2016\\\/12\\\/56eb09e00505c_spik_Sicherhietsforum.jpg\",\"contentUrl\":\"https:\\\/\\\/news.save.ch\\\/wp-content\\\/uploads\\\/2016\\\/12\\\/56eb09e00505c_spik_Sicherhietsforum.jpg\",\"width\":1113,\"height\":783,\"caption\":\"Franti\u0161ek Habada, Leiter der Einsatzzentrale des Polizeipr\u00e4sidiums der Tschechischen Republik. (Fotos: Sascha H\u00e4hni, Swiss Police ICT)\"},{\"@type\":\"BreadcrumbList\",\"@id\":\"https:\\\/\\\/news.save.ch\\\/hat-die-schweiz-zu-viele-einsatzzentralen\\\/#breadcrumb\",\"itemListElement\":[{\"@type\":\"ListItem\",\"position\":1,\"name\":\"Home\",\"item\":\"https:\\\/\\\/news.save.ch\\\/de\\\/\"},{\"@type\":\"ListItem\",\"position\":2,\"name\":\"Hat die Schweiz zu viele Einsatzzentralen?\"}]},{\"@type\":\"WebSite\",\"@id\":\"https:\\\/\\\/news.save.ch\\\/de\\\/#website\",\"url\":\"https:\\\/\\\/news.save.ch\\\/de\\\/\",\"name\":\"Save\",\"description\":\"Schweizer Fachzeitschrift f\u00fcr Sicherheit\",\"publisher\":{\"@id\":\"https:\\\/\\\/news.save.ch\\\/de\\\/#organization\"},\"potentialAction\":[{\"@type\":\"SearchAction\",\"target\":{\"@type\":\"EntryPoint\",\"urlTemplate\":\"https:\\\/\\\/news.save.ch\\\/de\\\/?s={search_term_string}\"},\"query-input\":{\"@type\":\"PropertyValueSpecification\",\"valueRequired\":true,\"valueName\":\"search_term_string\"}}],\"inLanguage\":\"en-US\"},{\"@type\":\"Organization\",\"@id\":\"https:\\\/\\\/news.save.ch\\\/de\\\/#organization\",\"name\":\"Sicherheitsforum\",\"url\":\"https:\\\/\\\/news.save.ch\\\/de\\\/\",\"logo\":{\"@type\":\"ImageObject\",\"inLanguage\":\"en-US\",\"@id\":\"https:\\\/\\\/news.save.ch\\\/de\\\/#\\\/schema\\\/logo\\\/image\\\/\",\"url\":\"https:\\\/\\\/news.save.ch\\\/wp-content\\\/uploads\\\/2022\\\/06\\\/Logo_SF_2012.png\",\"contentUrl\":\"https:\\\/\\\/news.save.ch\\\/wp-content\\\/uploads\\\/2022\\\/06\\\/Logo_SF_2012.png\",\"width\":1100,\"height\":91,\"caption\":\"Sicherheitsforum\"},\"image\":{\"@id\":\"https:\\\/\\\/news.save.ch\\\/de\\\/#\\\/schema\\\/logo\\\/image\\\/\"}},{\"@type\":\"Person\",\"@id\":\"https:\\\/\\\/news.save.ch\\\/de\\\/#\\\/schema\\\/person\\\/d49e199490bad7c70d64b9ab51142f2b\",\"name\":\"admin\",\"image\":{\"@type\":\"ImageObject\",\"inLanguage\":\"en-US\",\"@id\":\"https:\\\/\\\/secure.gravatar.com\\\/avatar\\\/ae2f4d718e6c49043e314ce431e7e645d646302a24a5ef5a8bc8e3f5a032e319?s=96&d=mm&r=g\",\"url\":\"https:\\\/\\\/secure.gravatar.com\\\/avatar\\\/ae2f4d718e6c49043e314ce431e7e645d646302a24a5ef5a8bc8e3f5a032e319?s=96&d=mm&r=g\",\"contentUrl\":\"https:\\\/\\\/secure.gravatar.com\\\/avatar\\\/ae2f4d718e6c49043e314ce431e7e645d646302a24a5ef5a8bc8e3f5a032e319?s=96&d=mm&r=g\",\"caption\":\"admin\"},\"sameAs\":[\"https:\\\/\\\/develop.organisator.galledia.ch\"],\"url\":\"https:\\\/\\\/news.save.ch\\\/en\\\/author\\\/admin\\\/\"}]}<\/script>\n<!-- \/ Yoast SEO plugin. -->","yoast_head_json":{"title":"Does Switzerland have too many operations centers? - Save","description":"Operations centers: At the Swiss Police IT Congress today, Thursday, solutions from the Czech Republic were hotly debated.","robots":{"index":"index","follow":"follow","max-snippet":"max-snippet:-1","max-image-preview":"max-image-preview:large","max-video-preview":"max-video-preview:-1"},"canonical":"https:\/\/news.save.ch\/en\/hat-die-schweiz-zu-viele-einsatzzentralen\/","og_locale":"en_US","og_type":"article","og_title":"Hat die Schweiz zu viele Einsatzzentralen?","og_description":"Am Schweizer Polizei Informatik Kongress wurden heute Donnerstag L\u00f6sungsans\u00e4tze der Tschechischen Republik heiss diskutiert. Ein Vergleich mit der Schweiz l\u00e4sst Skepsis aufkommen, ob die aktuelle Anzahl an Einsatzzentralen hierzulande noch vertretbar ist.","og_url":"https:\/\/news.save.ch\/en\/hat-die-schweiz-zu-viele-einsatzzentralen\/","og_site_name":"Save","article_published_time":"2016-03-17T19:40:01+00:00","og_image":[{"url":"https:\/\/news.save.ch\/wp-content\/uploads\/2016\/12\/56eb09e00505c_spik_Sicherhietsforum.jpg","type":"","width":"","height":""}],"author":"admin","twitter_card":"summary_large_image","twitter_misc":{"Written by":"admin","Est. reading time":"2 minutes"},"schema":{"@context":"https:\/\/schema.org","@graph":[{"@type":"Article","@id":"https:\/\/news.save.ch\/hat-die-schweiz-zu-viele-einsatzzentralen\/#article","isPartOf":{"@id":"https:\/\/news.save.ch\/hat-die-schweiz-zu-viele-einsatzzentralen\/"},"author":{"name":"admin","@id":"https:\/\/news.save.ch\/de\/#\/schema\/person\/d49e199490bad7c70d64b9ab51142f2b"},"headline":"Hat die Schweiz zu viele Einsatzzentralen?","datePublished":"2016-03-17T19:40:01+00:00","mainEntityOfPage":{"@id":"https:\/\/news.save.ch\/hat-die-schweiz-zu-viele-einsatzzentralen\/"},"wordCount":419,"commentCount":0,"publisher":{"@id":"https:\/\/news.save.ch\/de\/#organization"},"image":{"@id":"https:\/\/news.save.ch\/hat-die-schweiz-zu-viele-einsatzzentralen\/#primaryimage"},"thumbnailUrl":"https:\/\/news.save.ch\/wp-content\/uploads\/2016\/12\/56eb09e00505c_spik_Sicherhietsforum.jpg","keywords":["Einsatzzentralen","Infrastruktur","Justiz &amp; Polizei","Schweizer Polizei Informatik Kongress","Sicherheit","SPIK 2016"],"articleSection":["ALLGEMEIN"],"inLanguage":"en-US"},{"@type":"WebPage","@id":"https:\/\/news.save.ch\/hat-die-schweiz-zu-viele-einsatzzentralen\/","url":"https:\/\/news.save.ch\/hat-die-schweiz-zu-viele-einsatzzentralen\/","name":"Does Switzerland have too many operations centers? - Save","isPartOf":{"@id":"https:\/\/news.save.ch\/de\/#website"},"primaryImageOfPage":{"@id":"https:\/\/news.save.ch\/hat-die-schweiz-zu-viele-einsatzzentralen\/#primaryimage"},"image":{"@id":"https:\/\/news.save.ch\/hat-die-schweiz-zu-viele-einsatzzentralen\/#primaryimage"},"thumbnailUrl":"https:\/\/news.save.ch\/wp-content\/uploads\/2016\/12\/56eb09e00505c_spik_Sicherhietsforum.jpg","datePublished":"2016-03-17T19:40:01+00:00","description":"Operations centers: At the Swiss Police IT Congress today, Thursday, solutions from the Czech Republic were hotly debated.","breadcrumb":{"@id":"https:\/\/news.save.ch\/hat-die-schweiz-zu-viele-einsatzzentralen\/#breadcrumb"},"inLanguage":"en-US","potentialAction":[{"@type":"ReadAction","target":["https:\/\/news.save.ch\/hat-die-schweiz-zu-viele-einsatzzentralen\/"]}]},{"@type":"ImageObject","inLanguage":"en-US","@id":"https:\/\/news.save.ch\/hat-die-schweiz-zu-viele-einsatzzentralen\/#primaryimage","url":"https:\/\/news.save.ch\/wp-content\/uploads\/2016\/12\/56eb09e00505c_spik_Sicherhietsforum.jpg","contentUrl":"https:\/\/news.save.ch\/wp-content\/uploads\/2016\/12\/56eb09e00505c_spik_Sicherhietsforum.jpg","width":1113,"height":783,"caption":"Franti\u0161ek Habada, Leiter der Einsatzzentrale des Polizeipr\u00e4sidiums der Tschechischen Republik. (Fotos: Sascha H\u00e4hni, Swiss Police ICT)"},{"@type":"BreadcrumbList","@id":"https:\/\/news.save.ch\/hat-die-schweiz-zu-viele-einsatzzentralen\/#breadcrumb","itemListElement":[{"@type":"ListItem","position":1,"name":"Home","item":"https:\/\/news.save.ch\/de\/"},{"@type":"ListItem","position":2,"name":"Hat die Schweiz zu viele Einsatzzentralen?"}]},{"@type":"WebSite","@id":"https:\/\/news.save.ch\/de\/#website","url":"https:\/\/news.save.ch\/de\/","name":"Save","description":"Swiss trade journal for safety","publisher":{"@id":"https:\/\/news.save.ch\/de\/#organization"},"potentialAction":[{"@type":"SearchAction","target":{"@type":"EntryPoint","urlTemplate":"https:\/\/news.save.ch\/de\/?s={search_term_string}"},"query-input":{"@type":"PropertyValueSpecification","valueRequired":true,"valueName":"search_term_string"}}],"inLanguage":"en-US"},{"@type":"Organization","@id":"https:\/\/news.save.ch\/de\/#organization","name":"Security Forum","url":"https:\/\/news.save.ch\/de\/","logo":{"@type":"ImageObject","inLanguage":"en-US","@id":"https:\/\/news.save.ch\/de\/#\/schema\/logo\/image\/","url":"https:\/\/news.save.ch\/wp-content\/uploads\/2022\/06\/Logo_SF_2012.png","contentUrl":"https:\/\/news.save.ch\/wp-content\/uploads\/2022\/06\/Logo_SF_2012.png","width":1100,"height":91,"caption":"Sicherheitsforum"},"image":{"@id":"https:\/\/news.save.ch\/de\/#\/schema\/logo\/image\/"}},{"@type":"Person","@id":"https:\/\/news.save.ch\/de\/#\/schema\/person\/d49e199490bad7c70d64b9ab51142f2b","name":"admin","image":{"@type":"ImageObject","inLanguage":"en-US","@id":"https:\/\/secure.gravatar.com\/avatar\/ae2f4d718e6c49043e314ce431e7e645d646302a24a5ef5a8bc8e3f5a032e319?s=96&d=mm&r=g","url":"https:\/\/secure.gravatar.com\/avatar\/ae2f4d718e6c49043e314ce431e7e645d646302a24a5ef5a8bc8e3f5a032e319?s=96&d=mm&r=g","contentUrl":"https:\/\/secure.gravatar.com\/avatar\/ae2f4d718e6c49043e314ce431e7e645d646302a24a5ef5a8bc8e3f5a032e319?s=96&d=mm&r=g","caption":"admin"},"sameAs":["https:\/\/develop.organisator.galledia.ch"],"url":"https:\/\/news.save.ch\/en\/author\/admin\/"}]}},"_links":{"self":[{"href":"https:\/\/news.save.ch\/en\/wp-json\/wp\/v2\/posts\/3178","targetHints":{"allow":["GET"]}}],"collection":[{"href":"https:\/\/news.save.ch\/en\/wp-json\/wp\/v2\/posts"}],"about":[{"href":"https:\/\/news.save.ch\/en\/wp-json\/wp\/v2\/types\/post"}],"author":[{"embeddable":true,"href":"https:\/\/news.save.ch\/en\/wp-json\/wp\/v2\/users\/1"}],"replies":[{"embeddable":true,"href":"https:\/\/news.save.ch\/en\/wp-json\/wp\/v2\/comments?post=3178"}],"version-history":[{"count":0,"href":"https:\/\/news.save.ch\/en\/wp-json\/wp\/v2\/posts\/3178\/revisions"}],"wp:featuredmedia":[{"embeddable":true,"href":"https:\/\/news.save.ch\/en\/wp-json\/wp\/v2\/media\/3179"}],"wp:attachment":[{"href":"https:\/\/news.save.ch\/en\/wp-json\/wp\/v2\/media?parent=3178"}],"wp:term":[{"taxonomy":"category","embeddable":true,"href":"https:\/\/news.save.ch\/en\/wp-json\/wp\/v2\/categories?post=3178"},{"taxonomy":"post_tag","embeddable":true,"href":"https:\/\/news.save.ch\/en\/wp-json\/wp\/v2\/tags?post=3178"}],"curies":[{"name":"wp","href":"https:\/\/api.w.org\/{rel}","templated":true}]}}