{"id":3208,"date":"2016-03-30T09:10:46","date_gmt":"2016-03-30T07:10:46","guid":{"rendered":"https:\/\/dev.sicherheitsforum.ch\/?p=3208"},"modified":"2016-03-30T09:10:46","modified_gmt":"2016-03-30T07:10:46","slug":"elektronische-ueberwachung-neue-vollzugsform","status":null,"type":"post","link":"https:\/\/news.save.ch\/en\/elektronische-ueberwachung-neue-vollzugsform\/","title":{"rendered":"Electronic monitoring - new form of enforcement"},"content":{"rendered":"<p><a href=\"https:\/\/news.save.ch\/wp-content\/uploads\/2016\/03\/Elektronische-\u00dcberwachung-neue-Vollzugsform-Sicherheitsforum.jpg\"><img loading=\"lazy\" decoding=\"async\" class=\"alignnone size-medium wp-image-3853\" src=\"https:\/\/news.save.ch\/wp-content\/uploads\/2016\/03\/Elektronische-\u00dcberwachung-neue-Vollzugsform-Sicherheitsforum.jpg\" alt=\"\" width=\"680\" height=\"453\" \/><\/a><\/p>\n<p>On June 19, 2015, the Swiss parliament approved the amendments to the sanctions law. The referendum deadline expired unused. At the heart of the amendments is the relaxation of the requirements for imposing a short custodial sentence of less than six months. As is the case today, fines take precedence in this area. However, it will now also be possible to impose a short custodial sentence if it appears necessary to prevent the offender from committing further crimes. Depending on the probation prognosis, the short custodial sentence can also be imposed conditionally. Today, however, short custodial sentences are only possible in unconditional form, namely if there is a poor probation prognosis and the execution of a fine appears to be hopeless. In the case of fines, the law retains the maximum daily sentence of 3,000 francs, but now stipulates that as a rule a daily sentence of at least 30 francs applies, which may be reduced to 10 francs in exceptional cases.<\/p>\n<p><strong>Electronic monitoring is newly anchored in law<\/strong><\/p>\n<p>Electronic monitoring of the execution of sentences outside the prison will be enshrined in law as a form of execution for prison sentences of between 20 days and 12 months. Electronic monitoring can additionally be ordered towards the end of the serving of long prison sentences as an alternative to the work and residential externat for a period of 3 to 12 months.<\/p>\n<p>Prison sentences of up to six months can also be executed as community service. However, unlike today, community service is no longer a punishment in its own right, but a new form of enforcement. This means that it is no longer the courts but the prison authorities that are responsible for ordering community service.<\/p>\n<p><strong>Juvenile criminal law: changes from July 2016<\/strong><\/p>\n<p>In juvenile criminal law, the age limit for ending measures is increased from 22 to 25. Juvenile offenders will thus have more time to acquire the basic skills required for an orderly life while serving their sentences. The increase in the upper age limit will, for example, make it possible in future for juveniles to complete a vocational apprenticeship during a measure. The Federal Council considers it necessary to implement these benefits quickly and is therefore already bringing the amendments to the Juvenile Penal Code into force on July 1, 2016.<\/p>\n<p><strong>Laws on the deportation initiative take precedence<\/strong><\/p>\n<p>The new sanctions law also includes the reintroduction of an optional expulsion. However, this provision is rendered obsolete by the entry into force of the amendments to the Criminal Code implementing the deportation initiative on 1 October 2016. This is because with these new laws, the optional or non-mandatory criminal expulsion already applies.<\/p>\n<p><em>Press release <a href=\"https:\/\/www.ejpd.admin.ch\/ejpd\/de\/home.html\" target=\"_blank\" data-cke-saved-href=\"https:\/\/www.ejpd.admin.ch\/ejpd\/de\/home.html\" rel=\"noopener\">FDJP<\/a><\/em><\/p>\n<p>&nbsp;<\/p>","protected":false},"excerpt":{"rendered":"<p>Am 19. Juni 2015 haben die eidgen\u00f6ssischen R\u00e4te die \u00c4nderungen des Sanktionenrechts verabschiedet. Die Referendumsfrist ist ungenutzt verstrichen. Im Zentrum der \u00c4nderungen steht die Lockerung der Voraussetzungen f\u00fcr die Aussprechung einer kurzen Freiheitsstrafe unter sechs Monaten. Wie heute hat in diesem Bereich zwar die Geldstrafe grunds\u00e4tzlich Vorrang. Eine kurze Freiheitsstrafe soll neu aber auch dann [&hellip;]<\/p>\n","protected":false},"author":1,"featured_media":3210,"comment_status":"open","ping_status":"open","sticky":false,"template":"","format":"standard","meta":{"_acf_changed":false,"pgc_sgb_lightbox_settings":"","footnotes":""},"categories":[1],"tags":[324,325,326],"class_list":["post-3208","post","type-post","status-publish","format-standard","has-post-thumbnail","hentry","category-allgemein","tag-electronic-monitoring","tag-freiheitsstrafe","tag-geldstrafe"],"acf":[],"hkrextid":null,"publication":null,"issue":null,"workflow":null,"startPage":null,"spitzmarke":null,"_posts_by_tag_page_fields":{"widget_title":"","widget_tags":""},"_at_widget":"1","_yoast_wpseo_primary_category":"","_yoast_wpseo_focuskw_text_input":"Neue Vollzugsform","_yoast_wpseo_opengraph-image":null,"_yoast_wpseo_opengraph-description":"Die Geldstrafe beh\u00e4lt den Vorrang vor der Freiheitsstrafe und ist auch weiterhin in bedingter Form zugelassen. Um den T\u00e4ter von weiteren Straftaten abzuhalten, sind neu auch kurze Freiheitsstrafen m\u00f6glich, die auch bedingt ausgesprochen werden k\u00f6nnen. Ferner wird die Vollzugsform des Electronic Monitoring gesetzlich verankert. Der Bundesrat hat diese und weitere \u00c4nderungen des Strafgesetzbuches auf den 1. Januar 2018 in Kraft gesetzt.","_yoast_wpseo_opengraph-title":"Elektronische \u00dcberwachung - neue Vollzugsform","enclosure":null,"_yoast_wpseo_twitter-title":null,"_yoast_wpseo_twitter-description":null,"_yoast_wpseo_twitter-image":null,"_wp_old_slug":null,"_yoast_wpseo_title":null,"_yoast_wpseo_canonical":null,"yoast_head":"<!-- This site is optimized with the Yoast SEO plugin v27.5 - https:\/\/yoast.com\/product\/yoast-seo-wordpress\/ -->\n<title>Elektronische \u00dcberwachung - neue Vollzugsform - Save<\/title>\n<meta name=\"description\" content=\"Neue Vollzugsform: Die Geldstrafe beh\u00e4lt den Vorrang vor der Freiheitsstrafe. Kurze Freiheitsstrafen, die bedingt ausgesprochen werden k\u00f6nnen, sind m\u00f6glich.\" \/>\n<meta name=\"robots\" content=\"index, follow, max-snippet:-1, max-image-preview:large, max-video-preview:-1\" \/>\n<link rel=\"canonical\" href=\"https:\/\/news.save.ch\/en\/elektronische-ueberwachung-neue-vollzugsform\/\" \/>\n<meta property=\"og:locale\" content=\"en_US\" \/>\n<meta property=\"og:type\" content=\"article\" \/>\n<meta property=\"og:title\" content=\"Elektronische \u00dcberwachung - neue Vollzugsform\" \/>\n<meta property=\"og:description\" content=\"Die Geldstrafe beh\u00e4lt den Vorrang vor der Freiheitsstrafe und ist auch weiterhin in bedingter Form zugelassen. Um den T\u00e4ter von weiteren Straftaten abzuhalten, sind neu auch kurze Freiheitsstrafen m\u00f6glich, die auch bedingt ausgesprochen werden k\u00f6nnen. Ferner wird die Vollzugsform des Electronic Monitoring gesetzlich verankert. Der Bundesrat hat diese und weitere \u00c4nderungen des Strafgesetzbuches auf den 1. Januar 2018 in Kraft gesetzt.\" \/>\n<meta property=\"og:url\" content=\"https:\/\/news.save.ch\/en\/elektronische-ueberwachung-neue-vollzugsform\/\" \/>\n<meta property=\"og:site_name\" content=\"Save\" \/>\n<meta property=\"article:published_time\" content=\"2016-03-30T07:10:46+00:00\" \/>\n<meta property=\"og:image\" content=\"https:\/\/news.save.ch\/wp-content\/uploads\/2016\/12\/56fb7ce6d801c_55f04d1a886f6_depositphotos_17407907_l_2015_Sicherheitsforum.jpg\" \/>\n\t<meta property=\"og:image:width\" content=\"1104\" \/>\n\t<meta property=\"og:image:height\" content=\"736\" \/>\n\t<meta property=\"og:image:type\" content=\"image\/jpeg\" \/>\n<meta name=\"author\" content=\"admin\" \/>\n<meta name=\"twitter:card\" content=\"summary_large_image\" \/>\n<meta name=\"twitter:label1\" content=\"Written by\" \/>\n\t<meta name=\"twitter:data1\" content=\"admin\" \/>\n\t<meta name=\"twitter:label2\" content=\"Est. reading time\" \/>\n\t<meta name=\"twitter:data2\" content=\"2 minutes\" \/>\n<script type=\"application\/ld+json\" class=\"yoast-schema-graph\">{\"@context\":\"https:\\\/\\\/schema.org\",\"@graph\":[{\"@type\":\"Article\",\"@id\":\"https:\\\/\\\/news.save.ch\\\/elektronische-ueberwachung-neue-vollzugsform\\\/#article\",\"isPartOf\":{\"@id\":\"https:\\\/\\\/news.save.ch\\\/elektronische-ueberwachung-neue-vollzugsform\\\/\"},\"author\":{\"name\":\"admin\",\"@id\":\"https:\\\/\\\/news.save.ch\\\/de\\\/#\\\/schema\\\/person\\\/d49e199490bad7c70d64b9ab51142f2b\"},\"headline\":\"Elektronische \u00dcberwachung &#8211; neue Vollzugsform\",\"datePublished\":\"2016-03-30T07:10:46+00:00\",\"mainEntityOfPage\":{\"@id\":\"https:\\\/\\\/news.save.ch\\\/elektronische-ueberwachung-neue-vollzugsform\\\/\"},\"wordCount\":418,\"commentCount\":0,\"publisher\":{\"@id\":\"https:\\\/\\\/news.save.ch\\\/de\\\/#organization\"},\"image\":{\"@id\":\"https:\\\/\\\/news.save.ch\\\/elektronische-ueberwachung-neue-vollzugsform\\\/#primaryimage\"},\"thumbnailUrl\":\"https:\\\/\\\/news.save.ch\\\/wp-content\\\/uploads\\\/2016\\\/12\\\/56fb7ce6d801c_55f04d1a886f6_depositphotos_17407907_l_2015_Sicherheitsforum.jpg\",\"keywords\":[\"Electronic Monitoring\",\"Freiheitsstrafe\",\"Geldstrafe\"],\"articleSection\":[\"ALLGEMEIN\"],\"inLanguage\":\"en-US\"},{\"@type\":\"WebPage\",\"@id\":\"https:\\\/\\\/news.save.ch\\\/elektronische-ueberwachung-neue-vollzugsform\\\/\",\"url\":\"https:\\\/\\\/news.save.ch\\\/elektronische-ueberwachung-neue-vollzugsform\\\/\",\"name\":\"Elektronische \u00dcberwachung - neue Vollzugsform - Save\",\"isPartOf\":{\"@id\":\"https:\\\/\\\/news.save.ch\\\/de\\\/#website\"},\"primaryImageOfPage\":{\"@id\":\"https:\\\/\\\/news.save.ch\\\/elektronische-ueberwachung-neue-vollzugsform\\\/#primaryimage\"},\"image\":{\"@id\":\"https:\\\/\\\/news.save.ch\\\/elektronische-ueberwachung-neue-vollzugsform\\\/#primaryimage\"},\"thumbnailUrl\":\"https:\\\/\\\/news.save.ch\\\/wp-content\\\/uploads\\\/2016\\\/12\\\/56fb7ce6d801c_55f04d1a886f6_depositphotos_17407907_l_2015_Sicherheitsforum.jpg\",\"datePublished\":\"2016-03-30T07:10:46+00:00\",\"description\":\"Neue Vollzugsform: Die Geldstrafe beh\u00e4lt den Vorrang vor der Freiheitsstrafe. Kurze Freiheitsstrafen, die bedingt ausgesprochen werden k\u00f6nnen, sind m\u00f6glich.\",\"breadcrumb\":{\"@id\":\"https:\\\/\\\/news.save.ch\\\/elektronische-ueberwachung-neue-vollzugsform\\\/#breadcrumb\"},\"inLanguage\":\"en-US\",\"potentialAction\":[{\"@type\":\"ReadAction\",\"target\":[\"https:\\\/\\\/news.save.ch\\\/elektronische-ueberwachung-neue-vollzugsform\\\/\"]}]},{\"@type\":\"ImageObject\",\"inLanguage\":\"en-US\",\"@id\":\"https:\\\/\\\/news.save.ch\\\/elektronische-ueberwachung-neue-vollzugsform\\\/#primaryimage\",\"url\":\"https:\\\/\\\/news.save.ch\\\/wp-content\\\/uploads\\\/2016\\\/12\\\/56fb7ce6d801c_55f04d1a886f6_depositphotos_17407907_l_2015_Sicherheitsforum.jpg\",\"contentUrl\":\"https:\\\/\\\/news.save.ch\\\/wp-content\\\/uploads\\\/2016\\\/12\\\/56fb7ce6d801c_55f04d1a886f6_depositphotos_17407907_l_2015_Sicherheitsforum.jpg\",\"width\":1104,\"height\":736},{\"@type\":\"BreadcrumbList\",\"@id\":\"https:\\\/\\\/news.save.ch\\\/elektronische-ueberwachung-neue-vollzugsform\\\/#breadcrumb\",\"itemListElement\":[{\"@type\":\"ListItem\",\"position\":1,\"name\":\"Home\",\"item\":\"https:\\\/\\\/news.save.ch\\\/de\\\/\"},{\"@type\":\"ListItem\",\"position\":2,\"name\":\"Elektronische \u00dcberwachung &#8211; neue Vollzugsform\"}]},{\"@type\":\"WebSite\",\"@id\":\"https:\\\/\\\/news.save.ch\\\/de\\\/#website\",\"url\":\"https:\\\/\\\/news.save.ch\\\/de\\\/\",\"name\":\"Save\",\"description\":\"Schweizer Fachzeitschrift f\u00fcr Sicherheit\",\"publisher\":{\"@id\":\"https:\\\/\\\/news.save.ch\\\/de\\\/#organization\"},\"potentialAction\":[{\"@type\":\"SearchAction\",\"target\":{\"@type\":\"EntryPoint\",\"urlTemplate\":\"https:\\\/\\\/news.save.ch\\\/de\\\/?s={search_term_string}\"},\"query-input\":{\"@type\":\"PropertyValueSpecification\",\"valueRequired\":true,\"valueName\":\"search_term_string\"}}],\"inLanguage\":\"en-US\"},{\"@type\":\"Organization\",\"@id\":\"https:\\\/\\\/news.save.ch\\\/de\\\/#organization\",\"name\":\"Sicherheitsforum\",\"url\":\"https:\\\/\\\/news.save.ch\\\/de\\\/\",\"logo\":{\"@type\":\"ImageObject\",\"inLanguage\":\"en-US\",\"@id\":\"https:\\\/\\\/news.save.ch\\\/de\\\/#\\\/schema\\\/logo\\\/image\\\/\",\"url\":\"https:\\\/\\\/news.save.ch\\\/wp-content\\\/uploads\\\/2022\\\/06\\\/Logo_SF_2012.png\",\"contentUrl\":\"https:\\\/\\\/news.save.ch\\\/wp-content\\\/uploads\\\/2022\\\/06\\\/Logo_SF_2012.png\",\"width\":1100,\"height\":91,\"caption\":\"Sicherheitsforum\"},\"image\":{\"@id\":\"https:\\\/\\\/news.save.ch\\\/de\\\/#\\\/schema\\\/logo\\\/image\\\/\"}},{\"@type\":\"Person\",\"@id\":\"https:\\\/\\\/news.save.ch\\\/de\\\/#\\\/schema\\\/person\\\/d49e199490bad7c70d64b9ab51142f2b\",\"name\":\"admin\",\"image\":{\"@type\":\"ImageObject\",\"inLanguage\":\"en-US\",\"@id\":\"https:\\\/\\\/secure.gravatar.com\\\/avatar\\\/ae2f4d718e6c49043e314ce431e7e645d646302a24a5ef5a8bc8e3f5a032e319?s=96&d=mm&r=g\",\"url\":\"https:\\\/\\\/secure.gravatar.com\\\/avatar\\\/ae2f4d718e6c49043e314ce431e7e645d646302a24a5ef5a8bc8e3f5a032e319?s=96&d=mm&r=g\",\"contentUrl\":\"https:\\\/\\\/secure.gravatar.com\\\/avatar\\\/ae2f4d718e6c49043e314ce431e7e645d646302a24a5ef5a8bc8e3f5a032e319?s=96&d=mm&r=g\",\"caption\":\"admin\"},\"sameAs\":[\"https:\\\/\\\/develop.organisator.galledia.ch\"],\"url\":\"https:\\\/\\\/news.save.ch\\\/en\\\/author\\\/admin\\\/\"}]}<\/script>\n<!-- \/ Yoast SEO plugin. -->","yoast_head_json":{"title":"Electronic surveillance - new form of enforcement - Save","description":"New form of execution: The fine retains priority over the custodial sentence. Short custodial sentences, which can be pronounced conditionally, are possible.","robots":{"index":"index","follow":"follow","max-snippet":"max-snippet:-1","max-image-preview":"max-image-preview:large","max-video-preview":"max-video-preview:-1"},"canonical":"https:\/\/news.save.ch\/en\/elektronische-ueberwachung-neue-vollzugsform\/","og_locale":"en_US","og_type":"article","og_title":"Elektronische \u00dcberwachung - neue Vollzugsform","og_description":"Die Geldstrafe beh\u00e4lt den Vorrang vor der Freiheitsstrafe und ist auch weiterhin in bedingter Form zugelassen. Um den T\u00e4ter von weiteren Straftaten abzuhalten, sind neu auch kurze Freiheitsstrafen m\u00f6glich, die auch bedingt ausgesprochen werden k\u00f6nnen. Ferner wird die Vollzugsform des Electronic Monitoring gesetzlich verankert. Der Bundesrat hat diese und weitere \u00c4nderungen des Strafgesetzbuches auf den 1. Januar 2018 in Kraft gesetzt.","og_url":"https:\/\/news.save.ch\/en\/elektronische-ueberwachung-neue-vollzugsform\/","og_site_name":"Save","article_published_time":"2016-03-30T07:10:46+00:00","og_image":[{"width":1104,"height":736,"url":"https:\/\/news.save.ch\/wp-content\/uploads\/2016\/12\/56fb7ce6d801c_55f04d1a886f6_depositphotos_17407907_l_2015_Sicherheitsforum.jpg","type":"image\/jpeg"}],"author":"admin","twitter_card":"summary_large_image","twitter_misc":{"Written by":"admin","Est. reading time":"2 minutes"},"schema":{"@context":"https:\/\/schema.org","@graph":[{"@type":"Article","@id":"https:\/\/news.save.ch\/elektronische-ueberwachung-neue-vollzugsform\/#article","isPartOf":{"@id":"https:\/\/news.save.ch\/elektronische-ueberwachung-neue-vollzugsform\/"},"author":{"name":"admin","@id":"https:\/\/news.save.ch\/de\/#\/schema\/person\/d49e199490bad7c70d64b9ab51142f2b"},"headline":"Elektronische \u00dcberwachung &#8211; neue Vollzugsform","datePublished":"2016-03-30T07:10:46+00:00","mainEntityOfPage":{"@id":"https:\/\/news.save.ch\/elektronische-ueberwachung-neue-vollzugsform\/"},"wordCount":418,"commentCount":0,"publisher":{"@id":"https:\/\/news.save.ch\/de\/#organization"},"image":{"@id":"https:\/\/news.save.ch\/elektronische-ueberwachung-neue-vollzugsform\/#primaryimage"},"thumbnailUrl":"https:\/\/news.save.ch\/wp-content\/uploads\/2016\/12\/56fb7ce6d801c_55f04d1a886f6_depositphotos_17407907_l_2015_Sicherheitsforum.jpg","keywords":["Electronic Monitoring","Freiheitsstrafe","Geldstrafe"],"articleSection":["ALLGEMEIN"],"inLanguage":"en-US"},{"@type":"WebPage","@id":"https:\/\/news.save.ch\/elektronische-ueberwachung-neue-vollzugsform\/","url":"https:\/\/news.save.ch\/elektronische-ueberwachung-neue-vollzugsform\/","name":"Electronic surveillance - new form of enforcement - Save","isPartOf":{"@id":"https:\/\/news.save.ch\/de\/#website"},"primaryImageOfPage":{"@id":"https:\/\/news.save.ch\/elektronische-ueberwachung-neue-vollzugsform\/#primaryimage"},"image":{"@id":"https:\/\/news.save.ch\/elektronische-ueberwachung-neue-vollzugsform\/#primaryimage"},"thumbnailUrl":"https:\/\/news.save.ch\/wp-content\/uploads\/2016\/12\/56fb7ce6d801c_55f04d1a886f6_depositphotos_17407907_l_2015_Sicherheitsforum.jpg","datePublished":"2016-03-30T07:10:46+00:00","description":"New form of execution: The fine retains priority over the custodial sentence. Short custodial sentences, which can be pronounced conditionally, are possible.","breadcrumb":{"@id":"https:\/\/news.save.ch\/elektronische-ueberwachung-neue-vollzugsform\/#breadcrumb"},"inLanguage":"en-US","potentialAction":[{"@type":"ReadAction","target":["https:\/\/news.save.ch\/elektronische-ueberwachung-neue-vollzugsform\/"]}]},{"@type":"ImageObject","inLanguage":"en-US","@id":"https:\/\/news.save.ch\/elektronische-ueberwachung-neue-vollzugsform\/#primaryimage","url":"https:\/\/news.save.ch\/wp-content\/uploads\/2016\/12\/56fb7ce6d801c_55f04d1a886f6_depositphotos_17407907_l_2015_Sicherheitsforum.jpg","contentUrl":"https:\/\/news.save.ch\/wp-content\/uploads\/2016\/12\/56fb7ce6d801c_55f04d1a886f6_depositphotos_17407907_l_2015_Sicherheitsforum.jpg","width":1104,"height":736},{"@type":"BreadcrumbList","@id":"https:\/\/news.save.ch\/elektronische-ueberwachung-neue-vollzugsform\/#breadcrumb","itemListElement":[{"@type":"ListItem","position":1,"name":"Home","item":"https:\/\/news.save.ch\/de\/"},{"@type":"ListItem","position":2,"name":"Elektronische \u00dcberwachung &#8211; neue Vollzugsform"}]},{"@type":"WebSite","@id":"https:\/\/news.save.ch\/de\/#website","url":"https:\/\/news.save.ch\/de\/","name":"Save","description":"Swiss trade journal for safety","publisher":{"@id":"https:\/\/news.save.ch\/de\/#organization"},"potentialAction":[{"@type":"SearchAction","target":{"@type":"EntryPoint","urlTemplate":"https:\/\/news.save.ch\/de\/?s={search_term_string}"},"query-input":{"@type":"PropertyValueSpecification","valueRequired":true,"valueName":"search_term_string"}}],"inLanguage":"en-US"},{"@type":"Organization","@id":"https:\/\/news.save.ch\/de\/#organization","name":"Security Forum","url":"https:\/\/news.save.ch\/de\/","logo":{"@type":"ImageObject","inLanguage":"en-US","@id":"https:\/\/news.save.ch\/de\/#\/schema\/logo\/image\/","url":"https:\/\/news.save.ch\/wp-content\/uploads\/2022\/06\/Logo_SF_2012.png","contentUrl":"https:\/\/news.save.ch\/wp-content\/uploads\/2022\/06\/Logo_SF_2012.png","width":1100,"height":91,"caption":"Sicherheitsforum"},"image":{"@id":"https:\/\/news.save.ch\/de\/#\/schema\/logo\/image\/"}},{"@type":"Person","@id":"https:\/\/news.save.ch\/de\/#\/schema\/person\/d49e199490bad7c70d64b9ab51142f2b","name":"admin","image":{"@type":"ImageObject","inLanguage":"en-US","@id":"https:\/\/secure.gravatar.com\/avatar\/ae2f4d718e6c49043e314ce431e7e645d646302a24a5ef5a8bc8e3f5a032e319?s=96&d=mm&r=g","url":"https:\/\/secure.gravatar.com\/avatar\/ae2f4d718e6c49043e314ce431e7e645d646302a24a5ef5a8bc8e3f5a032e319?s=96&d=mm&r=g","contentUrl":"https:\/\/secure.gravatar.com\/avatar\/ae2f4d718e6c49043e314ce431e7e645d646302a24a5ef5a8bc8e3f5a032e319?s=96&d=mm&r=g","caption":"admin"},"sameAs":["https:\/\/develop.organisator.galledia.ch"],"url":"https:\/\/news.save.ch\/en\/author\/admin\/"}]}},"_links":{"self":[{"href":"https:\/\/news.save.ch\/en\/wp-json\/wp\/v2\/posts\/3208","targetHints":{"allow":["GET"]}}],"collection":[{"href":"https:\/\/news.save.ch\/en\/wp-json\/wp\/v2\/posts"}],"about":[{"href":"https:\/\/news.save.ch\/en\/wp-json\/wp\/v2\/types\/post"}],"author":[{"embeddable":true,"href":"https:\/\/news.save.ch\/en\/wp-json\/wp\/v2\/users\/1"}],"replies":[{"embeddable":true,"href":"https:\/\/news.save.ch\/en\/wp-json\/wp\/v2\/comments?post=3208"}],"version-history":[{"count":0,"href":"https:\/\/news.save.ch\/en\/wp-json\/wp\/v2\/posts\/3208\/revisions"}],"wp:featuredmedia":[{"embeddable":true,"href":"https:\/\/news.save.ch\/en\/wp-json\/wp\/v2\/media\/3210"}],"wp:attachment":[{"href":"https:\/\/news.save.ch\/en\/wp-json\/wp\/v2\/media?parent=3208"}],"wp:term":[{"taxonomy":"category","embeddable":true,"href":"https:\/\/news.save.ch\/en\/wp-json\/wp\/v2\/categories?post=3208"},{"taxonomy":"post_tag","embeddable":true,"href":"https:\/\/news.save.ch\/en\/wp-json\/wp\/v2\/tags?post=3208"}],"curies":[{"name":"wp","href":"https:\/\/api.w.org\/{rel}","templated":true}]}}