{"id":3212,"date":"2015-06-10T11:40:57","date_gmt":"2015-06-10T09:40:57","guid":{"rendered":"https:\/\/dev.sicherheitsforum.ch\/?p=3212"},"modified":"2015-06-10T11:40:57","modified_gmt":"2015-06-10T09:40:57","slug":"beschwerde-gegen-auslieferung","status":null,"type":"post","link":"https:\/\/news.save.ch\/en\/beschwerde-gegen-auslieferung\/","title":{"rendered":"Complaint against extradition"},"content":{"rendered":"<p><img loading=\"lazy\" decoding=\"async\" class=\"alignnone wp-image-3215 size-medium\" src=\"https:\/\/news.save.ch\/wp-content\/uploads\/2016\/12\/Beschwerde-gegen-Auslieferung_sicherheitsforum.jpg\" width=\"680\" height=\"777\" \/><\/p>\n<p>On May 27, 2015, seven football officials were arrested in Zurich by order of the Federal Office of Justice (FOJ) and placed in extradition custody. According to the US arrest request, they are suspected of having accepted bribes worth millions.<\/p>\n<p>One of the seven detainees has lodged an appeal with the Federal Criminal Court in Bellinzona against the extradition warrant issued by the Federal Office of Justice. The Federal Criminal Court will decide whether he must remain in custody for the duration of the extradition proceedings. Both the detained person and the Federal Office of Justice can appeal the Federal Criminal Court's decision to the Federal Supreme Court in Lausanne, the FOJ writes.<\/p>","protected":false},"excerpt":{"rendered":"<p>Am 27. Mai 2015 wurden in Z\u00fcrich auf Anordnung des Bundesamtes f\u00fcr Justiz (BJ) sieben Fussballfunktion\u00e4re festgenommen und in Auslieferungshaft versetzt. Sie werden gem\u00e4ss US-Verhaftsersuchen verd\u00e4chtigt, Bestechungsgelder in Millionenh\u00f6he angenommen zu haben. Gegen den Auslieferungshaftbefehl des Bundesamtes f\u00fcr Justiz hat einer der sieben Inhaftierten beim Bundesstrafgericht in Bellinzona Beschwerde erhoben. Das Bundesstrafgericht wird entscheiden, ob [&hellip;]<\/p>\n","protected":false},"author":1,"featured_media":3215,"comment_status":"open","ping_status":"open","sticky":false,"template":"","format":"standard","meta":{"_acf_changed":false,"pgc_sgb_lightbox_settings":"","footnotes":""},"categories":[1],"tags":[120,142,66,143,115],"class_list":["post-3212","post","type-post","status-publish","format-standard","has-post-thumbnail","hentry","category-allgemein","tag-bundesamt","tag-institutionen","tag-verbaende","tag-vereine","tag-wirtschaftskriminalitaet"],"acf":[],"hkrextid":null,"publication":null,"issue":null,"workflow":null,"startPage":null,"spitzmarke":null,"_posts_by_tag_page_fields":{"widget_title":"","widget_tags":""},"_at_widget":"1","_yoast_wpseo_primary_category":"","_yoast_wpseo_focuskw_text_input":"Beschwerde","_yoast_wpseo_opengraph-image":"https:\/\/news.save.ch\/wp-content\/uploads\/2016\/12\/Beschwerde-gegen-Auslieferung_sicherheitsforum.jpg","_yoast_wpseo_opengraph-description":"Einer der sieben inhaftierten Fussballfunktion\u00e4re hat gegen den Auslieferungshaftbefehl des Bundesamtes f\u00fcr Justiz beim Bundesstrafgericht Beschwerde erhoben.","_yoast_wpseo_opengraph-title":"Beschwerde gegen Auslieferung","enclosure":null,"_yoast_wpseo_twitter-title":null,"_yoast_wpseo_twitter-description":null,"_yoast_wpseo_twitter-image":null,"_wp_old_slug":null,"_yoast_wpseo_title":null,"_yoast_wpseo_canonical":null,"yoast_head":"<!-- This site is optimized with the Yoast SEO plugin v27.5 - https:\/\/yoast.com\/product\/yoast-seo-wordpress\/ -->\n<title>Beschwerde gegen Auslieferung - Save<\/title>\n<meta name=\"description\" content=\"Einer der 7 inhaftierten Fussballfunktion\u00e4re hat gegen den Auslieferungshaftbefehl des Bundesamtes f\u00fcr Justiz beim Bundesstrafgericht Beschwerde erhoben.\" \/>\n<meta name=\"robots\" content=\"index, follow, max-snippet:-1, max-image-preview:large, max-video-preview:-1\" \/>\n<link rel=\"canonical\" href=\"https:\/\/news.save.ch\/en\/beschwerde-gegen-auslieferung\/\" \/>\n<meta property=\"og:locale\" content=\"en_US\" \/>\n<meta property=\"og:type\" content=\"article\" \/>\n<meta property=\"og:title\" content=\"Beschwerde gegen Auslieferung\" \/>\n<meta property=\"og:description\" content=\"Einer der sieben inhaftierten Fussballfunktion\u00e4re hat gegen den Auslieferungshaftbefehl des Bundesamtes f\u00fcr Justiz beim Bundesstrafgericht Beschwerde erhoben.\" \/>\n<meta property=\"og:url\" content=\"https:\/\/news.save.ch\/en\/beschwerde-gegen-auslieferung\/\" \/>\n<meta property=\"og:site_name\" content=\"Save\" \/>\n<meta property=\"article:published_time\" content=\"2015-06-10T09:40:57+00:00\" \/>\n<meta property=\"og:image\" content=\"https:\/\/news.save.ch\/wp-content\/uploads\/2016\/12\/Beschwerde-gegen-Auslieferung_sicherheitsforum.jpg\" \/>\n<meta name=\"author\" content=\"admin\" \/>\n<meta name=\"twitter:card\" content=\"summary_large_image\" \/>\n<meta name=\"twitter:label1\" content=\"Written by\" \/>\n\t<meta name=\"twitter:data1\" content=\"admin\" \/>\n<script type=\"application\/ld+json\" class=\"yoast-schema-graph\">{\"@context\":\"https:\\\/\\\/schema.org\",\"@graph\":[{\"@type\":\"Article\",\"@id\":\"https:\\\/\\\/news.save.ch\\\/beschwerde-gegen-auslieferung\\\/#article\",\"isPartOf\":{\"@id\":\"https:\\\/\\\/news.save.ch\\\/beschwerde-gegen-auslieferung\\\/\"},\"author\":{\"name\":\"admin\",\"@id\":\"https:\\\/\\\/news.save.ch\\\/de\\\/#\\\/schema\\\/person\\\/d49e199490bad7c70d64b9ab51142f2b\"},\"headline\":\"Beschwerde gegen Auslieferung\",\"datePublished\":\"2015-06-10T09:40:57+00:00\",\"mainEntityOfPage\":{\"@id\":\"https:\\\/\\\/news.save.ch\\\/beschwerde-gegen-auslieferung\\\/\"},\"wordCount\":99,\"commentCount\":0,\"publisher\":{\"@id\":\"https:\\\/\\\/news.save.ch\\\/de\\\/#organization\"},\"image\":{\"@id\":\"https:\\\/\\\/news.save.ch\\\/beschwerde-gegen-auslieferung\\\/#primaryimage\"},\"thumbnailUrl\":\"https:\\\/\\\/news.save.ch\\\/wp-content\\\/uploads\\\/2016\\\/12\\\/Beschwerde-gegen-Auslieferung_sicherheitsforum-scaled.jpg\",\"keywords\":[\"Bundesamt\",\"Institutionen\",\"Verb\u00e4nde\",\"Vereine\",\"Wirtschaftskriminalit\u00e4t\"],\"articleSection\":[\"ALLGEMEIN\"],\"inLanguage\":\"en-US\"},{\"@type\":\"WebPage\",\"@id\":\"https:\\\/\\\/news.save.ch\\\/beschwerde-gegen-auslieferung\\\/\",\"url\":\"https:\\\/\\\/news.save.ch\\\/beschwerde-gegen-auslieferung\\\/\",\"name\":\"Beschwerde gegen Auslieferung - Save\",\"isPartOf\":{\"@id\":\"https:\\\/\\\/news.save.ch\\\/de\\\/#website\"},\"primaryImageOfPage\":{\"@id\":\"https:\\\/\\\/news.save.ch\\\/beschwerde-gegen-auslieferung\\\/#primaryimage\"},\"image\":{\"@id\":\"https:\\\/\\\/news.save.ch\\\/beschwerde-gegen-auslieferung\\\/#primaryimage\"},\"thumbnailUrl\":\"https:\\\/\\\/news.save.ch\\\/wp-content\\\/uploads\\\/2016\\\/12\\\/Beschwerde-gegen-Auslieferung_sicherheitsforum-scaled.jpg\",\"datePublished\":\"2015-06-10T09:40:57+00:00\",\"description\":\"Einer der 7 inhaftierten Fussballfunktion\u00e4re hat gegen den Auslieferungshaftbefehl des Bundesamtes f\u00fcr Justiz beim Bundesstrafgericht Beschwerde erhoben.\",\"breadcrumb\":{\"@id\":\"https:\\\/\\\/news.save.ch\\\/beschwerde-gegen-auslieferung\\\/#breadcrumb\"},\"inLanguage\":\"en-US\",\"potentialAction\":[{\"@type\":\"ReadAction\",\"target\":[\"https:\\\/\\\/news.save.ch\\\/beschwerde-gegen-auslieferung\\\/\"]}]},{\"@type\":\"ImageObject\",\"inLanguage\":\"en-US\",\"@id\":\"https:\\\/\\\/news.save.ch\\\/beschwerde-gegen-auslieferung\\\/#primaryimage\",\"url\":\"https:\\\/\\\/news.save.ch\\\/wp-content\\\/uploads\\\/2016\\\/12\\\/Beschwerde-gegen-Auslieferung_sicherheitsforum-scaled.jpg\",\"contentUrl\":\"https:\\\/\\\/news.save.ch\\\/wp-content\\\/uploads\\\/2016\\\/12\\\/Beschwerde-gegen-Auslieferung_sicherheitsforum-scaled.jpg\",\"width\":1226,\"height\":1400},{\"@type\":\"BreadcrumbList\",\"@id\":\"https:\\\/\\\/news.save.ch\\\/beschwerde-gegen-auslieferung\\\/#breadcrumb\",\"itemListElement\":[{\"@type\":\"ListItem\",\"position\":1,\"name\":\"Home\",\"item\":\"https:\\\/\\\/news.save.ch\\\/de\\\/\"},{\"@type\":\"ListItem\",\"position\":2,\"name\":\"Beschwerde gegen Auslieferung\"}]},{\"@type\":\"WebSite\",\"@id\":\"https:\\\/\\\/news.save.ch\\\/de\\\/#website\",\"url\":\"https:\\\/\\\/news.save.ch\\\/de\\\/\",\"name\":\"Save\",\"description\":\"Schweizer Fachzeitschrift f\u00fcr Sicherheit\",\"publisher\":{\"@id\":\"https:\\\/\\\/news.save.ch\\\/de\\\/#organization\"},\"potentialAction\":[{\"@type\":\"SearchAction\",\"target\":{\"@type\":\"EntryPoint\",\"urlTemplate\":\"https:\\\/\\\/news.save.ch\\\/de\\\/?s={search_term_string}\"},\"query-input\":{\"@type\":\"PropertyValueSpecification\",\"valueRequired\":true,\"valueName\":\"search_term_string\"}}],\"inLanguage\":\"en-US\"},{\"@type\":\"Organization\",\"@id\":\"https:\\\/\\\/news.save.ch\\\/de\\\/#organization\",\"name\":\"Sicherheitsforum\",\"url\":\"https:\\\/\\\/news.save.ch\\\/de\\\/\",\"logo\":{\"@type\":\"ImageObject\",\"inLanguage\":\"en-US\",\"@id\":\"https:\\\/\\\/news.save.ch\\\/de\\\/#\\\/schema\\\/logo\\\/image\\\/\",\"url\":\"https:\\\/\\\/news.save.ch\\\/wp-content\\\/uploads\\\/2022\\\/06\\\/Logo_SF_2012.png\",\"contentUrl\":\"https:\\\/\\\/news.save.ch\\\/wp-content\\\/uploads\\\/2022\\\/06\\\/Logo_SF_2012.png\",\"width\":1100,\"height\":91,\"caption\":\"Sicherheitsforum\"},\"image\":{\"@id\":\"https:\\\/\\\/news.save.ch\\\/de\\\/#\\\/schema\\\/logo\\\/image\\\/\"}},{\"@type\":\"Person\",\"@id\":\"https:\\\/\\\/news.save.ch\\\/de\\\/#\\\/schema\\\/person\\\/d49e199490bad7c70d64b9ab51142f2b\",\"name\":\"admin\",\"image\":{\"@type\":\"ImageObject\",\"inLanguage\":\"en-US\",\"@id\":\"https:\\\/\\\/secure.gravatar.com\\\/avatar\\\/ae2f4d718e6c49043e314ce431e7e645d646302a24a5ef5a8bc8e3f5a032e319?s=96&d=mm&r=g\",\"url\":\"https:\\\/\\\/secure.gravatar.com\\\/avatar\\\/ae2f4d718e6c49043e314ce431e7e645d646302a24a5ef5a8bc8e3f5a032e319?s=96&d=mm&r=g\",\"contentUrl\":\"https:\\\/\\\/secure.gravatar.com\\\/avatar\\\/ae2f4d718e6c49043e314ce431e7e645d646302a24a5ef5a8bc8e3f5a032e319?s=96&d=mm&r=g\",\"caption\":\"admin\"},\"sameAs\":[\"https:\\\/\\\/develop.organisator.galledia.ch\"],\"url\":\"https:\\\/\\\/news.save.ch\\\/en\\\/author\\\/admin\\\/\"}]}<\/script>\n<!-- \/ Yoast SEO plugin. -->","yoast_head_json":{"title":"Complaint against extradition - Save","description":"One of the 7 imprisoned football officials has filed an appeal with the Federal Criminal Court against the extradition warrant issued by the Federal Office of Justice.","robots":{"index":"index","follow":"follow","max-snippet":"max-snippet:-1","max-image-preview":"max-image-preview:large","max-video-preview":"max-video-preview:-1"},"canonical":"https:\/\/news.save.ch\/en\/beschwerde-gegen-auslieferung\/","og_locale":"en_US","og_type":"article","og_title":"Beschwerde gegen Auslieferung","og_description":"Einer der sieben inhaftierten Fussballfunktion\u00e4re hat gegen den Auslieferungshaftbefehl des Bundesamtes f\u00fcr Justiz beim Bundesstrafgericht Beschwerde erhoben.","og_url":"https:\/\/news.save.ch\/en\/beschwerde-gegen-auslieferung\/","og_site_name":"Save","article_published_time":"2015-06-10T09:40:57+00:00","og_image":[{"url":"https:\/\/news.save.ch\/wp-content\/uploads\/2016\/12\/Beschwerde-gegen-Auslieferung_sicherheitsforum.jpg","type":"","width":"","height":""}],"author":"admin","twitter_card":"summary_large_image","twitter_misc":{"Written by":"admin"},"schema":{"@context":"https:\/\/schema.org","@graph":[{"@type":"Article","@id":"https:\/\/news.save.ch\/beschwerde-gegen-auslieferung\/#article","isPartOf":{"@id":"https:\/\/news.save.ch\/beschwerde-gegen-auslieferung\/"},"author":{"name":"admin","@id":"https:\/\/news.save.ch\/de\/#\/schema\/person\/d49e199490bad7c70d64b9ab51142f2b"},"headline":"Beschwerde gegen Auslieferung","datePublished":"2015-06-10T09:40:57+00:00","mainEntityOfPage":{"@id":"https:\/\/news.save.ch\/beschwerde-gegen-auslieferung\/"},"wordCount":99,"commentCount":0,"publisher":{"@id":"https:\/\/news.save.ch\/de\/#organization"},"image":{"@id":"https:\/\/news.save.ch\/beschwerde-gegen-auslieferung\/#primaryimage"},"thumbnailUrl":"https:\/\/news.save.ch\/wp-content\/uploads\/2016\/12\/Beschwerde-gegen-Auslieferung_sicherheitsforum-scaled.jpg","keywords":["Bundesamt","Institutionen","Verb\u00e4nde","Vereine","Wirtschaftskriminalit\u00e4t"],"articleSection":["ALLGEMEIN"],"inLanguage":"en-US"},{"@type":"WebPage","@id":"https:\/\/news.save.ch\/beschwerde-gegen-auslieferung\/","url":"https:\/\/news.save.ch\/beschwerde-gegen-auslieferung\/","name":"Complaint against extradition - Save","isPartOf":{"@id":"https:\/\/news.save.ch\/de\/#website"},"primaryImageOfPage":{"@id":"https:\/\/news.save.ch\/beschwerde-gegen-auslieferung\/#primaryimage"},"image":{"@id":"https:\/\/news.save.ch\/beschwerde-gegen-auslieferung\/#primaryimage"},"thumbnailUrl":"https:\/\/news.save.ch\/wp-content\/uploads\/2016\/12\/Beschwerde-gegen-Auslieferung_sicherheitsforum-scaled.jpg","datePublished":"2015-06-10T09:40:57+00:00","description":"One of the 7 imprisoned football officials has filed an appeal with the Federal Criminal Court against the extradition warrant issued by the Federal Office of Justice.","breadcrumb":{"@id":"https:\/\/news.save.ch\/beschwerde-gegen-auslieferung\/#breadcrumb"},"inLanguage":"en-US","potentialAction":[{"@type":"ReadAction","target":["https:\/\/news.save.ch\/beschwerde-gegen-auslieferung\/"]}]},{"@type":"ImageObject","inLanguage":"en-US","@id":"https:\/\/news.save.ch\/beschwerde-gegen-auslieferung\/#primaryimage","url":"https:\/\/news.save.ch\/wp-content\/uploads\/2016\/12\/Beschwerde-gegen-Auslieferung_sicherheitsforum-scaled.jpg","contentUrl":"https:\/\/news.save.ch\/wp-content\/uploads\/2016\/12\/Beschwerde-gegen-Auslieferung_sicherheitsforum-scaled.jpg","width":1226,"height":1400},{"@type":"BreadcrumbList","@id":"https:\/\/news.save.ch\/beschwerde-gegen-auslieferung\/#breadcrumb","itemListElement":[{"@type":"ListItem","position":1,"name":"Home","item":"https:\/\/news.save.ch\/de\/"},{"@type":"ListItem","position":2,"name":"Beschwerde gegen Auslieferung"}]},{"@type":"WebSite","@id":"https:\/\/news.save.ch\/de\/#website","url":"https:\/\/news.save.ch\/de\/","name":"Save","description":"Swiss trade journal for safety","publisher":{"@id":"https:\/\/news.save.ch\/de\/#organization"},"potentialAction":[{"@type":"SearchAction","target":{"@type":"EntryPoint","urlTemplate":"https:\/\/news.save.ch\/de\/?s={search_term_string}"},"query-input":{"@type":"PropertyValueSpecification","valueRequired":true,"valueName":"search_term_string"}}],"inLanguage":"en-US"},{"@type":"Organization","@id":"https:\/\/news.save.ch\/de\/#organization","name":"Security Forum","url":"https:\/\/news.save.ch\/de\/","logo":{"@type":"ImageObject","inLanguage":"en-US","@id":"https:\/\/news.save.ch\/de\/#\/schema\/logo\/image\/","url":"https:\/\/news.save.ch\/wp-content\/uploads\/2022\/06\/Logo_SF_2012.png","contentUrl":"https:\/\/news.save.ch\/wp-content\/uploads\/2022\/06\/Logo_SF_2012.png","width":1100,"height":91,"caption":"Sicherheitsforum"},"image":{"@id":"https:\/\/news.save.ch\/de\/#\/schema\/logo\/image\/"}},{"@type":"Person","@id":"https:\/\/news.save.ch\/de\/#\/schema\/person\/d49e199490bad7c70d64b9ab51142f2b","name":"admin","image":{"@type":"ImageObject","inLanguage":"en-US","@id":"https:\/\/secure.gravatar.com\/avatar\/ae2f4d718e6c49043e314ce431e7e645d646302a24a5ef5a8bc8e3f5a032e319?s=96&d=mm&r=g","url":"https:\/\/secure.gravatar.com\/avatar\/ae2f4d718e6c49043e314ce431e7e645d646302a24a5ef5a8bc8e3f5a032e319?s=96&d=mm&r=g","contentUrl":"https:\/\/secure.gravatar.com\/avatar\/ae2f4d718e6c49043e314ce431e7e645d646302a24a5ef5a8bc8e3f5a032e319?s=96&d=mm&r=g","caption":"admin"},"sameAs":["https:\/\/develop.organisator.galledia.ch"],"url":"https:\/\/news.save.ch\/en\/author\/admin\/"}]}},"_links":{"self":[{"href":"https:\/\/news.save.ch\/en\/wp-json\/wp\/v2\/posts\/3212","targetHints":{"allow":["GET"]}}],"collection":[{"href":"https:\/\/news.save.ch\/en\/wp-json\/wp\/v2\/posts"}],"about":[{"href":"https:\/\/news.save.ch\/en\/wp-json\/wp\/v2\/types\/post"}],"author":[{"embeddable":true,"href":"https:\/\/news.save.ch\/en\/wp-json\/wp\/v2\/users\/1"}],"replies":[{"embeddable":true,"href":"https:\/\/news.save.ch\/en\/wp-json\/wp\/v2\/comments?post=3212"}],"version-history":[{"count":0,"href":"https:\/\/news.save.ch\/en\/wp-json\/wp\/v2\/posts\/3212\/revisions"}],"wp:featuredmedia":[{"embeddable":true,"href":"https:\/\/news.save.ch\/en\/wp-json\/wp\/v2\/media\/3215"}],"wp:attachment":[{"href":"https:\/\/news.save.ch\/en\/wp-json\/wp\/v2\/media?parent=3212"}],"wp:term":[{"taxonomy":"category","embeddable":true,"href":"https:\/\/news.save.ch\/en\/wp-json\/wp\/v2\/categories?post=3212"},{"taxonomy":"post_tag","embeddable":true,"href":"https:\/\/news.save.ch\/en\/wp-json\/wp\/v2\/tags?post=3212"}],"curies":[{"name":"wp","href":"https:\/\/api.w.org\/{rel}","templated":true}]}}