{"id":3306,"date":"2018-10-24T13:29:12","date_gmt":"2018-10-24T11:29:12","guid":{"rendered":"https:\/\/news.save.ch\/?p=3306"},"modified":"2023-03-14T09:04:08","modified_gmt":"2023-03-14T08:04:08","slug":"arbeitssicherheit-gilt-auch-fuer-arbeitslose","status":null,"type":"post","link":"https:\/\/news.save.ch\/en\/arbeitssicherheit-gilt-auch-fuer-arbeitslose\/","title":{"rendered":"Occupational safety also applies to the unemployed"},"content":{"rendered":"<figure id=\"attachment_3307\" aria-describedby=\"caption-attachment-3307\" style=\"width: 680px\" class=\"wp-caption alignnone\"><img loading=\"lazy\" decoding=\"async\" class=\"size-medium wp-image-3307\" src=\"http:\/\/develop.safety-plus.ch\/wp-content\/uploads\/2018\/10\/37879-10-20181017_PHU_50334_Web-format-sRGB_37879.jpeg.jpeg\" alt=\"\" width=\"680\" height=\"453\" \/><figcaption id=\"caption-attachment-3307\" class=\"wp-caption-text\">The signatories of the Safety Charter from left to right: Oliver Sch\u00e4rli (Head of the Labor Market\/Unemployment Insurance Division in the Directorate of Labor at SECO), Louis Schelbert (President of the national umbrella organization of social and professional work integration Switzerland AIS), Bruno Sauter (President of the Association of Swiss Labor Market Authorities VSAA) and Felix Weber (Chairman of the Executive Board of Suva). \u00a9 Suva<\/figcaption><\/figure>\n<p>Since <a href=\"https:\/\/news.save.ch\/en\/100-jahre-suva\/\" target=\"_blank\" rel=\"noopener\">Foundation of Suva<\/a> the number of occupational accidents has fallen continuously. But unfortunately, around 250,000 people still have accidents at work every year. Also affected are those involved in <a href=\"https:\/\/www.seco.admin.ch\/seco\/de\/home\/Arbeit\/Arbeitslosenversicherung\/oeffentliche-arbeitsvermittlung\/arbeitsmarktliche-massnahmen.html\" target=\"_blank\" rel=\"noopener\">Labor market measures\u00a0<\/a>\u00a0. These measures aim to promote the rapid and long-term reintegration of unemployed persons into the labor market. Whether in temporary employment, in a professional internship or during a motivation semester - occupational safety and health protection must always be the first priority.<\/p>\n<p><strong>In case of danger STOP<\/strong><\/p>\n<p>SECO, VSAA and AIS confirm this intention with your signature on the <a href=\"https:\/\/news.save.ch\/en\/sicherheits-charta-begruesst-1000-mitglied\/\" target=\"_blank\" rel=\"noopener\">Security Charter<\/a> of Suva and support the message to say STOP in case of danger and to continue working only when safety has been restored. The focus is particularly on those involved in labor market measures. \"We are aware that accidents cannot be avoided with a signature alone. It is our task to motivate the cantons and organizers of labor market measures to anchor the idea of the charter in their daily work and also to sign up to the safety charter,\" says Oliver Sch\u00e4rli, Head of the Labor Market\/Unemployment Insurance Division in the Directorate of Labor at SECO.<\/p>\n<p>This is also confirmed by Louis Schelbert, President AIS, and he is convinced that with the implementation of the Safety Charter <a href=\"https:\/\/news.save.ch\/en\/nichtberufsunfaelle-75-millionen-verlorene-arbeitstage\/\" target=\"_blank\" rel=\"noopener\">Accidents<\/a> and human suffering can be prevented. Bruno Sauter, President of the VSAA, emphasizes the necessary support from the cantons: \"The cantons are responsible for awarding contracts and checking the quality of the implementation of labor market measures. This automatically obliges them to commit themselves to accident prevention\".<\/p>\n<p><strong>Rules that save lives<\/strong><\/p>\n<p>Membership in the Safety Charter is a public commitment by all parties that Suva's vital rules or own safety rules will be consistently followed and enforced. \"That the vital rules can save lives is shown by our analyses. In over 60 percent of fatal <a href=\"https:\/\/news.save.ch\/en\/berufsunfaelle-nehmen-weiter-ab\/\" target=\"_blank\" rel=\"noopener\">Occupational accidents<\/a> one of these rules is violated. Together, we can reduce the number of accidents even further if everyone involved in labor market measures consistently adheres to the vital rules,\" says Felix Weber, Chairman of Suva's Executive Board.<\/p>\n<p><strong>Joining with mouse click <\/strong><\/p>\n<p>Members who have already signed the Safety Charter are shown on an interactive map on <a href=\"http:\/\/www.sicherheits-charta.ch\/\" target=\"_blank\" rel=\"noopener\">www.sicherheits-charta.ch\u00a0<\/a>\u00a0 to find. Anyone who is not yet a member can register free of charge via this website and in this way, like over 9000 members already, contribute to greater safety in the workplace.<\/p>\n<p>Text: <a href=\"https:\/\/www.suva.ch\/\" target=\"_blank\" rel=\"noopener\">Suva<\/a><\/p>\n<p><a href=\"http:\/\/www.sicherheits-charta.ch\/\" target=\"_blank\" rel=\"noopener\">www.sicherheits-charta.ch<\/a><\/p>","protected":false},"excerpt":{"rendered":"<p>Seit Gr\u00fcndung der Suva sind die Berufsunfallzahlen kontinuierlich zur\u00fcckgegangen. Aber leider verunfallen noch immer j\u00e4hrlich rund 250 000 Menschen bei der Arbeit. Betroffen sind auch Beteiligte an Arbeitsmarktlichen Massnahmen\u00a0\u00a0. Diese Massnahmen haben zum Ziel, die rasche und langfristige Wiedereingliederung von arbeitslosen Personen in den Arbeitsmarkt zu f\u00f6rdern. Ob bei einer vor\u00fcbergehenden Besch\u00e4ftigung, in einem Berufspraktikum [&hellip;]<\/p>\n","protected":false},"author":1,"featured_media":3307,"comment_status":"open","ping_status":"open","sticky":false,"template":"","format":"standard","meta":{"_acf_changed":false,"pgc_sgb_lightbox_settings":"","footnotes":""},"categories":[3314],"tags":[1605,1768,2165,149,2349,2451,175,145,2906,2913,176,167,3135,181,3217],"class_list":["post-3306","post","type-post","status-publish","format-standard","has-post-thumbnail","hentry","category-health-safety","tag-ais","tag-berufsunfaelle","tag-gesundheitsfoerderung","tag-gesundheitsschutz","tag-kampagnen","tag-lebenswichtige-regeln","tag-nichtberufsunfaelle","tag-seco","tag-sicherheits-charta","tag-sicherheitsregeln","tag-sportunfaelle","tag-suva","tag-unfaelle","tag-versicherung","tag-vsaa"],"acf":[],"hkrextid":null,"publication":null,"issue":null,"workflow":null,"startPage":null,"spitzmarke":null,"_posts_by_tag_page_fields":{"widget_title":"","widget_tags":""},"_at_widget":"1","_yoast_wpseo_primary_category":"5","_yoast_wpseo_focuskw_text_input":"Arbeitssicherheit","_yoast_wpseo_opengraph-image":null,"_yoast_wpseo_opengraph-description":null,"_yoast_wpseo_opengraph-title":null,"enclosure":null,"_yoast_wpseo_twitter-title":null,"_yoast_wpseo_twitter-description":null,"_yoast_wpseo_twitter-image":null,"_wp_old_slug":null,"_yoast_wpseo_title":null,"_yoast_wpseo_canonical":null,"yoast_head":"<!-- This site is optimized with the Yoast SEO plugin v27.5 - https:\/\/yoast.com\/product\/yoast-seo-wordpress\/ -->\n<title>Arbeitssicherheit gilt auch f\u00fcr Arbeitslose - Save<\/title>\n<meta name=\"description\" content=\"SECO, der VSAA und AIS haben die Sicherheits-Charta der Suva unterschrieben, bei Gefahr STOPP zu sagen.\" \/>\n<meta name=\"robots\" content=\"index, follow, max-snippet:-1, max-image-preview:large, max-video-preview:-1\" \/>\n<link rel=\"canonical\" href=\"https:\/\/news.save.ch\/en\/arbeitssicherheit-gilt-auch-fuer-arbeitslose\/\" \/>\n<meta property=\"og:locale\" content=\"en_US\" \/>\n<meta property=\"og:type\" content=\"article\" \/>\n<meta property=\"og:title\" content=\"Arbeitssicherheit gilt auch f\u00fcr Arbeitslose - Save\" \/>\n<meta property=\"og:description\" content=\"SECO, der VSAA und AIS haben die Sicherheits-Charta der Suva unterschrieben, bei Gefahr STOPP zu sagen.\" \/>\n<meta property=\"og:url\" content=\"https:\/\/news.save.ch\/en\/arbeitssicherheit-gilt-auch-fuer-arbeitslose\/\" \/>\n<meta property=\"og:site_name\" content=\"Save\" \/>\n<meta property=\"article:published_time\" content=\"2018-10-24T11:29:12+00:00\" \/>\n<meta property=\"article:modified_time\" content=\"2023-03-14T08:04:08+00:00\" \/>\n<meta property=\"og:image\" content=\"https:\/\/news.save.ch\/wp-content\/uploads\/2018\/10\/37879-10-20181017_PHU_50334_Web-format-sRGB_37879.jpeg-scaled-1.jpeg\" \/>\n\t<meta property=\"og:image:width\" content=\"1200\" \/>\n\t<meta property=\"og:image:height\" content=\"800\" \/>\n\t<meta property=\"og:image:type\" content=\"image\/jpeg\" \/>\n<meta name=\"author\" content=\"admin\" \/>\n<meta name=\"twitter:card\" content=\"summary_large_image\" \/>\n<meta name=\"twitter:label1\" content=\"Written by\" \/>\n\t<meta name=\"twitter:data1\" content=\"admin\" \/>\n\t<meta name=\"twitter:label2\" content=\"Est. reading time\" \/>\n\t<meta name=\"twitter:data2\" content=\"2 minutes\" \/>\n<script type=\"application\/ld+json\" class=\"yoast-schema-graph\">{\"@context\":\"https:\\\/\\\/schema.org\",\"@graph\":[{\"@type\":\"Article\",\"@id\":\"https:\\\/\\\/news.save.ch\\\/arbeitssicherheit-gilt-auch-fuer-arbeitslose\\\/#article\",\"isPartOf\":{\"@id\":\"https:\\\/\\\/news.save.ch\\\/arbeitssicherheit-gilt-auch-fuer-arbeitslose\\\/\"},\"author\":{\"name\":\"admin\",\"@id\":\"https:\\\/\\\/news.save.ch\\\/de\\\/#\\\/schema\\\/person\\\/d49e199490bad7c70d64b9ab51142f2b\"},\"headline\":\"Arbeitssicherheit gilt auch f\u00fcr Arbeitslose\",\"datePublished\":\"2018-10-24T11:29:12+00:00\",\"dateModified\":\"2023-03-14T08:04:08+00:00\",\"mainEntityOfPage\":{\"@id\":\"https:\\\/\\\/news.save.ch\\\/arbeitssicherheit-gilt-auch-fuer-arbeitslose\\\/\"},\"wordCount\":460,\"commentCount\":0,\"publisher\":{\"@id\":\"https:\\\/\\\/news.save.ch\\\/de\\\/#organization\"},\"image\":{\"@id\":\"https:\\\/\\\/news.save.ch\\\/arbeitssicherheit-gilt-auch-fuer-arbeitslose\\\/#primaryimage\"},\"thumbnailUrl\":\"https:\\\/\\\/news.save.ch\\\/wp-content\\\/uploads\\\/2018\\\/10\\\/37879-10-20181017_PHU_50334_Web-format-sRGB_37879.jpeg-scaled-1.jpeg\",\"keywords\":[\"AIS\",\"Berufsunf\u00e4lle\",\"Gesundheitsf\u00f6rderung\",\"Gesundheitsschutz\",\"Kampagnen\",\"Lebenswichtige Regeln\",\"Nichtberufsunf\u00e4lle\",\"Seco\",\"Sicherheits-Charta\",\"Sicherheitsregeln\",\"Sportunf\u00e4lle\",\"SUVA\",\"Unf\u00e4lle\",\"Versicherung\",\"VSAA\"],\"articleSection\":[\"HEALTH &amp; SAFETY\"],\"inLanguage\":\"en-US\"},{\"@type\":\"WebPage\",\"@id\":\"https:\\\/\\\/news.save.ch\\\/arbeitssicherheit-gilt-auch-fuer-arbeitslose\\\/\",\"url\":\"https:\\\/\\\/news.save.ch\\\/arbeitssicherheit-gilt-auch-fuer-arbeitslose\\\/\",\"name\":\"Arbeitssicherheit gilt auch f\u00fcr Arbeitslose - Save\",\"isPartOf\":{\"@id\":\"https:\\\/\\\/news.save.ch\\\/de\\\/#website\"},\"primaryImageOfPage\":{\"@id\":\"https:\\\/\\\/news.save.ch\\\/arbeitssicherheit-gilt-auch-fuer-arbeitslose\\\/#primaryimage\"},\"image\":{\"@id\":\"https:\\\/\\\/news.save.ch\\\/arbeitssicherheit-gilt-auch-fuer-arbeitslose\\\/#primaryimage\"},\"thumbnailUrl\":\"https:\\\/\\\/news.save.ch\\\/wp-content\\\/uploads\\\/2018\\\/10\\\/37879-10-20181017_PHU_50334_Web-format-sRGB_37879.jpeg-scaled-1.jpeg\",\"datePublished\":\"2018-10-24T11:29:12+00:00\",\"dateModified\":\"2023-03-14T08:04:08+00:00\",\"description\":\"SECO, der VSAA und AIS haben die Sicherheits-Charta der Suva unterschrieben, bei Gefahr STOPP zu sagen.\",\"breadcrumb\":{\"@id\":\"https:\\\/\\\/news.save.ch\\\/arbeitssicherheit-gilt-auch-fuer-arbeitslose\\\/#breadcrumb\"},\"inLanguage\":\"en-US\",\"potentialAction\":[{\"@type\":\"ReadAction\",\"target\":[\"https:\\\/\\\/news.save.ch\\\/arbeitssicherheit-gilt-auch-fuer-arbeitslose\\\/\"]}]},{\"@type\":\"ImageObject\",\"inLanguage\":\"en-US\",\"@id\":\"https:\\\/\\\/news.save.ch\\\/arbeitssicherheit-gilt-auch-fuer-arbeitslose\\\/#primaryimage\",\"url\":\"https:\\\/\\\/news.save.ch\\\/wp-content\\\/uploads\\\/2018\\\/10\\\/37879-10-20181017_PHU_50334_Web-format-sRGB_37879.jpeg-scaled-1.jpeg\",\"contentUrl\":\"https:\\\/\\\/news.save.ch\\\/wp-content\\\/uploads\\\/2018\\\/10\\\/37879-10-20181017_PHU_50334_Web-format-sRGB_37879.jpeg-scaled-1.jpeg\",\"width\":1200,\"height\":800,\"caption\":\"Die Unterzeichner der Sicherheitscharta von links nach rechts: Oliver Sch\u00e4rli (Leiter des Bereichs Arbeitsmarkt\\\/Arbeitslosenversicherung in der Direktion f\u00fcr Arbeit beim SECO), Louis Schelbert (Pr\u00e4sident nationaler Dachverband der sozialen und beruflichen Arbeitsintegration Schweiz AIS), Bruno Sauter (Pr\u00e4sident Verband Schweizerischer Arbeitsmarktbeh\u00f6rden VSAA) und Felix Weber (Vorsitzender der Gesch\u00e4ftsleitung der Suva) \u00a9 Suva\"},{\"@type\":\"BreadcrumbList\",\"@id\":\"https:\\\/\\\/news.save.ch\\\/arbeitssicherheit-gilt-auch-fuer-arbeitslose\\\/#breadcrumb\",\"itemListElement\":[{\"@type\":\"ListItem\",\"position\":1,\"name\":\"Home\",\"item\":\"https:\\\/\\\/news.save.ch\\\/de\\\/\"},{\"@type\":\"ListItem\",\"position\":2,\"name\":\"Arbeitssicherheit gilt auch f\u00fcr Arbeitslose\"}]},{\"@type\":\"WebSite\",\"@id\":\"https:\\\/\\\/news.save.ch\\\/de\\\/#website\",\"url\":\"https:\\\/\\\/news.save.ch\\\/de\\\/\",\"name\":\"Save\",\"description\":\"Schweizer Fachzeitschrift f\u00fcr Sicherheit\",\"publisher\":{\"@id\":\"https:\\\/\\\/news.save.ch\\\/de\\\/#organization\"},\"potentialAction\":[{\"@type\":\"SearchAction\",\"target\":{\"@type\":\"EntryPoint\",\"urlTemplate\":\"https:\\\/\\\/news.save.ch\\\/de\\\/?s={search_term_string}\"},\"query-input\":{\"@type\":\"PropertyValueSpecification\",\"valueRequired\":true,\"valueName\":\"search_term_string\"}}],\"inLanguage\":\"en-US\"},{\"@type\":\"Organization\",\"@id\":\"https:\\\/\\\/news.save.ch\\\/de\\\/#organization\",\"name\":\"Sicherheitsforum\",\"url\":\"https:\\\/\\\/news.save.ch\\\/de\\\/\",\"logo\":{\"@type\":\"ImageObject\",\"inLanguage\":\"en-US\",\"@id\":\"https:\\\/\\\/news.save.ch\\\/de\\\/#\\\/schema\\\/logo\\\/image\\\/\",\"url\":\"https:\\\/\\\/news.save.ch\\\/wp-content\\\/uploads\\\/2022\\\/06\\\/Logo_SF_2012.png\",\"contentUrl\":\"https:\\\/\\\/news.save.ch\\\/wp-content\\\/uploads\\\/2022\\\/06\\\/Logo_SF_2012.png\",\"width\":1100,\"height\":91,\"caption\":\"Sicherheitsforum\"},\"image\":{\"@id\":\"https:\\\/\\\/news.save.ch\\\/de\\\/#\\\/schema\\\/logo\\\/image\\\/\"}},{\"@type\":\"Person\",\"@id\":\"https:\\\/\\\/news.save.ch\\\/de\\\/#\\\/schema\\\/person\\\/d49e199490bad7c70d64b9ab51142f2b\",\"name\":\"admin\",\"image\":{\"@type\":\"ImageObject\",\"inLanguage\":\"en-US\",\"@id\":\"https:\\\/\\\/secure.gravatar.com\\\/avatar\\\/ae2f4d718e6c49043e314ce431e7e645d646302a24a5ef5a8bc8e3f5a032e319?s=96&d=mm&r=g\",\"url\":\"https:\\\/\\\/secure.gravatar.com\\\/avatar\\\/ae2f4d718e6c49043e314ce431e7e645d646302a24a5ef5a8bc8e3f5a032e319?s=96&d=mm&r=g\",\"contentUrl\":\"https:\\\/\\\/secure.gravatar.com\\\/avatar\\\/ae2f4d718e6c49043e314ce431e7e645d646302a24a5ef5a8bc8e3f5a032e319?s=96&d=mm&r=g\",\"caption\":\"admin\"},\"sameAs\":[\"https:\\\/\\\/develop.organisator.galledia.ch\"],\"url\":\"https:\\\/\\\/news.save.ch\\\/en\\\/author\\\/admin\\\/\"}]}<\/script>\n<!-- \/ Yoast SEO plugin. -->","yoast_head_json":{"title":"Occupational safety also applies to the unemployed - Save","description":"SECO, the VSAA and AIS have signed Suva's safety charter to say STOP in case of danger.","robots":{"index":"index","follow":"follow","max-snippet":"max-snippet:-1","max-image-preview":"max-image-preview:large","max-video-preview":"max-video-preview:-1"},"canonical":"https:\/\/news.save.ch\/en\/arbeitssicherheit-gilt-auch-fuer-arbeitslose\/","og_locale":"en_US","og_type":"article","og_title":"Arbeitssicherheit gilt auch f\u00fcr Arbeitslose - Save","og_description":"SECO, der VSAA und AIS haben die Sicherheits-Charta der Suva unterschrieben, bei Gefahr STOPP zu sagen.","og_url":"https:\/\/news.save.ch\/en\/arbeitssicherheit-gilt-auch-fuer-arbeitslose\/","og_site_name":"Save","article_published_time":"2018-10-24T11:29:12+00:00","article_modified_time":"2023-03-14T08:04:08+00:00","og_image":[{"width":1200,"height":800,"url":"https:\/\/news.save.ch\/wp-content\/uploads\/2018\/10\/37879-10-20181017_PHU_50334_Web-format-sRGB_37879.jpeg-scaled-1.jpeg","type":"image\/jpeg"}],"author":"admin","twitter_card":"summary_large_image","twitter_misc":{"Written by":"admin","Est. reading time":"2 minutes"},"schema":{"@context":"https:\/\/schema.org","@graph":[{"@type":"Article","@id":"https:\/\/news.save.ch\/arbeitssicherheit-gilt-auch-fuer-arbeitslose\/#article","isPartOf":{"@id":"https:\/\/news.save.ch\/arbeitssicherheit-gilt-auch-fuer-arbeitslose\/"},"author":{"name":"admin","@id":"https:\/\/news.save.ch\/de\/#\/schema\/person\/d49e199490bad7c70d64b9ab51142f2b"},"headline":"Arbeitssicherheit gilt auch f\u00fcr Arbeitslose","datePublished":"2018-10-24T11:29:12+00:00","dateModified":"2023-03-14T08:04:08+00:00","mainEntityOfPage":{"@id":"https:\/\/news.save.ch\/arbeitssicherheit-gilt-auch-fuer-arbeitslose\/"},"wordCount":460,"commentCount":0,"publisher":{"@id":"https:\/\/news.save.ch\/de\/#organization"},"image":{"@id":"https:\/\/news.save.ch\/arbeitssicherheit-gilt-auch-fuer-arbeitslose\/#primaryimage"},"thumbnailUrl":"https:\/\/news.save.ch\/wp-content\/uploads\/2018\/10\/37879-10-20181017_PHU_50334_Web-format-sRGB_37879.jpeg-scaled-1.jpeg","keywords":["AIS","Berufsunf\u00e4lle","Gesundheitsf\u00f6rderung","Gesundheitsschutz","Kampagnen","Lebenswichtige Regeln","Nichtberufsunf\u00e4lle","Seco","Sicherheits-Charta","Sicherheitsregeln","Sportunf\u00e4lle","SUVA","Unf\u00e4lle","Versicherung","VSAA"],"articleSection":["HEALTH &amp; SAFETY"],"inLanguage":"en-US"},{"@type":"WebPage","@id":"https:\/\/news.save.ch\/arbeitssicherheit-gilt-auch-fuer-arbeitslose\/","url":"https:\/\/news.save.ch\/arbeitssicherheit-gilt-auch-fuer-arbeitslose\/","name":"Occupational safety also applies to the unemployed - Save","isPartOf":{"@id":"https:\/\/news.save.ch\/de\/#website"},"primaryImageOfPage":{"@id":"https:\/\/news.save.ch\/arbeitssicherheit-gilt-auch-fuer-arbeitslose\/#primaryimage"},"image":{"@id":"https:\/\/news.save.ch\/arbeitssicherheit-gilt-auch-fuer-arbeitslose\/#primaryimage"},"thumbnailUrl":"https:\/\/news.save.ch\/wp-content\/uploads\/2018\/10\/37879-10-20181017_PHU_50334_Web-format-sRGB_37879.jpeg-scaled-1.jpeg","datePublished":"2018-10-24T11:29:12+00:00","dateModified":"2023-03-14T08:04:08+00:00","description":"SECO, the VSAA and AIS have signed Suva's safety charter to say STOP in case of danger.","breadcrumb":{"@id":"https:\/\/news.save.ch\/arbeitssicherheit-gilt-auch-fuer-arbeitslose\/#breadcrumb"},"inLanguage":"en-US","potentialAction":[{"@type":"ReadAction","target":["https:\/\/news.save.ch\/arbeitssicherheit-gilt-auch-fuer-arbeitslose\/"]}]},{"@type":"ImageObject","inLanguage":"en-US","@id":"https:\/\/news.save.ch\/arbeitssicherheit-gilt-auch-fuer-arbeitslose\/#primaryimage","url":"https:\/\/news.save.ch\/wp-content\/uploads\/2018\/10\/37879-10-20181017_PHU_50334_Web-format-sRGB_37879.jpeg-scaled-1.jpeg","contentUrl":"https:\/\/news.save.ch\/wp-content\/uploads\/2018\/10\/37879-10-20181017_PHU_50334_Web-format-sRGB_37879.jpeg-scaled-1.jpeg","width":1200,"height":800,"caption":"Die Unterzeichner der Sicherheitscharta von links nach rechts: Oliver Sch\u00e4rli (Leiter des Bereichs Arbeitsmarkt\/Arbeitslosenversicherung in der Direktion f\u00fcr Arbeit beim SECO), Louis Schelbert (Pr\u00e4sident nationaler Dachverband der sozialen und beruflichen Arbeitsintegration Schweiz AIS), Bruno Sauter (Pr\u00e4sident Verband Schweizerischer Arbeitsmarktbeh\u00f6rden VSAA) und Felix Weber (Vorsitzender der Gesch\u00e4ftsleitung der Suva) \u00a9 Suva"},{"@type":"BreadcrumbList","@id":"https:\/\/news.save.ch\/arbeitssicherheit-gilt-auch-fuer-arbeitslose\/#breadcrumb","itemListElement":[{"@type":"ListItem","position":1,"name":"Home","item":"https:\/\/news.save.ch\/de\/"},{"@type":"ListItem","position":2,"name":"Arbeitssicherheit gilt auch f\u00fcr Arbeitslose"}]},{"@type":"WebSite","@id":"https:\/\/news.save.ch\/de\/#website","url":"https:\/\/news.save.ch\/de\/","name":"Save","description":"Swiss trade journal for safety","publisher":{"@id":"https:\/\/news.save.ch\/de\/#organization"},"potentialAction":[{"@type":"SearchAction","target":{"@type":"EntryPoint","urlTemplate":"https:\/\/news.save.ch\/de\/?s={search_term_string}"},"query-input":{"@type":"PropertyValueSpecification","valueRequired":true,"valueName":"search_term_string"}}],"inLanguage":"en-US"},{"@type":"Organization","@id":"https:\/\/news.save.ch\/de\/#organization","name":"Security Forum","url":"https:\/\/news.save.ch\/de\/","logo":{"@type":"ImageObject","inLanguage":"en-US","@id":"https:\/\/news.save.ch\/de\/#\/schema\/logo\/image\/","url":"https:\/\/news.save.ch\/wp-content\/uploads\/2022\/06\/Logo_SF_2012.png","contentUrl":"https:\/\/news.save.ch\/wp-content\/uploads\/2022\/06\/Logo_SF_2012.png","width":1100,"height":91,"caption":"Sicherheitsforum"},"image":{"@id":"https:\/\/news.save.ch\/de\/#\/schema\/logo\/image\/"}},{"@type":"Person","@id":"https:\/\/news.save.ch\/de\/#\/schema\/person\/d49e199490bad7c70d64b9ab51142f2b","name":"admin","image":{"@type":"ImageObject","inLanguage":"en-US","@id":"https:\/\/secure.gravatar.com\/avatar\/ae2f4d718e6c49043e314ce431e7e645d646302a24a5ef5a8bc8e3f5a032e319?s=96&d=mm&r=g","url":"https:\/\/secure.gravatar.com\/avatar\/ae2f4d718e6c49043e314ce431e7e645d646302a24a5ef5a8bc8e3f5a032e319?s=96&d=mm&r=g","contentUrl":"https:\/\/secure.gravatar.com\/avatar\/ae2f4d718e6c49043e314ce431e7e645d646302a24a5ef5a8bc8e3f5a032e319?s=96&d=mm&r=g","caption":"admin"},"sameAs":["https:\/\/develop.organisator.galledia.ch"],"url":"https:\/\/news.save.ch\/en\/author\/admin\/"}]}},"_links":{"self":[{"href":"https:\/\/news.save.ch\/en\/wp-json\/wp\/v2\/posts\/3306","targetHints":{"allow":["GET"]}}],"collection":[{"href":"https:\/\/news.save.ch\/en\/wp-json\/wp\/v2\/posts"}],"about":[{"href":"https:\/\/news.save.ch\/en\/wp-json\/wp\/v2\/types\/post"}],"author":[{"embeddable":true,"href":"https:\/\/news.save.ch\/en\/wp-json\/wp\/v2\/users\/1"}],"replies":[{"embeddable":true,"href":"https:\/\/news.save.ch\/en\/wp-json\/wp\/v2\/comments?post=3306"}],"version-history":[{"count":1,"href":"https:\/\/news.save.ch\/en\/wp-json\/wp\/v2\/posts\/3306\/revisions"}],"predecessor-version":[{"id":18285,"href":"https:\/\/news.save.ch\/en\/wp-json\/wp\/v2\/posts\/3306\/revisions\/18285"}],"wp:featuredmedia":[{"embeddable":true,"href":"https:\/\/news.save.ch\/en\/wp-json\/wp\/v2\/media\/3307"}],"wp:attachment":[{"href":"https:\/\/news.save.ch\/en\/wp-json\/wp\/v2\/media?parent=3306"}],"wp:term":[{"taxonomy":"category","embeddable":true,"href":"https:\/\/news.save.ch\/en\/wp-json\/wp\/v2\/categories?post=3306"},{"taxonomy":"post_tag","embeddable":true,"href":"https:\/\/news.save.ch\/en\/wp-json\/wp\/v2\/tags?post=3306"}],"curies":[{"name":"wp","href":"https:\/\/api.w.org\/{rel}","templated":true}]}}