{"id":345,"date":"2015-04-29T09:40:42","date_gmt":"2015-04-29T07:40:42","guid":{"rendered":"https:\/\/dev.sicherheitsforum.ch\/?p=345"},"modified":"2023-03-14T08:57:41","modified_gmt":"2023-03-14T07:57:41","slug":"grosses-misstrauen-in-die-digitale-wolke","status":null,"type":"post","link":"https:\/\/news.save.ch\/en\/grosses-misstrauen-in-die-digitale-wolke\/","title":{"rendered":"Great distrust in the digital cloud"},"content":{"rendered":"<p><img loading=\"lazy\" decoding=\"async\" class=\"size-medium wp-image-346\" src=\"https:\/\/sicherheitsforum.ch\/wp-content\/uploads\/2016\/12\/Grosses-Misstrauen-in-die-digitale-Wolke-it-security.jpg\" alt=\"Online illegal digital data transfer over the cloud with hand wearing black leather glove pressing enter key\" width=\"680\" height=\"450\" \/><\/p>\n<p>&nbsp;<\/p>\n<p>This is the result of the study \"<a title=\"Links to the study\" href=\"https:\/\/www.nifis.de\/fileadmin\/docs\/NIFIS_Studie_IT-Sicherheit_und_Datenschutz_2015.pdf\" target=\"_blank\" data-cke-saved-href=\"https:\/\/www.nifis.de\/fileadmin\/docs\/NIFIS_Studie_IT-Sicherheit_und_Datenschutz_2015.pdf\" rel=\"noopener\">IT Security and Data Protection 2015<\/a>\" of the self-help organization National Initiative for Information and Internet Security e.V. (<a title=\"Link to the organization\" href=\"https:\/\/www.nifis.de\" target=\"_blank\" data-cke-saved-href=\"https:\/\/www.nifis.de\" rel=\"noopener\">NIFIS<\/a>). According to the study, loss of control over one's own data (73%), internal and external hacker attacks (71%) and one's own ignorance of the existing risks (89%) are currently the main threats to the German economy in cloud computing.<\/p>\n<p><strong>Companies are careless with their data<\/strong><\/p>\n<p>The NIFIS study also considered other security aspects of cloud computing. According to the majority of experts (66%), modern encryption programs can make it much more difficult to read data - but even they do not offer complete protection against spying. A further 54% attest to the German economy's careless handling of its cloud-based data. It is also worth noting that almost half of the IT experts surveyed (49%) believe that in some cases cloud providers are also too careless with the data they entrust to them. The <a title=\"Link to article \/ S\u00fcddeutsche\" href=\"https:\/\/www.sueddeutsche.de\/digital\/us-gerichtsentscheid-microsoft-muss-ermittlern-auch-daten-aus-europa-liefern-1.2072643\" target=\"_blank\" data-cke-saved-href=\"https:\/\/www.sueddeutsche.de\/digital\/us-gerichtsentscheid-microsoft-muss-ermittlern-auch-daten-aus-europa-liefern-1.2072643\" rel=\"noopener\">US Jurisdiction<\/a> is also contributing to German companies' uncertainty when choosing a cloud provider, according to NIFIS Chairman Attorney Thomas Lapp. According to the study, 65% of the companies surveyed believe that there is a lack of transparency as to whether the cloud service providers that manage their customers' data in Europe do not pass it on to US authorities such as intelligence agencies.<\/p>\n<p><strong>Awareness campaign called for<\/strong><\/p>\n<p>In order to ease German companies' uncertainty about cloud computing, Lapp is calling for a broad-based education campaign: \"The German government and business associations must see the digitization of the German economy as a national task.\" As part of more intensive cooperation, especially between government and business, an educational campaign must provide information about the dangers and risks of cloud computing, he said. \"This would give many companies more security in dealing with the digital cloud and at the same time massively strengthen confidence in the new technology. Moreover, if companies are more aware of the dangers, many of their fears will prove to be unfounded,\" emphasizes the NIFIS chairman.<\/p>\n<p>According to Lapp, German companies still seem to be under the lasting impression of Prism and Co. According to the NIFIS study, the espionage scandals have made 88% of German businesses more aware of data protection. Accordingly, spending on IT security and data protection will continue to increase in 2015. Almost half of German companies (49%) expect investments to increase by 50% this year. A further 17% even forecast a doubling. Compared with the previous year, significantly more companies thus expect demand for IT and information security to rise.<\/p>","protected":false},"excerpt":{"rendered":"<p>&nbsp; Dies geht aus der Studie \u201eIT-Sicherheit und Datenschutz 2015\u201c der Selbsthilfeorganisation Nationalen Initiative f\u00fcr Informations- und Internet-Sicherheit e.V. (NIFIS) hervor. Demnach sind Kontrollverlust \u00fcber die eigenen Daten (73%), interne und externe Hackerangriffe (71%) und die eigene Unwissenheit \u00fcber die vorhandenen Risiken (89%) derzeit die Hauptgefahren f\u00fcr die deutsche Wirtschaft beim Cloud Computing. Firmen gehen [&hellip;]<\/p>\n","protected":false},"author":1,"featured_media":346,"comment_status":"open","ping_status":"open","sticky":false,"template":"","format":"standard","meta":{"_acf_changed":false,"pgc_sgb_lightbox_settings":"","footnotes":""},"categories":[3313],"tags":[96,62,63],"class_list":["post-345","post","type-post","status-publish","format-standard","has-post-thumbnail","hentry","category-digitalisierung","tag-cyber-crime","tag-ict-sicherheit","tag-it-security"],"acf":[],"hkrextid":null,"publication":null,"issue":null,"workflow":null,"startPage":null,"spitzmarke":null,"_posts_by_tag_page_fields":{"widget_title":"","widget_tags":""},"_at_widget":"1","_yoast_wpseo_primary_category":"2","_yoast_wpseo_focuskw_text_input":"Cloud Computing","_yoast_wpseo_opengraph-image":"https:\/\/sicherheitsforum.ch\/wp-content\/uploads\/2016\/12\/Grosses-Misstrauen-in-die-digitale-Wolke-it-security.jpg","_yoast_wpseo_opengraph-description":"Dunkle Wolken \u00fcber dem Cloud Computing in Deutschland: Bei 84% der Unternehmen herrscht grosse Unsicherheit dar\u00fcber, ob ihre Daten in der \u201edigitalen Wolke\u201c noch sicher sind.","_yoast_wpseo_opengraph-title":"Grosses Misstrauen in die digitale Wolke","enclosure":null,"_yoast_wpseo_twitter-title":null,"_yoast_wpseo_twitter-description":null,"_yoast_wpseo_twitter-image":null,"_wp_old_slug":null,"_yoast_wpseo_title":null,"_yoast_wpseo_canonical":null,"yoast_head":"<!-- This site is optimized with the Yoast SEO plugin v27.4 - https:\/\/yoast.com\/product\/yoast-seo-wordpress\/ -->\n<title>Grosses Misstrauen in die digitale Wolke - Save<\/title>\n<meta name=\"description\" content=\"Cloud Computing in Deutschland: Bei 84% der Unternehmen herrscht grosse Unsicherheit dar\u00fcber, ob ihre Daten in der \u201edigitalen Wolke\u201c noch sicher sind.\" \/>\n<meta name=\"robots\" content=\"index, follow, max-snippet:-1, max-image-preview:large, max-video-preview:-1\" \/>\n<link rel=\"canonical\" href=\"https:\/\/news.save.ch\/en\/grosses-misstrauen-in-die-digitale-wolke\/\" \/>\n<meta property=\"og:locale\" content=\"en_US\" \/>\n<meta property=\"og:type\" content=\"article\" \/>\n<meta property=\"og:title\" content=\"Grosses Misstrauen in die digitale Wolke\" \/>\n<meta property=\"og:description\" content=\"Dunkle Wolken \u00fcber dem Cloud Computing in Deutschland: Bei 84% der Unternehmen herrscht grosse Unsicherheit dar\u00fcber, ob ihre Daten in der \u201edigitalen Wolke\u201c noch sicher sind.\" \/>\n<meta property=\"og:url\" content=\"https:\/\/news.save.ch\/en\/grosses-misstrauen-in-die-digitale-wolke\/\" \/>\n<meta property=\"og:site_name\" content=\"Save\" \/>\n<meta property=\"article:published_time\" content=\"2015-04-29T07:40:42+00:00\" \/>\n<meta property=\"article:modified_time\" content=\"2023-03-14T07:57:41+00:00\" \/>\n<meta property=\"og:image\" content=\"https:\/\/sicherheitsforum.ch\/wp-content\/uploads\/2016\/12\/Grosses-Misstrauen-in-die-digitale-Wolke-it-security.jpg\" \/>\n<meta name=\"author\" content=\"admin\" \/>\n<meta name=\"twitter:card\" content=\"summary_large_image\" \/>\n<meta name=\"twitter:label1\" content=\"Written by\" \/>\n\t<meta name=\"twitter:data1\" content=\"admin\" \/>\n\t<meta name=\"twitter:label2\" content=\"Est. reading time\" \/>\n\t<meta name=\"twitter:data2\" content=\"2 minutes\" \/>\n<script type=\"application\/ld+json\" class=\"yoast-schema-graph\">{\"@context\":\"https:\\\/\\\/schema.org\",\"@graph\":[{\"@type\":\"Article\",\"@id\":\"https:\\\/\\\/news.save.ch\\\/grosses-misstrauen-in-die-digitale-wolke\\\/#article\",\"isPartOf\":{\"@id\":\"https:\\\/\\\/news.save.ch\\\/grosses-misstrauen-in-die-digitale-wolke\\\/\"},\"author\":{\"name\":\"admin\",\"@id\":\"https:\\\/\\\/news.save.ch\\\/de\\\/#\\\/schema\\\/person\\\/d49e199490bad7c70d64b9ab51142f2b\"},\"headline\":\"Grosses Misstrauen in die digitale Wolke\",\"datePublished\":\"2015-04-29T07:40:42+00:00\",\"dateModified\":\"2023-03-14T07:57:41+00:00\",\"mainEntityOfPage\":{\"@id\":\"https:\\\/\\\/news.save.ch\\\/grosses-misstrauen-in-die-digitale-wolke\\\/\"},\"wordCount\":393,\"commentCount\":0,\"publisher\":{\"@id\":\"https:\\\/\\\/news.save.ch\\\/de\\\/#organization\"},\"image\":{\"@id\":\"https:\\\/\\\/news.save.ch\\\/grosses-misstrauen-in-die-digitale-wolke\\\/#primaryimage\"},\"thumbnailUrl\":\"https:\\\/\\\/news.save.ch\\\/wp-content\\\/uploads\\\/2016\\\/12\\\/Grosses-Misstrauen-in-die-digitale-Wolke-it-security-scaled.jpg\",\"keywords\":[\"Cyber-Crime\",\"ICT-Sicherheit\",\"IT-SECURITY\"],\"articleSection\":[\"DIGITALISIERUNG\"],\"inLanguage\":\"en-US\"},{\"@type\":\"WebPage\",\"@id\":\"https:\\\/\\\/news.save.ch\\\/grosses-misstrauen-in-die-digitale-wolke\\\/\",\"url\":\"https:\\\/\\\/news.save.ch\\\/grosses-misstrauen-in-die-digitale-wolke\\\/\",\"name\":\"Grosses Misstrauen in die digitale Wolke - Save\",\"isPartOf\":{\"@id\":\"https:\\\/\\\/news.save.ch\\\/de\\\/#website\"},\"primaryImageOfPage\":{\"@id\":\"https:\\\/\\\/news.save.ch\\\/grosses-misstrauen-in-die-digitale-wolke\\\/#primaryimage\"},\"image\":{\"@id\":\"https:\\\/\\\/news.save.ch\\\/grosses-misstrauen-in-die-digitale-wolke\\\/#primaryimage\"},\"thumbnailUrl\":\"https:\\\/\\\/news.save.ch\\\/wp-content\\\/uploads\\\/2016\\\/12\\\/Grosses-Misstrauen-in-die-digitale-Wolke-it-security-scaled.jpg\",\"datePublished\":\"2015-04-29T07:40:42+00:00\",\"dateModified\":\"2023-03-14T07:57:41+00:00\",\"description\":\"Cloud Computing in Deutschland: Bei 84% der Unternehmen herrscht grosse Unsicherheit dar\u00fcber, ob ihre Daten in der \u201edigitalen Wolke\u201c noch sicher sind.\",\"breadcrumb\":{\"@id\":\"https:\\\/\\\/news.save.ch\\\/grosses-misstrauen-in-die-digitale-wolke\\\/#breadcrumb\"},\"inLanguage\":\"en-US\",\"potentialAction\":[{\"@type\":\"ReadAction\",\"target\":[\"https:\\\/\\\/news.save.ch\\\/grosses-misstrauen-in-die-digitale-wolke\\\/\"]}]},{\"@type\":\"ImageObject\",\"inLanguage\":\"en-US\",\"@id\":\"https:\\\/\\\/news.save.ch\\\/grosses-misstrauen-in-die-digitale-wolke\\\/#primaryimage\",\"url\":\"https:\\\/\\\/news.save.ch\\\/wp-content\\\/uploads\\\/2016\\\/12\\\/Grosses-Misstrauen-in-die-digitale-Wolke-it-security-scaled.jpg\",\"contentUrl\":\"https:\\\/\\\/news.save.ch\\\/wp-content\\\/uploads\\\/2016\\\/12\\\/Grosses-Misstrauen-in-die-digitale-Wolke-it-security-scaled.jpg\",\"width\":1400,\"height\":927,\"caption\":\"Online illegal digital data transfer over the cloud with hand wearing black leather glove pressing enter key\"},{\"@type\":\"BreadcrumbList\",\"@id\":\"https:\\\/\\\/news.save.ch\\\/grosses-misstrauen-in-die-digitale-wolke\\\/#breadcrumb\",\"itemListElement\":[{\"@type\":\"ListItem\",\"position\":1,\"name\":\"Home\",\"item\":\"https:\\\/\\\/news.save.ch\\\/de\\\/\"},{\"@type\":\"ListItem\",\"position\":2,\"name\":\"Grosses Misstrauen in die digitale Wolke\"}]},{\"@type\":\"WebSite\",\"@id\":\"https:\\\/\\\/news.save.ch\\\/de\\\/#website\",\"url\":\"https:\\\/\\\/news.save.ch\\\/de\\\/\",\"name\":\"Save\",\"description\":\"Schweizer Fachzeitschrift f\u00fcr Sicherheit\",\"publisher\":{\"@id\":\"https:\\\/\\\/news.save.ch\\\/de\\\/#organization\"},\"potentialAction\":[{\"@type\":\"SearchAction\",\"target\":{\"@type\":\"EntryPoint\",\"urlTemplate\":\"https:\\\/\\\/news.save.ch\\\/de\\\/?s={search_term_string}\"},\"query-input\":{\"@type\":\"PropertyValueSpecification\",\"valueRequired\":true,\"valueName\":\"search_term_string\"}}],\"inLanguage\":\"en-US\"},{\"@type\":\"Organization\",\"@id\":\"https:\\\/\\\/news.save.ch\\\/de\\\/#organization\",\"name\":\"Sicherheitsforum\",\"url\":\"https:\\\/\\\/news.save.ch\\\/de\\\/\",\"logo\":{\"@type\":\"ImageObject\",\"inLanguage\":\"en-US\",\"@id\":\"https:\\\/\\\/news.save.ch\\\/de\\\/#\\\/schema\\\/logo\\\/image\\\/\",\"url\":\"https:\\\/\\\/news.save.ch\\\/wp-content\\\/uploads\\\/2022\\\/06\\\/Logo_SF_2012.png\",\"contentUrl\":\"https:\\\/\\\/news.save.ch\\\/wp-content\\\/uploads\\\/2022\\\/06\\\/Logo_SF_2012.png\",\"width\":1100,\"height\":91,\"caption\":\"Sicherheitsforum\"},\"image\":{\"@id\":\"https:\\\/\\\/news.save.ch\\\/de\\\/#\\\/schema\\\/logo\\\/image\\\/\"}},{\"@type\":\"Person\",\"@id\":\"https:\\\/\\\/news.save.ch\\\/de\\\/#\\\/schema\\\/person\\\/d49e199490bad7c70d64b9ab51142f2b\",\"name\":\"admin\",\"image\":{\"@type\":\"ImageObject\",\"inLanguage\":\"en-US\",\"@id\":\"https:\\\/\\\/secure.gravatar.com\\\/avatar\\\/ae2f4d718e6c49043e314ce431e7e645d646302a24a5ef5a8bc8e3f5a032e319?s=96&d=mm&r=g\",\"url\":\"https:\\\/\\\/secure.gravatar.com\\\/avatar\\\/ae2f4d718e6c49043e314ce431e7e645d646302a24a5ef5a8bc8e3f5a032e319?s=96&d=mm&r=g\",\"contentUrl\":\"https:\\\/\\\/secure.gravatar.com\\\/avatar\\\/ae2f4d718e6c49043e314ce431e7e645d646302a24a5ef5a8bc8e3f5a032e319?s=96&d=mm&r=g\",\"caption\":\"admin\"},\"sameAs\":[\"https:\\\/\\\/develop.organisator.galledia.ch\"],\"url\":\"https:\\\/\\\/news.save.ch\\\/en\\\/author\\\/admin\\\/\"}]}<\/script>\n<!-- \/ Yoast SEO plugin. -->","yoast_head_json":{"title":"Great distrust in the digital cloud - Save","description":"Cloud computing in Germany: 84% of companies are very uncertain about whether their data is still safe in the \"digital cloud\".","robots":{"index":"index","follow":"follow","max-snippet":"max-snippet:-1","max-image-preview":"max-image-preview:large","max-video-preview":"max-video-preview:-1"},"canonical":"https:\/\/news.save.ch\/en\/grosses-misstrauen-in-die-digitale-wolke\/","og_locale":"en_US","og_type":"article","og_title":"Grosses Misstrauen in die digitale Wolke","og_description":"Dunkle Wolken \u00fcber dem Cloud Computing in Deutschland: Bei 84% der Unternehmen herrscht grosse Unsicherheit dar\u00fcber, ob ihre Daten in der \u201edigitalen Wolke\u201c noch sicher sind.","og_url":"https:\/\/news.save.ch\/en\/grosses-misstrauen-in-die-digitale-wolke\/","og_site_name":"Save","article_published_time":"2015-04-29T07:40:42+00:00","article_modified_time":"2023-03-14T07:57:41+00:00","og_image":[{"url":"https:\/\/sicherheitsforum.ch\/wp-content\/uploads\/2016\/12\/Grosses-Misstrauen-in-die-digitale-Wolke-it-security.jpg","type":"","width":"","height":""}],"author":"admin","twitter_card":"summary_large_image","twitter_misc":{"Written by":"admin","Est. reading time":"2 minutes"},"schema":{"@context":"https:\/\/schema.org","@graph":[{"@type":"Article","@id":"https:\/\/news.save.ch\/grosses-misstrauen-in-die-digitale-wolke\/#article","isPartOf":{"@id":"https:\/\/news.save.ch\/grosses-misstrauen-in-die-digitale-wolke\/"},"author":{"name":"admin","@id":"https:\/\/news.save.ch\/de\/#\/schema\/person\/d49e199490bad7c70d64b9ab51142f2b"},"headline":"Grosses Misstrauen in die digitale Wolke","datePublished":"2015-04-29T07:40:42+00:00","dateModified":"2023-03-14T07:57:41+00:00","mainEntityOfPage":{"@id":"https:\/\/news.save.ch\/grosses-misstrauen-in-die-digitale-wolke\/"},"wordCount":393,"commentCount":0,"publisher":{"@id":"https:\/\/news.save.ch\/de\/#organization"},"image":{"@id":"https:\/\/news.save.ch\/grosses-misstrauen-in-die-digitale-wolke\/#primaryimage"},"thumbnailUrl":"https:\/\/news.save.ch\/wp-content\/uploads\/2016\/12\/Grosses-Misstrauen-in-die-digitale-Wolke-it-security-scaled.jpg","keywords":["Cyber-Crime","ICT-Sicherheit","IT-SECURITY"],"articleSection":["DIGITALISIERUNG"],"inLanguage":"en-US"},{"@type":"WebPage","@id":"https:\/\/news.save.ch\/grosses-misstrauen-in-die-digitale-wolke\/","url":"https:\/\/news.save.ch\/grosses-misstrauen-in-die-digitale-wolke\/","name":"Great distrust in the digital cloud - Save","isPartOf":{"@id":"https:\/\/news.save.ch\/de\/#website"},"primaryImageOfPage":{"@id":"https:\/\/news.save.ch\/grosses-misstrauen-in-die-digitale-wolke\/#primaryimage"},"image":{"@id":"https:\/\/news.save.ch\/grosses-misstrauen-in-die-digitale-wolke\/#primaryimage"},"thumbnailUrl":"https:\/\/news.save.ch\/wp-content\/uploads\/2016\/12\/Grosses-Misstrauen-in-die-digitale-Wolke-it-security-scaled.jpg","datePublished":"2015-04-29T07:40:42+00:00","dateModified":"2023-03-14T07:57:41+00:00","description":"Cloud computing in Germany: 84% of companies are very uncertain about whether their data is still safe in the \"digital cloud\".","breadcrumb":{"@id":"https:\/\/news.save.ch\/grosses-misstrauen-in-die-digitale-wolke\/#breadcrumb"},"inLanguage":"en-US","potentialAction":[{"@type":"ReadAction","target":["https:\/\/news.save.ch\/grosses-misstrauen-in-die-digitale-wolke\/"]}]},{"@type":"ImageObject","inLanguage":"en-US","@id":"https:\/\/news.save.ch\/grosses-misstrauen-in-die-digitale-wolke\/#primaryimage","url":"https:\/\/news.save.ch\/wp-content\/uploads\/2016\/12\/Grosses-Misstrauen-in-die-digitale-Wolke-it-security-scaled.jpg","contentUrl":"https:\/\/news.save.ch\/wp-content\/uploads\/2016\/12\/Grosses-Misstrauen-in-die-digitale-Wolke-it-security-scaled.jpg","width":1400,"height":927,"caption":"Online illegal digital data transfer over the cloud with hand wearing black leather glove pressing enter key"},{"@type":"BreadcrumbList","@id":"https:\/\/news.save.ch\/grosses-misstrauen-in-die-digitale-wolke\/#breadcrumb","itemListElement":[{"@type":"ListItem","position":1,"name":"Home","item":"https:\/\/news.save.ch\/de\/"},{"@type":"ListItem","position":2,"name":"Grosses Misstrauen in die digitale Wolke"}]},{"@type":"WebSite","@id":"https:\/\/news.save.ch\/de\/#website","url":"https:\/\/news.save.ch\/de\/","name":"Save","description":"Swiss trade journal for safety","publisher":{"@id":"https:\/\/news.save.ch\/de\/#organization"},"potentialAction":[{"@type":"SearchAction","target":{"@type":"EntryPoint","urlTemplate":"https:\/\/news.save.ch\/de\/?s={search_term_string}"},"query-input":{"@type":"PropertyValueSpecification","valueRequired":true,"valueName":"search_term_string"}}],"inLanguage":"en-US"},{"@type":"Organization","@id":"https:\/\/news.save.ch\/de\/#organization","name":"Security Forum","url":"https:\/\/news.save.ch\/de\/","logo":{"@type":"ImageObject","inLanguage":"en-US","@id":"https:\/\/news.save.ch\/de\/#\/schema\/logo\/image\/","url":"https:\/\/news.save.ch\/wp-content\/uploads\/2022\/06\/Logo_SF_2012.png","contentUrl":"https:\/\/news.save.ch\/wp-content\/uploads\/2022\/06\/Logo_SF_2012.png","width":1100,"height":91,"caption":"Sicherheitsforum"},"image":{"@id":"https:\/\/news.save.ch\/de\/#\/schema\/logo\/image\/"}},{"@type":"Person","@id":"https:\/\/news.save.ch\/de\/#\/schema\/person\/d49e199490bad7c70d64b9ab51142f2b","name":"admin","image":{"@type":"ImageObject","inLanguage":"en-US","@id":"https:\/\/secure.gravatar.com\/avatar\/ae2f4d718e6c49043e314ce431e7e645d646302a24a5ef5a8bc8e3f5a032e319?s=96&d=mm&r=g","url":"https:\/\/secure.gravatar.com\/avatar\/ae2f4d718e6c49043e314ce431e7e645d646302a24a5ef5a8bc8e3f5a032e319?s=96&d=mm&r=g","contentUrl":"https:\/\/secure.gravatar.com\/avatar\/ae2f4d718e6c49043e314ce431e7e645d646302a24a5ef5a8bc8e3f5a032e319?s=96&d=mm&r=g","caption":"admin"},"sameAs":["https:\/\/develop.organisator.galledia.ch"],"url":"https:\/\/news.save.ch\/en\/author\/admin\/"}]}},"_links":{"self":[{"href":"https:\/\/news.save.ch\/en\/wp-json\/wp\/v2\/posts\/345","targetHints":{"allow":["GET"]}}],"collection":[{"href":"https:\/\/news.save.ch\/en\/wp-json\/wp\/v2\/posts"}],"about":[{"href":"https:\/\/news.save.ch\/en\/wp-json\/wp\/v2\/types\/post"}],"author":[{"embeddable":true,"href":"https:\/\/news.save.ch\/en\/wp-json\/wp\/v2\/users\/1"}],"replies":[{"embeddable":true,"href":"https:\/\/news.save.ch\/en\/wp-json\/wp\/v2\/comments?post=345"}],"version-history":[{"count":1,"href":"https:\/\/news.save.ch\/en\/wp-json\/wp\/v2\/posts\/345\/revisions"}],"predecessor-version":[{"id":17800,"href":"https:\/\/news.save.ch\/en\/wp-json\/wp\/v2\/posts\/345\/revisions\/17800"}],"wp:featuredmedia":[{"embeddable":true,"href":"https:\/\/news.save.ch\/en\/wp-json\/wp\/v2\/media\/346"}],"wp:attachment":[{"href":"https:\/\/news.save.ch\/en\/wp-json\/wp\/v2\/media?parent=345"}],"wp:term":[{"taxonomy":"category","embeddable":true,"href":"https:\/\/news.save.ch\/en\/wp-json\/wp\/v2\/categories?post=345"},{"taxonomy":"post_tag","embeddable":true,"href":"https:\/\/news.save.ch\/en\/wp-json\/wp\/v2\/tags?post=345"}],"curies":[{"name":"wp","href":"https:\/\/api.w.org\/{rel}","templated":true}]}}